{"id":22,"date":"2021-10-11T21:57:23","date_gmt":"2021-10-11T21:57:23","guid":{"rendered":"https:\/\/www.crea.gov.co\/crea-lucero-bajo\/?post_type=news&#038;p=22"},"modified":"2021-10-11T21:57:23","modified_gmt":"2021-10-11T21:57:23","slug":"creadores-a-la-escena-intercrea","status":"publish","type":"post","link":"https:\/\/www.crea.gov.co\/crea-lucero-bajo\/creadores-a-la-escena-intercrea\/","title":{"rendered":"CREADORES A LA ESCENA INTERCREA"},"content":{"rendered":"\n<figure class=\"wp-block-image size-large\"><img loading=\"lazy\" decoding=\"async\" width=\"723\" height=\"1024\" src=\"https:\/\/www.crea.gov.co\/crea-lucero-bajo\/wp-content\/uploads\/sites\/18\/2021\/10\/WhatsApp-Image-2021-10-06-at-1.09.17-PM-723x1024.jpeg\" alt=\"\" class=\"wp-image-23\" srcset=\"https:\/\/www.crea.gov.co\/crea-lucero-bajo\/wp-content\/uploads\/sites\/18\/2021\/10\/WhatsApp-Image-2021-10-06-at-1.09.17-PM-723x1024.jpeg 723w, https:\/\/www.crea.gov.co\/crea-lucero-bajo\/wp-content\/uploads\/sites\/18\/2021\/10\/WhatsApp-Image-2021-10-06-at-1.09.17-PM-212x300.jpeg 212w, https:\/\/www.crea.gov.co\/crea-lucero-bajo\/wp-content\/uploads\/sites\/18\/2021\/10\/WhatsApp-Image-2021-10-06-at-1.09.17-PM-768x1087.jpeg 768w, https:\/\/www.crea.gov.co\/crea-lucero-bajo\/wp-content\/uploads\/sites\/18\/2021\/10\/WhatsApp-Image-2021-10-06-at-1.09.17-PM.jpeg 904w\" sizes=\"auto, (max-width: 723px) 100vw, 723px\" \/><\/figure>\n\n\n\n<p>En el marco del IV Festival Creadores a la escena: Gira InterCrea, el&nbsp;<a href=\"https:\/\/goo.gl\/maps\/2STMxjWwS8NYH9M97\" target=\"_blank\" rel=\"noreferrer noopener\">CREA Barrio Ingl\u00e9s<\/a>&nbsp;presenta el pr\u00f3ximo 11 de octubre la obra&nbsp;<em><strong>LOS MONSTRUOS PASARON DE MODA<\/strong><\/em>, del grupo Luceritos Teatro, invitados especiales que vienen desde Ciudad Bol\u00edvar \u2013&nbsp;<strong>CREA Lucero<\/strong>.<\/p>\n\n\n\n<p>La obra es una divertida cr\u00edtica sobre la cosas que hoy d\u00eda asustan a las ni\u00f1as y los ni\u00f1os del mundo, tambi\u00e9n, una invitaci\u00f3n a pensarnos como adultos frente a las problem\u00e1ticas que aquejan a la ni\u00f1ez.<\/p>\n\n\n\n<p>No se pierdan la oportunidad de ver, escuchar y reflexionar entorno esta maravillosa propuesta. La cita es el pr\u00f3ximo 11 de octubre de 3:00 Pm a 4:00 Pm. Aforo limitado<a rel=\"noreferrer noopener\" href=\"https:\/\/meet.google.com\/obw-jwbb-wjd\" target=\"_blank\">.<\/a><br><strong>\u00a1Te esperamos!<\/strong><\/p>\n","protected":false},"excerpt":{"rendered":"<p>En el marco del IV Festival Creadores a la escena: Gira InterCrea, el&nbsp;CREA Barrio Ingl\u00e9s&nbsp;presenta el pr\u00f3ximo 11 de octubre la obra&nbsp;LOS MONSTRUOS PASARON DE MODA, del grupo Luceritos Teatro, invitados especiales que vienen desde Ciudad Bol\u00edvar \u2013&nbsp;CREA Lucero. La obra es una divertida cr\u00edtica sobre la cosas que hoy d\u00eda asustan a las ni\u00f1as [&hellip;]<\/p>\n","protected":false},"author":52,"featured_media":0,"comment_status":"open","ping_status":"closed","sticky":false,"template":"","format":"standard","meta":{"footnotes":""},"categories":[],"tags":[],"class_list":["post-22","post","type-post","status-publish","format-standard","hentry"],"yoast_head":"<!-- This site is optimized with the Yoast SEO plugin v24.5 - https:\/\/yoast.com\/wordpress\/plugins\/seo\/ -->\n<title>CREADORES A LA ESCENA INTERCREA - Crea Lucero Bajo<\/title>\n<meta name=\"robots\" content=\"index, follow, max-snippet:-1, max-image-preview:large, max-video-preview:-1\" \/>\n<link rel=\"canonical\" href=\"https:\/\/www.crea.gov.co\/crea-lucero-bajo\/creadores-a-la-escena-intercrea\/\" \/>\n<meta property=\"og:locale\" content=\"es_ES\" \/>\n<meta property=\"og:type\" content=\"article\" \/>\n<meta property=\"og:title\" content=\"CREADORES A LA ESCENA INTERCREA - Crea Lucero Bajo\" \/>\n<meta property=\"og:description\" content=\"En el marco del IV Festival Creadores a la escena: Gira InterCrea, el&nbsp;CREA Barrio Ingl\u00e9s&nbsp;presenta el pr\u00f3ximo 11 de octubre la obra&nbsp;LOS MONSTRUOS PASARON DE MODA, del grupo Luceritos Teatro, invitados especiales que vienen desde Ciudad Bol\u00edvar \u2013&nbsp;CREA Lucero. La obra es una divertida cr\u00edtica sobre la cosas que hoy d\u00eda asustan a las ni\u00f1as [&hellip;]\" \/>\n<meta property=\"og:url\" content=\"https:\/\/www.crea.gov.co\/crea-lucero-bajo\/creadores-a-la-escena-intercrea\/\" \/>\n<meta property=\"og:site_name\" content=\"Crea Lucero Bajo\" \/>\n<meta property=\"article:published_time\" content=\"2021-10-11T21:57:23+00:00\" \/>\n<meta property=\"og:image\" content=\"https:\/\/www.crea.gov.co\/crea-lucero-bajo\/wp-content\/uploads\/sites\/18\/2021\/10\/WhatsApp-Image-2021-10-06-at-1.09.17-PM-723x1024.jpeg\" \/>\n<meta name=\"author\" content=\"andreabuitrago\" \/>\n<meta name=\"twitter:card\" content=\"summary_large_image\" \/>\n<meta name=\"twitter:label1\" content=\"Escrito por\" \/>\n\t<meta name=\"twitter:data1\" content=\"andreabuitrago\" \/>\n\t<meta name=\"twitter:label2\" content=\"Tiempo de lectura\" \/>\n\t<meta name=\"twitter:data2\" content=\"1 minuto\" \/>\n<script type=\"application\/ld+json\" class=\"yoast-schema-graph\">{\"@context\":\"https:\/\/schema.org\",\"@graph\":[{\"@type\":\"WebPage\",\"@id\":\"https:\/\/www.crea.gov.co\/crea-lucero-bajo\/creadores-a-la-escena-intercrea\/\",\"url\":\"https:\/\/www.crea.gov.co\/crea-lucero-bajo\/creadores-a-la-escena-intercrea\/\",\"name\":\"CREADORES A LA ESCENA INTERCREA - Crea Lucero Bajo\",\"isPartOf\":{\"@id\":\"https:\/\/www.crea.gov.co\/crea-lucero-bajo\/#website\"},\"primaryImageOfPage\":{\"@id\":\"https:\/\/www.crea.gov.co\/crea-lucero-bajo\/creadores-a-la-escena-intercrea\/#primaryimage\"},\"image\":{\"@id\":\"https:\/\/www.crea.gov.co\/crea-lucero-bajo\/creadores-a-la-escena-intercrea\/#primaryimage\"},\"thumbnailUrl\":\"https:\/\/www.crea.gov.co\/crea-lucero-bajo\/wp-content\/uploads\/sites\/18\/2021\/10\/WhatsApp-Image-2021-10-06-at-1.09.17-PM-723x1024.jpeg\",\"datePublished\":\"2021-10-11T21:57:23+00:00\",\"author\":{\"@id\":\"https:\/\/www.crea.gov.co\/crea-lucero-bajo\/#\/schema\/person\/cd88a2bb5a059a97b34a2c9b19a9ec08\"},\"breadcrumb\":{\"@id\":\"https:\/\/www.crea.gov.co\/crea-lucero-bajo\/creadores-a-la-escena-intercrea\/#breadcrumb\"},\"inLanguage\":\"es-CO\",\"potentialAction\":[{\"@type\":\"ReadAction\",\"target\":[\"https:\/\/www.crea.gov.co\/crea-lucero-bajo\/creadores-a-la-escena-intercrea\/\"]}]},{\"@type\":\"ImageObject\",\"inLanguage\":\"es-CO\",\"@id\":\"https:\/\/www.crea.gov.co\/crea-lucero-bajo\/creadores-a-la-escena-intercrea\/#primaryimage\",\"url\":\"https:\/\/www.crea.gov.co\/crea-lucero-bajo\/wp-content\/uploads\/sites\/18\/2021\/10\/WhatsApp-Image-2021-10-06-at-1.09.17-PM.jpeg\",\"contentUrl\":\"https:\/\/www.crea.gov.co\/crea-lucero-bajo\/wp-content\/uploads\/sites\/18\/2021\/10\/WhatsApp-Image-2021-10-06-at-1.09.17-PM.jpeg\",\"width\":904,\"height\":1280},{\"@type\":\"BreadcrumbList\",\"@id\":\"https:\/\/www.crea.gov.co\/crea-lucero-bajo\/creadores-a-la-escena-intercrea\/#breadcrumb\",\"itemListElement\":[{\"@type\":\"ListItem\",\"position\":1,\"name\":\"Home\",\"item\":\"https:\/\/www.crea.gov.co\/crea-lucero-bajo\/\"},{\"@type\":\"ListItem\",\"position\":2,\"name\":\"CREADORES A LA ESCENA INTERCREA\"}]},{\"@type\":\"WebSite\",\"@id\":\"https:\/\/www.crea.gov.co\/crea-lucero-bajo\/#website\",\"url\":\"https:\/\/www.crea.gov.co\/crea-lucero-bajo\/\",\"name\":\"Crea Lucero Bajo\",\"description\":\"En Ciudad Bol\u00edvar, entre calles inclinadas que cuentan historias de esfuerzo y constancia, este espacio crece junto a una comunidad que ha levantado su barrio paso a paso. Aqu\u00ed, ni\u00f1as, ni\u00f1os, j\u00f3venes y adultos se encuentran en talleres que nacen de sus propias realidades, tejiendo juntos un sentido profundo de pertenencia y orgullo por su territorio.\",\"potentialAction\":[{\"@type\":\"SearchAction\",\"target\":{\"@type\":\"EntryPoint\",\"urlTemplate\":\"https:\/\/www.crea.gov.co\/crea-lucero-bajo\/?s={search_term_string}\"},\"query-input\":{\"@type\":\"PropertyValueSpecification\",\"valueRequired\":true,\"valueName\":\"search_term_string\"}}],\"inLanguage\":\"es-CO\"},{\"@type\":\"Person\",\"@id\":\"https:\/\/www.crea.gov.co\/crea-lucero-bajo\/#\/schema\/person\/cd88a2bb5a059a97b34a2c9b19a9ec08\",\"name\":\"andreabuitrago\",\"image\":{\"@type\":\"ImageObject\",\"inLanguage\":\"es-CO\",\"@id\":\"https:\/\/www.crea.gov.co\/crea-lucero-bajo\/#\/schema\/person\/image\/\",\"url\":\"https:\/\/secure.gravatar.com\/avatar\/e6b54eb2c91227e6015338d3251762db?s=96&d=mm&r=g\",\"contentUrl\":\"https:\/\/secure.gravatar.com\/avatar\/e6b54eb2c91227e6015338d3251762db?s=96&d=mm&r=g\",\"caption\":\"andreabuitrago\"},\"url\":\"https:\/\/www.crea.gov.co\/crea-lucero-bajo\/author\/andreabuitrago\/\"}]}<\/script>\n<!-- \/ Yoast SEO plugin. -->","yoast_head_json":{"title":"CREADORES A LA ESCENA INTERCREA - Crea Lucero Bajo","robots":{"index":"index","follow":"follow","max-snippet":"max-snippet:-1","max-image-preview":"max-image-preview:large","max-video-preview":"max-video-preview:-1"},"canonical":"https:\/\/www.crea.gov.co\/crea-lucero-bajo\/creadores-a-la-escena-intercrea\/","og_locale":"es_ES","og_type":"article","og_title":"CREADORES A LA ESCENA INTERCREA - Crea Lucero Bajo","og_description":"En el marco del IV Festival Creadores a la escena: Gira InterCrea, el&nbsp;CREA Barrio Ingl\u00e9s&nbsp;presenta el pr\u00f3ximo 11 de octubre la obra&nbsp;LOS MONSTRUOS PASARON DE MODA, del grupo Luceritos Teatro, invitados especiales que vienen desde Ciudad Bol\u00edvar \u2013&nbsp;CREA Lucero. La obra es una divertida cr\u00edtica sobre la cosas que hoy d\u00eda asustan a las ni\u00f1as [&hellip;]","og_url":"https:\/\/www.crea.gov.co\/crea-lucero-bajo\/creadores-a-la-escena-intercrea\/","og_site_name":"Crea Lucero Bajo","article_published_time":"2021-10-11T21:57:23+00:00","og_image":[{"url":"https:\/\/www.crea.gov.co\/crea-lucero-bajo\/wp-content\/uploads\/sites\/18\/2021\/10\/WhatsApp-Image-2021-10-06-at-1.09.17-PM-723x1024.jpeg","type":"","width":"","height":""}],"author":"andreabuitrago","twitter_card":"summary_large_image","twitter_misc":{"Escrito por":"andreabuitrago","Tiempo de lectura":"1 minuto"},"schema":{"@context":"https:\/\/schema.org","@graph":[{"@type":"WebPage","@id":"https:\/\/www.crea.gov.co\/crea-lucero-bajo\/creadores-a-la-escena-intercrea\/","url":"https:\/\/www.crea.gov.co\/crea-lucero-bajo\/creadores-a-la-escena-intercrea\/","name":"CREADORES A LA ESCENA INTERCREA - Crea Lucero Bajo","isPartOf":{"@id":"https:\/\/www.crea.gov.co\/crea-lucero-bajo\/#website"},"primaryImageOfPage":{"@id":"https:\/\/www.crea.gov.co\/crea-lucero-bajo\/creadores-a-la-escena-intercrea\/#primaryimage"},"image":{"@id":"https:\/\/www.crea.gov.co\/crea-lucero-bajo\/creadores-a-la-escena-intercrea\/#primaryimage"},"thumbnailUrl":"https:\/\/www.crea.gov.co\/crea-lucero-bajo\/wp-content\/uploads\/sites\/18\/2021\/10\/WhatsApp-Image-2021-10-06-at-1.09.17-PM-723x1024.jpeg","datePublished":"2021-10-11T21:57:23+00:00","author":{"@id":"https:\/\/www.crea.gov.co\/crea-lucero-bajo\/#\/schema\/person\/cd88a2bb5a059a97b34a2c9b19a9ec08"},"breadcrumb":{"@id":"https:\/\/www.crea.gov.co\/crea-lucero-bajo\/creadores-a-la-escena-intercrea\/#breadcrumb"},"inLanguage":"es-CO","potentialAction":[{"@type":"ReadAction","target":["https:\/\/www.crea.gov.co\/crea-lucero-bajo\/creadores-a-la-escena-intercrea\/"]}]},{"@type":"ImageObject","inLanguage":"es-CO","@id":"https:\/\/www.crea.gov.co\/crea-lucero-bajo\/creadores-a-la-escena-intercrea\/#primaryimage","url":"https:\/\/www.crea.gov.co\/crea-lucero-bajo\/wp-content\/uploads\/sites\/18\/2021\/10\/WhatsApp-Image-2021-10-06-at-1.09.17-PM.jpeg","contentUrl":"https:\/\/www.crea.gov.co\/crea-lucero-bajo\/wp-content\/uploads\/sites\/18\/2021\/10\/WhatsApp-Image-2021-10-06-at-1.09.17-PM.jpeg","width":904,"height":1280},{"@type":"BreadcrumbList","@id":"https:\/\/www.crea.gov.co\/crea-lucero-bajo\/creadores-a-la-escena-intercrea\/#breadcrumb","itemListElement":[{"@type":"ListItem","position":1,"name":"Home","item":"https:\/\/www.crea.gov.co\/crea-lucero-bajo\/"},{"@type":"ListItem","position":2,"name":"CREADORES A LA ESCENA INTERCREA"}]},{"@type":"WebSite","@id":"https:\/\/www.crea.gov.co\/crea-lucero-bajo\/#website","url":"https:\/\/www.crea.gov.co\/crea-lucero-bajo\/","name":"Crea Lucero Bajo","description":"En Ciudad Bol\u00edvar, entre calles inclinadas que cuentan historias de esfuerzo y constancia, este espacio crece junto a una comunidad que ha levantado su barrio paso a paso. Aqu\u00ed, ni\u00f1as, ni\u00f1os, j\u00f3venes y adultos se encuentran en talleres que nacen de sus propias realidades, tejiendo juntos un sentido profundo de pertenencia y orgullo por su territorio.","potentialAction":[{"@type":"SearchAction","target":{"@type":"EntryPoint","urlTemplate":"https:\/\/www.crea.gov.co\/crea-lucero-bajo\/?s={search_term_string}"},"query-input":{"@type":"PropertyValueSpecification","valueRequired":true,"valueName":"search_term_string"}}],"inLanguage":"es-CO"},{"@type":"Person","@id":"https:\/\/www.crea.gov.co\/crea-lucero-bajo\/#\/schema\/person\/cd88a2bb5a059a97b34a2c9b19a9ec08","name":"andreabuitrago","image":{"@type":"ImageObject","inLanguage":"es-CO","@id":"https:\/\/www.crea.gov.co\/crea-lucero-bajo\/#\/schema\/person\/image\/","url":"https:\/\/secure.gravatar.com\/avatar\/e6b54eb2c91227e6015338d3251762db?s=96&d=mm&r=g","contentUrl":"https:\/\/secure.gravatar.com\/avatar\/e6b54eb2c91227e6015338d3251762db?s=96&d=mm&r=g","caption":"andreabuitrago"},"url":"https:\/\/www.crea.gov.co\/crea-lucero-bajo\/author\/andreabuitrago\/"}]}},"_links":{"self":[{"href":"https:\/\/www.crea.gov.co\/crea-lucero-bajo\/wp-json\/wp\/v2\/posts\/22","targetHints":{"allow":["GET"]}}],"collection":[{"href":"https:\/\/www.crea.gov.co\/crea-lucero-bajo\/wp-json\/wp\/v2\/posts"}],"about":[{"href":"https:\/\/www.crea.gov.co\/crea-lucero-bajo\/wp-json\/wp\/v2\/types\/post"}],"author":[{"embeddable":true,"href":"https:\/\/www.crea.gov.co\/crea-lucero-bajo\/wp-json\/wp\/v2\/users\/52"}],"replies":[{"embeddable":true,"href":"https:\/\/www.crea.gov.co\/crea-lucero-bajo\/wp-json\/wp\/v2\/comments?post=22"}],"version-history":[{"count":0,"href":"https:\/\/www.crea.gov.co\/crea-lucero-bajo\/wp-json\/wp\/v2\/posts\/22\/revisions"}],"wp:attachment":[{"href":"https:\/\/www.crea.gov.co\/crea-lucero-bajo\/wp-json\/wp\/v2\/media?parent=22"}],"wp:term":[{"taxonomy":"category","embeddable":true,"href":"https:\/\/www.crea.gov.co\/crea-lucero-bajo\/wp-json\/wp\/v2\/categories?post=22"},{"taxonomy":"post_tag","embeddable":true,"href":"https:\/\/www.crea.gov.co\/crea-lucero-bajo\/wp-json\/wp\/v2\/tags?post=22"}],"curies":[{"name":"wp","href":"https:\/\/api.w.org\/{rel}","templated":true}]}}