{"id":207,"date":"2022-11-18T17:55:04","date_gmt":"2022-11-18T17:55:04","guid":{"rendered":"https:\/\/www.crea.gov.co\/crea-lucero-bajo\/?p=207"},"modified":"2022-11-18T17:55:04","modified_gmt":"2022-11-18T17:55:04","slug":"ven-al-crea-lucero-a-pasar-unas-sensacionales-vacaciones-de-fin-de-ano","status":"publish","type":"post","link":"https:\/\/www.crea.gov.co\/crea-lucero-bajo\/ven-al-crea-lucero-a-pasar-unas-sensacionales-vacaciones-de-fin-de-ano\/","title":{"rendered":"VEN AL CREA LUCERO A PASAR UNAS SENSACIONALES VACACIONES DE FIN DE A\u00d1O"},"content":{"rendered":"\n<figure class=\"wp-block-image size-large\"><img loading=\"lazy\" decoding=\"async\" width=\"1024\" height=\"576\" src=\"https:\/\/www.crea.gov.co\/crea-lucero-bajo\/wp-content\/uploads\/sites\/18\/2022\/11\/Vaciones-Artisticas-de-fin-de-ano-en-Crea-Lucero_pages-to-jpg-0001-1024x576.jpg\" alt=\"\" class=\"wp-image-211\" srcset=\"https:\/\/www.crea.gov.co\/crea-lucero-bajo\/wp-content\/uploads\/sites\/18\/2022\/11\/Vaciones-Artisticas-de-fin-de-ano-en-Crea-Lucero_pages-to-jpg-0001-1024x576.jpg 1024w, https:\/\/www.crea.gov.co\/crea-lucero-bajo\/wp-content\/uploads\/sites\/18\/2022\/11\/Vaciones-Artisticas-de-fin-de-ano-en-Crea-Lucero_pages-to-jpg-0001-300x169.jpg 300w, https:\/\/www.crea.gov.co\/crea-lucero-bajo\/wp-content\/uploads\/sites\/18\/2022\/11\/Vaciones-Artisticas-de-fin-de-ano-en-Crea-Lucero_pages-to-jpg-0001-768x432.jpg 768w, https:\/\/www.crea.gov.co\/crea-lucero-bajo\/wp-content\/uploads\/sites\/18\/2022\/11\/Vaciones-Artisticas-de-fin-de-ano-en-Crea-Lucero_pages-to-jpg-0001-1536x864.jpg 1536w, https:\/\/www.crea.gov.co\/crea-lucero-bajo\/wp-content\/uploads\/sites\/18\/2022\/11\/Vaciones-Artisticas-de-fin-de-ano-en-Crea-Lucero_pages-to-jpg-0001.jpg 2000w\" sizes=\"auto, (max-width: 1024px) 100vw, 1024px\" \/><\/figure>\n\n\n\n<p><\/p>\n\n\n\n<p class=\"has-text-align-center has-vivid-red-color has-light-green-cyan-background-color has-text-color has-background has-x-large-font-size\">Si tienes 6 a\u00f1os y hasta 100 y m\u00e1s&#8230; Ven a divertirte y aprender con nosotros<\/p>\n\n\n\n<p><\/p>\n\n\n\n<figure class=\"wp-block-image size-large\"><img loading=\"lazy\" decoding=\"async\" width=\"1024\" height=\"576\" src=\"https:\/\/www.crea.gov.co\/crea-lucero-bajo\/wp-content\/uploads\/sites\/18\/2022\/11\/Vaciones-Artisticas-de-fin-de-ano-en-Crea-Lucero_pages-to-jpg-0005-1024x576.jpg\" alt=\"\" class=\"wp-image-212\" srcset=\"https:\/\/www.crea.gov.co\/crea-lucero-bajo\/wp-content\/uploads\/sites\/18\/2022\/11\/Vaciones-Artisticas-de-fin-de-ano-en-Crea-Lucero_pages-to-jpg-0005-1024x576.jpg 1024w, https:\/\/www.crea.gov.co\/crea-lucero-bajo\/wp-content\/uploads\/sites\/18\/2022\/11\/Vaciones-Artisticas-de-fin-de-ano-en-Crea-Lucero_pages-to-jpg-0005-300x169.jpg 300w, https:\/\/www.crea.gov.co\/crea-lucero-bajo\/wp-content\/uploads\/sites\/18\/2022\/11\/Vaciones-Artisticas-de-fin-de-ano-en-Crea-Lucero_pages-to-jpg-0005-768x432.jpg 768w, https:\/\/www.crea.gov.co\/crea-lucero-bajo\/wp-content\/uploads\/sites\/18\/2022\/11\/Vaciones-Artisticas-de-fin-de-ano-en-Crea-Lucero_pages-to-jpg-0005-1536x864.jpg 1536w, https:\/\/www.crea.gov.co\/crea-lucero-bajo\/wp-content\/uploads\/sites\/18\/2022\/11\/Vaciones-Artisticas-de-fin-de-ano-en-Crea-Lucero_pages-to-jpg-0005.jpg 2000w\" sizes=\"auto, (max-width: 1024px) 100vw, 1024px\" \/><\/figure>\n\n\n\n<figure class=\"wp-block-image size-large\"><img loading=\"lazy\" decoding=\"async\" width=\"1024\" height=\"576\" src=\"https:\/\/www.crea.gov.co\/crea-lucero-bajo\/wp-content\/uploads\/sites\/18\/2022\/11\/Vaciones-Artisticas-de-fin-de-ano-en-Crea-Lucero_pages-to-jpg-0003-1024x576.jpg\" alt=\"\" class=\"wp-image-213\" srcset=\"https:\/\/www.crea.gov.co\/crea-lucero-bajo\/wp-content\/uploads\/sites\/18\/2022\/11\/Vaciones-Artisticas-de-fin-de-ano-en-Crea-Lucero_pages-to-jpg-0003-1024x576.jpg 1024w, https:\/\/www.crea.gov.co\/crea-lucero-bajo\/wp-content\/uploads\/sites\/18\/2022\/11\/Vaciones-Artisticas-de-fin-de-ano-en-Crea-Lucero_pages-to-jpg-0003-300x169.jpg 300w, https:\/\/www.crea.gov.co\/crea-lucero-bajo\/wp-content\/uploads\/sites\/18\/2022\/11\/Vaciones-Artisticas-de-fin-de-ano-en-Crea-Lucero_pages-to-jpg-0003-768x432.jpg 768w, https:\/\/www.crea.gov.co\/crea-lucero-bajo\/wp-content\/uploads\/sites\/18\/2022\/11\/Vaciones-Artisticas-de-fin-de-ano-en-Crea-Lucero_pages-to-jpg-0003-1536x864.jpg 1536w, https:\/\/www.crea.gov.co\/crea-lucero-bajo\/wp-content\/uploads\/sites\/18\/2022\/11\/Vaciones-Artisticas-de-fin-de-ano-en-Crea-Lucero_pages-to-jpg-0003.jpg 2000w\" sizes=\"auto, (max-width: 1024px) 100vw, 1024px\" \/><\/figure>\n\n\n\n<figure class=\"wp-block-image size-large\"><img loading=\"lazy\" decoding=\"async\" width=\"1024\" height=\"576\" src=\"https:\/\/www.crea.gov.co\/crea-lucero-bajo\/wp-content\/uploads\/sites\/18\/2022\/11\/Vaciones-Artisticas-de-fin-de-ano-en-Crea-Lucero_pages-to-jpg-0004-1024x576.jpg\" alt=\"\" class=\"wp-image-214\" srcset=\"https:\/\/www.crea.gov.co\/crea-lucero-bajo\/wp-content\/uploads\/sites\/18\/2022\/11\/Vaciones-Artisticas-de-fin-de-ano-en-Crea-Lucero_pages-to-jpg-0004-1024x576.jpg 1024w, https:\/\/www.crea.gov.co\/crea-lucero-bajo\/wp-content\/uploads\/sites\/18\/2022\/11\/Vaciones-Artisticas-de-fin-de-ano-en-Crea-Lucero_pages-to-jpg-0004-300x169.jpg 300w, https:\/\/www.crea.gov.co\/crea-lucero-bajo\/wp-content\/uploads\/sites\/18\/2022\/11\/Vaciones-Artisticas-de-fin-de-ano-en-Crea-Lucero_pages-to-jpg-0004-768x432.jpg 768w, https:\/\/www.crea.gov.co\/crea-lucero-bajo\/wp-content\/uploads\/sites\/18\/2022\/11\/Vaciones-Artisticas-de-fin-de-ano-en-Crea-Lucero_pages-to-jpg-0004-1536x864.jpg 1536w, https:\/\/www.crea.gov.co\/crea-lucero-bajo\/wp-content\/uploads\/sites\/18\/2022\/11\/Vaciones-Artisticas-de-fin-de-ano-en-Crea-Lucero_pages-to-jpg-0004.jpg 2000w\" sizes=\"auto, (max-width: 1024px) 100vw, 1024px\" \/><\/figure>\n\n\n\n<figure class=\"wp-block-image size-large\"><img loading=\"lazy\" decoding=\"async\" width=\"1024\" height=\"576\" src=\"https:\/\/www.crea.gov.co\/crea-lucero-bajo\/wp-content\/uploads\/sites\/18\/2022\/11\/InkedInkedVaciones-Artisticas-de-fin-de-ano-en-Crea-Lucero_pages-to-jpg-0002_LI-1024x576.jpg\" alt=\"\" class=\"wp-image-215\" srcset=\"https:\/\/www.crea.gov.co\/crea-lucero-bajo\/wp-content\/uploads\/sites\/18\/2022\/11\/InkedInkedVaciones-Artisticas-de-fin-de-ano-en-Crea-Lucero_pages-to-jpg-0002_LI-1024x576.jpg 1024w, https:\/\/www.crea.gov.co\/crea-lucero-bajo\/wp-content\/uploads\/sites\/18\/2022\/11\/InkedInkedVaciones-Artisticas-de-fin-de-ano-en-Crea-Lucero_pages-to-jpg-0002_LI-300x169.jpg 300w, https:\/\/www.crea.gov.co\/crea-lucero-bajo\/wp-content\/uploads\/sites\/18\/2022\/11\/InkedInkedVaciones-Artisticas-de-fin-de-ano-en-Crea-Lucero_pages-to-jpg-0002_LI-768x432.jpg 768w, https:\/\/www.crea.gov.co\/crea-lucero-bajo\/wp-content\/uploads\/sites\/18\/2022\/11\/InkedInkedVaciones-Artisticas-de-fin-de-ano-en-Crea-Lucero_pages-to-jpg-0002_LI-1536x864.jpg 1536w, https:\/\/www.crea.gov.co\/crea-lucero-bajo\/wp-content\/uploads\/sites\/18\/2022\/11\/InkedInkedVaciones-Artisticas-de-fin-de-ano-en-Crea-Lucero_pages-to-jpg-0002_LI.jpg 2000w\" sizes=\"auto, (max-width: 1024px) 100vw, 1024px\" \/><\/figure>\n\n\n\n<p class=\"has-text-align-center has-black-color has-pale-pink-background-color has-text-color has-background has-x-large-font-size\"><strong>TE ESPERAMOS<\/strong><\/p>\n","protected":false},"excerpt":{"rendered":"<p>Si tienes 6 a\u00f1os y hasta 100 y m\u00e1s&#8230; Ven a divertirte y aprender con nosotros TE ESPERAMOS<\/p>\n","protected":false},"author":57,"featured_media":208,"comment_status":"open","ping_status":"open","sticky":false,"template":"","format":"standard","meta":{"footnotes":""},"categories":[1],"tags":[],"class_list":["post-207","post","type-post","status-publish","format-standard","has-post-thumbnail","hentry","category-sin-categoria"],"yoast_head":"<!-- This site is optimized with the Yoast SEO plugin v24.5 - https:\/\/yoast.com\/wordpress\/plugins\/seo\/ -->\n<title>VEN AL CREA LUCERO A PASAR UNAS SENSACIONALES VACACIONES DE FIN DE A\u00d1O - Crea Lucero Bajo<\/title>\n<meta name=\"robots\" content=\"index, follow, max-snippet:-1, max-image-preview:large, max-video-preview:-1\" \/>\n<link rel=\"canonical\" href=\"https:\/\/www.crea.gov.co\/crea-lucero-bajo\/ven-al-crea-lucero-a-pasar-unas-sensacionales-vacaciones-de-fin-de-ano\/\" \/>\n<meta property=\"og:locale\" content=\"es_ES\" \/>\n<meta property=\"og:type\" content=\"article\" \/>\n<meta property=\"og:title\" content=\"VEN AL CREA LUCERO A PASAR UNAS SENSACIONALES VACACIONES DE FIN DE A\u00d1O - Crea Lucero Bajo\" \/>\n<meta property=\"og:description\" content=\"Si tienes 6 a\u00f1os y hasta 100 y m\u00e1s&#8230; Ven a divertirte y aprender con nosotros TE ESPERAMOS\" \/>\n<meta property=\"og:url\" content=\"https:\/\/www.crea.gov.co\/crea-lucero-bajo\/ven-al-crea-lucero-a-pasar-unas-sensacionales-vacaciones-de-fin-de-ano\/\" \/>\n<meta property=\"og:site_name\" content=\"Crea Lucero Bajo\" \/>\n<meta property=\"article:published_time\" content=\"2022-11-18T17:55:04+00:00\" \/>\n<meta property=\"og:image\" content=\"https:\/\/www.crea.gov.co\/crea-lucero-bajo\/wp-content\/uploads\/sites\/18\/2022\/11\/FB_IMG_1668788533205.jpg\" \/>\n\t<meta property=\"og:image:width\" content=\"720\" \/>\n\t<meta property=\"og:image:height\" content=\"900\" \/>\n\t<meta property=\"og:image:type\" content=\"image\/jpeg\" \/>\n<meta name=\"author\" content=\"lylyanrojas\" \/>\n<meta name=\"twitter:card\" content=\"summary_large_image\" \/>\n<meta name=\"twitter:label1\" content=\"Escrito por\" \/>\n\t<meta name=\"twitter:data1\" content=\"lylyanrojas\" \/>\n\t<meta name=\"twitter:label2\" content=\"Tiempo de lectura\" \/>\n\t<meta name=\"twitter:data2\" content=\"2 minutos\" \/>\n<script type=\"application\/ld+json\" class=\"yoast-schema-graph\">{\"@context\":\"https:\/\/schema.org\",\"@graph\":[{\"@type\":\"WebPage\",\"@id\":\"https:\/\/www.crea.gov.co\/crea-lucero-bajo\/ven-al-crea-lucero-a-pasar-unas-sensacionales-vacaciones-de-fin-de-ano\/\",\"url\":\"https:\/\/www.crea.gov.co\/crea-lucero-bajo\/ven-al-crea-lucero-a-pasar-unas-sensacionales-vacaciones-de-fin-de-ano\/\",\"name\":\"VEN AL CREA LUCERO A PASAR UNAS SENSACIONALES VACACIONES DE FIN DE A\u00d1O - Crea Lucero Bajo\",\"isPartOf\":{\"@id\":\"https:\/\/www.crea.gov.co\/crea-lucero-bajo\/#website\"},\"primaryImageOfPage\":{\"@id\":\"https:\/\/www.crea.gov.co\/crea-lucero-bajo\/ven-al-crea-lucero-a-pasar-unas-sensacionales-vacaciones-de-fin-de-ano\/#primaryimage\"},\"image\":{\"@id\":\"https:\/\/www.crea.gov.co\/crea-lucero-bajo\/ven-al-crea-lucero-a-pasar-unas-sensacionales-vacaciones-de-fin-de-ano\/#primaryimage\"},\"thumbnailUrl\":\"https:\/\/www.crea.gov.co\/crea-lucero-bajo\/wp-content\/uploads\/sites\/18\/2022\/11\/FB_IMG_1668788533205.jpg\",\"datePublished\":\"2022-11-18T17:55:04+00:00\",\"author\":{\"@id\":\"https:\/\/www.crea.gov.co\/crea-lucero-bajo\/#\/schema\/person\/a87bb80a18bbcca59fe96f6288d2878d\"},\"breadcrumb\":{\"@id\":\"https:\/\/www.crea.gov.co\/crea-lucero-bajo\/ven-al-crea-lucero-a-pasar-unas-sensacionales-vacaciones-de-fin-de-ano\/#breadcrumb\"},\"inLanguage\":\"es-CO\",\"potentialAction\":[{\"@type\":\"ReadAction\",\"target\":[\"https:\/\/www.crea.gov.co\/crea-lucero-bajo\/ven-al-crea-lucero-a-pasar-unas-sensacionales-vacaciones-de-fin-de-ano\/\"]}]},{\"@type\":\"ImageObject\",\"inLanguage\":\"es-CO\",\"@id\":\"https:\/\/www.crea.gov.co\/crea-lucero-bajo\/ven-al-crea-lucero-a-pasar-unas-sensacionales-vacaciones-de-fin-de-ano\/#primaryimage\",\"url\":\"https:\/\/www.crea.gov.co\/crea-lucero-bajo\/wp-content\/uploads\/sites\/18\/2022\/11\/FB_IMG_1668788533205.jpg\",\"contentUrl\":\"https:\/\/www.crea.gov.co\/crea-lucero-bajo\/wp-content\/uploads\/sites\/18\/2022\/11\/FB_IMG_1668788533205.jpg\",\"width\":720,\"height\":900},{\"@type\":\"BreadcrumbList\",\"@id\":\"https:\/\/www.crea.gov.co\/crea-lucero-bajo\/ven-al-crea-lucero-a-pasar-unas-sensacionales-vacaciones-de-fin-de-ano\/#breadcrumb\",\"itemListElement\":[{\"@type\":\"ListItem\",\"position\":1,\"name\":\"Home\",\"item\":\"https:\/\/www.crea.gov.co\/crea-lucero-bajo\/\"},{\"@type\":\"ListItem\",\"position\":2,\"name\":\"VEN AL CREA LUCERO A PASAR UNAS SENSACIONALES VACACIONES DE FIN DE A\u00d1O\"}]},{\"@type\":\"WebSite\",\"@id\":\"https:\/\/www.crea.gov.co\/crea-lucero-bajo\/#website\",\"url\":\"https:\/\/www.crea.gov.co\/crea-lucero-bajo\/\",\"name\":\"Crea Lucero Bajo\",\"description\":\"En Ciudad Bol\u00edvar, entre calles inclinadas que cuentan historias de esfuerzo y constancia, este espacio crece junto a una comunidad que ha levantado su barrio paso a paso. Aqu\u00ed, ni\u00f1as, ni\u00f1os, j\u00f3venes y adultos se encuentran en talleres que nacen de sus propias realidades, tejiendo juntos un sentido profundo de pertenencia y orgullo por su territorio.\",\"potentialAction\":[{\"@type\":\"SearchAction\",\"target\":{\"@type\":\"EntryPoint\",\"urlTemplate\":\"https:\/\/www.crea.gov.co\/crea-lucero-bajo\/?s={search_term_string}\"},\"query-input\":{\"@type\":\"PropertyValueSpecification\",\"valueRequired\":true,\"valueName\":\"search_term_string\"}}],\"inLanguage\":\"es-CO\"},{\"@type\":\"Person\",\"@id\":\"https:\/\/www.crea.gov.co\/crea-lucero-bajo\/#\/schema\/person\/a87bb80a18bbcca59fe96f6288d2878d\",\"name\":\"lylyanrojas\",\"image\":{\"@type\":\"ImageObject\",\"inLanguage\":\"es-CO\",\"@id\":\"https:\/\/www.crea.gov.co\/crea-lucero-bajo\/#\/schema\/person\/image\/\",\"url\":\"https:\/\/secure.gravatar.com\/avatar\/470fa9943be9884057d5b13e3e861fda?s=96&d=mm&r=g\",\"contentUrl\":\"https:\/\/secure.gravatar.com\/avatar\/470fa9943be9884057d5b13e3e861fda?s=96&d=mm&r=g\",\"caption\":\"lylyanrojas\"},\"description\":\"Actriz y gestora cultural.\",\"url\":\"https:\/\/www.crea.gov.co\/crea-lucero-bajo\/author\/lylyanrojas\/\"}]}<\/script>\n<!-- \/ Yoast SEO plugin. -->","yoast_head_json":{"title":"VEN AL CREA LUCERO A PASAR UNAS SENSACIONALES VACACIONES DE FIN DE A\u00d1O - Crea Lucero Bajo","robots":{"index":"index","follow":"follow","max-snippet":"max-snippet:-1","max-image-preview":"max-image-preview:large","max-video-preview":"max-video-preview:-1"},"canonical":"https:\/\/www.crea.gov.co\/crea-lucero-bajo\/ven-al-crea-lucero-a-pasar-unas-sensacionales-vacaciones-de-fin-de-ano\/","og_locale":"es_ES","og_type":"article","og_title":"VEN AL CREA LUCERO A PASAR UNAS SENSACIONALES VACACIONES DE FIN DE A\u00d1O - Crea Lucero Bajo","og_description":"Si tienes 6 a\u00f1os y hasta 100 y m\u00e1s&#8230; Ven a divertirte y aprender con nosotros TE ESPERAMOS","og_url":"https:\/\/www.crea.gov.co\/crea-lucero-bajo\/ven-al-crea-lucero-a-pasar-unas-sensacionales-vacaciones-de-fin-de-ano\/","og_site_name":"Crea Lucero Bajo","article_published_time":"2022-11-18T17:55:04+00:00","og_image":[{"width":720,"height":900,"url":"https:\/\/www.crea.gov.co\/crea-lucero-bajo\/wp-content\/uploads\/sites\/18\/2022\/11\/FB_IMG_1668788533205.jpg","type":"image\/jpeg"}],"author":"lylyanrojas","twitter_card":"summary_large_image","twitter_misc":{"Escrito por":"lylyanrojas","Tiempo de lectura":"2 minutos"},"schema":{"@context":"https:\/\/schema.org","@graph":[{"@type":"WebPage","@id":"https:\/\/www.crea.gov.co\/crea-lucero-bajo\/ven-al-crea-lucero-a-pasar-unas-sensacionales-vacaciones-de-fin-de-ano\/","url":"https:\/\/www.crea.gov.co\/crea-lucero-bajo\/ven-al-crea-lucero-a-pasar-unas-sensacionales-vacaciones-de-fin-de-ano\/","name":"VEN AL CREA LUCERO A PASAR UNAS SENSACIONALES VACACIONES DE FIN DE A\u00d1O - Crea Lucero Bajo","isPartOf":{"@id":"https:\/\/www.crea.gov.co\/crea-lucero-bajo\/#website"},"primaryImageOfPage":{"@id":"https:\/\/www.crea.gov.co\/crea-lucero-bajo\/ven-al-crea-lucero-a-pasar-unas-sensacionales-vacaciones-de-fin-de-ano\/#primaryimage"},"image":{"@id":"https:\/\/www.crea.gov.co\/crea-lucero-bajo\/ven-al-crea-lucero-a-pasar-unas-sensacionales-vacaciones-de-fin-de-ano\/#primaryimage"},"thumbnailUrl":"https:\/\/www.crea.gov.co\/crea-lucero-bajo\/wp-content\/uploads\/sites\/18\/2022\/11\/FB_IMG_1668788533205.jpg","datePublished":"2022-11-18T17:55:04+00:00","author":{"@id":"https:\/\/www.crea.gov.co\/crea-lucero-bajo\/#\/schema\/person\/a87bb80a18bbcca59fe96f6288d2878d"},"breadcrumb":{"@id":"https:\/\/www.crea.gov.co\/crea-lucero-bajo\/ven-al-crea-lucero-a-pasar-unas-sensacionales-vacaciones-de-fin-de-ano\/#breadcrumb"},"inLanguage":"es-CO","potentialAction":[{"@type":"ReadAction","target":["https:\/\/www.crea.gov.co\/crea-lucero-bajo\/ven-al-crea-lucero-a-pasar-unas-sensacionales-vacaciones-de-fin-de-ano\/"]}]},{"@type":"ImageObject","inLanguage":"es-CO","@id":"https:\/\/www.crea.gov.co\/crea-lucero-bajo\/ven-al-crea-lucero-a-pasar-unas-sensacionales-vacaciones-de-fin-de-ano\/#primaryimage","url":"https:\/\/www.crea.gov.co\/crea-lucero-bajo\/wp-content\/uploads\/sites\/18\/2022\/11\/FB_IMG_1668788533205.jpg","contentUrl":"https:\/\/www.crea.gov.co\/crea-lucero-bajo\/wp-content\/uploads\/sites\/18\/2022\/11\/FB_IMG_1668788533205.jpg","width":720,"height":900},{"@type":"BreadcrumbList","@id":"https:\/\/www.crea.gov.co\/crea-lucero-bajo\/ven-al-crea-lucero-a-pasar-unas-sensacionales-vacaciones-de-fin-de-ano\/#breadcrumb","itemListElement":[{"@type":"ListItem","position":1,"name":"Home","item":"https:\/\/www.crea.gov.co\/crea-lucero-bajo\/"},{"@type":"ListItem","position":2,"name":"VEN AL CREA LUCERO A PASAR UNAS SENSACIONALES VACACIONES DE FIN DE A\u00d1O"}]},{"@type":"WebSite","@id":"https:\/\/www.crea.gov.co\/crea-lucero-bajo\/#website","url":"https:\/\/www.crea.gov.co\/crea-lucero-bajo\/","name":"Crea Lucero Bajo","description":"En Ciudad Bol\u00edvar, entre calles inclinadas que cuentan historias de esfuerzo y constancia, este espacio crece junto a una comunidad que ha levantado su barrio paso a paso. Aqu\u00ed, ni\u00f1as, ni\u00f1os, j\u00f3venes y adultos se encuentran en talleres que nacen de sus propias realidades, tejiendo juntos un sentido profundo de pertenencia y orgullo por su territorio.","potentialAction":[{"@type":"SearchAction","target":{"@type":"EntryPoint","urlTemplate":"https:\/\/www.crea.gov.co\/crea-lucero-bajo\/?s={search_term_string}"},"query-input":{"@type":"PropertyValueSpecification","valueRequired":true,"valueName":"search_term_string"}}],"inLanguage":"es-CO"},{"@type":"Person","@id":"https:\/\/www.crea.gov.co\/crea-lucero-bajo\/#\/schema\/person\/a87bb80a18bbcca59fe96f6288d2878d","name":"lylyanrojas","image":{"@type":"ImageObject","inLanguage":"es-CO","@id":"https:\/\/www.crea.gov.co\/crea-lucero-bajo\/#\/schema\/person\/image\/","url":"https:\/\/secure.gravatar.com\/avatar\/470fa9943be9884057d5b13e3e861fda?s=96&d=mm&r=g","contentUrl":"https:\/\/secure.gravatar.com\/avatar\/470fa9943be9884057d5b13e3e861fda?s=96&d=mm&r=g","caption":"lylyanrojas"},"description":"Actriz y gestora cultural.","url":"https:\/\/www.crea.gov.co\/crea-lucero-bajo\/author\/lylyanrojas\/"}]}},"_links":{"self":[{"href":"https:\/\/www.crea.gov.co\/crea-lucero-bajo\/wp-json\/wp\/v2\/posts\/207","targetHints":{"allow":["GET"]}}],"collection":[{"href":"https:\/\/www.crea.gov.co\/crea-lucero-bajo\/wp-json\/wp\/v2\/posts"}],"about":[{"href":"https:\/\/www.crea.gov.co\/crea-lucero-bajo\/wp-json\/wp\/v2\/types\/post"}],"author":[{"embeddable":true,"href":"https:\/\/www.crea.gov.co\/crea-lucero-bajo\/wp-json\/wp\/v2\/users\/57"}],"replies":[{"embeddable":true,"href":"https:\/\/www.crea.gov.co\/crea-lucero-bajo\/wp-json\/wp\/v2\/comments?post=207"}],"version-history":[{"count":3,"href":"https:\/\/www.crea.gov.co\/crea-lucero-bajo\/wp-json\/wp\/v2\/posts\/207\/revisions"}],"predecessor-version":[{"id":217,"href":"https:\/\/www.crea.gov.co\/crea-lucero-bajo\/wp-json\/wp\/v2\/posts\/207\/revisions\/217"}],"wp:featuredmedia":[{"embeddable":true,"href":"https:\/\/www.crea.gov.co\/crea-lucero-bajo\/wp-json\/wp\/v2\/media\/208"}],"wp:attachment":[{"href":"https:\/\/www.crea.gov.co\/crea-lucero-bajo\/wp-json\/wp\/v2\/media?parent=207"}],"wp:term":[{"taxonomy":"category","embeddable":true,"href":"https:\/\/www.crea.gov.co\/crea-lucero-bajo\/wp-json\/wp\/v2\/categories?post=207"},{"taxonomy":"post_tag","embeddable":true,"href":"https:\/\/www.crea.gov.co\/crea-lucero-bajo\/wp-json\/wp\/v2\/tags?post=207"}],"curies":[{"name":"wp","href":"https:\/\/api.w.org\/{rel}","templated":true}]}}