{"id":1545,"date":"2026-04-29T17:25:56","date_gmt":"2026-04-29T17:25:56","guid":{"rendered":"https:\/\/www.crea.gov.co\/crea-lucero-bajo\/?p=1545"},"modified":"2026-04-29T17:25:56","modified_gmt":"2026-04-29T17:25:56","slug":"un-viaje-por-el-lucero","status":"publish","type":"post","link":"https:\/\/www.crea.gov.co\/crea-lucero-bajo\/un-viaje-por-el-lucero\/","title":{"rendered":"Un viaje por El Lucero"},"content":{"rendered":"\n<p>La actividad promovi\u00f3 la participaci\u00f3n, la creatividad y la integraci\u00f3n comunitaria de ni\u00f1os, ni\u00f1as y familias, quienes vivieron una jornada llena de color, imaginaci\u00f3n y alegr\u00eda.<\/p>\n\n\n\n<figure class=\"wp-block-image size-large\"><img loading=\"lazy\" decoding=\"async\" width=\"1024\" height=\"768\" src=\"https:\/\/www.crea.gov.co\/crea-lucero-bajo\/wp-content\/uploads\/sites\/18\/2026\/04\/Crea-Lucero-Bajo-8-1024x768.jpeg\" alt=\"\" class=\"wp-image-1546\" \/><\/figure>\n\n\n\n<h2 class=\"wp-block-heading\">Se realiz\u00f3 la construcci\u00f3n de un \u00e1rbol, la comunidad se dividi\u00f3 en dos grupos y a cada participante se le entreg\u00f3 una ficha para intervenirla creativamente.<\/h2>\n\n\n\n<figure class=\"wp-block-image size-large\"><img loading=\"lazy\" decoding=\"async\" width=\"1024\" height=\"683\" src=\"https:\/\/www.crea.gov.co\/crea-lucero-bajo\/wp-content\/uploads\/sites\/18\/2026\/04\/Crea-Lucero-Bajo-2-1024x683.jpg\" alt=\"\" class=\"wp-image-1547\" srcset=\"https:\/\/www.crea.gov.co\/crea-lucero-bajo\/wp-content\/uploads\/sites\/18\/2026\/04\/Crea-Lucero-Bajo-2-1024x683.jpg 1024w, https:\/\/www.crea.gov.co\/crea-lucero-bajo\/wp-content\/uploads\/sites\/18\/2026\/04\/Crea-Lucero-Bajo-2-300x200.jpg 300w, https:\/\/www.crea.gov.co\/crea-lucero-bajo\/wp-content\/uploads\/sites\/18\/2026\/04\/Crea-Lucero-Bajo-2-768x512.jpg 768w, https:\/\/www.crea.gov.co\/crea-lucero-bajo\/wp-content\/uploads\/sites\/18\/2026\/04\/Crea-Lucero-Bajo-2-1536x1024.jpg 1536w, https:\/\/www.crea.gov.co\/crea-lucero-bajo\/wp-content\/uploads\/sites\/18\/2026\/04\/Crea-Lucero-Bajo-2-2048x1365.jpg 2048w\" sizes=\"auto, (max-width: 1024px) 100vw, 1024px\" \/><\/figure>\n\n\n\n<p>Al finalizar, se comparti\u00f3 un espacio de socializaci\u00f3n en el que varios participantes expresaron sus reflexiones y contaron lo que representaron en sus fichas. Finalmente, se arm\u00f3 el rompecabezas como s\u00edmbolo de construcci\u00f3n colectiva, uni\u00f3n y diversidad del territorio.<\/p>\n\n\n\n<figure class=\"wp-block-gallery has-nested-images columns-default is-cropped wp-block-gallery-1 is-layout-flex wp-block-gallery-is-layout-flex\">\n<figure class=\"wp-block-image size-large\"><img loading=\"lazy\" decoding=\"async\" width=\"1024\" height=\"683\" data-id=\"1548\" src=\"https:\/\/www.crea.gov.co\/crea-lucero-bajo\/wp-content\/uploads\/sites\/18\/2026\/04\/Crea-Lucero-Bajo-3-1024x683.jpg\" alt=\"\" class=\"wp-image-1548\" srcset=\"https:\/\/www.crea.gov.co\/crea-lucero-bajo\/wp-content\/uploads\/sites\/18\/2026\/04\/Crea-Lucero-Bajo-3-1024x683.jpg 1024w, https:\/\/www.crea.gov.co\/crea-lucero-bajo\/wp-content\/uploads\/sites\/18\/2026\/04\/Crea-Lucero-Bajo-3-300x200.jpg 300w, https:\/\/www.crea.gov.co\/crea-lucero-bajo\/wp-content\/uploads\/sites\/18\/2026\/04\/Crea-Lucero-Bajo-3-768x512.jpg 768w, https:\/\/www.crea.gov.co\/crea-lucero-bajo\/wp-content\/uploads\/sites\/18\/2026\/04\/Crea-Lucero-Bajo-3-1536x1024.jpg 1536w, https:\/\/www.crea.gov.co\/crea-lucero-bajo\/wp-content\/uploads\/sites\/18\/2026\/04\/Crea-Lucero-Bajo-3-2048x1365.jpg 2048w\" sizes=\"auto, (max-width: 1024px) 100vw, 1024px\" \/><\/figure>\n\n\n\n<figure class=\"wp-block-image size-large\"><img loading=\"lazy\" decoding=\"async\" width=\"1024\" height=\"683\" data-id=\"1549\" src=\"https:\/\/www.crea.gov.co\/crea-lucero-bajo\/wp-content\/uploads\/sites\/18\/2026\/04\/Crea-Lucero-Bajo-4-1024x683.jpg\" alt=\"\" class=\"wp-image-1549\" srcset=\"https:\/\/www.crea.gov.co\/crea-lucero-bajo\/wp-content\/uploads\/sites\/18\/2026\/04\/Crea-Lucero-Bajo-4-1024x683.jpg 1024w, https:\/\/www.crea.gov.co\/crea-lucero-bajo\/wp-content\/uploads\/sites\/18\/2026\/04\/Crea-Lucero-Bajo-4-300x200.jpg 300w, https:\/\/www.crea.gov.co\/crea-lucero-bajo\/wp-content\/uploads\/sites\/18\/2026\/04\/Crea-Lucero-Bajo-4-768x512.jpg 768w, https:\/\/www.crea.gov.co\/crea-lucero-bajo\/wp-content\/uploads\/sites\/18\/2026\/04\/Crea-Lucero-Bajo-4-1536x1024.jpg 1536w, https:\/\/www.crea.gov.co\/crea-lucero-bajo\/wp-content\/uploads\/sites\/18\/2026\/04\/Crea-Lucero-Bajo-4-2048x1365.jpg 2048w\" sizes=\"auto, (max-width: 1024px) 100vw, 1024px\" \/><\/figure>\n\n\n\n<figure class=\"wp-block-image size-large\"><img loading=\"lazy\" decoding=\"async\" width=\"1024\" height=\"683\" data-id=\"1550\" src=\"https:\/\/www.crea.gov.co\/crea-lucero-bajo\/wp-content\/uploads\/sites\/18\/2026\/04\/Crea-Lucero-Bajo-5-1024x683.jpg\" alt=\"\" class=\"wp-image-1550\" srcset=\"https:\/\/www.crea.gov.co\/crea-lucero-bajo\/wp-content\/uploads\/sites\/18\/2026\/04\/Crea-Lucero-Bajo-5-1024x683.jpg 1024w, https:\/\/www.crea.gov.co\/crea-lucero-bajo\/wp-content\/uploads\/sites\/18\/2026\/04\/Crea-Lucero-Bajo-5-300x200.jpg 300w, https:\/\/www.crea.gov.co\/crea-lucero-bajo\/wp-content\/uploads\/sites\/18\/2026\/04\/Crea-Lucero-Bajo-5-768x512.jpg 768w, https:\/\/www.crea.gov.co\/crea-lucero-bajo\/wp-content\/uploads\/sites\/18\/2026\/04\/Crea-Lucero-Bajo-5-1536x1024.jpg 1536w, https:\/\/www.crea.gov.co\/crea-lucero-bajo\/wp-content\/uploads\/sites\/18\/2026\/04\/Crea-Lucero-Bajo-5-2048x1365.jpg 2048w\" sizes=\"auto, (max-width: 1024px) 100vw, 1024px\" \/><\/figure>\n<\/figure>\n\n\n\n<h2 class=\"wp-block-heading\">Como complemento de la jornada, se realiz\u00f3 una clase abierta con la participaci\u00f3n de artistas formadores de danza, quienes invitaron a ni\u00f1os, ni\u00f1as y comunidad en general a activar el cuerpo mediante el movimiento y la m\u00fasica.<\/h2>\n\n\n\n<figure class=\"wp-block-image size-large\"><img loading=\"lazy\" decoding=\"async\" width=\"1024\" height=\"768\" src=\"https:\/\/www.crea.gov.co\/crea-lucero-bajo\/wp-content\/uploads\/sites\/18\/2026\/04\/Crea-Lucero-Bajo-11-1024x768.jpeg\" alt=\"\" class=\"wp-image-1551\" srcset=\"https:\/\/www.crea.gov.co\/crea-lucero-bajo\/wp-content\/uploads\/sites\/18\/2026\/04\/Crea-Lucero-Bajo-11-1024x768.jpeg 1024w, https:\/\/www.crea.gov.co\/crea-lucero-bajo\/wp-content\/uploads\/sites\/18\/2026\/04\/Crea-Lucero-Bajo-11-300x225.jpeg 300w, https:\/\/www.crea.gov.co\/crea-lucero-bajo\/wp-content\/uploads\/sites\/18\/2026\/04\/Crea-Lucero-Bajo-11-768x576.jpeg 768w, https:\/\/www.crea.gov.co\/crea-lucero-bajo\/wp-content\/uploads\/sites\/18\/2026\/04\/Crea-Lucero-Bajo-11.jpeg 1280w\" sizes=\"auto, (max-width: 1024px) 100vw, 1024px\" \/><\/figure>\n\n\n\n<p>La actividad gener\u00f3 un ambiente din\u00e1mico, festivo y participativo, lleno de entusiasmo y energ\u00eda. Al cierre, se comparti\u00f3 informaci\u00f3n sobre la oferta art\u00edstica del CREA, invitando a m\u00e1s personas a sumarse a estos espacios de formaci\u00f3n y encuentro comunitario.<\/p>\n\n\n\n<figure class=\"wp-block-gallery has-nested-images columns-default is-cropped wp-block-gallery-2 is-layout-flex wp-block-gallery-is-layout-flex\">\n<figure class=\"wp-block-image size-large\"><img loading=\"lazy\" decoding=\"async\" width=\"1024\" height=\"768\" data-id=\"1552\" src=\"https:\/\/www.crea.gov.co\/crea-lucero-bajo\/wp-content\/uploads\/sites\/18\/2026\/04\/Crea-Lucero-Bajo-9-1024x768.jpeg\" alt=\"\" class=\"wp-image-1552\" srcset=\"https:\/\/www.crea.gov.co\/crea-lucero-bajo\/wp-content\/uploads\/sites\/18\/2026\/04\/Crea-Lucero-Bajo-9-1024x768.jpeg 1024w, https:\/\/www.crea.gov.co\/crea-lucero-bajo\/wp-content\/uploads\/sites\/18\/2026\/04\/Crea-Lucero-Bajo-9-300x225.jpeg 300w, https:\/\/www.crea.gov.co\/crea-lucero-bajo\/wp-content\/uploads\/sites\/18\/2026\/04\/Crea-Lucero-Bajo-9-768x576.jpeg 768w, https:\/\/www.crea.gov.co\/crea-lucero-bajo\/wp-content\/uploads\/sites\/18\/2026\/04\/Crea-Lucero-Bajo-9.jpeg 1040w\" sizes=\"auto, (max-width: 1024px) 100vw, 1024px\" \/><\/figure>\n\n\n\n<figure class=\"wp-block-image size-large\"><img loading=\"lazy\" decoding=\"async\" width=\"1024\" height=\"683\" data-id=\"1555\" src=\"https:\/\/www.crea.gov.co\/crea-lucero-bajo\/wp-content\/uploads\/sites\/18\/2026\/04\/IMG_2397-1024x683.jpg\" alt=\"\" class=\"wp-image-1555\" srcset=\"https:\/\/www.crea.gov.co\/crea-lucero-bajo\/wp-content\/uploads\/sites\/18\/2026\/04\/IMG_2397-1024x683.jpg 1024w, https:\/\/www.crea.gov.co\/crea-lucero-bajo\/wp-content\/uploads\/sites\/18\/2026\/04\/IMG_2397-300x200.jpg 300w, https:\/\/www.crea.gov.co\/crea-lucero-bajo\/wp-content\/uploads\/sites\/18\/2026\/04\/IMG_2397-768x512.jpg 768w, https:\/\/www.crea.gov.co\/crea-lucero-bajo\/wp-content\/uploads\/sites\/18\/2026\/04\/IMG_2397-1536x1024.jpg 1536w, https:\/\/www.crea.gov.co\/crea-lucero-bajo\/wp-content\/uploads\/sites\/18\/2026\/04\/IMG_2397-2048x1365.jpg 2048w\" sizes=\"auto, (max-width: 1024px) 100vw, 1024px\" \/><\/figure>\n\n\n\n<figure class=\"wp-block-image size-large\"><img loading=\"lazy\" decoding=\"async\" width=\"1024\" height=\"768\" data-id=\"1554\" src=\"https:\/\/www.crea.gov.co\/crea-lucero-bajo\/wp-content\/uploads\/sites\/18\/2026\/04\/WhatsApp-Image-2026-04-26-at-11.11.45-AM-2-1024x768.jpeg\" alt=\"\" class=\"wp-image-1554\" srcset=\"https:\/\/www.crea.gov.co\/crea-lucero-bajo\/wp-content\/uploads\/sites\/18\/2026\/04\/WhatsApp-Image-2026-04-26-at-11.11.45-AM-2-1024x768.jpeg 1024w, https:\/\/www.crea.gov.co\/crea-lucero-bajo\/wp-content\/uploads\/sites\/18\/2026\/04\/WhatsApp-Image-2026-04-26-at-11.11.45-AM-2-300x225.jpeg 300w, https:\/\/www.crea.gov.co\/crea-lucero-bajo\/wp-content\/uploads\/sites\/18\/2026\/04\/WhatsApp-Image-2026-04-26-at-11.11.45-AM-2-768x576.jpeg 768w, https:\/\/www.crea.gov.co\/crea-lucero-bajo\/wp-content\/uploads\/sites\/18\/2026\/04\/WhatsApp-Image-2026-04-26-at-11.11.45-AM-2.jpeg 1040w\" sizes=\"auto, (max-width: 1024px) 100vw, 1024px\" \/><\/figure>\n\n\n\n<figure class=\"wp-block-image size-large\"><img loading=\"lazy\" decoding=\"async\" width=\"1024\" height=\"576\" data-id=\"1553\" src=\"https:\/\/www.crea.gov.co\/crea-lucero-bajo\/wp-content\/uploads\/sites\/18\/2026\/04\/Crea-Lucero-Bajo-10-1024x576.jpeg\" alt=\"\" class=\"wp-image-1553\" srcset=\"https:\/\/www.crea.gov.co\/crea-lucero-bajo\/wp-content\/uploads\/sites\/18\/2026\/04\/Crea-Lucero-Bajo-10-1024x576.jpeg 1024w, https:\/\/www.crea.gov.co\/crea-lucero-bajo\/wp-content\/uploads\/sites\/18\/2026\/04\/Crea-Lucero-Bajo-10-300x169.jpeg 300w, https:\/\/www.crea.gov.co\/crea-lucero-bajo\/wp-content\/uploads\/sites\/18\/2026\/04\/Crea-Lucero-Bajo-10-768x432.jpeg 768w, https:\/\/www.crea.gov.co\/crea-lucero-bajo\/wp-content\/uploads\/sites\/18\/2026\/04\/Crea-Lucero-Bajo-10.jpeg 1280w\" sizes=\"auto, (max-width: 1024px) 100vw, 1024px\" \/><\/figure>\n<\/figure>\n\n\n\n<p><strong>Si desea conocer toda la oferta y las actividades que ofrece el&nbsp;<a href=\"https:\/\/www.crea.gov.co\/crea-lucero-bajo\/\" target=\"_blank\" rel=\"noreferrer noopener\">Crea Lucero Bajo&nbsp;<\/a>puede consultarnos en:<\/strong><\/p>\n\n\n\n<p>\ud83d\udccd Puede dirigirse al <a href=\"https:\/\/www.crea.gov.co\/crea-san-cristobal\/\"><\/a><strong><strong><a href=\"https:\/\/www.crea.gov.co\/crea-lucero-bajo\/\" target=\"_blank\" rel=\"noreferrer noopener\">Crea Lucero Bajo<\/a><\/strong><\/strong>&nbsp;(Cra17B Bis No. 64A &#8211; 54 Sur) de lunes a viernes de 8:00 am a 5:00 pm.<\/p>\n\n\n\n<p>\ud83d\udcbbConsultar nuestra&nbsp;<strong><a href=\"https:\/\/sif.idartes.gov.co\/sif\/framework\/crea\/territorial\/oferta\/oferta-disponible\">oferta disponible<\/a><\/strong><\/p>\n\n\n\n<p>\u260e\ufe0fContactarnos al: (601) 3795750 Ext: 5254 \u2013 5289.<\/p>\n\n\n\n<p>\ud83d\udce7Escribirnos a: crea.lucerobajo@idartes.gov.co<\/p>\n","protected":false},"excerpt":{"rendered":"<p>La actividad promovi\u00f3 la participaci\u00f3n, la creatividad y la integraci\u00f3n comunitaria de ni\u00f1os, ni\u00f1as y familias, quienes vivieron una jornada llena de color, imaginaci\u00f3n y alegr\u00eda. Se realiz\u00f3 la construcci\u00f3n de un \u00e1rbol, la comunidad se dividi\u00f3 en dos grupos y a cada participante se le entreg\u00f3 una ficha para intervenirla creativamente. Al finalizar, se [&hellip;]<\/p>\n","protected":false},"author":97,"featured_media":1546,"comment_status":"open","ping_status":"open","sticky":false,"template":"","format":"standard","meta":{"footnotes":""},"categories":[1],"tags":[],"class_list":["post-1545","post","type-post","status-publish","format-standard","has-post-thumbnail","hentry","category-sin-categoria"],"yoast_head":"<!-- This site is optimized with the Yoast SEO plugin v24.5 - https:\/\/yoast.com\/wordpress\/plugins\/seo\/ -->\n<title>Un viaje por El Lucero - Crea Lucero Bajo<\/title>\n<meta name=\"robots\" content=\"index, follow, max-snippet:-1, max-image-preview:large, max-video-preview:-1\" \/>\n<link rel=\"canonical\" href=\"https:\/\/www.crea.gov.co\/crea-lucero-bajo\/un-viaje-por-el-lucero\/\" \/>\n<meta property=\"og:locale\" content=\"es_ES\" \/>\n<meta property=\"og:type\" content=\"article\" \/>\n<meta property=\"og:title\" content=\"Un viaje por El Lucero - Crea Lucero Bajo\" \/>\n<meta property=\"og:description\" content=\"La actividad promovi\u00f3 la participaci\u00f3n, la creatividad y la integraci\u00f3n comunitaria de ni\u00f1os, ni\u00f1as y familias, quienes vivieron una jornada llena de color, imaginaci\u00f3n y alegr\u00eda. Se realiz\u00f3 la construcci\u00f3n de un \u00e1rbol, la comunidad se dividi\u00f3 en dos grupos y a cada participante se le entreg\u00f3 una ficha para intervenirla creativamente. Al finalizar, se [&hellip;]\" \/>\n<meta property=\"og:url\" content=\"https:\/\/www.crea.gov.co\/crea-lucero-bajo\/un-viaje-por-el-lucero\/\" \/>\n<meta property=\"og:site_name\" content=\"Crea Lucero Bajo\" \/>\n<meta property=\"article:published_time\" content=\"2026-04-29T17:25:56+00:00\" \/>\n<meta property=\"og:image\" content=\"https:\/\/www.crea.gov.co\/crea-lucero-bajo\/wp-content\/uploads\/sites\/18\/2026\/04\/Crea-Lucero-Bajo-8-e1777483419614.jpeg\" \/>\n\t<meta property=\"og:image:width\" content=\"820\" \/>\n\t<meta property=\"og:image:height\" content=\"624\" \/>\n\t<meta property=\"og:image:type\" content=\"image\/jpeg\" \/>\n<meta name=\"author\" content=\"crealucerobajo\" \/>\n<meta name=\"twitter:card\" content=\"summary_large_image\" \/>\n<meta name=\"twitter:label1\" content=\"Escrito por\" \/>\n\t<meta name=\"twitter:data1\" content=\"crealucerobajo\" \/>\n\t<meta name=\"twitter:label2\" content=\"Tiempo de lectura\" \/>\n\t<meta name=\"twitter:data2\" content=\"4 minutos\" \/>\n<script type=\"application\/ld+json\" class=\"yoast-schema-graph\">{\"@context\":\"https:\/\/schema.org\",\"@graph\":[{\"@type\":\"WebPage\",\"@id\":\"https:\/\/www.crea.gov.co\/crea-lucero-bajo\/un-viaje-por-el-lucero\/\",\"url\":\"https:\/\/www.crea.gov.co\/crea-lucero-bajo\/un-viaje-por-el-lucero\/\",\"name\":\"Un viaje por El Lucero - Crea Lucero Bajo\",\"isPartOf\":{\"@id\":\"https:\/\/www.crea.gov.co\/crea-lucero-bajo\/#website\"},\"primaryImageOfPage\":{\"@id\":\"https:\/\/www.crea.gov.co\/crea-lucero-bajo\/un-viaje-por-el-lucero\/#primaryimage\"},\"image\":{\"@id\":\"https:\/\/www.crea.gov.co\/crea-lucero-bajo\/un-viaje-por-el-lucero\/#primaryimage\"},\"thumbnailUrl\":\"https:\/\/www.crea.gov.co\/crea-lucero-bajo\/wp-content\/uploads\/sites\/18\/2026\/04\/Crea-Lucero-Bajo-8-e1777483419614.jpeg\",\"datePublished\":\"2026-04-29T17:25:56+00:00\",\"author\":{\"@id\":\"https:\/\/www.crea.gov.co\/crea-lucero-bajo\/#\/schema\/person\/337325bb9581e92cba6d1249e0d65928\"},\"breadcrumb\":{\"@id\":\"https:\/\/www.crea.gov.co\/crea-lucero-bajo\/un-viaje-por-el-lucero\/#breadcrumb\"},\"inLanguage\":\"es-CO\",\"potentialAction\":[{\"@type\":\"ReadAction\",\"target\":[\"https:\/\/www.crea.gov.co\/crea-lucero-bajo\/un-viaje-por-el-lucero\/\"]}]},{\"@type\":\"ImageObject\",\"inLanguage\":\"es-CO\",\"@id\":\"https:\/\/www.crea.gov.co\/crea-lucero-bajo\/un-viaje-por-el-lucero\/#primaryimage\",\"url\":\"https:\/\/www.crea.gov.co\/crea-lucero-bajo\/wp-content\/uploads\/sites\/18\/2026\/04\/Crea-Lucero-Bajo-8-e1777483419614.jpeg\",\"contentUrl\":\"https:\/\/www.crea.gov.co\/crea-lucero-bajo\/wp-content\/uploads\/sites\/18\/2026\/04\/Crea-Lucero-Bajo-8-e1777483419614.jpeg\",\"width\":820,\"height\":624},{\"@type\":\"BreadcrumbList\",\"@id\":\"https:\/\/www.crea.gov.co\/crea-lucero-bajo\/un-viaje-por-el-lucero\/#breadcrumb\",\"itemListElement\":[{\"@type\":\"ListItem\",\"position\":1,\"name\":\"Home\",\"item\":\"https:\/\/www.crea.gov.co\/crea-lucero-bajo\/\"},{\"@type\":\"ListItem\",\"position\":2,\"name\":\"Un viaje por El Lucero\"}]},{\"@type\":\"WebSite\",\"@id\":\"https:\/\/www.crea.gov.co\/crea-lucero-bajo\/#website\",\"url\":\"https:\/\/www.crea.gov.co\/crea-lucero-bajo\/\",\"name\":\"Crea Lucero Bajo\",\"description\":\"En Ciudad Bol\u00edvar, entre calles inclinadas que cuentan historias de esfuerzo y constancia, este espacio crece junto a una comunidad que ha levantado su barrio paso a paso. Aqu\u00ed, ni\u00f1as, ni\u00f1os, j\u00f3venes y adultos se encuentran en talleres que nacen de sus propias realidades, tejiendo juntos un sentido profundo de pertenencia y orgullo por su territorio.\",\"potentialAction\":[{\"@type\":\"SearchAction\",\"target\":{\"@type\":\"EntryPoint\",\"urlTemplate\":\"https:\/\/www.crea.gov.co\/crea-lucero-bajo\/?s={search_term_string}\"},\"query-input\":{\"@type\":\"PropertyValueSpecification\",\"valueRequired\":true,\"valueName\":\"search_term_string\"}}],\"inLanguage\":\"es-CO\"},{\"@type\":\"Person\",\"@id\":\"https:\/\/www.crea.gov.co\/crea-lucero-bajo\/#\/schema\/person\/337325bb9581e92cba6d1249e0d65928\",\"name\":\"crealucerobajo\",\"image\":{\"@type\":\"ImageObject\",\"inLanguage\":\"es-CO\",\"@id\":\"https:\/\/www.crea.gov.co\/crea-lucero-bajo\/#\/schema\/person\/image\/\",\"url\":\"https:\/\/secure.gravatar.com\/avatar\/7fe09a1dd451e0e2f715703a3080f93c?s=96&d=mm&r=g\",\"contentUrl\":\"https:\/\/secure.gravatar.com\/avatar\/7fe09a1dd451e0e2f715703a3080f93c?s=96&d=mm&r=g\",\"caption\":\"crealucerobajo\"},\"url\":\"https:\/\/www.crea.gov.co\/crea-lucero-bajo\/author\/crealucerobajo\/\"}]}<\/script>\n<!-- \/ Yoast SEO plugin. -->","yoast_head_json":{"title":"Un viaje por El Lucero - Crea Lucero Bajo","robots":{"index":"index","follow":"follow","max-snippet":"max-snippet:-1","max-image-preview":"max-image-preview:large","max-video-preview":"max-video-preview:-1"},"canonical":"https:\/\/www.crea.gov.co\/crea-lucero-bajo\/un-viaje-por-el-lucero\/","og_locale":"es_ES","og_type":"article","og_title":"Un viaje por El Lucero - Crea Lucero Bajo","og_description":"La actividad promovi\u00f3 la participaci\u00f3n, la creatividad y la integraci\u00f3n comunitaria de ni\u00f1os, ni\u00f1as y familias, quienes vivieron una jornada llena de color, imaginaci\u00f3n y alegr\u00eda. Se realiz\u00f3 la construcci\u00f3n de un \u00e1rbol, la comunidad se dividi\u00f3 en dos grupos y a cada participante se le entreg\u00f3 una ficha para intervenirla creativamente. Al finalizar, se [&hellip;]","og_url":"https:\/\/www.crea.gov.co\/crea-lucero-bajo\/un-viaje-por-el-lucero\/","og_site_name":"Crea Lucero Bajo","article_published_time":"2026-04-29T17:25:56+00:00","og_image":[{"width":820,"height":624,"url":"https:\/\/www.crea.gov.co\/crea-lucero-bajo\/wp-content\/uploads\/sites\/18\/2026\/04\/Crea-Lucero-Bajo-8-e1777483419614.jpeg","type":"image\/jpeg"}],"author":"crealucerobajo","twitter_card":"summary_large_image","twitter_misc":{"Escrito por":"crealucerobajo","Tiempo de lectura":"4 minutos"},"schema":{"@context":"https:\/\/schema.org","@graph":[{"@type":"WebPage","@id":"https:\/\/www.crea.gov.co\/crea-lucero-bajo\/un-viaje-por-el-lucero\/","url":"https:\/\/www.crea.gov.co\/crea-lucero-bajo\/un-viaje-por-el-lucero\/","name":"Un viaje por El Lucero - Crea Lucero Bajo","isPartOf":{"@id":"https:\/\/www.crea.gov.co\/crea-lucero-bajo\/#website"},"primaryImageOfPage":{"@id":"https:\/\/www.crea.gov.co\/crea-lucero-bajo\/un-viaje-por-el-lucero\/#primaryimage"},"image":{"@id":"https:\/\/www.crea.gov.co\/crea-lucero-bajo\/un-viaje-por-el-lucero\/#primaryimage"},"thumbnailUrl":"https:\/\/www.crea.gov.co\/crea-lucero-bajo\/wp-content\/uploads\/sites\/18\/2026\/04\/Crea-Lucero-Bajo-8-e1777483419614.jpeg","datePublished":"2026-04-29T17:25:56+00:00","author":{"@id":"https:\/\/www.crea.gov.co\/crea-lucero-bajo\/#\/schema\/person\/337325bb9581e92cba6d1249e0d65928"},"breadcrumb":{"@id":"https:\/\/www.crea.gov.co\/crea-lucero-bajo\/un-viaje-por-el-lucero\/#breadcrumb"},"inLanguage":"es-CO","potentialAction":[{"@type":"ReadAction","target":["https:\/\/www.crea.gov.co\/crea-lucero-bajo\/un-viaje-por-el-lucero\/"]}]},{"@type":"ImageObject","inLanguage":"es-CO","@id":"https:\/\/www.crea.gov.co\/crea-lucero-bajo\/un-viaje-por-el-lucero\/#primaryimage","url":"https:\/\/www.crea.gov.co\/crea-lucero-bajo\/wp-content\/uploads\/sites\/18\/2026\/04\/Crea-Lucero-Bajo-8-e1777483419614.jpeg","contentUrl":"https:\/\/www.crea.gov.co\/crea-lucero-bajo\/wp-content\/uploads\/sites\/18\/2026\/04\/Crea-Lucero-Bajo-8-e1777483419614.jpeg","width":820,"height":624},{"@type":"BreadcrumbList","@id":"https:\/\/www.crea.gov.co\/crea-lucero-bajo\/un-viaje-por-el-lucero\/#breadcrumb","itemListElement":[{"@type":"ListItem","position":1,"name":"Home","item":"https:\/\/www.crea.gov.co\/crea-lucero-bajo\/"},{"@type":"ListItem","position":2,"name":"Un viaje por El Lucero"}]},{"@type":"WebSite","@id":"https:\/\/www.crea.gov.co\/crea-lucero-bajo\/#website","url":"https:\/\/www.crea.gov.co\/crea-lucero-bajo\/","name":"Crea Lucero Bajo","description":"En Ciudad Bol\u00edvar, entre calles inclinadas que cuentan historias de esfuerzo y constancia, este espacio crece junto a una comunidad que ha levantado su barrio paso a paso. Aqu\u00ed, ni\u00f1as, ni\u00f1os, j\u00f3venes y adultos se encuentran en talleres que nacen de sus propias realidades, tejiendo juntos un sentido profundo de pertenencia y orgullo por su territorio.","potentialAction":[{"@type":"SearchAction","target":{"@type":"EntryPoint","urlTemplate":"https:\/\/www.crea.gov.co\/crea-lucero-bajo\/?s={search_term_string}"},"query-input":{"@type":"PropertyValueSpecification","valueRequired":true,"valueName":"search_term_string"}}],"inLanguage":"es-CO"},{"@type":"Person","@id":"https:\/\/www.crea.gov.co\/crea-lucero-bajo\/#\/schema\/person\/337325bb9581e92cba6d1249e0d65928","name":"crealucerobajo","image":{"@type":"ImageObject","inLanguage":"es-CO","@id":"https:\/\/www.crea.gov.co\/crea-lucero-bajo\/#\/schema\/person\/image\/","url":"https:\/\/secure.gravatar.com\/avatar\/7fe09a1dd451e0e2f715703a3080f93c?s=96&d=mm&r=g","contentUrl":"https:\/\/secure.gravatar.com\/avatar\/7fe09a1dd451e0e2f715703a3080f93c?s=96&d=mm&r=g","caption":"crealucerobajo"},"url":"https:\/\/www.crea.gov.co\/crea-lucero-bajo\/author\/crealucerobajo\/"}]}},"_links":{"self":[{"href":"https:\/\/www.crea.gov.co\/crea-lucero-bajo\/wp-json\/wp\/v2\/posts\/1545","targetHints":{"allow":["GET"]}}],"collection":[{"href":"https:\/\/www.crea.gov.co\/crea-lucero-bajo\/wp-json\/wp\/v2\/posts"}],"about":[{"href":"https:\/\/www.crea.gov.co\/crea-lucero-bajo\/wp-json\/wp\/v2\/types\/post"}],"author":[{"embeddable":true,"href":"https:\/\/www.crea.gov.co\/crea-lucero-bajo\/wp-json\/wp\/v2\/users\/97"}],"replies":[{"embeddable":true,"href":"https:\/\/www.crea.gov.co\/crea-lucero-bajo\/wp-json\/wp\/v2\/comments?post=1545"}],"version-history":[{"count":1,"href":"https:\/\/www.crea.gov.co\/crea-lucero-bajo\/wp-json\/wp\/v2\/posts\/1545\/revisions"}],"predecessor-version":[{"id":1556,"href":"https:\/\/www.crea.gov.co\/crea-lucero-bajo\/wp-json\/wp\/v2\/posts\/1545\/revisions\/1556"}],"wp:featuredmedia":[{"embeddable":true,"href":"https:\/\/www.crea.gov.co\/crea-lucero-bajo\/wp-json\/wp\/v2\/media\/1546"}],"wp:attachment":[{"href":"https:\/\/www.crea.gov.co\/crea-lucero-bajo\/wp-json\/wp\/v2\/media?parent=1545"}],"wp:term":[{"taxonomy":"category","embeddable":true,"href":"https:\/\/www.crea.gov.co\/crea-lucero-bajo\/wp-json\/wp\/v2\/categories?post=1545"},{"taxonomy":"post_tag","embeddable":true,"href":"https:\/\/www.crea.gov.co\/crea-lucero-bajo\/wp-json\/wp\/v2\/tags?post=1545"}],"curies":[{"name":"wp","href":"https:\/\/api.w.org\/{rel}","templated":true}]}}