{"id":1535,"date":"2026-04-21T17:00:03","date_gmt":"2026-04-21T17:00:03","guid":{"rendered":"https:\/\/www.crea.gov.co\/crea-lucero-bajo\/?p=1535"},"modified":"2026-04-29T17:01:14","modified_gmt":"2026-04-29T17:01:14","slug":"la-magia-de-la-expresion-corporal-en-el-teatro-el-ensueno","status":"publish","type":"post","link":"https:\/\/www.crea.gov.co\/crea-lucero-bajo\/la-magia-de-la-expresion-corporal-en-el-teatro-el-ensueno\/","title":{"rendered":"La magia de la expresi\u00f3n corporal en el Teatro El Ensue\u00f1o"},"content":{"rendered":"\n<figure class=\"wp-block-image size-large\"><img loading=\"lazy\" decoding=\"async\" width=\"1024\" height=\"461\" src=\"https:\/\/www.crea.gov.co\/crea-lucero-bajo\/wp-content\/uploads\/sites\/18\/2026\/04\/WhatsApp-Image-2026-04-21-at-10.35.33-AM-1024x461.jpeg\" alt=\"\" class=\"wp-image-1536\" srcset=\"https:\/\/www.crea.gov.co\/crea-lucero-bajo\/wp-content\/uploads\/sites\/18\/2026\/04\/WhatsApp-Image-2026-04-21-at-10.35.33-AM-1024x461.jpeg 1024w, https:\/\/www.crea.gov.co\/crea-lucero-bajo\/wp-content\/uploads\/sites\/18\/2026\/04\/WhatsApp-Image-2026-04-21-at-10.35.33-AM-300x135.jpeg 300w, https:\/\/www.crea.gov.co\/crea-lucero-bajo\/wp-content\/uploads\/sites\/18\/2026\/04\/WhatsApp-Image-2026-04-21-at-10.35.33-AM-768x346.jpeg 768w, https:\/\/www.crea.gov.co\/crea-lucero-bajo\/wp-content\/uploads\/sites\/18\/2026\/04\/WhatsApp-Image-2026-04-21-at-10.35.33-AM-1536x691.jpeg 1536w, https:\/\/www.crea.gov.co\/crea-lucero-bajo\/wp-content\/uploads\/sites\/18\/2026\/04\/WhatsApp-Image-2026-04-21-at-10.35.33-AM.jpeg 1600w\" sizes=\"auto, (max-width: 1024px) 100vw, 1024px\" \/><\/figure>\n\n\n\n<p>Dentro del ejercicio de formaci\u00f3n art\u00edstica, se busca aportar a los grupos de extensi\u00f3n no solo conocimiento, sino tambi\u00e9n, a trav\u00e9s de un acompa\u00f1amiento constante, visibilizar los procesos creativos que se gestan en distintos espacios de la localidad de Ciudad Bol\u00edvar.<\/p>\n\n\n\n<figure class=\"wp-block-image size-large\"><img loading=\"lazy\" decoding=\"async\" width=\"1024\" height=\"473\" src=\"https:\/\/www.crea.gov.co\/crea-lucero-bajo\/wp-content\/uploads\/sites\/18\/2026\/04\/WhatsApp-Image-2026-04-21-at-10.35.34-AM-1024x473.jpeg\" alt=\"\" class=\"wp-image-1537\" srcset=\"https:\/\/www.crea.gov.co\/crea-lucero-bajo\/wp-content\/uploads\/sites\/18\/2026\/04\/WhatsApp-Image-2026-04-21-at-10.35.34-AM-1024x473.jpeg 1024w, https:\/\/www.crea.gov.co\/crea-lucero-bajo\/wp-content\/uploads\/sites\/18\/2026\/04\/WhatsApp-Image-2026-04-21-at-10.35.34-AM-300x138.jpeg 300w, https:\/\/www.crea.gov.co\/crea-lucero-bajo\/wp-content\/uploads\/sites\/18\/2026\/04\/WhatsApp-Image-2026-04-21-at-10.35.34-AM-768x354.jpeg 768w, https:\/\/www.crea.gov.co\/crea-lucero-bajo\/wp-content\/uploads\/sites\/18\/2026\/04\/WhatsApp-Image-2026-04-21-at-10.35.34-AM.jpeg 1040w\" sizes=\"auto, (max-width: 1024px) 100vw, 1024px\" \/><\/figure>\n\n\n\n<p>En ese marco, se desarrolla un taller de formaci\u00f3n en el \u00e1rea de teatro en el Teatro El Ensue\u00f1o, dirigido a dos grupos poblacionales: uno conformado por ni\u00f1os y otro por adolescentes y j\u00f3venes. Cada proceso est\u00e1 orientado por formadores profesionales en artes esc\u00e9nicas, quienes, mediante la disciplina y el trabajo pedag\u00f3gico, motivan a los participantes a fortalecer sus habilidades personales y a consolidar valores como el trabajo en equipo.<\/p>\n\n\n\n<figure class=\"wp-block-gallery has-nested-images columns-default is-cropped wp-block-gallery-1 is-layout-flex wp-block-gallery-is-layout-flex\">\n<figure class=\"wp-block-image size-large\"><img loading=\"lazy\" decoding=\"async\" width=\"1024\" height=\"461\" data-id=\"1541\" src=\"https:\/\/www.crea.gov.co\/crea-lucero-bajo\/wp-content\/uploads\/sites\/18\/2026\/04\/WhatsApp-Image-2026-04-21-at-10.35.31-AM-2-1024x461.jpeg\" alt=\"\" class=\"wp-image-1541\" srcset=\"https:\/\/www.crea.gov.co\/crea-lucero-bajo\/wp-content\/uploads\/sites\/18\/2026\/04\/WhatsApp-Image-2026-04-21-at-10.35.31-AM-2-1024x461.jpeg 1024w, https:\/\/www.crea.gov.co\/crea-lucero-bajo\/wp-content\/uploads\/sites\/18\/2026\/04\/WhatsApp-Image-2026-04-21-at-10.35.31-AM-2-300x135.jpeg 300w, https:\/\/www.crea.gov.co\/crea-lucero-bajo\/wp-content\/uploads\/sites\/18\/2026\/04\/WhatsApp-Image-2026-04-21-at-10.35.31-AM-2-768x346.jpeg 768w, https:\/\/www.crea.gov.co\/crea-lucero-bajo\/wp-content\/uploads\/sites\/18\/2026\/04\/WhatsApp-Image-2026-04-21-at-10.35.31-AM-2-1536x691.jpeg 1536w, https:\/\/www.crea.gov.co\/crea-lucero-bajo\/wp-content\/uploads\/sites\/18\/2026\/04\/WhatsApp-Image-2026-04-21-at-10.35.31-AM-2.jpeg 1600w\" sizes=\"auto, (max-width: 1024px) 100vw, 1024px\" \/><\/figure>\n<\/figure>\n\n\n\n<p>Cada artista formador aporta su experiencia y conocimiento en las actividades programadas, promoviendo espacios de exploraci\u00f3n creativa y, al mismo tiempo, fortaleciendo la t\u00e9cnica corporal y expresiva de los asistentes.<\/p>\n\n\n\n<figure class=\"wp-block-image size-large\"><img loading=\"lazy\" decoding=\"async\" width=\"1024\" height=\"473\" src=\"https:\/\/www.crea.gov.co\/crea-lucero-bajo\/wp-content\/uploads\/sites\/18\/2026\/04\/WhatsApp-Image-2026-04-21-at-10.35.40-AM-1-1024x473.jpeg\" alt=\"\" class=\"wp-image-1542\" srcset=\"https:\/\/www.crea.gov.co\/crea-lucero-bajo\/wp-content\/uploads\/sites\/18\/2026\/04\/WhatsApp-Image-2026-04-21-at-10.35.40-AM-1-1024x473.jpeg 1024w, https:\/\/www.crea.gov.co\/crea-lucero-bajo\/wp-content\/uploads\/sites\/18\/2026\/04\/WhatsApp-Image-2026-04-21-at-10.35.40-AM-1-300x138.jpeg 300w, https:\/\/www.crea.gov.co\/crea-lucero-bajo\/wp-content\/uploads\/sites\/18\/2026\/04\/WhatsApp-Image-2026-04-21-at-10.35.40-AM-1-768x354.jpeg 768w, https:\/\/www.crea.gov.co\/crea-lucero-bajo\/wp-content\/uploads\/sites\/18\/2026\/04\/WhatsApp-Image-2026-04-21-at-10.35.40-AM-1.jpeg 1040w\" sizes=\"auto, (max-width: 1024px) 100vw, 1024px\" \/><\/figure>\n\n\n\n<p><strong>Si desea conocer toda la oferta y las actividades que ofrece el&nbsp;<a href=\"https:\/\/www.crea.gov.co\/crea-lucero-bajo\/\" target=\"_blank\" rel=\"noreferrer noopener\">Crea Lucero Bajo&nbsp;<\/a>puede consultarnos en:<\/strong><\/p>\n\n\n\n<p>\ud83d\udccd Puede dirigirse al <a href=\"https:\/\/www.crea.gov.co\/crea-san-cristobal\/\"><\/a><strong><strong><a href=\"https:\/\/www.crea.gov.co\/crea-lucero-bajo\/\" target=\"_blank\" rel=\"noreferrer noopener\">Crea Lucero Bajo<\/a><\/strong><\/strong>&nbsp;(Cra17B Bis No. 64A &#8211; 54 Sur) de lunes a viernes de 8:00 am a 5:00 pm.<\/p>\n\n\n\n<p>\ud83d\udcbbConsultar nuestra&nbsp;<strong><a href=\"https:\/\/sif.idartes.gov.co\/sif\/framework\/crea\/territorial\/oferta\/oferta-disponible\">oferta disponible<\/a><\/strong><\/p>\n\n\n\n<p>\u260e\ufe0fContactarnos al: (601) 3795750 Ext: 5254 \u2013 5289.<\/p>\n\n\n\n<p>\ud83d\udce7Escribirnos a: crea.lucerobajo@idartes.gov.co<\/p>\n","protected":false},"excerpt":{"rendered":"<p>Dentro del ejercicio de formaci\u00f3n art\u00edstica, se busca aportar a los grupos de extensi\u00f3n no solo conocimiento, sino tambi\u00e9n, a trav\u00e9s de un acompa\u00f1amiento constante, visibilizar los procesos creativos que se gestan en distintos espacios de la localidad de Ciudad Bol\u00edvar. En ese marco, se desarrolla un taller de formaci\u00f3n en el \u00e1rea de teatro [&hellip;]<\/p>\n","protected":false},"author":97,"featured_media":1543,"comment_status":"open","ping_status":"open","sticky":false,"template":"","format":"standard","meta":{"footnotes":""},"categories":[1],"tags":[],"class_list":["post-1535","post","type-post","status-publish","format-standard","has-post-thumbnail","hentry","category-sin-categoria"],"yoast_head":"<!-- This site is optimized with the Yoast SEO plugin v24.5 - https:\/\/yoast.com\/wordpress\/plugins\/seo\/ -->\n<title>La magia de la expresi\u00f3n corporal en el Teatro El Ensue\u00f1o - Crea Lucero Bajo<\/title>\n<meta name=\"robots\" content=\"index, follow, max-snippet:-1, max-image-preview:large, max-video-preview:-1\" \/>\n<link rel=\"canonical\" href=\"https:\/\/www.crea.gov.co\/crea-lucero-bajo\/la-magia-de-la-expresion-corporal-en-el-teatro-el-ensueno\/\" \/>\n<meta property=\"og:locale\" content=\"es_ES\" \/>\n<meta property=\"og:type\" content=\"article\" \/>\n<meta property=\"og:title\" content=\"La magia de la expresi\u00f3n corporal en el Teatro El Ensue\u00f1o - Crea Lucero Bajo\" \/>\n<meta property=\"og:description\" content=\"Dentro del ejercicio de formaci\u00f3n art\u00edstica, se busca aportar a los grupos de extensi\u00f3n no solo conocimiento, sino tambi\u00e9n, a trav\u00e9s de un acompa\u00f1amiento constante, visibilizar los procesos creativos que se gestan en distintos espacios de la localidad de Ciudad Bol\u00edvar. En ese marco, se desarrolla un taller de formaci\u00f3n en el \u00e1rea de teatro [&hellip;]\" \/>\n<meta property=\"og:url\" content=\"https:\/\/www.crea.gov.co\/crea-lucero-bajo\/la-magia-de-la-expresion-corporal-en-el-teatro-el-ensueno\/\" \/>\n<meta property=\"og:site_name\" content=\"Crea Lucero Bajo\" \/>\n<meta property=\"article:published_time\" content=\"2026-04-21T17:00:03+00:00\" \/>\n<meta property=\"article:modified_time\" content=\"2026-04-29T17:01:14+00:00\" \/>\n<meta property=\"og:image\" content=\"https:\/\/www.crea.gov.co\/crea-lucero-bajo\/wp-content\/uploads\/sites\/18\/2026\/04\/WhatsApp-Image-2026-03-31-at-5.34.41-PM-e1777481908938.jpeg\" \/>\n\t<meta property=\"og:image:width\" content=\"1315\" \/>\n\t<meta property=\"og:image:height\" content=\"720\" \/>\n\t<meta property=\"og:image:type\" content=\"image\/jpeg\" \/>\n<meta name=\"author\" content=\"crealucerobajo\" \/>\n<meta name=\"twitter:card\" content=\"summary_large_image\" \/>\n<meta name=\"twitter:label1\" content=\"Escrito por\" \/>\n\t<meta name=\"twitter:data1\" content=\"crealucerobajo\" \/>\n\t<meta name=\"twitter:label2\" content=\"Tiempo de lectura\" \/>\n\t<meta name=\"twitter:data2\" content=\"2 minutos\" \/>\n<script type=\"application\/ld+json\" class=\"yoast-schema-graph\">{\"@context\":\"https:\/\/schema.org\",\"@graph\":[{\"@type\":\"WebPage\",\"@id\":\"https:\/\/www.crea.gov.co\/crea-lucero-bajo\/la-magia-de-la-expresion-corporal-en-el-teatro-el-ensueno\/\",\"url\":\"https:\/\/www.crea.gov.co\/crea-lucero-bajo\/la-magia-de-la-expresion-corporal-en-el-teatro-el-ensueno\/\",\"name\":\"La magia de la expresi\u00f3n corporal en el Teatro El Ensue\u00f1o - Crea Lucero Bajo\",\"isPartOf\":{\"@id\":\"https:\/\/www.crea.gov.co\/crea-lucero-bajo\/#website\"},\"primaryImageOfPage\":{\"@id\":\"https:\/\/www.crea.gov.co\/crea-lucero-bajo\/la-magia-de-la-expresion-corporal-en-el-teatro-el-ensueno\/#primaryimage\"},\"image\":{\"@id\":\"https:\/\/www.crea.gov.co\/crea-lucero-bajo\/la-magia-de-la-expresion-corporal-en-el-teatro-el-ensueno\/#primaryimage\"},\"thumbnailUrl\":\"https:\/\/www.crea.gov.co\/crea-lucero-bajo\/wp-content\/uploads\/sites\/18\/2026\/04\/WhatsApp-Image-2026-03-31-at-5.34.41-PM-e1777481908938.jpeg\",\"datePublished\":\"2026-04-21T17:00:03+00:00\",\"dateModified\":\"2026-04-29T17:01:14+00:00\",\"author\":{\"@id\":\"https:\/\/www.crea.gov.co\/crea-lucero-bajo\/#\/schema\/person\/337325bb9581e92cba6d1249e0d65928\"},\"breadcrumb\":{\"@id\":\"https:\/\/www.crea.gov.co\/crea-lucero-bajo\/la-magia-de-la-expresion-corporal-en-el-teatro-el-ensueno\/#breadcrumb\"},\"inLanguage\":\"es-CO\",\"potentialAction\":[{\"@type\":\"ReadAction\",\"target\":[\"https:\/\/www.crea.gov.co\/crea-lucero-bajo\/la-magia-de-la-expresion-corporal-en-el-teatro-el-ensueno\/\"]}]},{\"@type\":\"ImageObject\",\"inLanguage\":\"es-CO\",\"@id\":\"https:\/\/www.crea.gov.co\/crea-lucero-bajo\/la-magia-de-la-expresion-corporal-en-el-teatro-el-ensueno\/#primaryimage\",\"url\":\"https:\/\/www.crea.gov.co\/crea-lucero-bajo\/wp-content\/uploads\/sites\/18\/2026\/04\/WhatsApp-Image-2026-03-31-at-5.34.41-PM-e1777481908938.jpeg\",\"contentUrl\":\"https:\/\/www.crea.gov.co\/crea-lucero-bajo\/wp-content\/uploads\/sites\/18\/2026\/04\/WhatsApp-Image-2026-03-31-at-5.34.41-PM-e1777481908938.jpeg\",\"width\":1315,\"height\":720},{\"@type\":\"BreadcrumbList\",\"@id\":\"https:\/\/www.crea.gov.co\/crea-lucero-bajo\/la-magia-de-la-expresion-corporal-en-el-teatro-el-ensueno\/#breadcrumb\",\"itemListElement\":[{\"@type\":\"ListItem\",\"position\":1,\"name\":\"Home\",\"item\":\"https:\/\/www.crea.gov.co\/crea-lucero-bajo\/\"},{\"@type\":\"ListItem\",\"position\":2,\"name\":\"La magia de la expresi\u00f3n corporal en el Teatro El Ensue\u00f1o\"}]},{\"@type\":\"WebSite\",\"@id\":\"https:\/\/www.crea.gov.co\/crea-lucero-bajo\/#website\",\"url\":\"https:\/\/www.crea.gov.co\/crea-lucero-bajo\/\",\"name\":\"Crea Lucero Bajo\",\"description\":\"En Ciudad Bol\u00edvar, entre calles inclinadas que cuentan historias de esfuerzo y constancia, este espacio crece junto a una comunidad que ha levantado su barrio paso a paso. Aqu\u00ed, ni\u00f1as, ni\u00f1os, j\u00f3venes y adultos se encuentran en talleres que nacen de sus propias realidades, tejiendo juntos un sentido profundo de pertenencia y orgullo por su territorio.\",\"potentialAction\":[{\"@type\":\"SearchAction\",\"target\":{\"@type\":\"EntryPoint\",\"urlTemplate\":\"https:\/\/www.crea.gov.co\/crea-lucero-bajo\/?s={search_term_string}\"},\"query-input\":{\"@type\":\"PropertyValueSpecification\",\"valueRequired\":true,\"valueName\":\"search_term_string\"}}],\"inLanguage\":\"es-CO\"},{\"@type\":\"Person\",\"@id\":\"https:\/\/www.crea.gov.co\/crea-lucero-bajo\/#\/schema\/person\/337325bb9581e92cba6d1249e0d65928\",\"name\":\"crealucerobajo\",\"image\":{\"@type\":\"ImageObject\",\"inLanguage\":\"es-CO\",\"@id\":\"https:\/\/www.crea.gov.co\/crea-lucero-bajo\/#\/schema\/person\/image\/\",\"url\":\"https:\/\/secure.gravatar.com\/avatar\/7fe09a1dd451e0e2f715703a3080f93c?s=96&d=mm&r=g\",\"contentUrl\":\"https:\/\/secure.gravatar.com\/avatar\/7fe09a1dd451e0e2f715703a3080f93c?s=96&d=mm&r=g\",\"caption\":\"crealucerobajo\"},\"url\":\"https:\/\/www.crea.gov.co\/crea-lucero-bajo\/author\/crealucerobajo\/\"}]}<\/script>\n<!-- \/ Yoast SEO plugin. -->","yoast_head_json":{"title":"La magia de la expresi\u00f3n corporal en el Teatro El Ensue\u00f1o - Crea Lucero Bajo","robots":{"index":"index","follow":"follow","max-snippet":"max-snippet:-1","max-image-preview":"max-image-preview:large","max-video-preview":"max-video-preview:-1"},"canonical":"https:\/\/www.crea.gov.co\/crea-lucero-bajo\/la-magia-de-la-expresion-corporal-en-el-teatro-el-ensueno\/","og_locale":"es_ES","og_type":"article","og_title":"La magia de la expresi\u00f3n corporal en el Teatro El Ensue\u00f1o - Crea Lucero Bajo","og_description":"Dentro del ejercicio de formaci\u00f3n art\u00edstica, se busca aportar a los grupos de extensi\u00f3n no solo conocimiento, sino tambi\u00e9n, a trav\u00e9s de un acompa\u00f1amiento constante, visibilizar los procesos creativos que se gestan en distintos espacios de la localidad de Ciudad Bol\u00edvar. En ese marco, se desarrolla un taller de formaci\u00f3n en el \u00e1rea de teatro [&hellip;]","og_url":"https:\/\/www.crea.gov.co\/crea-lucero-bajo\/la-magia-de-la-expresion-corporal-en-el-teatro-el-ensueno\/","og_site_name":"Crea Lucero Bajo","article_published_time":"2026-04-21T17:00:03+00:00","article_modified_time":"2026-04-29T17:01:14+00:00","og_image":[{"width":1315,"height":720,"url":"https:\/\/www.crea.gov.co\/crea-lucero-bajo\/wp-content\/uploads\/sites\/18\/2026\/04\/WhatsApp-Image-2026-03-31-at-5.34.41-PM-e1777481908938.jpeg","type":"image\/jpeg"}],"author":"crealucerobajo","twitter_card":"summary_large_image","twitter_misc":{"Escrito por":"crealucerobajo","Tiempo de lectura":"2 minutos"},"schema":{"@context":"https:\/\/schema.org","@graph":[{"@type":"WebPage","@id":"https:\/\/www.crea.gov.co\/crea-lucero-bajo\/la-magia-de-la-expresion-corporal-en-el-teatro-el-ensueno\/","url":"https:\/\/www.crea.gov.co\/crea-lucero-bajo\/la-magia-de-la-expresion-corporal-en-el-teatro-el-ensueno\/","name":"La magia de la expresi\u00f3n corporal en el Teatro El Ensue\u00f1o - Crea Lucero Bajo","isPartOf":{"@id":"https:\/\/www.crea.gov.co\/crea-lucero-bajo\/#website"},"primaryImageOfPage":{"@id":"https:\/\/www.crea.gov.co\/crea-lucero-bajo\/la-magia-de-la-expresion-corporal-en-el-teatro-el-ensueno\/#primaryimage"},"image":{"@id":"https:\/\/www.crea.gov.co\/crea-lucero-bajo\/la-magia-de-la-expresion-corporal-en-el-teatro-el-ensueno\/#primaryimage"},"thumbnailUrl":"https:\/\/www.crea.gov.co\/crea-lucero-bajo\/wp-content\/uploads\/sites\/18\/2026\/04\/WhatsApp-Image-2026-03-31-at-5.34.41-PM-e1777481908938.jpeg","datePublished":"2026-04-21T17:00:03+00:00","dateModified":"2026-04-29T17:01:14+00:00","author":{"@id":"https:\/\/www.crea.gov.co\/crea-lucero-bajo\/#\/schema\/person\/337325bb9581e92cba6d1249e0d65928"},"breadcrumb":{"@id":"https:\/\/www.crea.gov.co\/crea-lucero-bajo\/la-magia-de-la-expresion-corporal-en-el-teatro-el-ensueno\/#breadcrumb"},"inLanguage":"es-CO","potentialAction":[{"@type":"ReadAction","target":["https:\/\/www.crea.gov.co\/crea-lucero-bajo\/la-magia-de-la-expresion-corporal-en-el-teatro-el-ensueno\/"]}]},{"@type":"ImageObject","inLanguage":"es-CO","@id":"https:\/\/www.crea.gov.co\/crea-lucero-bajo\/la-magia-de-la-expresion-corporal-en-el-teatro-el-ensueno\/#primaryimage","url":"https:\/\/www.crea.gov.co\/crea-lucero-bajo\/wp-content\/uploads\/sites\/18\/2026\/04\/WhatsApp-Image-2026-03-31-at-5.34.41-PM-e1777481908938.jpeg","contentUrl":"https:\/\/www.crea.gov.co\/crea-lucero-bajo\/wp-content\/uploads\/sites\/18\/2026\/04\/WhatsApp-Image-2026-03-31-at-5.34.41-PM-e1777481908938.jpeg","width":1315,"height":720},{"@type":"BreadcrumbList","@id":"https:\/\/www.crea.gov.co\/crea-lucero-bajo\/la-magia-de-la-expresion-corporal-en-el-teatro-el-ensueno\/#breadcrumb","itemListElement":[{"@type":"ListItem","position":1,"name":"Home","item":"https:\/\/www.crea.gov.co\/crea-lucero-bajo\/"},{"@type":"ListItem","position":2,"name":"La magia de la expresi\u00f3n corporal en el Teatro El Ensue\u00f1o"}]},{"@type":"WebSite","@id":"https:\/\/www.crea.gov.co\/crea-lucero-bajo\/#website","url":"https:\/\/www.crea.gov.co\/crea-lucero-bajo\/","name":"Crea Lucero Bajo","description":"En Ciudad Bol\u00edvar, entre calles inclinadas que cuentan historias de esfuerzo y constancia, este espacio crece junto a una comunidad que ha levantado su barrio paso a paso. Aqu\u00ed, ni\u00f1as, ni\u00f1os, j\u00f3venes y adultos se encuentran en talleres que nacen de sus propias realidades, tejiendo juntos un sentido profundo de pertenencia y orgullo por su territorio.","potentialAction":[{"@type":"SearchAction","target":{"@type":"EntryPoint","urlTemplate":"https:\/\/www.crea.gov.co\/crea-lucero-bajo\/?s={search_term_string}"},"query-input":{"@type":"PropertyValueSpecification","valueRequired":true,"valueName":"search_term_string"}}],"inLanguage":"es-CO"},{"@type":"Person","@id":"https:\/\/www.crea.gov.co\/crea-lucero-bajo\/#\/schema\/person\/337325bb9581e92cba6d1249e0d65928","name":"crealucerobajo","image":{"@type":"ImageObject","inLanguage":"es-CO","@id":"https:\/\/www.crea.gov.co\/crea-lucero-bajo\/#\/schema\/person\/image\/","url":"https:\/\/secure.gravatar.com\/avatar\/7fe09a1dd451e0e2f715703a3080f93c?s=96&d=mm&r=g","contentUrl":"https:\/\/secure.gravatar.com\/avatar\/7fe09a1dd451e0e2f715703a3080f93c?s=96&d=mm&r=g","caption":"crealucerobajo"},"url":"https:\/\/www.crea.gov.co\/crea-lucero-bajo\/author\/crealucerobajo\/"}]}},"_links":{"self":[{"href":"https:\/\/www.crea.gov.co\/crea-lucero-bajo\/wp-json\/wp\/v2\/posts\/1535","targetHints":{"allow":["GET"]}}],"collection":[{"href":"https:\/\/www.crea.gov.co\/crea-lucero-bajo\/wp-json\/wp\/v2\/posts"}],"about":[{"href":"https:\/\/www.crea.gov.co\/crea-lucero-bajo\/wp-json\/wp\/v2\/types\/post"}],"author":[{"embeddable":true,"href":"https:\/\/www.crea.gov.co\/crea-lucero-bajo\/wp-json\/wp\/v2\/users\/97"}],"replies":[{"embeddable":true,"href":"https:\/\/www.crea.gov.co\/crea-lucero-bajo\/wp-json\/wp\/v2\/comments?post=1535"}],"version-history":[{"count":1,"href":"https:\/\/www.crea.gov.co\/crea-lucero-bajo\/wp-json\/wp\/v2\/posts\/1535\/revisions"}],"predecessor-version":[{"id":1544,"href":"https:\/\/www.crea.gov.co\/crea-lucero-bajo\/wp-json\/wp\/v2\/posts\/1535\/revisions\/1544"}],"wp:featuredmedia":[{"embeddable":true,"href":"https:\/\/www.crea.gov.co\/crea-lucero-bajo\/wp-json\/wp\/v2\/media\/1543"}],"wp:attachment":[{"href":"https:\/\/www.crea.gov.co\/crea-lucero-bajo\/wp-json\/wp\/v2\/media?parent=1535"}],"wp:term":[{"taxonomy":"category","embeddable":true,"href":"https:\/\/www.crea.gov.co\/crea-lucero-bajo\/wp-json\/wp\/v2\/categories?post=1535"},{"taxonomy":"post_tag","embeddable":true,"href":"https:\/\/www.crea.gov.co\/crea-lucero-bajo\/wp-json\/wp\/v2\/tags?post=1535"}],"curies":[{"name":"wp","href":"https:\/\/api.w.org\/{rel}","templated":true}]}}