{"id":1475,"date":"2026-03-10T18:54:05","date_gmt":"2026-03-10T18:54:05","guid":{"rendered":"https:\/\/www.crea.gov.co\/crea-lucero-bajo\/?p=1475"},"modified":"2026-03-17T20:19:30","modified_gmt":"2026-03-17T20:19:30","slug":"construyendo-juntos","status":"publish","type":"post","link":"https:\/\/www.crea.gov.co\/crea-lucero-bajo\/construyendo-juntos\/","title":{"rendered":"Construyendo juntos"},"content":{"rendered":"\n<figure class=\"wp-block-image size-large\"><img loading=\"lazy\" decoding=\"async\" width=\"1024\" height=\"768\" src=\"https:\/\/www.crea.gov.co\/crea-lucero-bajo\/wp-content\/uploads\/sites\/18\/2026\/03\/WhatsApp-Image-2026-03-06-at-8.04.52-AM-1024x768.jpeg\" alt=\"\" class=\"wp-image-1476\" srcset=\"https:\/\/www.crea.gov.co\/crea-lucero-bajo\/wp-content\/uploads\/sites\/18\/2026\/03\/WhatsApp-Image-2026-03-06-at-8.04.52-AM-1024x768.jpeg 1024w, https:\/\/www.crea.gov.co\/crea-lucero-bajo\/wp-content\/uploads\/sites\/18\/2026\/03\/WhatsApp-Image-2026-03-06-at-8.04.52-AM-300x225.jpeg 300w, https:\/\/www.crea.gov.co\/crea-lucero-bajo\/wp-content\/uploads\/sites\/18\/2026\/03\/WhatsApp-Image-2026-03-06-at-8.04.52-AM-768x576.jpeg 768w, https:\/\/www.crea.gov.co\/crea-lucero-bajo\/wp-content\/uploads\/sites\/18\/2026\/03\/WhatsApp-Image-2026-03-06-at-8.04.52-AM-1536x1152.jpeg 1536w, https:\/\/www.crea.gov.co\/crea-lucero-bajo\/wp-content\/uploads\/sites\/18\/2026\/03\/WhatsApp-Image-2026-03-06-at-8.04.52-AM.jpeg 1600w\" sizes=\"auto, (max-width: 1024px) 100vw, 1024px\" \/><\/figure>\n\n\n\n<p>El pasado viernes 6 de marzo se llev\u00f3 a cabo un encuentro entre artistas formadores y docentes del Colegio La Arabia, con el prop\u00f3sito de dialogar y compartir experiencias.<\/p>\n\n\n\n<figure class=\"wp-block-gallery has-nested-images columns-default is-cropped wp-block-gallery-1 is-layout-flex wp-block-gallery-is-layout-flex\">\n<figure class=\"wp-block-image size-large\"><img loading=\"lazy\" decoding=\"async\" width=\"1024\" height=\"780\" data-id=\"1492\" src=\"https:\/\/www.crea.gov.co\/crea-lucero-bajo\/wp-content\/uploads\/sites\/18\/2026\/03\/WhatsApp-Image-2026-03-06-at-10.33.19-AM-1024x780.jpeg\" alt=\"\" class=\"wp-image-1492\" srcset=\"https:\/\/www.crea.gov.co\/crea-lucero-bajo\/wp-content\/uploads\/sites\/18\/2026\/03\/WhatsApp-Image-2026-03-06-at-10.33.19-AM-1024x780.jpeg 1024w, https:\/\/www.crea.gov.co\/crea-lucero-bajo\/wp-content\/uploads\/sites\/18\/2026\/03\/WhatsApp-Image-2026-03-06-at-10.33.19-AM-300x229.jpeg 300w, https:\/\/www.crea.gov.co\/crea-lucero-bajo\/wp-content\/uploads\/sites\/18\/2026\/03\/WhatsApp-Image-2026-03-06-at-10.33.19-AM-768x585.jpeg 768w, https:\/\/www.crea.gov.co\/crea-lucero-bajo\/wp-content\/uploads\/sites\/18\/2026\/03\/WhatsApp-Image-2026-03-06-at-10.33.19-AM-1536x1170.jpeg 1536w, https:\/\/www.crea.gov.co\/crea-lucero-bajo\/wp-content\/uploads\/sites\/18\/2026\/03\/WhatsApp-Image-2026-03-06-at-10.33.19-AM.jpeg 1600w\" sizes=\"auto, (max-width: 1024px) 100vw, 1024px\" \/><\/figure>\n\n\n\n<figure class=\"wp-block-image size-large\"><img loading=\"lazy\" decoding=\"async\" width=\"1024\" height=\"576\" data-id=\"1489\" src=\"https:\/\/www.crea.gov.co\/crea-lucero-bajo\/wp-content\/uploads\/sites\/18\/2026\/03\/WhatsApp-Image-2026-03-06-at-8.53.28-AM-1024x576.jpeg\" alt=\"\" class=\"wp-image-1489\" srcset=\"https:\/\/www.crea.gov.co\/crea-lucero-bajo\/wp-content\/uploads\/sites\/18\/2026\/03\/WhatsApp-Image-2026-03-06-at-8.53.28-AM-1024x576.jpeg 1024w, https:\/\/www.crea.gov.co\/crea-lucero-bajo\/wp-content\/uploads\/sites\/18\/2026\/03\/WhatsApp-Image-2026-03-06-at-8.53.28-AM-300x169.jpeg 300w, https:\/\/www.crea.gov.co\/crea-lucero-bajo\/wp-content\/uploads\/sites\/18\/2026\/03\/WhatsApp-Image-2026-03-06-at-8.53.28-AM-768x432.jpeg 768w, https:\/\/www.crea.gov.co\/crea-lucero-bajo\/wp-content\/uploads\/sites\/18\/2026\/03\/WhatsApp-Image-2026-03-06-at-8.53.28-AM-1536x864.jpeg 1536w, https:\/\/www.crea.gov.co\/crea-lucero-bajo\/wp-content\/uploads\/sites\/18\/2026\/03\/WhatsApp-Image-2026-03-06-at-8.53.28-AM.jpeg 1600w\" sizes=\"auto, (max-width: 1024px) 100vw, 1024px\" \/><\/figure>\n\n\n\n<figure class=\"wp-block-image size-large\"><img loading=\"lazy\" decoding=\"async\" width=\"1024\" height=\"576\" data-id=\"1490\" src=\"https:\/\/www.crea.gov.co\/crea-lucero-bajo\/wp-content\/uploads\/sites\/18\/2026\/03\/WhatsApp-Image-2026-03-06-at-8.31.37-AM-1024x576.jpeg\" alt=\"\" class=\"wp-image-1490\" srcset=\"https:\/\/www.crea.gov.co\/crea-lucero-bajo\/wp-content\/uploads\/sites\/18\/2026\/03\/WhatsApp-Image-2026-03-06-at-8.31.37-AM-1024x576.jpeg 1024w, https:\/\/www.crea.gov.co\/crea-lucero-bajo\/wp-content\/uploads\/sites\/18\/2026\/03\/WhatsApp-Image-2026-03-06-at-8.31.37-AM-300x169.jpeg 300w, https:\/\/www.crea.gov.co\/crea-lucero-bajo\/wp-content\/uploads\/sites\/18\/2026\/03\/WhatsApp-Image-2026-03-06-at-8.31.37-AM-768x432.jpeg 768w, https:\/\/www.crea.gov.co\/crea-lucero-bajo\/wp-content\/uploads\/sites\/18\/2026\/03\/WhatsApp-Image-2026-03-06-at-8.31.37-AM-1536x864.jpeg 1536w, https:\/\/www.crea.gov.co\/crea-lucero-bajo\/wp-content\/uploads\/sites\/18\/2026\/03\/WhatsApp-Image-2026-03-06-at-8.31.37-AM.jpeg 1600w\" sizes=\"auto, (max-width: 1024px) 100vw, 1024px\" \/><\/figure>\n\n\n\n<figure class=\"wp-block-image size-large\"><img loading=\"lazy\" decoding=\"async\" width=\"1024\" height=\"576\" data-id=\"1488\" src=\"https:\/\/www.crea.gov.co\/crea-lucero-bajo\/wp-content\/uploads\/sites\/18\/2026\/03\/WhatsApp-Image-2026-03-06-at-8.54.05-AM-1024x576.jpeg\" alt=\"\" class=\"wp-image-1488\" srcset=\"https:\/\/www.crea.gov.co\/crea-lucero-bajo\/wp-content\/uploads\/sites\/18\/2026\/03\/WhatsApp-Image-2026-03-06-at-8.54.05-AM-1024x576.jpeg 1024w, https:\/\/www.crea.gov.co\/crea-lucero-bajo\/wp-content\/uploads\/sites\/18\/2026\/03\/WhatsApp-Image-2026-03-06-at-8.54.05-AM-300x169.jpeg 300w, https:\/\/www.crea.gov.co\/crea-lucero-bajo\/wp-content\/uploads\/sites\/18\/2026\/03\/WhatsApp-Image-2026-03-06-at-8.54.05-AM-768x432.jpeg 768w, https:\/\/www.crea.gov.co\/crea-lucero-bajo\/wp-content\/uploads\/sites\/18\/2026\/03\/WhatsApp-Image-2026-03-06-at-8.54.05-AM-1536x864.jpeg 1536w, https:\/\/www.crea.gov.co\/crea-lucero-bajo\/wp-content\/uploads\/sites\/18\/2026\/03\/WhatsApp-Image-2026-03-06-at-8.54.05-AM.jpeg 1600w\" sizes=\"auto, (max-width: 1024px) 100vw, 1024px\" \/><\/figure>\n<\/figure>\n\n\n\n<p><strong>Pintando con luz <\/strong><\/p>\n\n\n\n<figure class=\"wp-block-image size-large\"><img loading=\"lazy\" decoding=\"async\" width=\"1024\" height=\"682\" src=\"https:\/\/www.crea.gov.co\/crea-lucero-bajo\/wp-content\/uploads\/sites\/18\/2026\/03\/WhatsApp-Image-2026-03-06-at-9.46.03-AM-1-1024x682.jpeg\" alt=\"\" class=\"wp-image-1487\" srcset=\"https:\/\/www.crea.gov.co\/crea-lucero-bajo\/wp-content\/uploads\/sites\/18\/2026\/03\/WhatsApp-Image-2026-03-06-at-9.46.03-AM-1-1024x682.jpeg 1024w, https:\/\/www.crea.gov.co\/crea-lucero-bajo\/wp-content\/uploads\/sites\/18\/2026\/03\/WhatsApp-Image-2026-03-06-at-9.46.03-AM-1-300x200.jpeg 300w, https:\/\/www.crea.gov.co\/crea-lucero-bajo\/wp-content\/uploads\/sites\/18\/2026\/03\/WhatsApp-Image-2026-03-06-at-9.46.03-AM-1-768x512.jpeg 768w, https:\/\/www.crea.gov.co\/crea-lucero-bajo\/wp-content\/uploads\/sites\/18\/2026\/03\/WhatsApp-Image-2026-03-06-at-9.46.03-AM-1-1536x1023.jpeg 1536w, https:\/\/www.crea.gov.co\/crea-lucero-bajo\/wp-content\/uploads\/sites\/18\/2026\/03\/WhatsApp-Image-2026-03-06-at-9.46.03-AM-1.jpeg 1600w\" sizes=\"auto, (max-width: 1024px) 100vw, 1024px\" \/><\/figure>\n\n\n\n<p>Las \u00e1reas, Artes pl\u00e1sticas y Audiovisuales, en representaci\u00f3n de Esteban Forero y Duv\u00e1n Rodr\u00edguez, respectivamente, dieron luz verde al ejercicio Light painting o fotograf\u00eda de larga exposici\u00f3n, el cual permiti\u00f3 a los participantes, un acercamiento a las artes visuales, un recordatorio del trabajo en equipo y una invitaci\u00f3n a la creatividad.<\/p>\n\n\n\n<p>Un espacio adecuado con diferentes fuentes lum\u00ednicas, un acompa\u00f1amiento permanente y una c\u00e1mara con seis segundos de obturaci\u00f3n en cada captura, inspir\u00f3 a los profesores y profesoras de La Arabia IED a ejecutar movimientos que pudieran producir im\u00e1genes art\u00edsticas; cada resultado gener\u00f3 expresiones de asombro y felicidad.<\/p>\n\n\n\n<figure class=\"wp-block-gallery has-nested-images columns-default is-cropped wp-block-gallery-2 is-layout-flex wp-block-gallery-is-layout-flex\">\n<figure class=\"wp-block-image size-large\"><img loading=\"lazy\" decoding=\"async\" width=\"1024\" height=\"683\" data-id=\"1481\" src=\"https:\/\/www.crea.gov.co\/crea-lucero-bajo\/wp-content\/uploads\/sites\/18\/2026\/03\/Ligth-painting-9-1024x683.jpg\" alt=\"\" class=\"wp-image-1481\" srcset=\"https:\/\/www.crea.gov.co\/crea-lucero-bajo\/wp-content\/uploads\/sites\/18\/2026\/03\/Ligth-painting-9-1024x683.jpg 1024w, https:\/\/www.crea.gov.co\/crea-lucero-bajo\/wp-content\/uploads\/sites\/18\/2026\/03\/Ligth-painting-9-300x200.jpg 300w, https:\/\/www.crea.gov.co\/crea-lucero-bajo\/wp-content\/uploads\/sites\/18\/2026\/03\/Ligth-painting-9-768x512.jpg 768w, https:\/\/www.crea.gov.co\/crea-lucero-bajo\/wp-content\/uploads\/sites\/18\/2026\/03\/Ligth-painting-9-1536x1024.jpg 1536w, https:\/\/www.crea.gov.co\/crea-lucero-bajo\/wp-content\/uploads\/sites\/18\/2026\/03\/Ligth-painting-9-2048x1365.jpg 2048w\" sizes=\"auto, (max-width: 1024px) 100vw, 1024px\" \/><\/figure>\n\n\n\n<figure class=\"wp-block-image size-large\"><img loading=\"lazy\" decoding=\"async\" width=\"1024\" height=\"683\" data-id=\"1480\" src=\"https:\/\/www.crea.gov.co\/crea-lucero-bajo\/wp-content\/uploads\/sites\/18\/2026\/03\/Ligth-painting-8-1024x683.jpg\" alt=\"\" class=\"wp-image-1480\" srcset=\"https:\/\/www.crea.gov.co\/crea-lucero-bajo\/wp-content\/uploads\/sites\/18\/2026\/03\/Ligth-painting-8-1024x683.jpg 1024w, https:\/\/www.crea.gov.co\/crea-lucero-bajo\/wp-content\/uploads\/sites\/18\/2026\/03\/Ligth-painting-8-300x200.jpg 300w, https:\/\/www.crea.gov.co\/crea-lucero-bajo\/wp-content\/uploads\/sites\/18\/2026\/03\/Ligth-painting-8-768x512.jpg 768w, https:\/\/www.crea.gov.co\/crea-lucero-bajo\/wp-content\/uploads\/sites\/18\/2026\/03\/Ligth-painting-8-1536x1024.jpg 1536w, https:\/\/www.crea.gov.co\/crea-lucero-bajo\/wp-content\/uploads\/sites\/18\/2026\/03\/Ligth-painting-8-2048x1365.jpg 2048w\" sizes=\"auto, (max-width: 1024px) 100vw, 1024px\" \/><\/figure>\n\n\n\n<figure class=\"wp-block-image size-large\"><img loading=\"lazy\" decoding=\"async\" width=\"1024\" height=\"683\" data-id=\"1482\" src=\"https:\/\/www.crea.gov.co\/crea-lucero-bajo\/wp-content\/uploads\/sites\/18\/2026\/03\/Ligth-painting-7-1024x683.jpg\" alt=\"\" class=\"wp-image-1482\" srcset=\"https:\/\/www.crea.gov.co\/crea-lucero-bajo\/wp-content\/uploads\/sites\/18\/2026\/03\/Ligth-painting-7-1024x683.jpg 1024w, https:\/\/www.crea.gov.co\/crea-lucero-bajo\/wp-content\/uploads\/sites\/18\/2026\/03\/Ligth-painting-7-300x200.jpg 300w, https:\/\/www.crea.gov.co\/crea-lucero-bajo\/wp-content\/uploads\/sites\/18\/2026\/03\/Ligth-painting-7-768x512.jpg 768w, https:\/\/www.crea.gov.co\/crea-lucero-bajo\/wp-content\/uploads\/sites\/18\/2026\/03\/Ligth-painting-7-1536x1024.jpg 1536w, https:\/\/www.crea.gov.co\/crea-lucero-bajo\/wp-content\/uploads\/sites\/18\/2026\/03\/Ligth-painting-7-2048x1365.jpg 2048w\" sizes=\"auto, (max-width: 1024px) 100vw, 1024px\" \/><\/figure>\n\n\n\n<figure class=\"wp-block-image size-large\"><img loading=\"lazy\" decoding=\"async\" width=\"1024\" height=\"683\" data-id=\"1484\" src=\"https:\/\/www.crea.gov.co\/crea-lucero-bajo\/wp-content\/uploads\/sites\/18\/2026\/03\/Ligth-painting-4-1024x683.jpg\" alt=\"\" class=\"wp-image-1484\" srcset=\"https:\/\/www.crea.gov.co\/crea-lucero-bajo\/wp-content\/uploads\/sites\/18\/2026\/03\/Ligth-painting-4-1024x683.jpg 1024w, https:\/\/www.crea.gov.co\/crea-lucero-bajo\/wp-content\/uploads\/sites\/18\/2026\/03\/Ligth-painting-4-300x200.jpg 300w, https:\/\/www.crea.gov.co\/crea-lucero-bajo\/wp-content\/uploads\/sites\/18\/2026\/03\/Ligth-painting-4-768x512.jpg 768w, https:\/\/www.crea.gov.co\/crea-lucero-bajo\/wp-content\/uploads\/sites\/18\/2026\/03\/Ligth-painting-4-1536x1024.jpg 1536w, https:\/\/www.crea.gov.co\/crea-lucero-bajo\/wp-content\/uploads\/sites\/18\/2026\/03\/Ligth-painting-4-2048x1365.jpg 2048w\" sizes=\"auto, (max-width: 1024px) 100vw, 1024px\" \/><\/figure>\n\n\n\n<figure class=\"wp-block-image size-large\"><img loading=\"lazy\" decoding=\"async\" width=\"1024\" height=\"683\" data-id=\"1483\" src=\"https:\/\/www.crea.gov.co\/crea-lucero-bajo\/wp-content\/uploads\/sites\/18\/2026\/03\/Ligth-painting-3-1024x683.jpg\" alt=\"\" class=\"wp-image-1483\" srcset=\"https:\/\/www.crea.gov.co\/crea-lucero-bajo\/wp-content\/uploads\/sites\/18\/2026\/03\/Ligth-painting-3-1024x683.jpg 1024w, https:\/\/www.crea.gov.co\/crea-lucero-bajo\/wp-content\/uploads\/sites\/18\/2026\/03\/Ligth-painting-3-300x200.jpg 300w, https:\/\/www.crea.gov.co\/crea-lucero-bajo\/wp-content\/uploads\/sites\/18\/2026\/03\/Ligth-painting-3-768x512.jpg 768w, https:\/\/www.crea.gov.co\/crea-lucero-bajo\/wp-content\/uploads\/sites\/18\/2026\/03\/Ligth-painting-3-1536x1024.jpg 1536w, https:\/\/www.crea.gov.co\/crea-lucero-bajo\/wp-content\/uploads\/sites\/18\/2026\/03\/Ligth-painting-3-2048x1365.jpg 2048w\" sizes=\"auto, (max-width: 1024px) 100vw, 1024px\" \/><\/figure>\n\n\n\n<figure class=\"wp-block-image size-large\"><img loading=\"lazy\" decoding=\"async\" width=\"1024\" height=\"683\" data-id=\"1485\" src=\"https:\/\/www.crea.gov.co\/crea-lucero-bajo\/wp-content\/uploads\/sites\/18\/2026\/03\/Ligth-painting-1-1024x683.jpg\" alt=\"\" class=\"wp-image-1485\" srcset=\"https:\/\/www.crea.gov.co\/crea-lucero-bajo\/wp-content\/uploads\/sites\/18\/2026\/03\/Ligth-painting-1-1024x683.jpg 1024w, https:\/\/www.crea.gov.co\/crea-lucero-bajo\/wp-content\/uploads\/sites\/18\/2026\/03\/Ligth-painting-1-300x200.jpg 300w, https:\/\/www.crea.gov.co\/crea-lucero-bajo\/wp-content\/uploads\/sites\/18\/2026\/03\/Ligth-painting-1-768x512.jpg 768w, https:\/\/www.crea.gov.co\/crea-lucero-bajo\/wp-content\/uploads\/sites\/18\/2026\/03\/Ligth-painting-1-1536x1024.jpg 1536w, https:\/\/www.crea.gov.co\/crea-lucero-bajo\/wp-content\/uploads\/sites\/18\/2026\/03\/Ligth-painting-1-2048x1365.jpg 2048w\" sizes=\"auto, (max-width: 1024px) 100vw, 1024px\" \/><\/figure>\n\n\n\n<figure class=\"wp-block-image size-large\"><img loading=\"lazy\" decoding=\"async\" width=\"1024\" height=\"682\" data-id=\"1486\" src=\"https:\/\/www.crea.gov.co\/crea-lucero-bajo\/wp-content\/uploads\/sites\/18\/2026\/03\/WhatsApp-Image-2026-03-06-at-5.35.38-PM-1024x682.jpeg\" alt=\"\" class=\"wp-image-1486\" srcset=\"https:\/\/www.crea.gov.co\/crea-lucero-bajo\/wp-content\/uploads\/sites\/18\/2026\/03\/WhatsApp-Image-2026-03-06-at-5.35.38-PM-1024x682.jpeg 1024w, https:\/\/www.crea.gov.co\/crea-lucero-bajo\/wp-content\/uploads\/sites\/18\/2026\/03\/WhatsApp-Image-2026-03-06-at-5.35.38-PM-300x200.jpeg 300w, https:\/\/www.crea.gov.co\/crea-lucero-bajo\/wp-content\/uploads\/sites\/18\/2026\/03\/WhatsApp-Image-2026-03-06-at-5.35.38-PM-768x512.jpeg 768w, https:\/\/www.crea.gov.co\/crea-lucero-bajo\/wp-content\/uploads\/sites\/18\/2026\/03\/WhatsApp-Image-2026-03-06-at-5.35.38-PM-1536x1023.jpeg 1536w, https:\/\/www.crea.gov.co\/crea-lucero-bajo\/wp-content\/uploads\/sites\/18\/2026\/03\/WhatsApp-Image-2026-03-06-at-5.35.38-PM.jpeg 1600w\" sizes=\"auto, (max-width: 1024px) 100vw, 1024px\" \/><\/figure>\n<\/figure>\n\n\n\n<p>La capacidad creativa de los docentes en la actividad estuvo a prueba con los medios propuestos, la sincron\u00eda entre el pensamiento creativo, la expresi\u00f3n corporal y la espontaneidad de crear colectivamente fueron un gran anclaje para entender las perspectivas propias del colegio y las que pudieron comprender mejor de la propuesta de IDARTES.<\/p>\n\n\n\n<p><strong>Cuidado personal<\/strong><\/p>\n\n\n\n<figure class=\"wp-block-image size-large\"><img loading=\"lazy\" decoding=\"async\" width=\"1024\" height=\"576\" src=\"https:\/\/www.crea.gov.co\/crea-lucero-bajo\/wp-content\/uploads\/sites\/18\/2026\/03\/WhatsApp-Image-2026-03-06-at-8.31.08-AM-1024x576.jpeg\" alt=\"\" class=\"wp-image-1478\" srcset=\"https:\/\/www.crea.gov.co\/crea-lucero-bajo\/wp-content\/uploads\/sites\/18\/2026\/03\/WhatsApp-Image-2026-03-06-at-8.31.08-AM-1024x576.jpeg 1024w, https:\/\/www.crea.gov.co\/crea-lucero-bajo\/wp-content\/uploads\/sites\/18\/2026\/03\/WhatsApp-Image-2026-03-06-at-8.31.08-AM-300x169.jpeg 300w, https:\/\/www.crea.gov.co\/crea-lucero-bajo\/wp-content\/uploads\/sites\/18\/2026\/03\/WhatsApp-Image-2026-03-06-at-8.31.08-AM-768x432.jpeg 768w, https:\/\/www.crea.gov.co\/crea-lucero-bajo\/wp-content\/uploads\/sites\/18\/2026\/03\/WhatsApp-Image-2026-03-06-at-8.31.08-AM-1536x864.jpeg 1536w, https:\/\/www.crea.gov.co\/crea-lucero-bajo\/wp-content\/uploads\/sites\/18\/2026\/03\/WhatsApp-Image-2026-03-06-at-8.31.08-AM.jpeg 1600w\" sizes=\"auto, (max-width: 1024px) 100vw, 1024px\" \/><\/figure>\n\n\n\n<p>La actividad que estuvo a cargo de los artistas formadores Lina Hueso, Creaci\u00f3n Digital y Cristian Trujillo, Danzas, tuvo como prop\u00f3sito generar un espacio de reconocimiento emocional y cuidado personal. A trav\u00e9s de la danza y de la comprensi\u00f3n del c\u00f3digo como un principio presente no solo en la programaci\u00f3n de sistemas electr\u00f3nicos, sino tambi\u00e9n en los sistemas vivos, se busc\u00f3 crear un momento de presencia, disfrute y atenci\u00f3n plena.<br>Mediante el movimiento, la actividad propici\u00f3 un encuentro entre la creatividad y la l\u00f3gica de codificaci\u00f3n, estimulando de manera integrada ambos hemisferios cerebrales y aportando as\u00ed a un desarrollo m\u00e1s integral y conectivo de los y las participantes.<\/p>\n\n\n\n<p><strong>Movimiento y ritmo<\/strong><\/p>\n\n\n\n<figure class=\"wp-block-image size-large\"><img loading=\"lazy\" decoding=\"async\" width=\"1024\" height=\"576\" src=\"https:\/\/www.crea.gov.co\/crea-lucero-bajo\/wp-content\/uploads\/sites\/18\/2026\/03\/WhatsApp-Image-2026-03-06-at-8.30.00-AM-1024x576.jpeg\" alt=\"\" class=\"wp-image-1479\" srcset=\"https:\/\/www.crea.gov.co\/crea-lucero-bajo\/wp-content\/uploads\/sites\/18\/2026\/03\/WhatsApp-Image-2026-03-06-at-8.30.00-AM-1024x576.jpeg 1024w, https:\/\/www.crea.gov.co\/crea-lucero-bajo\/wp-content\/uploads\/sites\/18\/2026\/03\/WhatsApp-Image-2026-03-06-at-8.30.00-AM-300x169.jpeg 300w, https:\/\/www.crea.gov.co\/crea-lucero-bajo\/wp-content\/uploads\/sites\/18\/2026\/03\/WhatsApp-Image-2026-03-06-at-8.30.00-AM-768x432.jpeg 768w, https:\/\/www.crea.gov.co\/crea-lucero-bajo\/wp-content\/uploads\/sites\/18\/2026\/03\/WhatsApp-Image-2026-03-06-at-8.30.00-AM-1536x864.jpeg 1536w, https:\/\/www.crea.gov.co\/crea-lucero-bajo\/wp-content\/uploads\/sites\/18\/2026\/03\/WhatsApp-Image-2026-03-06-at-8.30.00-AM.jpeg 1600w\" sizes=\"auto, (max-width: 1024px) 100vw, 1024px\" \/><\/figure>\n\n\n\n<p>La actividad realizada por los artistas formadores Oscar Villamil y Arturo Prado tuvo como prop\u00f3sito generar una experiencia de movimiento y ritmo a partir del juego, el cuerpo y el territorio. Se realizaron algunas rondas y juegos de motricidad y coordinaci\u00f3n a trav\u00e9s de las cuales, los docentes del IED Arabia conectaban con algunos territorios del pac\u00edfico colombiano y del continente africano.<\/p>\n\n\n\n<p>A partir de estas actividades se lograron articular las nociones de cuerpo, juego y territorio y hubo un di\u00e1logo breve sobre el reconocimiento de identidades y contextos, especialmente con la actividad del AF Arturo de cantos del pac\u00edfico colombiano.<\/p>\n\n\n\n<p><strong>Si desea conocer toda la oferta y las actividades que ofrece el&nbsp;<a href=\"https:\/\/www.crea.gov.co\/crea-lucero-bajo\/\" target=\"_blank\" rel=\"noreferrer noopener\">Crea Lucero Bajo&nbsp;<\/a>puede consultarnos en:<\/strong><\/p>\n\n\n\n<p>\ud83d\udccd Puede dirigirse al <a href=\"https:\/\/www.crea.gov.co\/crea-san-cristobal\/\"><\/a><strong><strong><a href=\"https:\/\/www.crea.gov.co\/crea-lucero-bajo\/\" target=\"_blank\" rel=\"noreferrer noopener\">Crea Lucero Bajo<\/a><\/strong><\/strong>&nbsp;(Cra17B Bis No. 64A &#8211; 54 Sur) de lunes a viernes de 8:00 am a 5:00 pm.<\/p>\n\n\n\n<p>\ud83d\udcbbConsultar nuestra&nbsp;<strong><a href=\"https:\/\/sif.idartes.gov.co\/sif\/framework\/crea\/territorial\/oferta\/oferta-disponible\">oferta disponible<\/a><\/strong><\/p>\n\n\n\n<p>\u260e\ufe0fContactarnos al: (601) 3795750 Ext: 5254 \u2013 5289.<\/p>\n\n\n\n<p>\ud83d\udce7Escribirnos a: crea.lucerobajo@idartes.gov.co<\/p>\n","protected":false},"excerpt":{"rendered":"<p>El pasado viernes 6 de marzo se llev\u00f3 a cabo un encuentro entre artistas formadores y docentes del Colegio La Arabia, con el prop\u00f3sito de dialogar y compartir experiencias. Pintando con luz Las \u00e1reas, Artes pl\u00e1sticas y Audiovisuales, en representaci\u00f3n de Esteban Forero y Duv\u00e1n Rodr\u00edguez, respectivamente, dieron luz verde al ejercicio Light painting o [&hellip;]<\/p>\n","protected":false},"author":97,"featured_media":1487,"comment_status":"open","ping_status":"open","sticky":false,"template":"","format":"standard","meta":{"footnotes":""},"categories":[1],"tags":[],"class_list":["post-1475","post","type-post","status-publish","format-standard","has-post-thumbnail","hentry","category-sin-categoria"],"yoast_head":"<!-- This site is optimized with the Yoast SEO plugin v24.5 - https:\/\/yoast.com\/wordpress\/plugins\/seo\/ -->\n<title>Construyendo juntos - Crea Lucero Bajo<\/title>\n<meta name=\"robots\" content=\"index, follow, max-snippet:-1, max-image-preview:large, max-video-preview:-1\" \/>\n<link rel=\"canonical\" href=\"https:\/\/www.crea.gov.co\/crea-lucero-bajo\/construyendo-juntos\/\" \/>\n<meta property=\"og:locale\" content=\"es_ES\" \/>\n<meta property=\"og:type\" content=\"article\" \/>\n<meta property=\"og:title\" content=\"Construyendo juntos - Crea Lucero Bajo\" \/>\n<meta property=\"og:description\" content=\"El pasado viernes 6 de marzo se llev\u00f3 a cabo un encuentro entre artistas formadores y docentes del Colegio La Arabia, con el prop\u00f3sito de dialogar y compartir experiencias. Pintando con luz Las \u00e1reas, Artes pl\u00e1sticas y Audiovisuales, en representaci\u00f3n de Esteban Forero y Duv\u00e1n Rodr\u00edguez, respectivamente, dieron luz verde al ejercicio Light painting o [&hellip;]\" \/>\n<meta property=\"og:url\" content=\"https:\/\/www.crea.gov.co\/crea-lucero-bajo\/construyendo-juntos\/\" \/>\n<meta property=\"og:site_name\" content=\"Crea Lucero Bajo\" \/>\n<meta property=\"article:published_time\" content=\"2026-03-10T18:54:05+00:00\" \/>\n<meta property=\"article:modified_time\" content=\"2026-03-17T20:19:30+00:00\" \/>\n<meta property=\"og:image\" content=\"https:\/\/www.crea.gov.co\/crea-lucero-bajo\/wp-content\/uploads\/sites\/18\/2026\/03\/WhatsApp-Image-2026-03-06-at-9.46.03-AM-1.jpeg\" \/>\n\t<meta property=\"og:image:width\" content=\"1600\" \/>\n\t<meta property=\"og:image:height\" content=\"1066\" \/>\n\t<meta property=\"og:image:type\" content=\"image\/jpeg\" \/>\n<meta name=\"author\" content=\"crealucerobajo\" \/>\n<meta name=\"twitter:card\" content=\"summary_large_image\" \/>\n<meta name=\"twitter:label1\" content=\"Escrito por\" \/>\n\t<meta name=\"twitter:data1\" content=\"crealucerobajo\" \/>\n\t<meta name=\"twitter:label2\" content=\"Tiempo de lectura\" \/>\n\t<meta name=\"twitter:data2\" content=\"6 minutos\" \/>\n<script type=\"application\/ld+json\" class=\"yoast-schema-graph\">{\"@context\":\"https:\/\/schema.org\",\"@graph\":[{\"@type\":\"WebPage\",\"@id\":\"https:\/\/www.crea.gov.co\/crea-lucero-bajo\/construyendo-juntos\/\",\"url\":\"https:\/\/www.crea.gov.co\/crea-lucero-bajo\/construyendo-juntos\/\",\"name\":\"Construyendo juntos - Crea Lucero Bajo\",\"isPartOf\":{\"@id\":\"https:\/\/www.crea.gov.co\/crea-lucero-bajo\/#website\"},\"primaryImageOfPage\":{\"@id\":\"https:\/\/www.crea.gov.co\/crea-lucero-bajo\/construyendo-juntos\/#primaryimage\"},\"image\":{\"@id\":\"https:\/\/www.crea.gov.co\/crea-lucero-bajo\/construyendo-juntos\/#primaryimage\"},\"thumbnailUrl\":\"https:\/\/www.crea.gov.co\/crea-lucero-bajo\/wp-content\/uploads\/sites\/18\/2026\/03\/WhatsApp-Image-2026-03-06-at-9.46.03-AM-1.jpeg\",\"datePublished\":\"2026-03-10T18:54:05+00:00\",\"dateModified\":\"2026-03-17T20:19:30+00:00\",\"author\":{\"@id\":\"https:\/\/www.crea.gov.co\/crea-lucero-bajo\/#\/schema\/person\/337325bb9581e92cba6d1249e0d65928\"},\"breadcrumb\":{\"@id\":\"https:\/\/www.crea.gov.co\/crea-lucero-bajo\/construyendo-juntos\/#breadcrumb\"},\"inLanguage\":\"es-CO\",\"potentialAction\":[{\"@type\":\"ReadAction\",\"target\":[\"https:\/\/www.crea.gov.co\/crea-lucero-bajo\/construyendo-juntos\/\"]}]},{\"@type\":\"ImageObject\",\"inLanguage\":\"es-CO\",\"@id\":\"https:\/\/www.crea.gov.co\/crea-lucero-bajo\/construyendo-juntos\/#primaryimage\",\"url\":\"https:\/\/www.crea.gov.co\/crea-lucero-bajo\/wp-content\/uploads\/sites\/18\/2026\/03\/WhatsApp-Image-2026-03-06-at-9.46.03-AM-1.jpeg\",\"contentUrl\":\"https:\/\/www.crea.gov.co\/crea-lucero-bajo\/wp-content\/uploads\/sites\/18\/2026\/03\/WhatsApp-Image-2026-03-06-at-9.46.03-AM-1.jpeg\",\"width\":1600,\"height\":1066},{\"@type\":\"BreadcrumbList\",\"@id\":\"https:\/\/www.crea.gov.co\/crea-lucero-bajo\/construyendo-juntos\/#breadcrumb\",\"itemListElement\":[{\"@type\":\"ListItem\",\"position\":1,\"name\":\"Home\",\"item\":\"https:\/\/www.crea.gov.co\/crea-lucero-bajo\/\"},{\"@type\":\"ListItem\",\"position\":2,\"name\":\"Construyendo juntos\"}]},{\"@type\":\"WebSite\",\"@id\":\"https:\/\/www.crea.gov.co\/crea-lucero-bajo\/#website\",\"url\":\"https:\/\/www.crea.gov.co\/crea-lucero-bajo\/\",\"name\":\"Crea Lucero Bajo\",\"description\":\"En Ciudad Bol\u00edvar, entre calles inclinadas que cuentan historias de esfuerzo y constancia, este espacio crece junto a una comunidad que ha levantado su barrio paso a paso. Aqu\u00ed, ni\u00f1as, ni\u00f1os, j\u00f3venes y adultos se encuentran en talleres que nacen de sus propias realidades, tejiendo juntos un sentido profundo de pertenencia y orgullo por su territorio.\",\"potentialAction\":[{\"@type\":\"SearchAction\",\"target\":{\"@type\":\"EntryPoint\",\"urlTemplate\":\"https:\/\/www.crea.gov.co\/crea-lucero-bajo\/?s={search_term_string}\"},\"query-input\":{\"@type\":\"PropertyValueSpecification\",\"valueRequired\":true,\"valueName\":\"search_term_string\"}}],\"inLanguage\":\"es-CO\"},{\"@type\":\"Person\",\"@id\":\"https:\/\/www.crea.gov.co\/crea-lucero-bajo\/#\/schema\/person\/337325bb9581e92cba6d1249e0d65928\",\"name\":\"crealucerobajo\",\"image\":{\"@type\":\"ImageObject\",\"inLanguage\":\"es-CO\",\"@id\":\"https:\/\/www.crea.gov.co\/crea-lucero-bajo\/#\/schema\/person\/image\/\",\"url\":\"https:\/\/secure.gravatar.com\/avatar\/7fe09a1dd451e0e2f715703a3080f93c?s=96&d=mm&r=g\",\"contentUrl\":\"https:\/\/secure.gravatar.com\/avatar\/7fe09a1dd451e0e2f715703a3080f93c?s=96&d=mm&r=g\",\"caption\":\"crealucerobajo\"},\"url\":\"https:\/\/www.crea.gov.co\/crea-lucero-bajo\/author\/crealucerobajo\/\"}]}<\/script>\n<!-- \/ Yoast SEO plugin. -->","yoast_head_json":{"title":"Construyendo juntos - Crea Lucero Bajo","robots":{"index":"index","follow":"follow","max-snippet":"max-snippet:-1","max-image-preview":"max-image-preview:large","max-video-preview":"max-video-preview:-1"},"canonical":"https:\/\/www.crea.gov.co\/crea-lucero-bajo\/construyendo-juntos\/","og_locale":"es_ES","og_type":"article","og_title":"Construyendo juntos - Crea Lucero Bajo","og_description":"El pasado viernes 6 de marzo se llev\u00f3 a cabo un encuentro entre artistas formadores y docentes del Colegio La Arabia, con el prop\u00f3sito de dialogar y compartir experiencias. Pintando con luz Las \u00e1reas, Artes pl\u00e1sticas y Audiovisuales, en representaci\u00f3n de Esteban Forero y Duv\u00e1n Rodr\u00edguez, respectivamente, dieron luz verde al ejercicio Light painting o [&hellip;]","og_url":"https:\/\/www.crea.gov.co\/crea-lucero-bajo\/construyendo-juntos\/","og_site_name":"Crea Lucero Bajo","article_published_time":"2026-03-10T18:54:05+00:00","article_modified_time":"2026-03-17T20:19:30+00:00","og_image":[{"width":1600,"height":1066,"url":"https:\/\/www.crea.gov.co\/crea-lucero-bajo\/wp-content\/uploads\/sites\/18\/2026\/03\/WhatsApp-Image-2026-03-06-at-9.46.03-AM-1.jpeg","type":"image\/jpeg"}],"author":"crealucerobajo","twitter_card":"summary_large_image","twitter_misc":{"Escrito por":"crealucerobajo","Tiempo de lectura":"6 minutos"},"schema":{"@context":"https:\/\/schema.org","@graph":[{"@type":"WebPage","@id":"https:\/\/www.crea.gov.co\/crea-lucero-bajo\/construyendo-juntos\/","url":"https:\/\/www.crea.gov.co\/crea-lucero-bajo\/construyendo-juntos\/","name":"Construyendo juntos - Crea Lucero Bajo","isPartOf":{"@id":"https:\/\/www.crea.gov.co\/crea-lucero-bajo\/#website"},"primaryImageOfPage":{"@id":"https:\/\/www.crea.gov.co\/crea-lucero-bajo\/construyendo-juntos\/#primaryimage"},"image":{"@id":"https:\/\/www.crea.gov.co\/crea-lucero-bajo\/construyendo-juntos\/#primaryimage"},"thumbnailUrl":"https:\/\/www.crea.gov.co\/crea-lucero-bajo\/wp-content\/uploads\/sites\/18\/2026\/03\/WhatsApp-Image-2026-03-06-at-9.46.03-AM-1.jpeg","datePublished":"2026-03-10T18:54:05+00:00","dateModified":"2026-03-17T20:19:30+00:00","author":{"@id":"https:\/\/www.crea.gov.co\/crea-lucero-bajo\/#\/schema\/person\/337325bb9581e92cba6d1249e0d65928"},"breadcrumb":{"@id":"https:\/\/www.crea.gov.co\/crea-lucero-bajo\/construyendo-juntos\/#breadcrumb"},"inLanguage":"es-CO","potentialAction":[{"@type":"ReadAction","target":["https:\/\/www.crea.gov.co\/crea-lucero-bajo\/construyendo-juntos\/"]}]},{"@type":"ImageObject","inLanguage":"es-CO","@id":"https:\/\/www.crea.gov.co\/crea-lucero-bajo\/construyendo-juntos\/#primaryimage","url":"https:\/\/www.crea.gov.co\/crea-lucero-bajo\/wp-content\/uploads\/sites\/18\/2026\/03\/WhatsApp-Image-2026-03-06-at-9.46.03-AM-1.jpeg","contentUrl":"https:\/\/www.crea.gov.co\/crea-lucero-bajo\/wp-content\/uploads\/sites\/18\/2026\/03\/WhatsApp-Image-2026-03-06-at-9.46.03-AM-1.jpeg","width":1600,"height":1066},{"@type":"BreadcrumbList","@id":"https:\/\/www.crea.gov.co\/crea-lucero-bajo\/construyendo-juntos\/#breadcrumb","itemListElement":[{"@type":"ListItem","position":1,"name":"Home","item":"https:\/\/www.crea.gov.co\/crea-lucero-bajo\/"},{"@type":"ListItem","position":2,"name":"Construyendo juntos"}]},{"@type":"WebSite","@id":"https:\/\/www.crea.gov.co\/crea-lucero-bajo\/#website","url":"https:\/\/www.crea.gov.co\/crea-lucero-bajo\/","name":"Crea Lucero Bajo","description":"En Ciudad Bol\u00edvar, entre calles inclinadas que cuentan historias de esfuerzo y constancia, este espacio crece junto a una comunidad que ha levantado su barrio paso a paso. Aqu\u00ed, ni\u00f1as, ni\u00f1os, j\u00f3venes y adultos se encuentran en talleres que nacen de sus propias realidades, tejiendo juntos un sentido profundo de pertenencia y orgullo por su territorio.","potentialAction":[{"@type":"SearchAction","target":{"@type":"EntryPoint","urlTemplate":"https:\/\/www.crea.gov.co\/crea-lucero-bajo\/?s={search_term_string}"},"query-input":{"@type":"PropertyValueSpecification","valueRequired":true,"valueName":"search_term_string"}}],"inLanguage":"es-CO"},{"@type":"Person","@id":"https:\/\/www.crea.gov.co\/crea-lucero-bajo\/#\/schema\/person\/337325bb9581e92cba6d1249e0d65928","name":"crealucerobajo","image":{"@type":"ImageObject","inLanguage":"es-CO","@id":"https:\/\/www.crea.gov.co\/crea-lucero-bajo\/#\/schema\/person\/image\/","url":"https:\/\/secure.gravatar.com\/avatar\/7fe09a1dd451e0e2f715703a3080f93c?s=96&d=mm&r=g","contentUrl":"https:\/\/secure.gravatar.com\/avatar\/7fe09a1dd451e0e2f715703a3080f93c?s=96&d=mm&r=g","caption":"crealucerobajo"},"url":"https:\/\/www.crea.gov.co\/crea-lucero-bajo\/author\/crealucerobajo\/"}]}},"_links":{"self":[{"href":"https:\/\/www.crea.gov.co\/crea-lucero-bajo\/wp-json\/wp\/v2\/posts\/1475","targetHints":{"allow":["GET"]}}],"collection":[{"href":"https:\/\/www.crea.gov.co\/crea-lucero-bajo\/wp-json\/wp\/v2\/posts"}],"about":[{"href":"https:\/\/www.crea.gov.co\/crea-lucero-bajo\/wp-json\/wp\/v2\/types\/post"}],"author":[{"embeddable":true,"href":"https:\/\/www.crea.gov.co\/crea-lucero-bajo\/wp-json\/wp\/v2\/users\/97"}],"replies":[{"embeddable":true,"href":"https:\/\/www.crea.gov.co\/crea-lucero-bajo\/wp-json\/wp\/v2\/comments?post=1475"}],"version-history":[{"count":2,"href":"https:\/\/www.crea.gov.co\/crea-lucero-bajo\/wp-json\/wp\/v2\/posts\/1475\/revisions"}],"predecessor-version":[{"id":1494,"href":"https:\/\/www.crea.gov.co\/crea-lucero-bajo\/wp-json\/wp\/v2\/posts\/1475\/revisions\/1494"}],"wp:featuredmedia":[{"embeddable":true,"href":"https:\/\/www.crea.gov.co\/crea-lucero-bajo\/wp-json\/wp\/v2\/media\/1487"}],"wp:attachment":[{"href":"https:\/\/www.crea.gov.co\/crea-lucero-bajo\/wp-json\/wp\/v2\/media?parent=1475"}],"wp:term":[{"taxonomy":"category","embeddable":true,"href":"https:\/\/www.crea.gov.co\/crea-lucero-bajo\/wp-json\/wp\/v2\/categories?post=1475"},{"taxonomy":"post_tag","embeddable":true,"href":"https:\/\/www.crea.gov.co\/crea-lucero-bajo\/wp-json\/wp\/v2\/tags?post=1475"}],"curies":[{"name":"wp","href":"https:\/\/api.w.org\/{rel}","templated":true}]}}