{"id":1471,"date":"2026-03-04T13:35:08","date_gmt":"2026-03-04T13:35:08","guid":{"rendered":"https:\/\/www.crea.gov.co\/crea-lucero-bajo\/?p=1471"},"modified":"2026-03-04T13:36:18","modified_gmt":"2026-03-04T13:36:18","slug":"bogota-abre-talleres-artisticos-gratuitos-para-mayores-de-60-anos","status":"publish","type":"post","link":"https:\/\/www.crea.gov.co\/crea-lucero-bajo\/bogota-abre-talleres-artisticos-gratuitos-para-mayores-de-60-anos\/","title":{"rendered":"Bogot\u00e1 abre talleres art\u00edsticos gratuitos para mayores de 60 a\u00f1os"},"content":{"rendered":"\n<p><em>Idartes y la Secretar\u00eda Distrital de Integraci\u00f3n Social impulsan procesos en siete \u00e1reas creativas con enfoque de derechos culturales.<\/em><\/p>\n\n\n\n<p>Esta es una hermosa oportunidad para abrazar tu talento, volver a creer en \u00e9l y despertar esos dones que, por alguna raz\u00f3n, hab\u00edas dejado en silencio. Es momento de permitirte brillar nuevamente.<\/p>\n\n\n\n<figure class=\"wp-block-image size-large\"><img loading=\"lazy\" decoding=\"async\" width=\"819\" height=\"1024\" src=\"https:\/\/www.crea.gov.co\/crea-lucero-bajo\/wp-content\/uploads\/sites\/18\/2026\/03\/b-819x1024.jpeg\" alt=\"\" class=\"wp-image-1472\" srcset=\"https:\/\/www.crea.gov.co\/crea-lucero-bajo\/wp-content\/uploads\/sites\/18\/2026\/03\/b-819x1024.jpeg 819w, https:\/\/www.crea.gov.co\/crea-lucero-bajo\/wp-content\/uploads\/sites\/18\/2026\/03\/b-240x300.jpeg 240w, https:\/\/www.crea.gov.co\/crea-lucero-bajo\/wp-content\/uploads\/sites\/18\/2026\/03\/b-768x960.jpeg 768w, https:\/\/www.crea.gov.co\/crea-lucero-bajo\/wp-content\/uploads\/sites\/18\/2026\/03\/b.jpeg 1024w\" sizes=\"auto, (max-width: 819px) 100vw, 819px\" \/><\/figure>\n\n\n\n<p><strong>Si desea conocer toda la oferta y las actividades que ofrece el&nbsp;<a href=\"https:\/\/www.crea.gov.co\/crea-lucero-bajo\/\" target=\"_blank\" rel=\"noreferrer noopener\">Crea Lucero Bajo&nbsp;<\/a>puede consultarnos en:<\/strong><\/p>\n\n\n\n<p>\ud83d\udccd Puede dirigirse al <a href=\"https:\/\/www.crea.gov.co\/crea-san-cristobal\/\"><\/a><strong><strong><a href=\"https:\/\/www.crea.gov.co\/crea-lucero-bajo\/\" target=\"_blank\" rel=\"noreferrer noopener\">Crea Lucero Bajo<\/a><\/strong><\/strong>&nbsp;(Cra17B Bis No. 64A &#8211; 54 Sur) de lunes a viernes de 8:00 am a 5:00 pm.<\/p>\n\n\n\n<p>\ud83d\udcbbConsultar nuestra&nbsp;<strong><a href=\"https:\/\/sif.idartes.gov.co\/sif\/framework\/crea\/territorial\/oferta\/oferta-disponible\">oferta disponible<\/a><\/strong><\/p>\n\n\n\n<p>\u260e\ufe0fContactarnos al: (601) 3795750 Ext: 5254 \u2013 5289.<\/p>\n\n\n\n<p>\ud83d\udce7Escribirnos a: crea.lucerobajo@idartes.gov.co<\/p>\n","protected":false},"excerpt":{"rendered":"<p>Idartes y la Secretar\u00eda Distrital de Integraci\u00f3n Social impulsan procesos en siete \u00e1reas creativas con enfoque de derechos culturales. Esta es una hermosa oportunidad para abrazar tu talento, volver a creer en \u00e9l y despertar esos dones que, por alguna raz\u00f3n, hab\u00edas dejado en silencio. Es momento de permitirte brillar nuevamente. Si desea conocer toda [&hellip;]<\/p>\n","protected":false},"author":97,"featured_media":944,"comment_status":"open","ping_status":"open","sticky":false,"template":"","format":"standard","meta":{"footnotes":""},"categories":[1],"tags":[],"class_list":["post-1471","post","type-post","status-publish","format-standard","has-post-thumbnail","hentry","category-sin-categoria"],"yoast_head":"<!-- This site is optimized with the Yoast SEO plugin v24.5 - https:\/\/yoast.com\/wordpress\/plugins\/seo\/ -->\n<title>Bogot\u00e1 abre talleres art\u00edsticos gratuitos para mayores de 60 a\u00f1os - Crea Lucero Bajo<\/title>\n<meta name=\"robots\" content=\"index, follow, max-snippet:-1, max-image-preview:large, max-video-preview:-1\" \/>\n<link rel=\"canonical\" href=\"https:\/\/www.crea.gov.co\/crea-lucero-bajo\/bogota-abre-talleres-artisticos-gratuitos-para-mayores-de-60-anos\/\" \/>\n<meta property=\"og:locale\" content=\"es_ES\" \/>\n<meta property=\"og:type\" content=\"article\" \/>\n<meta property=\"og:title\" content=\"Bogot\u00e1 abre talleres art\u00edsticos gratuitos para mayores de 60 a\u00f1os - Crea Lucero Bajo\" \/>\n<meta property=\"og:description\" content=\"Idartes y la Secretar\u00eda Distrital de Integraci\u00f3n Social impulsan procesos en siete \u00e1reas creativas con enfoque de derechos culturales. Esta es una hermosa oportunidad para abrazar tu talento, volver a creer en \u00e9l y despertar esos dones que, por alguna raz\u00f3n, hab\u00edas dejado en silencio. Es momento de permitirte brillar nuevamente. Si desea conocer toda [&hellip;]\" \/>\n<meta property=\"og:url\" content=\"https:\/\/www.crea.gov.co\/crea-lucero-bajo\/bogota-abre-talleres-artisticos-gratuitos-para-mayores-de-60-anos\/\" \/>\n<meta property=\"og:site_name\" content=\"Crea Lucero Bajo\" \/>\n<meta property=\"article:published_time\" content=\"2026-03-04T13:35:08+00:00\" \/>\n<meta property=\"article:modified_time\" content=\"2026-03-04T13:36:18+00:00\" \/>\n<meta property=\"og:image\" content=\"https:\/\/www.crea.gov.co\/crea-lucero-bajo\/wp-content\/uploads\/sites\/18\/2025\/04\/IMG_0008-scaled.jpg\" \/>\n\t<meta property=\"og:image:width\" content=\"2560\" \/>\n\t<meta property=\"og:image:height\" content=\"1152\" \/>\n\t<meta property=\"og:image:type\" content=\"image\/jpeg\" \/>\n<meta name=\"author\" content=\"crealucerobajo\" \/>\n<meta name=\"twitter:card\" content=\"summary_large_image\" \/>\n<meta name=\"twitter:label1\" content=\"Escrito por\" \/>\n\t<meta name=\"twitter:data1\" content=\"crealucerobajo\" \/>\n\t<meta name=\"twitter:label2\" content=\"Tiempo de lectura\" \/>\n\t<meta name=\"twitter:data2\" content=\"1 minuto\" \/>\n<script type=\"application\/ld+json\" class=\"yoast-schema-graph\">{\"@context\":\"https:\/\/schema.org\",\"@graph\":[{\"@type\":\"WebPage\",\"@id\":\"https:\/\/www.crea.gov.co\/crea-lucero-bajo\/bogota-abre-talleres-artisticos-gratuitos-para-mayores-de-60-anos\/\",\"url\":\"https:\/\/www.crea.gov.co\/crea-lucero-bajo\/bogota-abre-talleres-artisticos-gratuitos-para-mayores-de-60-anos\/\",\"name\":\"Bogot\u00e1 abre talleres art\u00edsticos gratuitos para mayores de 60 a\u00f1os - Crea Lucero Bajo\",\"isPartOf\":{\"@id\":\"https:\/\/www.crea.gov.co\/crea-lucero-bajo\/#website\"},\"primaryImageOfPage\":{\"@id\":\"https:\/\/www.crea.gov.co\/crea-lucero-bajo\/bogota-abre-talleres-artisticos-gratuitos-para-mayores-de-60-anos\/#primaryimage\"},\"image\":{\"@id\":\"https:\/\/www.crea.gov.co\/crea-lucero-bajo\/bogota-abre-talleres-artisticos-gratuitos-para-mayores-de-60-anos\/#primaryimage\"},\"thumbnailUrl\":\"https:\/\/www.crea.gov.co\/crea-lucero-bajo\/wp-content\/uploads\/sites\/18\/2025\/04\/IMG_0008-scaled.jpg\",\"datePublished\":\"2026-03-04T13:35:08+00:00\",\"dateModified\":\"2026-03-04T13:36:18+00:00\",\"author\":{\"@id\":\"https:\/\/www.crea.gov.co\/crea-lucero-bajo\/#\/schema\/person\/337325bb9581e92cba6d1249e0d65928\"},\"breadcrumb\":{\"@id\":\"https:\/\/www.crea.gov.co\/crea-lucero-bajo\/bogota-abre-talleres-artisticos-gratuitos-para-mayores-de-60-anos\/#breadcrumb\"},\"inLanguage\":\"es-CO\",\"potentialAction\":[{\"@type\":\"ReadAction\",\"target\":[\"https:\/\/www.crea.gov.co\/crea-lucero-bajo\/bogota-abre-talleres-artisticos-gratuitos-para-mayores-de-60-anos\/\"]}]},{\"@type\":\"ImageObject\",\"inLanguage\":\"es-CO\",\"@id\":\"https:\/\/www.crea.gov.co\/crea-lucero-bajo\/bogota-abre-talleres-artisticos-gratuitos-para-mayores-de-60-anos\/#primaryimage\",\"url\":\"https:\/\/www.crea.gov.co\/crea-lucero-bajo\/wp-content\/uploads\/sites\/18\/2025\/04\/IMG_0008-scaled.jpg\",\"contentUrl\":\"https:\/\/www.crea.gov.co\/crea-lucero-bajo\/wp-content\/uploads\/sites\/18\/2025\/04\/IMG_0008-scaled.jpg\",\"width\":2560,\"height\":1152},{\"@type\":\"BreadcrumbList\",\"@id\":\"https:\/\/www.crea.gov.co\/crea-lucero-bajo\/bogota-abre-talleres-artisticos-gratuitos-para-mayores-de-60-anos\/#breadcrumb\",\"itemListElement\":[{\"@type\":\"ListItem\",\"position\":1,\"name\":\"Home\",\"item\":\"https:\/\/www.crea.gov.co\/crea-lucero-bajo\/\"},{\"@type\":\"ListItem\",\"position\":2,\"name\":\"Bogot\u00e1 abre talleres art\u00edsticos gratuitos para mayores de 60 a\u00f1os\"}]},{\"@type\":\"WebSite\",\"@id\":\"https:\/\/www.crea.gov.co\/crea-lucero-bajo\/#website\",\"url\":\"https:\/\/www.crea.gov.co\/crea-lucero-bajo\/\",\"name\":\"Crea Lucero Bajo\",\"description\":\"En Ciudad Bol\u00edvar, entre calles inclinadas que cuentan historias de esfuerzo y constancia, este espacio crece junto a una comunidad que ha levantado su barrio paso a paso. Aqu\u00ed, ni\u00f1as, ni\u00f1os, j\u00f3venes y adultos se encuentran en talleres que nacen de sus propias realidades, tejiendo juntos un sentido profundo de pertenencia y orgullo por su territorio.\",\"potentialAction\":[{\"@type\":\"SearchAction\",\"target\":{\"@type\":\"EntryPoint\",\"urlTemplate\":\"https:\/\/www.crea.gov.co\/crea-lucero-bajo\/?s={search_term_string}\"},\"query-input\":{\"@type\":\"PropertyValueSpecification\",\"valueRequired\":true,\"valueName\":\"search_term_string\"}}],\"inLanguage\":\"es-CO\"},{\"@type\":\"Person\",\"@id\":\"https:\/\/www.crea.gov.co\/crea-lucero-bajo\/#\/schema\/person\/337325bb9581e92cba6d1249e0d65928\",\"name\":\"crealucerobajo\",\"image\":{\"@type\":\"ImageObject\",\"inLanguage\":\"es-CO\",\"@id\":\"https:\/\/www.crea.gov.co\/crea-lucero-bajo\/#\/schema\/person\/image\/\",\"url\":\"https:\/\/secure.gravatar.com\/avatar\/7fe09a1dd451e0e2f715703a3080f93c?s=96&d=mm&r=g\",\"contentUrl\":\"https:\/\/secure.gravatar.com\/avatar\/7fe09a1dd451e0e2f715703a3080f93c?s=96&d=mm&r=g\",\"caption\":\"crealucerobajo\"},\"url\":\"https:\/\/www.crea.gov.co\/crea-lucero-bajo\/author\/crealucerobajo\/\"}]}<\/script>\n<!-- \/ Yoast SEO plugin. -->","yoast_head_json":{"title":"Bogot\u00e1 abre talleres art\u00edsticos gratuitos para mayores de 60 a\u00f1os - Crea Lucero Bajo","robots":{"index":"index","follow":"follow","max-snippet":"max-snippet:-1","max-image-preview":"max-image-preview:large","max-video-preview":"max-video-preview:-1"},"canonical":"https:\/\/www.crea.gov.co\/crea-lucero-bajo\/bogota-abre-talleres-artisticos-gratuitos-para-mayores-de-60-anos\/","og_locale":"es_ES","og_type":"article","og_title":"Bogot\u00e1 abre talleres art\u00edsticos gratuitos para mayores de 60 a\u00f1os - Crea Lucero Bajo","og_description":"Idartes y la Secretar\u00eda Distrital de Integraci\u00f3n Social impulsan procesos en siete \u00e1reas creativas con enfoque de derechos culturales. Esta es una hermosa oportunidad para abrazar tu talento, volver a creer en \u00e9l y despertar esos dones que, por alguna raz\u00f3n, hab\u00edas dejado en silencio. Es momento de permitirte brillar nuevamente. Si desea conocer toda [&hellip;]","og_url":"https:\/\/www.crea.gov.co\/crea-lucero-bajo\/bogota-abre-talleres-artisticos-gratuitos-para-mayores-de-60-anos\/","og_site_name":"Crea Lucero Bajo","article_published_time":"2026-03-04T13:35:08+00:00","article_modified_time":"2026-03-04T13:36:18+00:00","og_image":[{"width":2560,"height":1152,"url":"https:\/\/www.crea.gov.co\/crea-lucero-bajo\/wp-content\/uploads\/sites\/18\/2025\/04\/IMG_0008-scaled.jpg","type":"image\/jpeg"}],"author":"crealucerobajo","twitter_card":"summary_large_image","twitter_misc":{"Escrito por":"crealucerobajo","Tiempo de lectura":"1 minuto"},"schema":{"@context":"https:\/\/schema.org","@graph":[{"@type":"WebPage","@id":"https:\/\/www.crea.gov.co\/crea-lucero-bajo\/bogota-abre-talleres-artisticos-gratuitos-para-mayores-de-60-anos\/","url":"https:\/\/www.crea.gov.co\/crea-lucero-bajo\/bogota-abre-talleres-artisticos-gratuitos-para-mayores-de-60-anos\/","name":"Bogot\u00e1 abre talleres art\u00edsticos gratuitos para mayores de 60 a\u00f1os - Crea Lucero Bajo","isPartOf":{"@id":"https:\/\/www.crea.gov.co\/crea-lucero-bajo\/#website"},"primaryImageOfPage":{"@id":"https:\/\/www.crea.gov.co\/crea-lucero-bajo\/bogota-abre-talleres-artisticos-gratuitos-para-mayores-de-60-anos\/#primaryimage"},"image":{"@id":"https:\/\/www.crea.gov.co\/crea-lucero-bajo\/bogota-abre-talleres-artisticos-gratuitos-para-mayores-de-60-anos\/#primaryimage"},"thumbnailUrl":"https:\/\/www.crea.gov.co\/crea-lucero-bajo\/wp-content\/uploads\/sites\/18\/2025\/04\/IMG_0008-scaled.jpg","datePublished":"2026-03-04T13:35:08+00:00","dateModified":"2026-03-04T13:36:18+00:00","author":{"@id":"https:\/\/www.crea.gov.co\/crea-lucero-bajo\/#\/schema\/person\/337325bb9581e92cba6d1249e0d65928"},"breadcrumb":{"@id":"https:\/\/www.crea.gov.co\/crea-lucero-bajo\/bogota-abre-talleres-artisticos-gratuitos-para-mayores-de-60-anos\/#breadcrumb"},"inLanguage":"es-CO","potentialAction":[{"@type":"ReadAction","target":["https:\/\/www.crea.gov.co\/crea-lucero-bajo\/bogota-abre-talleres-artisticos-gratuitos-para-mayores-de-60-anos\/"]}]},{"@type":"ImageObject","inLanguage":"es-CO","@id":"https:\/\/www.crea.gov.co\/crea-lucero-bajo\/bogota-abre-talleres-artisticos-gratuitos-para-mayores-de-60-anos\/#primaryimage","url":"https:\/\/www.crea.gov.co\/crea-lucero-bajo\/wp-content\/uploads\/sites\/18\/2025\/04\/IMG_0008-scaled.jpg","contentUrl":"https:\/\/www.crea.gov.co\/crea-lucero-bajo\/wp-content\/uploads\/sites\/18\/2025\/04\/IMG_0008-scaled.jpg","width":2560,"height":1152},{"@type":"BreadcrumbList","@id":"https:\/\/www.crea.gov.co\/crea-lucero-bajo\/bogota-abre-talleres-artisticos-gratuitos-para-mayores-de-60-anos\/#breadcrumb","itemListElement":[{"@type":"ListItem","position":1,"name":"Home","item":"https:\/\/www.crea.gov.co\/crea-lucero-bajo\/"},{"@type":"ListItem","position":2,"name":"Bogot\u00e1 abre talleres art\u00edsticos gratuitos para mayores de 60 a\u00f1os"}]},{"@type":"WebSite","@id":"https:\/\/www.crea.gov.co\/crea-lucero-bajo\/#website","url":"https:\/\/www.crea.gov.co\/crea-lucero-bajo\/","name":"Crea Lucero Bajo","description":"En Ciudad Bol\u00edvar, entre calles inclinadas que cuentan historias de esfuerzo y constancia, este espacio crece junto a una comunidad que ha levantado su barrio paso a paso. Aqu\u00ed, ni\u00f1as, ni\u00f1os, j\u00f3venes y adultos se encuentran en talleres que nacen de sus propias realidades, tejiendo juntos un sentido profundo de pertenencia y orgullo por su territorio.","potentialAction":[{"@type":"SearchAction","target":{"@type":"EntryPoint","urlTemplate":"https:\/\/www.crea.gov.co\/crea-lucero-bajo\/?s={search_term_string}"},"query-input":{"@type":"PropertyValueSpecification","valueRequired":true,"valueName":"search_term_string"}}],"inLanguage":"es-CO"},{"@type":"Person","@id":"https:\/\/www.crea.gov.co\/crea-lucero-bajo\/#\/schema\/person\/337325bb9581e92cba6d1249e0d65928","name":"crealucerobajo","image":{"@type":"ImageObject","inLanguage":"es-CO","@id":"https:\/\/www.crea.gov.co\/crea-lucero-bajo\/#\/schema\/person\/image\/","url":"https:\/\/secure.gravatar.com\/avatar\/7fe09a1dd451e0e2f715703a3080f93c?s=96&d=mm&r=g","contentUrl":"https:\/\/secure.gravatar.com\/avatar\/7fe09a1dd451e0e2f715703a3080f93c?s=96&d=mm&r=g","caption":"crealucerobajo"},"url":"https:\/\/www.crea.gov.co\/crea-lucero-bajo\/author\/crealucerobajo\/"}]}},"_links":{"self":[{"href":"https:\/\/www.crea.gov.co\/crea-lucero-bajo\/wp-json\/wp\/v2\/posts\/1471","targetHints":{"allow":["GET"]}}],"collection":[{"href":"https:\/\/www.crea.gov.co\/crea-lucero-bajo\/wp-json\/wp\/v2\/posts"}],"about":[{"href":"https:\/\/www.crea.gov.co\/crea-lucero-bajo\/wp-json\/wp\/v2\/types\/post"}],"author":[{"embeddable":true,"href":"https:\/\/www.crea.gov.co\/crea-lucero-bajo\/wp-json\/wp\/v2\/users\/97"}],"replies":[{"embeddable":true,"href":"https:\/\/www.crea.gov.co\/crea-lucero-bajo\/wp-json\/wp\/v2\/comments?post=1471"}],"version-history":[{"count":2,"href":"https:\/\/www.crea.gov.co\/crea-lucero-bajo\/wp-json\/wp\/v2\/posts\/1471\/revisions"}],"predecessor-version":[{"id":1474,"href":"https:\/\/www.crea.gov.co\/crea-lucero-bajo\/wp-json\/wp\/v2\/posts\/1471\/revisions\/1474"}],"wp:featuredmedia":[{"embeddable":true,"href":"https:\/\/www.crea.gov.co\/crea-lucero-bajo\/wp-json\/wp\/v2\/media\/944"}],"wp:attachment":[{"href":"https:\/\/www.crea.gov.co\/crea-lucero-bajo\/wp-json\/wp\/v2\/media?parent=1471"}],"wp:term":[{"taxonomy":"category","embeddable":true,"href":"https:\/\/www.crea.gov.co\/crea-lucero-bajo\/wp-json\/wp\/v2\/categories?post=1471"},{"taxonomy":"post_tag","embeddable":true,"href":"https:\/\/www.crea.gov.co\/crea-lucero-bajo\/wp-json\/wp\/v2\/tags?post=1471"}],"curies":[{"name":"wp","href":"https:\/\/api.w.org\/{rel}","templated":true}]}}