{"id":380,"date":"2022-12-10T17:42:16","date_gmt":"2022-12-10T17:42:16","guid":{"rendered":"https:\/\/www.crea.gov.co\/crea-las-delicias\/?p=380"},"modified":"2022-12-10T17:42:16","modified_gmt":"2022-12-10T17:42:16","slug":"vacaciones-crea-las-delicias","status":"publish","type":"post","link":"https:\/\/www.crea.gov.co\/crea-las-delicias\/vacaciones-crea-las-delicias\/","title":{"rendered":"Vacaciones Crea Las Delicias"},"content":{"rendered":"\n<p class=\"has-text-align-center has-vivid-red-background-color has-background\"><strong>Desde el 1 de diciembre hasta el 15 de diciembre hemos estado en vacacionales en el Crea Las Delicias, en donde las \u00e1reas de danza, m\u00fasica, audiovisuales y artes pl\u00e1sticas han sido protagonistas de todos los procesos de formaci\u00f3n para los ni\u00f1os, ni\u00f1as y j\u00f3venes que hacen parte de nuestros talleres art\u00edsticos, queremos mostrarles algunas de las im\u00e1genes que nos regalas nuestros artistas formadores. <\/strong><\/p>\n\n\n\n<figure class=\"wp-block-gallery has-nested-images columns-default is-cropped wp-block-gallery-1 is-layout-flex wp-block-gallery-is-layout-flex\">\n<figure class=\"wp-block-image size-large\"><img loading=\"lazy\" decoding=\"async\" width=\"1024\" height=\"768\" data-id=\"383\" src=\"https:\/\/www.crea.gov.co\/crea-las-delicias\/wp-content\/uploads\/sites\/9\/2022\/12\/WhatsApp-Image-2022-12-10-at-11.27.44-AM-1024x768.jpeg\" alt=\"\" class=\"wp-image-383\" srcset=\"https:\/\/www.crea.gov.co\/crea-las-delicias\/wp-content\/uploads\/sites\/9\/2022\/12\/WhatsApp-Image-2022-12-10-at-11.27.44-AM-1024x768.jpeg 1024w, https:\/\/www.crea.gov.co\/crea-las-delicias\/wp-content\/uploads\/sites\/9\/2022\/12\/WhatsApp-Image-2022-12-10-at-11.27.44-AM-300x225.jpeg 300w, https:\/\/www.crea.gov.co\/crea-las-delicias\/wp-content\/uploads\/sites\/9\/2022\/12\/WhatsApp-Image-2022-12-10-at-11.27.44-AM-768x576.jpeg 768w, https:\/\/www.crea.gov.co\/crea-las-delicias\/wp-content\/uploads\/sites\/9\/2022\/12\/WhatsApp-Image-2022-12-10-at-11.27.44-AM-1536x1152.jpeg 1536w, https:\/\/www.crea.gov.co\/crea-las-delicias\/wp-content\/uploads\/sites\/9\/2022\/12\/WhatsApp-Image-2022-12-10-at-11.27.44-AM.jpeg 1600w\" sizes=\"auto, (max-width: 1024px) 100vw, 1024px\" \/><\/figure>\n\n\n\n<figure class=\"wp-block-image size-large\"><img loading=\"lazy\" decoding=\"async\" width=\"1024\" height=\"577\" data-id=\"381\" src=\"https:\/\/www.crea.gov.co\/crea-las-delicias\/wp-content\/uploads\/sites\/9\/2022\/12\/WhatsApp-Image-2022-12-10-at-11.48.33-AM-1-1024x577.jpeg\" alt=\"\" class=\"wp-image-381\" srcset=\"https:\/\/www.crea.gov.co\/crea-las-delicias\/wp-content\/uploads\/sites\/9\/2022\/12\/WhatsApp-Image-2022-12-10-at-11.48.33-AM-1-1024x577.jpeg 1024w, https:\/\/www.crea.gov.co\/crea-las-delicias\/wp-content\/uploads\/sites\/9\/2022\/12\/WhatsApp-Image-2022-12-10-at-11.48.33-AM-1-300x169.jpeg 300w, https:\/\/www.crea.gov.co\/crea-las-delicias\/wp-content\/uploads\/sites\/9\/2022\/12\/WhatsApp-Image-2022-12-10-at-11.48.33-AM-1-768x433.jpeg 768w, https:\/\/www.crea.gov.co\/crea-las-delicias\/wp-content\/uploads\/sites\/9\/2022\/12\/WhatsApp-Image-2022-12-10-at-11.48.33-AM-1-1536x866.jpeg 1536w, https:\/\/www.crea.gov.co\/crea-las-delicias\/wp-content\/uploads\/sites\/9\/2022\/12\/WhatsApp-Image-2022-12-10-at-11.48.33-AM-1.jpeg 1600w\" sizes=\"auto, (max-width: 1024px) 100vw, 1024px\" \/><\/figure>\n\n\n\n<figure class=\"wp-block-image size-large\"><img loading=\"lazy\" decoding=\"async\" width=\"1024\" height=\"577\" data-id=\"382\" src=\"https:\/\/www.crea.gov.co\/crea-las-delicias\/wp-content\/uploads\/sites\/9\/2022\/12\/WhatsApp-Image-2022-12-10-at-11.48.33-AM-1024x577.jpeg\" alt=\"\" class=\"wp-image-382\" srcset=\"https:\/\/www.crea.gov.co\/crea-las-delicias\/wp-content\/uploads\/sites\/9\/2022\/12\/WhatsApp-Image-2022-12-10-at-11.48.33-AM-1024x577.jpeg 1024w, https:\/\/www.crea.gov.co\/crea-las-delicias\/wp-content\/uploads\/sites\/9\/2022\/12\/WhatsApp-Image-2022-12-10-at-11.48.33-AM-300x169.jpeg 300w, https:\/\/www.crea.gov.co\/crea-las-delicias\/wp-content\/uploads\/sites\/9\/2022\/12\/WhatsApp-Image-2022-12-10-at-11.48.33-AM-768x433.jpeg 768w, https:\/\/www.crea.gov.co\/crea-las-delicias\/wp-content\/uploads\/sites\/9\/2022\/12\/WhatsApp-Image-2022-12-10-at-11.48.33-AM-1536x866.jpeg 1536w, https:\/\/www.crea.gov.co\/crea-las-delicias\/wp-content\/uploads\/sites\/9\/2022\/12\/WhatsApp-Image-2022-12-10-at-11.48.33-AM.jpeg 1600w\" sizes=\"auto, (max-width: 1024px) 100vw, 1024px\" \/><\/figure>\n<\/figure>\n\n\n\n<figure class=\"wp-block-gallery has-nested-images columns-default is-cropped wp-block-gallery-2 is-layout-flex wp-block-gallery-is-layout-flex\">\n<figure class=\"wp-block-image size-large\"><img loading=\"lazy\" decoding=\"async\" width=\"1024\" height=\"576\" data-id=\"392\" src=\"https:\/\/www.crea.gov.co\/crea-las-delicias\/wp-content\/uploads\/sites\/9\/2022\/12\/WhatsApp-Image-2022-12-10-at-12.23.21-PM-1-1024x576.jpeg\" alt=\"\" class=\"wp-image-392\" srcset=\"https:\/\/www.crea.gov.co\/crea-las-delicias\/wp-content\/uploads\/sites\/9\/2022\/12\/WhatsApp-Image-2022-12-10-at-12.23.21-PM-1-1024x576.jpeg 1024w, https:\/\/www.crea.gov.co\/crea-las-delicias\/wp-content\/uploads\/sites\/9\/2022\/12\/WhatsApp-Image-2022-12-10-at-12.23.21-PM-1-300x169.jpeg 300w, https:\/\/www.crea.gov.co\/crea-las-delicias\/wp-content\/uploads\/sites\/9\/2022\/12\/WhatsApp-Image-2022-12-10-at-12.23.21-PM-1-768x432.jpeg 768w, https:\/\/www.crea.gov.co\/crea-las-delicias\/wp-content\/uploads\/sites\/9\/2022\/12\/WhatsApp-Image-2022-12-10-at-12.23.21-PM-1-1536x864.jpeg 1536w, https:\/\/www.crea.gov.co\/crea-las-delicias\/wp-content\/uploads\/sites\/9\/2022\/12\/WhatsApp-Image-2022-12-10-at-12.23.21-PM-1.jpeg 1599w\" sizes=\"auto, (max-width: 1024px) 100vw, 1024px\" \/><\/figure>\n\n\n\n<figure class=\"wp-block-image size-large\"><img loading=\"lazy\" decoding=\"async\" width=\"1024\" height=\"576\" data-id=\"395\" src=\"https:\/\/www.crea.gov.co\/crea-las-delicias\/wp-content\/uploads\/sites\/9\/2022\/12\/WhatsApp-Image-2022-12-10-at-12.23.20-PM-4-1-1024x576.jpeg\" alt=\"\" class=\"wp-image-395\" srcset=\"https:\/\/www.crea.gov.co\/crea-las-delicias\/wp-content\/uploads\/sites\/9\/2022\/12\/WhatsApp-Image-2022-12-10-at-12.23.20-PM-4-1-1024x576.jpeg 1024w, https:\/\/www.crea.gov.co\/crea-las-delicias\/wp-content\/uploads\/sites\/9\/2022\/12\/WhatsApp-Image-2022-12-10-at-12.23.20-PM-4-1-300x169.jpeg 300w, https:\/\/www.crea.gov.co\/crea-las-delicias\/wp-content\/uploads\/sites\/9\/2022\/12\/WhatsApp-Image-2022-12-10-at-12.23.20-PM-4-1-768x432.jpeg 768w, https:\/\/www.crea.gov.co\/crea-las-delicias\/wp-content\/uploads\/sites\/9\/2022\/12\/WhatsApp-Image-2022-12-10-at-12.23.20-PM-4-1-1536x864.jpeg 1536w, https:\/\/www.crea.gov.co\/crea-las-delicias\/wp-content\/uploads\/sites\/9\/2022\/12\/WhatsApp-Image-2022-12-10-at-12.23.20-PM-4-1.jpeg 1599w\" sizes=\"auto, (max-width: 1024px) 100vw, 1024px\" \/><\/figure>\n\n\n\n<figure class=\"wp-block-image size-large\"><img loading=\"lazy\" decoding=\"async\" width=\"576\" height=\"1024\" data-id=\"393\" src=\"https:\/\/www.crea.gov.co\/crea-las-delicias\/wp-content\/uploads\/sites\/9\/2022\/12\/WhatsApp-Image-2022-12-10-at-12.23.20-PM-3-1-576x1024.jpeg\" alt=\"\" class=\"wp-image-393\" srcset=\"https:\/\/www.crea.gov.co\/crea-las-delicias\/wp-content\/uploads\/sites\/9\/2022\/12\/WhatsApp-Image-2022-12-10-at-12.23.20-PM-3-1-576x1024.jpeg 576w, https:\/\/www.crea.gov.co\/crea-las-delicias\/wp-content\/uploads\/sites\/9\/2022\/12\/WhatsApp-Image-2022-12-10-at-12.23.20-PM-3-1-169x300.jpeg 169w, https:\/\/www.crea.gov.co\/crea-las-delicias\/wp-content\/uploads\/sites\/9\/2022\/12\/WhatsApp-Image-2022-12-10-at-12.23.20-PM-3-1-768x1366.jpeg 768w, https:\/\/www.crea.gov.co\/crea-las-delicias\/wp-content\/uploads\/sites\/9\/2022\/12\/WhatsApp-Image-2022-12-10-at-12.23.20-PM-3-1-864x1536.jpeg 864w, https:\/\/www.crea.gov.co\/crea-las-delicias\/wp-content\/uploads\/sites\/9\/2022\/12\/WhatsApp-Image-2022-12-10-at-12.23.20-PM-3-1.jpeg 899w\" sizes=\"auto, (max-width: 576px) 100vw, 576px\" \/><\/figure>\n\n\n\n<figure class=\"wp-block-image size-large\"><img loading=\"lazy\" decoding=\"async\" width=\"576\" height=\"1024\" data-id=\"394\" src=\"https:\/\/www.crea.gov.co\/crea-las-delicias\/wp-content\/uploads\/sites\/9\/2022\/12\/WhatsApp-Image-2022-12-10-at-12.23.20-PM-2-1-576x1024.jpeg\" alt=\"\" class=\"wp-image-394\" srcset=\"https:\/\/www.crea.gov.co\/crea-las-delicias\/wp-content\/uploads\/sites\/9\/2022\/12\/WhatsApp-Image-2022-12-10-at-12.23.20-PM-2-1-576x1024.jpeg 576w, https:\/\/www.crea.gov.co\/crea-las-delicias\/wp-content\/uploads\/sites\/9\/2022\/12\/WhatsApp-Image-2022-12-10-at-12.23.20-PM-2-1-169x300.jpeg 169w, https:\/\/www.crea.gov.co\/crea-las-delicias\/wp-content\/uploads\/sites\/9\/2022\/12\/WhatsApp-Image-2022-12-10-at-12.23.20-PM-2-1-768x1366.jpeg 768w, https:\/\/www.crea.gov.co\/crea-las-delicias\/wp-content\/uploads\/sites\/9\/2022\/12\/WhatsApp-Image-2022-12-10-at-12.23.20-PM-2-1-864x1536.jpeg 864w, https:\/\/www.crea.gov.co\/crea-las-delicias\/wp-content\/uploads\/sites\/9\/2022\/12\/WhatsApp-Image-2022-12-10-at-12.23.20-PM-2-1.jpeg 899w\" sizes=\"auto, (max-width: 576px) 100vw, 576px\" \/><\/figure>\n\n\n\n<figure class=\"wp-block-image size-large\"><img loading=\"lazy\" decoding=\"async\" width=\"576\" height=\"1024\" data-id=\"391\" src=\"https:\/\/www.crea.gov.co\/crea-las-delicias\/wp-content\/uploads\/sites\/9\/2022\/12\/WhatsApp-Image-2022-12-10-at-12.23.20-PM-5-576x1024.jpeg\" alt=\"\" class=\"wp-image-391\" srcset=\"https:\/\/www.crea.gov.co\/crea-las-delicias\/wp-content\/uploads\/sites\/9\/2022\/12\/WhatsApp-Image-2022-12-10-at-12.23.20-PM-5-576x1024.jpeg 576w, https:\/\/www.crea.gov.co\/crea-las-delicias\/wp-content\/uploads\/sites\/9\/2022\/12\/WhatsApp-Image-2022-12-10-at-12.23.20-PM-5-169x300.jpeg 169w, https:\/\/www.crea.gov.co\/crea-las-delicias\/wp-content\/uploads\/sites\/9\/2022\/12\/WhatsApp-Image-2022-12-10-at-12.23.20-PM-5-768x1366.jpeg 768w, https:\/\/www.crea.gov.co\/crea-las-delicias\/wp-content\/uploads\/sites\/9\/2022\/12\/WhatsApp-Image-2022-12-10-at-12.23.20-PM-5-864x1536.jpeg 864w, https:\/\/www.crea.gov.co\/crea-las-delicias\/wp-content\/uploads\/sites\/9\/2022\/12\/WhatsApp-Image-2022-12-10-at-12.23.20-PM-5.jpeg 899w\" sizes=\"auto, (max-width: 576px) 100vw, 576px\" \/><\/figure>\n\n\n\n<figure class=\"wp-block-image size-large\"><img loading=\"lazy\" decoding=\"async\" width=\"1024\" height=\"576\" data-id=\"397\" src=\"https:\/\/www.crea.gov.co\/crea-las-delicias\/wp-content\/uploads\/sites\/9\/2022\/12\/WhatsApp-Image-2022-12-10-at-12.23.19-PM-1-1024x576.jpeg\" alt=\"\" class=\"wp-image-397\" srcset=\"https:\/\/www.crea.gov.co\/crea-las-delicias\/wp-content\/uploads\/sites\/9\/2022\/12\/WhatsApp-Image-2022-12-10-at-12.23.19-PM-1-1024x576.jpeg 1024w, https:\/\/www.crea.gov.co\/crea-las-delicias\/wp-content\/uploads\/sites\/9\/2022\/12\/WhatsApp-Image-2022-12-10-at-12.23.19-PM-1-300x169.jpeg 300w, https:\/\/www.crea.gov.co\/crea-las-delicias\/wp-content\/uploads\/sites\/9\/2022\/12\/WhatsApp-Image-2022-12-10-at-12.23.19-PM-1-768x432.jpeg 768w, https:\/\/www.crea.gov.co\/crea-las-delicias\/wp-content\/uploads\/sites\/9\/2022\/12\/WhatsApp-Image-2022-12-10-at-12.23.19-PM-1-1536x864.jpeg 1536w, https:\/\/www.crea.gov.co\/crea-las-delicias\/wp-content\/uploads\/sites\/9\/2022\/12\/WhatsApp-Image-2022-12-10-at-12.23.19-PM-1.jpeg 1599w\" sizes=\"auto, (max-width: 1024px) 100vw, 1024px\" \/><\/figure>\n<\/figure>\n\n\n\n<figure class=\"wp-block-gallery has-nested-images columns-default is-cropped wp-block-gallery-3 is-layout-flex wp-block-gallery-is-layout-flex\">\n<figure class=\"wp-block-image size-large\"><img loading=\"lazy\" decoding=\"async\" width=\"1024\" height=\"576\" data-id=\"400\" src=\"https:\/\/www.crea.gov.co\/crea-las-delicias\/wp-content\/uploads\/sites\/9\/2022\/12\/WhatsApp-Image-2022-12-10-at-12.24.36-PM-1024x576.jpeg\" alt=\"\" class=\"wp-image-400\" srcset=\"https:\/\/www.crea.gov.co\/crea-las-delicias\/wp-content\/uploads\/sites\/9\/2022\/12\/WhatsApp-Image-2022-12-10-at-12.24.36-PM-1024x576.jpeg 1024w, https:\/\/www.crea.gov.co\/crea-las-delicias\/wp-content\/uploads\/sites\/9\/2022\/12\/WhatsApp-Image-2022-12-10-at-12.24.36-PM-300x169.jpeg 300w, https:\/\/www.crea.gov.co\/crea-las-delicias\/wp-content\/uploads\/sites\/9\/2022\/12\/WhatsApp-Image-2022-12-10-at-12.24.36-PM-768x432.jpeg 768w, https:\/\/www.crea.gov.co\/crea-las-delicias\/wp-content\/uploads\/sites\/9\/2022\/12\/WhatsApp-Image-2022-12-10-at-12.24.36-PM-1536x864.jpeg 1536w, https:\/\/www.crea.gov.co\/crea-las-delicias\/wp-content\/uploads\/sites\/9\/2022\/12\/WhatsApp-Image-2022-12-10-at-12.24.36-PM.jpeg 1599w\" sizes=\"auto, (max-width: 1024px) 100vw, 1024px\" \/><\/figure>\n\n\n\n<figure class=\"wp-block-image size-large\"><img loading=\"lazy\" decoding=\"async\" width=\"1024\" height=\"576\" data-id=\"399\" src=\"https:\/\/www.crea.gov.co\/crea-las-delicias\/wp-content\/uploads\/sites\/9\/2022\/12\/WhatsApp-Image-2022-12-10-at-12.24.35-PM-1-1024x576.jpeg\" alt=\"\" class=\"wp-image-399\" srcset=\"https:\/\/www.crea.gov.co\/crea-las-delicias\/wp-content\/uploads\/sites\/9\/2022\/12\/WhatsApp-Image-2022-12-10-at-12.24.35-PM-1-1024x576.jpeg 1024w, https:\/\/www.crea.gov.co\/crea-las-delicias\/wp-content\/uploads\/sites\/9\/2022\/12\/WhatsApp-Image-2022-12-10-at-12.24.35-PM-1-300x169.jpeg 300w, https:\/\/www.crea.gov.co\/crea-las-delicias\/wp-content\/uploads\/sites\/9\/2022\/12\/WhatsApp-Image-2022-12-10-at-12.24.35-PM-1-768x432.jpeg 768w, https:\/\/www.crea.gov.co\/crea-las-delicias\/wp-content\/uploads\/sites\/9\/2022\/12\/WhatsApp-Image-2022-12-10-at-12.24.35-PM-1-1536x864.jpeg 1536w, https:\/\/www.crea.gov.co\/crea-las-delicias\/wp-content\/uploads\/sites\/9\/2022\/12\/WhatsApp-Image-2022-12-10-at-12.24.35-PM-1.jpeg 1599w\" sizes=\"auto, (max-width: 1024px) 100vw, 1024px\" \/><\/figure>\n\n\n\n<figure class=\"wp-block-image size-large\"><img loading=\"lazy\" decoding=\"async\" width=\"1024\" height=\"576\" data-id=\"398\" src=\"https:\/\/www.crea.gov.co\/crea-las-delicias\/wp-content\/uploads\/sites\/9\/2022\/12\/WhatsApp-Image-2022-12-10-at-12.24.35-PM-1024x576.jpeg\" alt=\"\" class=\"wp-image-398\" srcset=\"https:\/\/www.crea.gov.co\/crea-las-delicias\/wp-content\/uploads\/sites\/9\/2022\/12\/WhatsApp-Image-2022-12-10-at-12.24.35-PM-1024x576.jpeg 1024w, https:\/\/www.crea.gov.co\/crea-las-delicias\/wp-content\/uploads\/sites\/9\/2022\/12\/WhatsApp-Image-2022-12-10-at-12.24.35-PM-300x169.jpeg 300w, https:\/\/www.crea.gov.co\/crea-las-delicias\/wp-content\/uploads\/sites\/9\/2022\/12\/WhatsApp-Image-2022-12-10-at-12.24.35-PM-768x432.jpeg 768w, https:\/\/www.crea.gov.co\/crea-las-delicias\/wp-content\/uploads\/sites\/9\/2022\/12\/WhatsApp-Image-2022-12-10-at-12.24.35-PM-1536x864.jpeg 1536w, https:\/\/www.crea.gov.co\/crea-las-delicias\/wp-content\/uploads\/sites\/9\/2022\/12\/WhatsApp-Image-2022-12-10-at-12.24.35-PM.jpeg 1599w\" sizes=\"auto, (max-width: 1024px) 100vw, 1024px\" \/><\/figure>\n<\/figure>\n","protected":false},"excerpt":{"rendered":"<p>Desde el 1 de diciembre hasta el 15 de diciembre hemos estado en vacacionales en el Crea Las Delicias, en donde las \u00e1reas de danza, m\u00fasica, audiovisuales y artes pl\u00e1sticas han sido protagonistas de todos los procesos de formaci\u00f3n para los ni\u00f1os, ni\u00f1as y j\u00f3venes que hacen parte de nuestros talleres art\u00edsticos, queremos mostrarles algunas [&hellip;]<\/p>\n","protected":false},"author":55,"featured_media":388,"comment_status":"open","ping_status":"open","sticky":false,"template":"","format":"standard","meta":{"footnotes":""},"categories":[1],"tags":[],"class_list":["post-380","post","type-post","status-publish","format-standard","has-post-thumbnail","hentry","category-sin-categoria"],"yoast_head":"<!-- This site is optimized with the Yoast SEO plugin v24.5 - https:\/\/yoast.com\/wordpress\/plugins\/seo\/ -->\n<title>Vacaciones Crea Las Delicias - Crea Las Delicias<\/title>\n<meta name=\"robots\" content=\"index, follow, max-snippet:-1, max-image-preview:large, max-video-preview:-1\" \/>\n<link rel=\"canonical\" href=\"https:\/\/www.crea.gov.co\/crea-las-delicias\/vacaciones-crea-las-delicias\/\" \/>\n<meta property=\"og:locale\" content=\"es_ES\" \/>\n<meta property=\"og:type\" content=\"article\" \/>\n<meta property=\"og:title\" content=\"Vacaciones Crea Las Delicias - Crea Las Delicias\" \/>\n<meta property=\"og:description\" content=\"Desde el 1 de diciembre hasta el 15 de diciembre hemos estado en vacacionales en el Crea Las Delicias, en donde las \u00e1reas de danza, m\u00fasica, audiovisuales y artes pl\u00e1sticas han sido protagonistas de todos los procesos de formaci\u00f3n para los ni\u00f1os, ni\u00f1as y j\u00f3venes que hacen parte de nuestros talleres art\u00edsticos, queremos mostrarles algunas [&hellip;]\" \/>\n<meta property=\"og:url\" content=\"https:\/\/www.crea.gov.co\/crea-las-delicias\/vacaciones-crea-las-delicias\/\" \/>\n<meta property=\"og:site_name\" content=\"Crea Las Delicias\" \/>\n<meta property=\"article:published_time\" content=\"2022-12-10T17:42:16+00:00\" \/>\n<meta property=\"og:image\" content=\"https:\/\/www.crea.gov.co\/crea-las-delicias\/wp-content\/uploads\/sites\/9\/2022\/12\/WhatsApp-Image-2022-12-10-at-12.23.20-PM-1.jpeg\" \/>\n\t<meta property=\"og:image:width\" content=\"899\" \/>\n\t<meta property=\"og:image:height\" content=\"1599\" \/>\n\t<meta property=\"og:image:type\" content=\"image\/jpeg\" \/>\n<meta name=\"author\" content=\"angelicaplata\" \/>\n<meta name=\"twitter:card\" content=\"summary_large_image\" \/>\n<meta name=\"twitter:label1\" content=\"Escrito por\" \/>\n\t<meta name=\"twitter:data1\" content=\"angelicaplata\" \/>\n\t<meta name=\"twitter:label2\" content=\"Tiempo de lectura\" \/>\n\t<meta name=\"twitter:data2\" content=\"3 minutos\" \/>\n<script type=\"application\/ld+json\" class=\"yoast-schema-graph\">{\"@context\":\"https:\/\/schema.org\",\"@graph\":[{\"@type\":\"WebPage\",\"@id\":\"https:\/\/www.crea.gov.co\/crea-las-delicias\/vacaciones-crea-las-delicias\/\",\"url\":\"https:\/\/www.crea.gov.co\/crea-las-delicias\/vacaciones-crea-las-delicias\/\",\"name\":\"Vacaciones Crea Las Delicias - Crea Las Delicias\",\"isPartOf\":{\"@id\":\"https:\/\/www.crea.gov.co\/crea-las-delicias\/#website\"},\"primaryImageOfPage\":{\"@id\":\"https:\/\/www.crea.gov.co\/crea-las-delicias\/vacaciones-crea-las-delicias\/#primaryimage\"},\"image\":{\"@id\":\"https:\/\/www.crea.gov.co\/crea-las-delicias\/vacaciones-crea-las-delicias\/#primaryimage\"},\"thumbnailUrl\":\"https:\/\/www.crea.gov.co\/crea-las-delicias\/wp-content\/uploads\/sites\/9\/2022\/12\/WhatsApp-Image-2022-12-10-at-12.23.20-PM-1.jpeg\",\"datePublished\":\"2022-12-10T17:42:16+00:00\",\"author\":{\"@id\":\"https:\/\/www.crea.gov.co\/crea-las-delicias\/#\/schema\/person\/ae203181042293c8456c62352a236a29\"},\"breadcrumb\":{\"@id\":\"https:\/\/www.crea.gov.co\/crea-las-delicias\/vacaciones-crea-las-delicias\/#breadcrumb\"},\"inLanguage\":\"es-CO\",\"potentialAction\":[{\"@type\":\"ReadAction\",\"target\":[\"https:\/\/www.crea.gov.co\/crea-las-delicias\/vacaciones-crea-las-delicias\/\"]}]},{\"@type\":\"ImageObject\",\"inLanguage\":\"es-CO\",\"@id\":\"https:\/\/www.crea.gov.co\/crea-las-delicias\/vacaciones-crea-las-delicias\/#primaryimage\",\"url\":\"https:\/\/www.crea.gov.co\/crea-las-delicias\/wp-content\/uploads\/sites\/9\/2022\/12\/WhatsApp-Image-2022-12-10-at-12.23.20-PM-1.jpeg\",\"contentUrl\":\"https:\/\/www.crea.gov.co\/crea-las-delicias\/wp-content\/uploads\/sites\/9\/2022\/12\/WhatsApp-Image-2022-12-10-at-12.23.20-PM-1.jpeg\",\"width\":899,\"height\":1599},{\"@type\":\"BreadcrumbList\",\"@id\":\"https:\/\/www.crea.gov.co\/crea-las-delicias\/vacaciones-crea-las-delicias\/#breadcrumb\",\"itemListElement\":[{\"@type\":\"ListItem\",\"position\":1,\"name\":\"Home\",\"item\":\"https:\/\/www.crea.gov.co\/crea-las-delicias\/\"},{\"@type\":\"ListItem\",\"position\":2,\"name\":\"Vacaciones Crea Las Delicias\"}]},{\"@type\":\"WebSite\",\"@id\":\"https:\/\/www.crea.gov.co\/crea-las-delicias\/#website\",\"url\":\"https:\/\/www.crea.gov.co\/crea-las-delicias\/\",\"name\":\"Crea Las Delicias\",\"description\":\"En Ciudad Bol\u00edvar, sobre la Avenida Boyac\u00e1, la creatividad circula al ritmo de la ciudad. Ni\u00f1as, ni\u00f1os, j\u00f3venes y adultos encuentran un lugar para expresarse y descubrir nuevas formas de mirar su barrio, en medio del movimiento constante del sur de Bogot\u00e1.\",\"potentialAction\":[{\"@type\":\"SearchAction\",\"target\":{\"@type\":\"EntryPoint\",\"urlTemplate\":\"https:\/\/www.crea.gov.co\/crea-las-delicias\/?s={search_term_string}\"},\"query-input\":{\"@type\":\"PropertyValueSpecification\",\"valueRequired\":true,\"valueName\":\"search_term_string\"}}],\"inLanguage\":\"es-CO\"},{\"@type\":\"Person\",\"@id\":\"https:\/\/www.crea.gov.co\/crea-las-delicias\/#\/schema\/person\/ae203181042293c8456c62352a236a29\",\"name\":\"angelicaplata\",\"image\":{\"@type\":\"ImageObject\",\"inLanguage\":\"es-CO\",\"@id\":\"https:\/\/www.crea.gov.co\/crea-las-delicias\/#\/schema\/person\/image\/\",\"url\":\"https:\/\/secure.gravatar.com\/avatar\/51783113e1abf6286397d12903dad193?s=96&d=mm&r=g\",\"contentUrl\":\"https:\/\/secure.gravatar.com\/avatar\/51783113e1abf6286397d12903dad193?s=96&d=mm&r=g\",\"caption\":\"angelicaplata\"},\"url\":\"https:\/\/www.crea.gov.co\/crea-las-delicias\/author\/angelicaplata\/\"}]}<\/script>\n<!-- \/ Yoast SEO plugin. -->","yoast_head_json":{"title":"Vacaciones Crea Las Delicias - Crea Las Delicias","robots":{"index":"index","follow":"follow","max-snippet":"max-snippet:-1","max-image-preview":"max-image-preview:large","max-video-preview":"max-video-preview:-1"},"canonical":"https:\/\/www.crea.gov.co\/crea-las-delicias\/vacaciones-crea-las-delicias\/","og_locale":"es_ES","og_type":"article","og_title":"Vacaciones Crea Las Delicias - Crea Las Delicias","og_description":"Desde el 1 de diciembre hasta el 15 de diciembre hemos estado en vacacionales en el Crea Las Delicias, en donde las \u00e1reas de danza, m\u00fasica, audiovisuales y artes pl\u00e1sticas han sido protagonistas de todos los procesos de formaci\u00f3n para los ni\u00f1os, ni\u00f1as y j\u00f3venes que hacen parte de nuestros talleres art\u00edsticos, queremos mostrarles algunas [&hellip;]","og_url":"https:\/\/www.crea.gov.co\/crea-las-delicias\/vacaciones-crea-las-delicias\/","og_site_name":"Crea Las Delicias","article_published_time":"2022-12-10T17:42:16+00:00","og_image":[{"width":899,"height":1599,"url":"https:\/\/www.crea.gov.co\/crea-las-delicias\/wp-content\/uploads\/sites\/9\/2022\/12\/WhatsApp-Image-2022-12-10-at-12.23.20-PM-1.jpeg","type":"image\/jpeg"}],"author":"angelicaplata","twitter_card":"summary_large_image","twitter_misc":{"Escrito por":"angelicaplata","Tiempo de lectura":"3 minutos"},"schema":{"@context":"https:\/\/schema.org","@graph":[{"@type":"WebPage","@id":"https:\/\/www.crea.gov.co\/crea-las-delicias\/vacaciones-crea-las-delicias\/","url":"https:\/\/www.crea.gov.co\/crea-las-delicias\/vacaciones-crea-las-delicias\/","name":"Vacaciones Crea Las Delicias - Crea Las Delicias","isPartOf":{"@id":"https:\/\/www.crea.gov.co\/crea-las-delicias\/#website"},"primaryImageOfPage":{"@id":"https:\/\/www.crea.gov.co\/crea-las-delicias\/vacaciones-crea-las-delicias\/#primaryimage"},"image":{"@id":"https:\/\/www.crea.gov.co\/crea-las-delicias\/vacaciones-crea-las-delicias\/#primaryimage"},"thumbnailUrl":"https:\/\/www.crea.gov.co\/crea-las-delicias\/wp-content\/uploads\/sites\/9\/2022\/12\/WhatsApp-Image-2022-12-10-at-12.23.20-PM-1.jpeg","datePublished":"2022-12-10T17:42:16+00:00","author":{"@id":"https:\/\/www.crea.gov.co\/crea-las-delicias\/#\/schema\/person\/ae203181042293c8456c62352a236a29"},"breadcrumb":{"@id":"https:\/\/www.crea.gov.co\/crea-las-delicias\/vacaciones-crea-las-delicias\/#breadcrumb"},"inLanguage":"es-CO","potentialAction":[{"@type":"ReadAction","target":["https:\/\/www.crea.gov.co\/crea-las-delicias\/vacaciones-crea-las-delicias\/"]}]},{"@type":"ImageObject","inLanguage":"es-CO","@id":"https:\/\/www.crea.gov.co\/crea-las-delicias\/vacaciones-crea-las-delicias\/#primaryimage","url":"https:\/\/www.crea.gov.co\/crea-las-delicias\/wp-content\/uploads\/sites\/9\/2022\/12\/WhatsApp-Image-2022-12-10-at-12.23.20-PM-1.jpeg","contentUrl":"https:\/\/www.crea.gov.co\/crea-las-delicias\/wp-content\/uploads\/sites\/9\/2022\/12\/WhatsApp-Image-2022-12-10-at-12.23.20-PM-1.jpeg","width":899,"height":1599},{"@type":"BreadcrumbList","@id":"https:\/\/www.crea.gov.co\/crea-las-delicias\/vacaciones-crea-las-delicias\/#breadcrumb","itemListElement":[{"@type":"ListItem","position":1,"name":"Home","item":"https:\/\/www.crea.gov.co\/crea-las-delicias\/"},{"@type":"ListItem","position":2,"name":"Vacaciones Crea Las Delicias"}]},{"@type":"WebSite","@id":"https:\/\/www.crea.gov.co\/crea-las-delicias\/#website","url":"https:\/\/www.crea.gov.co\/crea-las-delicias\/","name":"Crea Las Delicias","description":"En Ciudad Bol\u00edvar, sobre la Avenida Boyac\u00e1, la creatividad circula al ritmo de la ciudad. Ni\u00f1as, ni\u00f1os, j\u00f3venes y adultos encuentran un lugar para expresarse y descubrir nuevas formas de mirar su barrio, en medio del movimiento constante del sur de Bogot\u00e1.","potentialAction":[{"@type":"SearchAction","target":{"@type":"EntryPoint","urlTemplate":"https:\/\/www.crea.gov.co\/crea-las-delicias\/?s={search_term_string}"},"query-input":{"@type":"PropertyValueSpecification","valueRequired":true,"valueName":"search_term_string"}}],"inLanguage":"es-CO"},{"@type":"Person","@id":"https:\/\/www.crea.gov.co\/crea-las-delicias\/#\/schema\/person\/ae203181042293c8456c62352a236a29","name":"angelicaplata","image":{"@type":"ImageObject","inLanguage":"es-CO","@id":"https:\/\/www.crea.gov.co\/crea-las-delicias\/#\/schema\/person\/image\/","url":"https:\/\/secure.gravatar.com\/avatar\/51783113e1abf6286397d12903dad193?s=96&d=mm&r=g","contentUrl":"https:\/\/secure.gravatar.com\/avatar\/51783113e1abf6286397d12903dad193?s=96&d=mm&r=g","caption":"angelicaplata"},"url":"https:\/\/www.crea.gov.co\/crea-las-delicias\/author\/angelicaplata\/"}]}},"_links":{"self":[{"href":"https:\/\/www.crea.gov.co\/crea-las-delicias\/wp-json\/wp\/v2\/posts\/380","targetHints":{"allow":["GET"]}}],"collection":[{"href":"https:\/\/www.crea.gov.co\/crea-las-delicias\/wp-json\/wp\/v2\/posts"}],"about":[{"href":"https:\/\/www.crea.gov.co\/crea-las-delicias\/wp-json\/wp\/v2\/types\/post"}],"author":[{"embeddable":true,"href":"https:\/\/www.crea.gov.co\/crea-las-delicias\/wp-json\/wp\/v2\/users\/55"}],"replies":[{"embeddable":true,"href":"https:\/\/www.crea.gov.co\/crea-las-delicias\/wp-json\/wp\/v2\/comments?post=380"}],"version-history":[{"count":1,"href":"https:\/\/www.crea.gov.co\/crea-las-delicias\/wp-json\/wp\/v2\/posts\/380\/revisions"}],"predecessor-version":[{"id":401,"href":"https:\/\/www.crea.gov.co\/crea-las-delicias\/wp-json\/wp\/v2\/posts\/380\/revisions\/401"}],"wp:featuredmedia":[{"embeddable":true,"href":"https:\/\/www.crea.gov.co\/crea-las-delicias\/wp-json\/wp\/v2\/media\/388"}],"wp:attachment":[{"href":"https:\/\/www.crea.gov.co\/crea-las-delicias\/wp-json\/wp\/v2\/media?parent=380"}],"wp:term":[{"taxonomy":"category","embeddable":true,"href":"https:\/\/www.crea.gov.co\/crea-las-delicias\/wp-json\/wp\/v2\/categories?post=380"},{"taxonomy":"post_tag","embeddable":true,"href":"https:\/\/www.crea.gov.co\/crea-las-delicias\/wp-json\/wp\/v2\/tags?post=380"}],"curies":[{"name":"wp","href":"https:\/\/api.w.org\/{rel}","templated":true}]}}