{"id":988,"date":"2025-06-26T22:26:59","date_gmt":"2025-06-26T22:26:59","guid":{"rendered":"https:\/\/www.crea.gov.co\/crea-la-pepita\/?p=988"},"modified":"2025-06-27T00:51:41","modified_gmt":"2025-06-27T00:51:41","slug":"ecos-artisticos-en-los-pinos-ied","status":"publish","type":"post","link":"https:\/\/www.crea.gov.co\/crea-la-pepita\/ecos-artisticos-en-los-pinos-ied\/","title":{"rendered":"Ecos art\u00edsticos en Los Pinos IED"},"content":{"rendered":"\n<p><strong><mark style=\"background-color:#7bdcb5\" class=\"has-inline-color\">La naturaleza c\u00edclica de las cosas.<\/mark><\/strong><\/p>\n\n\n\n<p>La estrategia de visibilizaci\u00f3n del Programa Crea, con un enfoque ecosist\u00e9mico y el compromiso profundo con la acci\u00f3n pedag\u00f3gica, nos invita a conectar espacios de formaci\u00f3n, de creaci\u00f3n, socializaci\u00f3n y di\u00e1logo en comunidad. \u00bfPara qu\u00e9 nos encontramos? Para so\u00f1ar y construir un sue\u00f1o colectivo, para escuchar nuestras voces, comprender nuestras diferencias y singularidades, aprender de los dem\u00e1s, crear en colectivo y seguir d\u00e1ndole vuelo a la imaginaci\u00f3n. Comprender la naturaleza c\u00edclica de las cosas, nos invita a encontrarnos en un mismo tiempo y en un mismo lugar, para iniciar, encontr\u00e1ndonos, y volver a empezar.<\/p>\n\n\n\n<p>En el Crea La Pepita tuvimos la oportunidad de acompa\u00f1ar una tripleta singular del Colegio Los Pinos quienes dialogaron entre los lenguajes art\u00edsticos participando en el primer ecosistema del a\u00f1o. El grupo de Audiovisuales junto con el Artista Formador Alex Almario fue el encargado de producir una pieza audiovisual en comuni\u00f3n con los grupos de Danza y Teatro, con quienes coinciden en espacio y tiempo de las atenciones, se realizaron ejercicios de captura de los movimientos y uso de la luz, con prioridad en los planos de la c\u00e1mara, tratando de lograr un ritmo y aprovechamiento de las sombras y luces.<\/p>\n\n\n\n<figure class=\"wp-block-video\"><video controls src=\"https:\/\/www.crea.gov.co\/crea-la-pepita\/wp-content\/uploads\/sites\/16\/2025\/06\/low-Ecosistema-Pepita-Danza-Audiovisuales-y-Teatro-IED-Los-pinos.mp4\"><\/video><\/figure>\n\n\n\n<p>Es este ejercicio fue necesario reflexiona sobre el trabajo colaborativo, la comunicaci\u00f3n de emociones y la importancia del movimiento y el gesto, los mismos participantes de audiovisuales logran proponer los planos, el movimiento de la c\u00e1mara y la puesta en escena se hace con la comunicaci\u00f3n apropiada de los participantes de las otras diciplinas.<\/p>\n\n\n\n<p>Los participantes del \u00e1rea de Teatro junto con la Artista Formadora Vanesa Castro, estuvieron trabajando sobre el gesto, la expresi\u00f3n corporal y la importancia de estos conceptos a la hora de comunicar. Durante el proceso de formaci\u00f3n se explor\u00f3 sobre las acciones que tienen lugar en &#8220;Mi casa&#8221; y &#8220;Mi ciudad&#8221; a partir de all\u00ed los participantes construyeron estatuas humanas utilizando su cuerpo como la herramienta de comunicaci\u00f3n m\u00e1s poderosa. Las c\u00e1maras, las luces, los gestos, la palabra y el cuerpo juntaron fuerzas para crear una pieza audiovisual en la que los participantes pretend\u00edan llevar un mensaje muy importante a la torre de control. Con esta misi\u00f3n se busc\u00f3 resaltar la importancia de la creatividad y del trabajo en equipo.<\/p>\n\n\n\n<p>Por su parte el Artista Formador Juan Mojica de Danza y su grupo de bailarines aportaron a la l\u00ednea narrativa y dram\u00e1tica con sus movimientos urbanos influenciados por la ciudad misteriosa que esconde un gran secreto.<\/p>\n\n\n\n<p>Queremos destacar el compromiso de los participantes de los grados 4\u00b0 y 5\u00b0 que aceptaron el reto y se tomaron el Crea La Pepita para expresar toda su creatividad. Aplausos de pie para estos grandes artistas.<\/p>\n","protected":false},"excerpt":{"rendered":"<p>La naturaleza c\u00edclica de las cosas. La estrategia de visibilizaci\u00f3n del Programa Crea, con un enfoque ecosist\u00e9mico y el compromiso profundo con la acci\u00f3n pedag\u00f3gica, nos invita a conectar espacios de formaci\u00f3n, de creaci\u00f3n, socializaci\u00f3n y di\u00e1logo en comunidad. \u00bfPara qu\u00e9 nos encontramos? Para so\u00f1ar y construir un sue\u00f1o colectivo, para escuchar nuestras voces, comprender [&hellip;]<\/p>\n","protected":false},"author":96,"featured_media":944,"comment_status":"open","ping_status":"open","sticky":false,"template":"","format":"standard","meta":{"footnotes":""},"categories":[1],"tags":[],"class_list":["post-988","post","type-post","status-publish","format-standard","has-post-thumbnail","hentry","category-sin-categoria"],"yoast_head":"<!-- This site is optimized with the Yoast SEO plugin v24.5 - https:\/\/yoast.com\/wordpress\/plugins\/seo\/ -->\n<title>Ecos art\u00edsticos en Los Pinos IED - Crea La Pepita<\/title>\n<meta name=\"robots\" content=\"index, follow, max-snippet:-1, max-image-preview:large, max-video-preview:-1\" \/>\n<link rel=\"canonical\" href=\"https:\/\/www.crea.gov.co\/crea-la-pepita\/ecos-artisticos-en-los-pinos-ied\/\" \/>\n<meta property=\"og:locale\" content=\"es_ES\" \/>\n<meta property=\"og:type\" content=\"article\" \/>\n<meta property=\"og:title\" content=\"Ecos art\u00edsticos en Los Pinos IED - Crea La Pepita\" \/>\n<meta property=\"og:description\" content=\"La naturaleza c\u00edclica de las cosas. La estrategia de visibilizaci\u00f3n del Programa Crea, con un enfoque ecosist\u00e9mico y el compromiso profundo con la acci\u00f3n pedag\u00f3gica, nos invita a conectar espacios de formaci\u00f3n, de creaci\u00f3n, socializaci\u00f3n y di\u00e1logo en comunidad. \u00bfPara qu\u00e9 nos encontramos? Para so\u00f1ar y construir un sue\u00f1o colectivo, para escuchar nuestras voces, comprender [&hellip;]\" \/>\n<meta property=\"og:url\" content=\"https:\/\/www.crea.gov.co\/crea-la-pepita\/ecos-artisticos-en-los-pinos-ied\/\" \/>\n<meta property=\"og:site_name\" content=\"Crea La Pepita\" \/>\n<meta property=\"article:published_time\" content=\"2025-06-26T22:26:59+00:00\" \/>\n<meta property=\"article:modified_time\" content=\"2025-06-27T00:51:41+00:00\" \/>\n<meta property=\"og:image\" content=\"https:\/\/www.crea.gov.co\/crea-la-pepita\/wp-content\/uploads\/sites\/16\/2025\/05\/WhatsApp-Image-2025-05-31-at-4.32.59-PM-6.jpeg\" \/>\n\t<meta property=\"og:image:width\" content=\"960\" \/>\n\t<meta property=\"og:image:height\" content=\"1280\" \/>\n\t<meta property=\"og:image:type\" content=\"image\/jpeg\" \/>\n<meta name=\"author\" content=\"crealapepita\" \/>\n<meta name=\"twitter:card\" content=\"summary_large_image\" \/>\n<meta name=\"twitter:label1\" content=\"Escrito por\" \/>\n\t<meta name=\"twitter:data1\" content=\"crealapepita\" \/>\n\t<meta name=\"twitter:label2\" content=\"Tiempo de lectura\" \/>\n\t<meta name=\"twitter:data2\" content=\"3 minutos\" \/>\n<script type=\"application\/ld+json\" class=\"yoast-schema-graph\">{\"@context\":\"https:\/\/schema.org\",\"@graph\":[{\"@type\":\"WebPage\",\"@id\":\"https:\/\/www.crea.gov.co\/crea-la-pepita\/ecos-artisticos-en-los-pinos-ied\/\",\"url\":\"https:\/\/www.crea.gov.co\/crea-la-pepita\/ecos-artisticos-en-los-pinos-ied\/\",\"name\":\"Ecos art\u00edsticos en Los Pinos IED - Crea La Pepita\",\"isPartOf\":{\"@id\":\"https:\/\/www.crea.gov.co\/crea-la-pepita\/#website\"},\"primaryImageOfPage\":{\"@id\":\"https:\/\/www.crea.gov.co\/crea-la-pepita\/ecos-artisticos-en-los-pinos-ied\/#primaryimage\"},\"image\":{\"@id\":\"https:\/\/www.crea.gov.co\/crea-la-pepita\/ecos-artisticos-en-los-pinos-ied\/#primaryimage\"},\"thumbnailUrl\":\"https:\/\/www.crea.gov.co\/crea-la-pepita\/wp-content\/uploads\/sites\/16\/2025\/05\/WhatsApp-Image-2025-05-31-at-4.32.59-PM-6.jpeg\",\"datePublished\":\"2025-06-26T22:26:59+00:00\",\"dateModified\":\"2025-06-27T00:51:41+00:00\",\"author\":{\"@id\":\"https:\/\/www.crea.gov.co\/crea-la-pepita\/#\/schema\/person\/05258158d5ace81fe1c6a811712657e5\"},\"breadcrumb\":{\"@id\":\"https:\/\/www.crea.gov.co\/crea-la-pepita\/ecos-artisticos-en-los-pinos-ied\/#breadcrumb\"},\"inLanguage\":\"es-CO\",\"potentialAction\":[{\"@type\":\"ReadAction\",\"target\":[\"https:\/\/www.crea.gov.co\/crea-la-pepita\/ecos-artisticos-en-los-pinos-ied\/\"]}]},{\"@type\":\"ImageObject\",\"inLanguage\":\"es-CO\",\"@id\":\"https:\/\/www.crea.gov.co\/crea-la-pepita\/ecos-artisticos-en-los-pinos-ied\/#primaryimage\",\"url\":\"https:\/\/www.crea.gov.co\/crea-la-pepita\/wp-content\/uploads\/sites\/16\/2025\/05\/WhatsApp-Image-2025-05-31-at-4.32.59-PM-6.jpeg\",\"contentUrl\":\"https:\/\/www.crea.gov.co\/crea-la-pepita\/wp-content\/uploads\/sites\/16\/2025\/05\/WhatsApp-Image-2025-05-31-at-4.32.59-PM-6.jpeg\",\"width\":960,\"height\":1280},{\"@type\":\"BreadcrumbList\",\"@id\":\"https:\/\/www.crea.gov.co\/crea-la-pepita\/ecos-artisticos-en-los-pinos-ied\/#breadcrumb\",\"itemListElement\":[{\"@type\":\"ListItem\",\"position\":1,\"name\":\"Home\",\"item\":\"https:\/\/www.crea.gov.co\/crea-la-pepita\/\"},{\"@type\":\"ListItem\",\"position\":2,\"name\":\"Ecos art\u00edsticos en Los Pinos IED\"}]},{\"@type\":\"WebSite\",\"@id\":\"https:\/\/www.crea.gov.co\/crea-la-pepita\/#website\",\"url\":\"https:\/\/www.crea.gov.co\/crea-la-pepita\/\",\"name\":\"Crea La Pepita\",\"description\":\"Ubicado en un sector en el que el comercio y la vida urbana se cruzan todos los d\u00edas, este centro de formaci\u00f3n abre sus puertas a una comunidad marcada por la diversidad y el movimiento del centro de Bogot\u00e1. Aqu\u00ed, el arte se convierte en una forma de narrar las historias del barrio y de crear nuevos encuentros entre quienes comparten este territorio lleno de contrastes\",\"potentialAction\":[{\"@type\":\"SearchAction\",\"target\":{\"@type\":\"EntryPoint\",\"urlTemplate\":\"https:\/\/www.crea.gov.co\/crea-la-pepita\/?s={search_term_string}\"},\"query-input\":{\"@type\":\"PropertyValueSpecification\",\"valueRequired\":true,\"valueName\":\"search_term_string\"}}],\"inLanguage\":\"es-CO\"},{\"@type\":\"Person\",\"@id\":\"https:\/\/www.crea.gov.co\/crea-la-pepita\/#\/schema\/person\/05258158d5ace81fe1c6a811712657e5\",\"name\":\"crealapepita\",\"image\":{\"@type\":\"ImageObject\",\"inLanguage\":\"es-CO\",\"@id\":\"https:\/\/www.crea.gov.co\/crea-la-pepita\/#\/schema\/person\/image\/\",\"url\":\"https:\/\/secure.gravatar.com\/avatar\/9d330e48ed9ebab42142dd680a7a38f4?s=96&d=mm&r=g\",\"contentUrl\":\"https:\/\/secure.gravatar.com\/avatar\/9d330e48ed9ebab42142dd680a7a38f4?s=96&d=mm&r=g\",\"caption\":\"crealapepita\"},\"url\":\"https:\/\/www.crea.gov.co\/crea-la-pepita\/author\/crealapepita\/\"}]}<\/script>\n<!-- \/ Yoast SEO plugin. -->","yoast_head_json":{"title":"Ecos art\u00edsticos en Los Pinos IED - Crea La Pepita","robots":{"index":"index","follow":"follow","max-snippet":"max-snippet:-1","max-image-preview":"max-image-preview:large","max-video-preview":"max-video-preview:-1"},"canonical":"https:\/\/www.crea.gov.co\/crea-la-pepita\/ecos-artisticos-en-los-pinos-ied\/","og_locale":"es_ES","og_type":"article","og_title":"Ecos art\u00edsticos en Los Pinos IED - Crea La Pepita","og_description":"La naturaleza c\u00edclica de las cosas. La estrategia de visibilizaci\u00f3n del Programa Crea, con un enfoque ecosist\u00e9mico y el compromiso profundo con la acci\u00f3n pedag\u00f3gica, nos invita a conectar espacios de formaci\u00f3n, de creaci\u00f3n, socializaci\u00f3n y di\u00e1logo en comunidad. \u00bfPara qu\u00e9 nos encontramos? Para so\u00f1ar y construir un sue\u00f1o colectivo, para escuchar nuestras voces, comprender [&hellip;]","og_url":"https:\/\/www.crea.gov.co\/crea-la-pepita\/ecos-artisticos-en-los-pinos-ied\/","og_site_name":"Crea La Pepita","article_published_time":"2025-06-26T22:26:59+00:00","article_modified_time":"2025-06-27T00:51:41+00:00","og_image":[{"width":960,"height":1280,"url":"https:\/\/www.crea.gov.co\/crea-la-pepita\/wp-content\/uploads\/sites\/16\/2025\/05\/WhatsApp-Image-2025-05-31-at-4.32.59-PM-6.jpeg","type":"image\/jpeg"}],"author":"crealapepita","twitter_card":"summary_large_image","twitter_misc":{"Escrito por":"crealapepita","Tiempo de lectura":"3 minutos"},"schema":{"@context":"https:\/\/schema.org","@graph":[{"@type":"WebPage","@id":"https:\/\/www.crea.gov.co\/crea-la-pepita\/ecos-artisticos-en-los-pinos-ied\/","url":"https:\/\/www.crea.gov.co\/crea-la-pepita\/ecos-artisticos-en-los-pinos-ied\/","name":"Ecos art\u00edsticos en Los Pinos IED - Crea La Pepita","isPartOf":{"@id":"https:\/\/www.crea.gov.co\/crea-la-pepita\/#website"},"primaryImageOfPage":{"@id":"https:\/\/www.crea.gov.co\/crea-la-pepita\/ecos-artisticos-en-los-pinos-ied\/#primaryimage"},"image":{"@id":"https:\/\/www.crea.gov.co\/crea-la-pepita\/ecos-artisticos-en-los-pinos-ied\/#primaryimage"},"thumbnailUrl":"https:\/\/www.crea.gov.co\/crea-la-pepita\/wp-content\/uploads\/sites\/16\/2025\/05\/WhatsApp-Image-2025-05-31-at-4.32.59-PM-6.jpeg","datePublished":"2025-06-26T22:26:59+00:00","dateModified":"2025-06-27T00:51:41+00:00","author":{"@id":"https:\/\/www.crea.gov.co\/crea-la-pepita\/#\/schema\/person\/05258158d5ace81fe1c6a811712657e5"},"breadcrumb":{"@id":"https:\/\/www.crea.gov.co\/crea-la-pepita\/ecos-artisticos-en-los-pinos-ied\/#breadcrumb"},"inLanguage":"es-CO","potentialAction":[{"@type":"ReadAction","target":["https:\/\/www.crea.gov.co\/crea-la-pepita\/ecos-artisticos-en-los-pinos-ied\/"]}]},{"@type":"ImageObject","inLanguage":"es-CO","@id":"https:\/\/www.crea.gov.co\/crea-la-pepita\/ecos-artisticos-en-los-pinos-ied\/#primaryimage","url":"https:\/\/www.crea.gov.co\/crea-la-pepita\/wp-content\/uploads\/sites\/16\/2025\/05\/WhatsApp-Image-2025-05-31-at-4.32.59-PM-6.jpeg","contentUrl":"https:\/\/www.crea.gov.co\/crea-la-pepita\/wp-content\/uploads\/sites\/16\/2025\/05\/WhatsApp-Image-2025-05-31-at-4.32.59-PM-6.jpeg","width":960,"height":1280},{"@type":"BreadcrumbList","@id":"https:\/\/www.crea.gov.co\/crea-la-pepita\/ecos-artisticos-en-los-pinos-ied\/#breadcrumb","itemListElement":[{"@type":"ListItem","position":1,"name":"Home","item":"https:\/\/www.crea.gov.co\/crea-la-pepita\/"},{"@type":"ListItem","position":2,"name":"Ecos art\u00edsticos en Los Pinos IED"}]},{"@type":"WebSite","@id":"https:\/\/www.crea.gov.co\/crea-la-pepita\/#website","url":"https:\/\/www.crea.gov.co\/crea-la-pepita\/","name":"Crea La Pepita","description":"Ubicado en un sector en el que el comercio y la vida urbana se cruzan todos los d\u00edas, este centro de formaci\u00f3n abre sus puertas a una comunidad marcada por la diversidad y el movimiento del centro de Bogot\u00e1. Aqu\u00ed, el arte se convierte en una forma de narrar las historias del barrio y de crear nuevos encuentros entre quienes comparten este territorio lleno de contrastes","potentialAction":[{"@type":"SearchAction","target":{"@type":"EntryPoint","urlTemplate":"https:\/\/www.crea.gov.co\/crea-la-pepita\/?s={search_term_string}"},"query-input":{"@type":"PropertyValueSpecification","valueRequired":true,"valueName":"search_term_string"}}],"inLanguage":"es-CO"},{"@type":"Person","@id":"https:\/\/www.crea.gov.co\/crea-la-pepita\/#\/schema\/person\/05258158d5ace81fe1c6a811712657e5","name":"crealapepita","image":{"@type":"ImageObject","inLanguage":"es-CO","@id":"https:\/\/www.crea.gov.co\/crea-la-pepita\/#\/schema\/person\/image\/","url":"https:\/\/secure.gravatar.com\/avatar\/9d330e48ed9ebab42142dd680a7a38f4?s=96&d=mm&r=g","contentUrl":"https:\/\/secure.gravatar.com\/avatar\/9d330e48ed9ebab42142dd680a7a38f4?s=96&d=mm&r=g","caption":"crealapepita"},"url":"https:\/\/www.crea.gov.co\/crea-la-pepita\/author\/crealapepita\/"}]}},"_links":{"self":[{"href":"https:\/\/www.crea.gov.co\/crea-la-pepita\/wp-json\/wp\/v2\/posts\/988","targetHints":{"allow":["GET"]}}],"collection":[{"href":"https:\/\/www.crea.gov.co\/crea-la-pepita\/wp-json\/wp\/v2\/posts"}],"about":[{"href":"https:\/\/www.crea.gov.co\/crea-la-pepita\/wp-json\/wp\/v2\/types\/post"}],"author":[{"embeddable":true,"href":"https:\/\/www.crea.gov.co\/crea-la-pepita\/wp-json\/wp\/v2\/users\/96"}],"replies":[{"embeddable":true,"href":"https:\/\/www.crea.gov.co\/crea-la-pepita\/wp-json\/wp\/v2\/comments?post=988"}],"version-history":[{"count":2,"href":"https:\/\/www.crea.gov.co\/crea-la-pepita\/wp-json\/wp\/v2\/posts\/988\/revisions"}],"predecessor-version":[{"id":992,"href":"https:\/\/www.crea.gov.co\/crea-la-pepita\/wp-json\/wp\/v2\/posts\/988\/revisions\/992"}],"wp:featuredmedia":[{"embeddable":true,"href":"https:\/\/www.crea.gov.co\/crea-la-pepita\/wp-json\/wp\/v2\/media\/944"}],"wp:attachment":[{"href":"https:\/\/www.crea.gov.co\/crea-la-pepita\/wp-json\/wp\/v2\/media?parent=988"}],"wp:term":[{"taxonomy":"category","embeddable":true,"href":"https:\/\/www.crea.gov.co\/crea-la-pepita\/wp-json\/wp\/v2\/categories?post=988"},{"taxonomy":"post_tag","embeddable":true,"href":"https:\/\/www.crea.gov.co\/crea-la-pepita\/wp-json\/wp\/v2\/tags?post=988"}],"curies":[{"name":"wp","href":"https:\/\/api.w.org\/{rel}","templated":true}]}}