{"id":876,"date":"2025-03-17T04:05:04","date_gmt":"2025-03-17T04:05:04","guid":{"rendered":"https:\/\/www.crea.gov.co\/crea-la-pepita\/?p=876"},"modified":"2025-03-17T05:39:35","modified_gmt":"2025-03-17T05:39:35","slug":"creacion-digital","status":"publish","type":"post","link":"https:\/\/www.crea.gov.co\/crea-la-pepita\/creacion-digital\/","title":{"rendered":"\u00bfCreaci\u00f3n Digital?"},"content":{"rendered":"\n<p><strong><mark style=\"background-color:#7bdcb5\" class=\"has-inline-color\">Te contamos sobre nuestros procesos en este maravilloso lenguaje art\u00edstico<\/mark><\/strong><\/p>\n\n\n\n<p>El \u00c1rea de Creaci\u00f3n Digital desarrolla procesos de formaci\u00f3n en la convergencia entre arte y tecnolog\u00eda en el \u00e1mbito de la cultura digital, haciendo un \u00e9nfasis particular en la construcci\u00f3n de ciudadan\u00edas digitales sensibles, cr\u00edticas y creativas, estimulando la potencia creadora de los individuos e instalando nuevas formas de construcci\u00f3n de conocimiento y sentido ligadas a la creaci\u00f3n tecno po\u00e9tica y la producci\u00f3n art\u00edstica transdisciplinar.<\/p>\n\n\n\n<p>El \u00c1rea de Creaci\u00f3n Digital genera experiencias de creaci\u00f3n en torno al trabajo con sistemas interactivos, digitales, rob\u00f3ticos; experimenta con inteligencias artificiales, procesos de gamificaci\u00f3n de la experiencia, visualizaci\u00f3n y an\u00e1lisis de datos, live coding, arte generativo, creaci\u00f3n de videojuegos, producci\u00f3n de imagen digital y narrativas transmediales, modelado digital, fotogrametr\u00eda, prototipado e impresi\u00f3n 3d, tecnolog\u00edas inmersivas, experimentaci\u00f3n de c\u00f3digo abierto y desarrollo de software, sonoridades digitales, arte generativo, exploraci\u00f3n y reconfiguraci\u00f3n de objetos, m\u00e1quinas y dispositivos tecnol\u00f3gicos, creaci\u00f3n de artefactos, ensamblajes y prototipos.<\/p>\n\n\n\n<figure class=\"wp-block-embed is-type-video is-provider-youtube wp-block-embed-youtube wp-embed-aspect-16-9 wp-has-aspect-ratio\"><div class=\"wp-block-embed__wrapper\">\n<iframe loading=\"lazy\" title=\"Creaci\u00f3n Digital Programa Crea-Idartes\" width=\"500\" height=\"281\" src=\"https:\/\/www.youtube.com\/embed\/Umb82P97y34?feature=oembed\" frameborder=\"0\" allow=\"accelerometer; autoplay; clipboard-write; encrypted-media; gyroscope; picture-in-picture; web-share\" referrerpolicy=\"strict-origin-when-cross-origin\" allowfullscreen><\/iframe>\n<\/div><\/figure>\n\n\n\n<p>En en Crea La Pepita tenemos dos espacios para que desarrollen procesos de formaci\u00f3n y creaci\u00f3n art\u00edstica desde la Creaci\u00f3n Digital:<\/p>\n\n\n\n<p><mark style=\"background-color:#8ed1fc\" class=\"has-inline-color has-black-color\"><strong>Hackeo y experimentaci\u00f3n tecnol\u00f3gica. <\/strong><\/mark><\/p>\n\n\n\n<p>Edad: 6 a 12 a\u00f1os. En este espacio exploramos la creatividad utilizando la tecnolog\u00eda para crear todo tipo de arte. Por medio de experimentos, mecanismos y computadores crearemos robots, personajes y otros mundos solo posibles en universos paralelos. Recorriendo mundos tan peque\u00f1os como el de los insectos hasta llegar al espacio y jugar entre planetas. Horario: martes y jueves de 3:30 pm a 5:30 pm.<\/p>\n\n\n\n<figure class=\"wp-block-gallery has-nested-images columns-default is-cropped wp-block-gallery-1 is-layout-flex wp-block-gallery-is-layout-flex\">\n<figure class=\"wp-block-image size-large\"><img loading=\"lazy\" decoding=\"async\" width=\"1024\" height=\"683\" data-id=\"877\" src=\"https:\/\/www.crea.gov.co\/crea-la-pepita\/wp-content\/uploads\/sites\/16\/2025\/03\/Creacion-Digital-1024x683.jpg\" alt=\"\" class=\"wp-image-877\" srcset=\"https:\/\/www.crea.gov.co\/crea-la-pepita\/wp-content\/uploads\/sites\/16\/2025\/03\/Creacion-Digital-1024x683.jpg 1024w, https:\/\/www.crea.gov.co\/crea-la-pepita\/wp-content\/uploads\/sites\/16\/2025\/03\/Creacion-Digital-300x200.jpg 300w, https:\/\/www.crea.gov.co\/crea-la-pepita\/wp-content\/uploads\/sites\/16\/2025\/03\/Creacion-Digital-768x512.jpg 768w, https:\/\/www.crea.gov.co\/crea-la-pepita\/wp-content\/uploads\/sites\/16\/2025\/03\/Creacion-Digital-1536x1024.jpg 1536w, https:\/\/www.crea.gov.co\/crea-la-pepita\/wp-content\/uploads\/sites\/16\/2025\/03\/Creacion-Digital-2048x1366.jpg 2048w\" sizes=\"auto, (max-width: 1024px) 100vw, 1024px\" \/><\/figure>\n\n\n\n<figure class=\"wp-block-image size-large\"><img loading=\"lazy\" decoding=\"async\" width=\"1024\" height=\"684\" data-id=\"878\" src=\"https:\/\/www.crea.gov.co\/crea-la-pepita\/wp-content\/uploads\/sites\/16\/2025\/03\/Heidy-1024x684.jpg\" alt=\"\" class=\"wp-image-878\" srcset=\"https:\/\/www.crea.gov.co\/crea-la-pepita\/wp-content\/uploads\/sites\/16\/2025\/03\/Heidy-1024x684.jpg 1024w, https:\/\/www.crea.gov.co\/crea-la-pepita\/wp-content\/uploads\/sites\/16\/2025\/03\/Heidy-300x200.jpg 300w, https:\/\/www.crea.gov.co\/crea-la-pepita\/wp-content\/uploads\/sites\/16\/2025\/03\/Heidy-768x513.jpg 768w, https:\/\/www.crea.gov.co\/crea-la-pepita\/wp-content\/uploads\/sites\/16\/2025\/03\/Heidy-1536x1025.jpg 1536w, https:\/\/www.crea.gov.co\/crea-la-pepita\/wp-content\/uploads\/sites\/16\/2025\/03\/Heidy-2048x1367.jpg 2048w\" sizes=\"auto, (max-width: 1024px) 100vw, 1024px\" \/><\/figure>\n<\/figure>\n\n\n\n<p>Edad: 17 a 59 a\u00f1os. En este espacio podr\u00e1s explorar el movimiento desde sus formas animales. A trav\u00e9s de la construcci\u00f3n de mecanismos simples y circuitos b\u00e1sicos, los participantes explorar\u00e1n diferentes posibilidades de creaci\u00f3n en el que podr\u00e1n proponer de manera conjunta un bestiario de seres imaginarios, donde se justifica la inclusi\u00f3n de cualquier forma u entidad que quiera cobrar vida a trav\u00e9s del movimiento \u201ctoda palabra gen\u00e9rica, y tal vez, cada uno de nosotros y la Divinidad\u201d. Nos inspiramos en la literatura, en la ciencia ficci\u00f3n, en las artes adivinatorias como la Astrobiolog\u00eda y en la observaci\u00f3n de la vida misma. Horario: mi\u00e9rcoles y viernes de 3:30 pm a 5:30 pm<\/p>\n\n\n\n<figure class=\"wp-block-image size-large\"><img loading=\"lazy\" decoding=\"async\" width=\"1024\" height=\"684\" src=\"https:\/\/www.crea.gov.co\/crea-la-pepita\/wp-content\/uploads\/sites\/16\/2025\/03\/Otra-1024x684.jpg\" alt=\"\" class=\"wp-image-879\" srcset=\"https:\/\/www.crea.gov.co\/crea-la-pepita\/wp-content\/uploads\/sites\/16\/2025\/03\/Otra-1024x684.jpg 1024w, https:\/\/www.crea.gov.co\/crea-la-pepita\/wp-content\/uploads\/sites\/16\/2025\/03\/Otra-300x200.jpg 300w, https:\/\/www.crea.gov.co\/crea-la-pepita\/wp-content\/uploads\/sites\/16\/2025\/03\/Otra-768x513.jpg 768w, https:\/\/www.crea.gov.co\/crea-la-pepita\/wp-content\/uploads\/sites\/16\/2025\/03\/Otra-1536x1025.jpg 1536w, https:\/\/www.crea.gov.co\/crea-la-pepita\/wp-content\/uploads\/sites\/16\/2025\/03\/Otra-2048x1367.jpg 2048w\" sizes=\"auto, (max-width: 1024px) 100vw, 1024px\" \/><\/figure>\n\n\n\n<p>Recuerden que nuestros talleres son totalmente gratuitos y pueden inscribirse de lunes a viernes de 8:00 am a 5:00 pm y los s\u00e1bados de 8:00 am a 12:00 pm en el Crea La Pepita ubicado en la Cra 25 # 10-78.<\/p>\n\n\n\n<p>Requisitos: Fotocopia del documento de identidad, fotocopia de la certificaci\u00f3n de afiliaci\u00f3n a salud y fotocopia de un recibo de servicio p\u00fablico.<\/p>\n\n\n\n<figure class=\"wp-block-gallery has-nested-images columns-default is-cropped wp-block-gallery-2 is-layout-flex wp-block-gallery-is-layout-flex\">\n<figure class=\"wp-block-image size-large\"><img loading=\"lazy\" decoding=\"async\" width=\"1024\" height=\"724\" data-id=\"887\" src=\"https:\/\/www.crea.gov.co\/crea-la-pepita\/wp-content\/uploads\/sites\/16\/2025\/03\/1-1024x724.jpg\" alt=\"\" class=\"wp-image-887\" srcset=\"https:\/\/www.crea.gov.co\/crea-la-pepita\/wp-content\/uploads\/sites\/16\/2025\/03\/1-1024x724.jpg 1024w, https:\/\/www.crea.gov.co\/crea-la-pepita\/wp-content\/uploads\/sites\/16\/2025\/03\/1-300x212.jpg 300w, https:\/\/www.crea.gov.co\/crea-la-pepita\/wp-content\/uploads\/sites\/16\/2025\/03\/1-768x543.jpg 768w, https:\/\/www.crea.gov.co\/crea-la-pepita\/wp-content\/uploads\/sites\/16\/2025\/03\/1-1536x1086.jpg 1536w, https:\/\/www.crea.gov.co\/crea-la-pepita\/wp-content\/uploads\/sites\/16\/2025\/03\/1.jpg 2000w\" sizes=\"auto, (max-width: 1024px) 100vw, 1024px\" \/><\/figure>\n\n\n\n<figure class=\"wp-block-image size-large\"><img loading=\"lazy\" decoding=\"async\" width=\"1024\" height=\"724\" data-id=\"888\" src=\"https:\/\/www.crea.gov.co\/crea-la-pepita\/wp-content\/uploads\/sites\/16\/2025\/03\/8-1024x724.jpg\" alt=\"\" class=\"wp-image-888\" srcset=\"https:\/\/www.crea.gov.co\/crea-la-pepita\/wp-content\/uploads\/sites\/16\/2025\/03\/8-1024x724.jpg 1024w, https:\/\/www.crea.gov.co\/crea-la-pepita\/wp-content\/uploads\/sites\/16\/2025\/03\/8-300x212.jpg 300w, https:\/\/www.crea.gov.co\/crea-la-pepita\/wp-content\/uploads\/sites\/16\/2025\/03\/8-768x543.jpg 768w, https:\/\/www.crea.gov.co\/crea-la-pepita\/wp-content\/uploads\/sites\/16\/2025\/03\/8-1536x1086.jpg 1536w, https:\/\/www.crea.gov.co\/crea-la-pepita\/wp-content\/uploads\/sites\/16\/2025\/03\/8.jpg 2000w\" sizes=\"auto, (max-width: 1024px) 100vw, 1024px\" \/><\/figure>\n<\/figure>\n","protected":false},"excerpt":{"rendered":"<p>Te contamos sobre nuestros procesos en este maravilloso lenguaje art\u00edstico El \u00c1rea de Creaci\u00f3n Digital desarrolla procesos de formaci\u00f3n en la convergencia entre arte y tecnolog\u00eda en el \u00e1mbito de la cultura digital, haciendo un \u00e9nfasis particular en la construcci\u00f3n de ciudadan\u00edas digitales sensibles, cr\u00edticas y creativas, estimulando la potencia creadora de los individuos e [&hellip;]<\/p>\n","protected":false},"author":96,"featured_media":878,"comment_status":"open","ping_status":"open","sticky":false,"template":"","format":"standard","meta":{"footnotes":""},"categories":[1],"tags":[],"class_list":["post-876","post","type-post","status-publish","format-standard","has-post-thumbnail","hentry","category-sin-categoria"],"yoast_head":"<!-- This site is optimized with the Yoast SEO plugin v24.5 - https:\/\/yoast.com\/wordpress\/plugins\/seo\/ -->\n<title>\u00bfCreaci\u00f3n Digital? - Crea La Pepita<\/title>\n<meta name=\"robots\" content=\"index, follow, max-snippet:-1, max-image-preview:large, max-video-preview:-1\" \/>\n<link rel=\"canonical\" href=\"https:\/\/www.crea.gov.co\/crea-la-pepita\/creacion-digital\/\" \/>\n<meta property=\"og:locale\" content=\"es_ES\" \/>\n<meta property=\"og:type\" content=\"article\" \/>\n<meta property=\"og:title\" content=\"\u00bfCreaci\u00f3n Digital? - Crea La Pepita\" \/>\n<meta property=\"og:description\" content=\"Te contamos sobre nuestros procesos en este maravilloso lenguaje art\u00edstico El \u00c1rea de Creaci\u00f3n Digital desarrolla procesos de formaci\u00f3n en la convergencia entre arte y tecnolog\u00eda en el \u00e1mbito de la cultura digital, haciendo un \u00e9nfasis particular en la construcci\u00f3n de ciudadan\u00edas digitales sensibles, cr\u00edticas y creativas, estimulando la potencia creadora de los individuos e [&hellip;]\" \/>\n<meta property=\"og:url\" content=\"https:\/\/www.crea.gov.co\/crea-la-pepita\/creacion-digital\/\" \/>\n<meta property=\"og:site_name\" content=\"Crea La Pepita\" \/>\n<meta property=\"article:published_time\" content=\"2025-03-17T04:05:04+00:00\" \/>\n<meta property=\"article:modified_time\" content=\"2025-03-17T05:39:35+00:00\" \/>\n<meta property=\"og:image\" content=\"https:\/\/www.crea.gov.co\/crea-la-pepita\/wp-content\/uploads\/sites\/16\/2025\/03\/Heidy.jpg\" \/>\n\t<meta property=\"og:image:width\" content=\"2560\" \/>\n\t<meta property=\"og:image:height\" content=\"1709\" \/>\n\t<meta property=\"og:image:type\" content=\"image\/jpeg\" \/>\n<meta name=\"author\" content=\"crealapepita\" \/>\n<meta name=\"twitter:card\" content=\"summary_large_image\" \/>\n<meta name=\"twitter:label1\" content=\"Escrito por\" \/>\n\t<meta name=\"twitter:data1\" content=\"crealapepita\" \/>\n\t<meta name=\"twitter:label2\" content=\"Tiempo de lectura\" \/>\n\t<meta name=\"twitter:data2\" content=\"4 minutos\" \/>\n<script type=\"application\/ld+json\" class=\"yoast-schema-graph\">{\"@context\":\"https:\/\/schema.org\",\"@graph\":[{\"@type\":\"WebPage\",\"@id\":\"https:\/\/www.crea.gov.co\/crea-la-pepita\/creacion-digital\/\",\"url\":\"https:\/\/www.crea.gov.co\/crea-la-pepita\/creacion-digital\/\",\"name\":\"\u00bfCreaci\u00f3n Digital? - Crea La Pepita\",\"isPartOf\":{\"@id\":\"https:\/\/www.crea.gov.co\/crea-la-pepita\/#website\"},\"primaryImageOfPage\":{\"@id\":\"https:\/\/www.crea.gov.co\/crea-la-pepita\/creacion-digital\/#primaryimage\"},\"image\":{\"@id\":\"https:\/\/www.crea.gov.co\/crea-la-pepita\/creacion-digital\/#primaryimage\"},\"thumbnailUrl\":\"https:\/\/www.crea.gov.co\/crea-la-pepita\/wp-content\/uploads\/sites\/16\/2025\/03\/Heidy.jpg\",\"datePublished\":\"2025-03-17T04:05:04+00:00\",\"dateModified\":\"2025-03-17T05:39:35+00:00\",\"author\":{\"@id\":\"https:\/\/www.crea.gov.co\/crea-la-pepita\/#\/schema\/person\/05258158d5ace81fe1c6a811712657e5\"},\"breadcrumb\":{\"@id\":\"https:\/\/www.crea.gov.co\/crea-la-pepita\/creacion-digital\/#breadcrumb\"},\"inLanguage\":\"es-CO\",\"potentialAction\":[{\"@type\":\"ReadAction\",\"target\":[\"https:\/\/www.crea.gov.co\/crea-la-pepita\/creacion-digital\/\"]}]},{\"@type\":\"ImageObject\",\"inLanguage\":\"es-CO\",\"@id\":\"https:\/\/www.crea.gov.co\/crea-la-pepita\/creacion-digital\/#primaryimage\",\"url\":\"https:\/\/www.crea.gov.co\/crea-la-pepita\/wp-content\/uploads\/sites\/16\/2025\/03\/Heidy.jpg\",\"contentUrl\":\"https:\/\/www.crea.gov.co\/crea-la-pepita\/wp-content\/uploads\/sites\/16\/2025\/03\/Heidy.jpg\",\"width\":2560,\"height\":1709,\"caption\":\"Haz parte del Crea\"},{\"@type\":\"BreadcrumbList\",\"@id\":\"https:\/\/www.crea.gov.co\/crea-la-pepita\/creacion-digital\/#breadcrumb\",\"itemListElement\":[{\"@type\":\"ListItem\",\"position\":1,\"name\":\"Home\",\"item\":\"https:\/\/www.crea.gov.co\/crea-la-pepita\/\"},{\"@type\":\"ListItem\",\"position\":2,\"name\":\"\u00bfCreaci\u00f3n Digital?\"}]},{\"@type\":\"WebSite\",\"@id\":\"https:\/\/www.crea.gov.co\/crea-la-pepita\/#website\",\"url\":\"https:\/\/www.crea.gov.co\/crea-la-pepita\/\",\"name\":\"Crea La Pepita\",\"description\":\"Ubicado en un sector en el que el comercio y la vida urbana se cruzan todos los d\u00edas, este centro de formaci\u00f3n abre sus puertas a una comunidad marcada por la diversidad y el movimiento del centro de Bogot\u00e1. Aqu\u00ed, el arte se convierte en una forma de narrar las historias del barrio y de crear nuevos encuentros entre quienes comparten este territorio lleno de contrastes\",\"potentialAction\":[{\"@type\":\"SearchAction\",\"target\":{\"@type\":\"EntryPoint\",\"urlTemplate\":\"https:\/\/www.crea.gov.co\/crea-la-pepita\/?s={search_term_string}\"},\"query-input\":{\"@type\":\"PropertyValueSpecification\",\"valueRequired\":true,\"valueName\":\"search_term_string\"}}],\"inLanguage\":\"es-CO\"},{\"@type\":\"Person\",\"@id\":\"https:\/\/www.crea.gov.co\/crea-la-pepita\/#\/schema\/person\/05258158d5ace81fe1c6a811712657e5\",\"name\":\"crealapepita\",\"image\":{\"@type\":\"ImageObject\",\"inLanguage\":\"es-CO\",\"@id\":\"https:\/\/www.crea.gov.co\/crea-la-pepita\/#\/schema\/person\/image\/\",\"url\":\"https:\/\/secure.gravatar.com\/avatar\/9d330e48ed9ebab42142dd680a7a38f4?s=96&d=mm&r=g\",\"contentUrl\":\"https:\/\/secure.gravatar.com\/avatar\/9d330e48ed9ebab42142dd680a7a38f4?s=96&d=mm&r=g\",\"caption\":\"crealapepita\"},\"url\":\"https:\/\/www.crea.gov.co\/crea-la-pepita\/author\/crealapepita\/\"}]}<\/script>\n<!-- \/ Yoast SEO plugin. -->","yoast_head_json":{"title":"\u00bfCreaci\u00f3n Digital? - Crea La Pepita","robots":{"index":"index","follow":"follow","max-snippet":"max-snippet:-1","max-image-preview":"max-image-preview:large","max-video-preview":"max-video-preview:-1"},"canonical":"https:\/\/www.crea.gov.co\/crea-la-pepita\/creacion-digital\/","og_locale":"es_ES","og_type":"article","og_title":"\u00bfCreaci\u00f3n Digital? - Crea La Pepita","og_description":"Te contamos sobre nuestros procesos en este maravilloso lenguaje art\u00edstico El \u00c1rea de Creaci\u00f3n Digital desarrolla procesos de formaci\u00f3n en la convergencia entre arte y tecnolog\u00eda en el \u00e1mbito de la cultura digital, haciendo un \u00e9nfasis particular en la construcci\u00f3n de ciudadan\u00edas digitales sensibles, cr\u00edticas y creativas, estimulando la potencia creadora de los individuos e [&hellip;]","og_url":"https:\/\/www.crea.gov.co\/crea-la-pepita\/creacion-digital\/","og_site_name":"Crea La Pepita","article_published_time":"2025-03-17T04:05:04+00:00","article_modified_time":"2025-03-17T05:39:35+00:00","og_image":[{"width":2560,"height":1709,"url":"https:\/\/www.crea.gov.co\/crea-la-pepita\/wp-content\/uploads\/sites\/16\/2025\/03\/Heidy.jpg","type":"image\/jpeg"}],"author":"crealapepita","twitter_card":"summary_large_image","twitter_misc":{"Escrito por":"crealapepita","Tiempo de lectura":"4 minutos"},"schema":{"@context":"https:\/\/schema.org","@graph":[{"@type":"WebPage","@id":"https:\/\/www.crea.gov.co\/crea-la-pepita\/creacion-digital\/","url":"https:\/\/www.crea.gov.co\/crea-la-pepita\/creacion-digital\/","name":"\u00bfCreaci\u00f3n Digital? - Crea La Pepita","isPartOf":{"@id":"https:\/\/www.crea.gov.co\/crea-la-pepita\/#website"},"primaryImageOfPage":{"@id":"https:\/\/www.crea.gov.co\/crea-la-pepita\/creacion-digital\/#primaryimage"},"image":{"@id":"https:\/\/www.crea.gov.co\/crea-la-pepita\/creacion-digital\/#primaryimage"},"thumbnailUrl":"https:\/\/www.crea.gov.co\/crea-la-pepita\/wp-content\/uploads\/sites\/16\/2025\/03\/Heidy.jpg","datePublished":"2025-03-17T04:05:04+00:00","dateModified":"2025-03-17T05:39:35+00:00","author":{"@id":"https:\/\/www.crea.gov.co\/crea-la-pepita\/#\/schema\/person\/05258158d5ace81fe1c6a811712657e5"},"breadcrumb":{"@id":"https:\/\/www.crea.gov.co\/crea-la-pepita\/creacion-digital\/#breadcrumb"},"inLanguage":"es-CO","potentialAction":[{"@type":"ReadAction","target":["https:\/\/www.crea.gov.co\/crea-la-pepita\/creacion-digital\/"]}]},{"@type":"ImageObject","inLanguage":"es-CO","@id":"https:\/\/www.crea.gov.co\/crea-la-pepita\/creacion-digital\/#primaryimage","url":"https:\/\/www.crea.gov.co\/crea-la-pepita\/wp-content\/uploads\/sites\/16\/2025\/03\/Heidy.jpg","contentUrl":"https:\/\/www.crea.gov.co\/crea-la-pepita\/wp-content\/uploads\/sites\/16\/2025\/03\/Heidy.jpg","width":2560,"height":1709,"caption":"Haz parte del Crea"},{"@type":"BreadcrumbList","@id":"https:\/\/www.crea.gov.co\/crea-la-pepita\/creacion-digital\/#breadcrumb","itemListElement":[{"@type":"ListItem","position":1,"name":"Home","item":"https:\/\/www.crea.gov.co\/crea-la-pepita\/"},{"@type":"ListItem","position":2,"name":"\u00bfCreaci\u00f3n Digital?"}]},{"@type":"WebSite","@id":"https:\/\/www.crea.gov.co\/crea-la-pepita\/#website","url":"https:\/\/www.crea.gov.co\/crea-la-pepita\/","name":"Crea La Pepita","description":"Ubicado en un sector en el que el comercio y la vida urbana se cruzan todos los d\u00edas, este centro de formaci\u00f3n abre sus puertas a una comunidad marcada por la diversidad y el movimiento del centro de Bogot\u00e1. Aqu\u00ed, el arte se convierte en una forma de narrar las historias del barrio y de crear nuevos encuentros entre quienes comparten este territorio lleno de contrastes","potentialAction":[{"@type":"SearchAction","target":{"@type":"EntryPoint","urlTemplate":"https:\/\/www.crea.gov.co\/crea-la-pepita\/?s={search_term_string}"},"query-input":{"@type":"PropertyValueSpecification","valueRequired":true,"valueName":"search_term_string"}}],"inLanguage":"es-CO"},{"@type":"Person","@id":"https:\/\/www.crea.gov.co\/crea-la-pepita\/#\/schema\/person\/05258158d5ace81fe1c6a811712657e5","name":"crealapepita","image":{"@type":"ImageObject","inLanguage":"es-CO","@id":"https:\/\/www.crea.gov.co\/crea-la-pepita\/#\/schema\/person\/image\/","url":"https:\/\/secure.gravatar.com\/avatar\/9d330e48ed9ebab42142dd680a7a38f4?s=96&d=mm&r=g","contentUrl":"https:\/\/secure.gravatar.com\/avatar\/9d330e48ed9ebab42142dd680a7a38f4?s=96&d=mm&r=g","caption":"crealapepita"},"url":"https:\/\/www.crea.gov.co\/crea-la-pepita\/author\/crealapepita\/"}]}},"_links":{"self":[{"href":"https:\/\/www.crea.gov.co\/crea-la-pepita\/wp-json\/wp\/v2\/posts\/876","targetHints":{"allow":["GET"]}}],"collection":[{"href":"https:\/\/www.crea.gov.co\/crea-la-pepita\/wp-json\/wp\/v2\/posts"}],"about":[{"href":"https:\/\/www.crea.gov.co\/crea-la-pepita\/wp-json\/wp\/v2\/types\/post"}],"author":[{"embeddable":true,"href":"https:\/\/www.crea.gov.co\/crea-la-pepita\/wp-json\/wp\/v2\/users\/96"}],"replies":[{"embeddable":true,"href":"https:\/\/www.crea.gov.co\/crea-la-pepita\/wp-json\/wp\/v2\/comments?post=876"}],"version-history":[{"count":2,"href":"https:\/\/www.crea.gov.co\/crea-la-pepita\/wp-json\/wp\/v2\/posts\/876\/revisions"}],"predecessor-version":[{"id":889,"href":"https:\/\/www.crea.gov.co\/crea-la-pepita\/wp-json\/wp\/v2\/posts\/876\/revisions\/889"}],"wp:featuredmedia":[{"embeddable":true,"href":"https:\/\/www.crea.gov.co\/crea-la-pepita\/wp-json\/wp\/v2\/media\/878"}],"wp:attachment":[{"href":"https:\/\/www.crea.gov.co\/crea-la-pepita\/wp-json\/wp\/v2\/media?parent=876"}],"wp:term":[{"taxonomy":"category","embeddable":true,"href":"https:\/\/www.crea.gov.co\/crea-la-pepita\/wp-json\/wp\/v2\/categories?post=876"},{"taxonomy":"post_tag","embeddable":true,"href":"https:\/\/www.crea.gov.co\/crea-la-pepita\/wp-json\/wp\/v2\/tags?post=876"}],"curies":[{"name":"wp","href":"https:\/\/api.w.org\/{rel}","templated":true}]}}