{"id":856,"date":"2024-11-29T22:53:18","date_gmt":"2024-11-29T22:53:18","guid":{"rendered":"https:\/\/www.crea.gov.co\/crea-la-pepita\/?p=856"},"modified":"2024-11-29T22:53:18","modified_gmt":"2024-11-29T22:53:18","slug":"cali-llego-al-crea-la-pepita-para-movilizarnos-en-el-territorio-compartido-del-arte","status":"publish","type":"post","link":"https:\/\/www.crea.gov.co\/crea-la-pepita\/cali-llego-al-crea-la-pepita-para-movilizarnos-en-el-territorio-compartido-del-arte\/","title":{"rendered":"CALI LLEG\u00d3 AL CREA LA PEPITA PARA MOVILIZARNOS EN EL TERRITORIO COMPARTIDO DEL ARTE"},"content":{"rendered":"\n<p>Hoy el Crea La Pepita estuvo de fiesta y le dio la bienvenida a los sabedores y sabedoras culturales de Cali y compartimos la experiencia que nos une desde los territorios frente al arte, la cultura y la formaci\u00f3n para abrir espacios de paz en nuestra sociedad.<\/p>\n\n\n<figure class=\"wp-block-post-featured-image\"><img loading=\"lazy\" decoding=\"async\" width=\"1599\" height=\"899\" src=\"https:\/\/www.crea.gov.co\/crea-la-pepita\/wp-content\/uploads\/sites\/16\/2024\/11\/WhatsApp-Image-2024-11-29-at-5.44.14-PM-3.jpeg\" class=\"attachment-post-thumbnail size-post-thumbnail wp-post-image\" alt=\"\" style=\"object-fit:cover;\" srcset=\"https:\/\/www.crea.gov.co\/crea-la-pepita\/wp-content\/uploads\/sites\/16\/2024\/11\/WhatsApp-Image-2024-11-29-at-5.44.14-PM-3.jpeg 1599w, https:\/\/www.crea.gov.co\/crea-la-pepita\/wp-content\/uploads\/sites\/16\/2024\/11\/WhatsApp-Image-2024-11-29-at-5.44.14-PM-3-300x169.jpeg 300w, https:\/\/www.crea.gov.co\/crea-la-pepita\/wp-content\/uploads\/sites\/16\/2024\/11\/WhatsApp-Image-2024-11-29-at-5.44.14-PM-3-1024x576.jpeg 1024w, https:\/\/www.crea.gov.co\/crea-la-pepita\/wp-content\/uploads\/sites\/16\/2024\/11\/WhatsApp-Image-2024-11-29-at-5.44.14-PM-3-768x432.jpeg 768w, https:\/\/www.crea.gov.co\/crea-la-pepita\/wp-content\/uploads\/sites\/16\/2024\/11\/WhatsApp-Image-2024-11-29-at-5.44.14-PM-3-1536x864.jpeg 1536w\" sizes=\"auto, (max-width: 1599px) 100vw, 1599px\" \/><\/figure>\n\n\n<figure class=\"wp-block-image size-large\"><img loading=\"lazy\" decoding=\"async\" width=\"1024\" height=\"576\" src=\"https:\/\/www.crea.gov.co\/crea-la-pepita\/wp-content\/uploads\/sites\/16\/2024\/11\/WhatsApp-Image-2024-11-29-at-5.44.14-PM-2-1024x576.jpeg\" alt=\"\" class=\"wp-image-858\" srcset=\"https:\/\/www.crea.gov.co\/crea-la-pepita\/wp-content\/uploads\/sites\/16\/2024\/11\/WhatsApp-Image-2024-11-29-at-5.44.14-PM-2-1024x576.jpeg 1024w, https:\/\/www.crea.gov.co\/crea-la-pepita\/wp-content\/uploads\/sites\/16\/2024\/11\/WhatsApp-Image-2024-11-29-at-5.44.14-PM-2-300x169.jpeg 300w, https:\/\/www.crea.gov.co\/crea-la-pepita\/wp-content\/uploads\/sites\/16\/2024\/11\/WhatsApp-Image-2024-11-29-at-5.44.14-PM-2-768x432.jpeg 768w, https:\/\/www.crea.gov.co\/crea-la-pepita\/wp-content\/uploads\/sites\/16\/2024\/11\/WhatsApp-Image-2024-11-29-at-5.44.14-PM-2-1536x864.jpeg 1536w, https:\/\/www.crea.gov.co\/crea-la-pepita\/wp-content\/uploads\/sites\/16\/2024\/11\/WhatsApp-Image-2024-11-29-at-5.44.14-PM-2.jpeg 1599w\" sizes=\"auto, (max-width: 1024px) 100vw, 1024px\" \/><\/figure>\n\n\n\n<figure class=\"wp-block-image size-large\"><img loading=\"lazy\" decoding=\"async\" width=\"460\" height=\"1024\" src=\"https:\/\/www.crea.gov.co\/crea-la-pepita\/wp-content\/uploads\/sites\/16\/2024\/11\/WhatsApp-Image-2024-11-29-at-5.44.14-PM-1-460x1024.jpeg\" alt=\"\" class=\"wp-image-859\" srcset=\"https:\/\/www.crea.gov.co\/crea-la-pepita\/wp-content\/uploads\/sites\/16\/2024\/11\/WhatsApp-Image-2024-11-29-at-5.44.14-PM-1-460x1024.jpeg 460w, https:\/\/www.crea.gov.co\/crea-la-pepita\/wp-content\/uploads\/sites\/16\/2024\/11\/WhatsApp-Image-2024-11-29-at-5.44.14-PM-1-135x300.jpeg 135w, https:\/\/www.crea.gov.co\/crea-la-pepita\/wp-content\/uploads\/sites\/16\/2024\/11\/WhatsApp-Image-2024-11-29-at-5.44.14-PM-1-690x1536.jpeg 690w, https:\/\/www.crea.gov.co\/crea-la-pepita\/wp-content\/uploads\/sites\/16\/2024\/11\/WhatsApp-Image-2024-11-29-at-5.44.14-PM-1.jpeg 719w\" sizes=\"auto, (max-width: 460px) 100vw, 460px\" \/><\/figure>\n","protected":false},"excerpt":{"rendered":"<p>Hoy el Crea La Pepita estuvo de fiesta y le dio la bienvenida a los sabedores y sabedoras culturales de Cali y compartimos la experiencia que nos une desde los territorios frente al arte, la cultura y la formaci\u00f3n para abrir espacios de paz en nuestra sociedad.<\/p>\n","protected":false},"author":79,"featured_media":857,"comment_status":"open","ping_status":"open","sticky":false,"template":"","format":"standard","meta":{"footnotes":""},"categories":[1],"tags":[],"class_list":["post-856","post","type-post","status-publish","format-standard","has-post-thumbnail","hentry","category-sin-categoria"],"yoast_head":"<!-- This site is optimized with the Yoast SEO plugin v24.5 - https:\/\/yoast.com\/wordpress\/plugins\/seo\/ -->\n<title>CALI LLEG\u00d3 AL CREA LA PEPITA PARA MOVILIZARNOS EN EL TERRITORIO COMPARTIDO DEL ARTE - Crea La Pepita<\/title>\n<meta name=\"robots\" content=\"index, follow, max-snippet:-1, max-image-preview:large, max-video-preview:-1\" \/>\n<link rel=\"canonical\" href=\"https:\/\/www.crea.gov.co\/crea-la-pepita\/cali-llego-al-crea-la-pepita-para-movilizarnos-en-el-territorio-compartido-del-arte\/\" \/>\n<meta property=\"og:locale\" content=\"es_ES\" \/>\n<meta property=\"og:type\" content=\"article\" \/>\n<meta property=\"og:title\" content=\"CALI LLEG\u00d3 AL CREA LA PEPITA PARA MOVILIZARNOS EN EL TERRITORIO COMPARTIDO DEL ARTE - Crea La Pepita\" \/>\n<meta property=\"og:description\" content=\"Hoy el Crea La Pepita estuvo de fiesta y le dio la bienvenida a los sabedores y sabedoras culturales de Cali y compartimos la experiencia que nos une desde los territorios frente al arte, la cultura y la formaci\u00f3n para abrir espacios de paz en nuestra sociedad.\" \/>\n<meta property=\"og:url\" content=\"https:\/\/www.crea.gov.co\/crea-la-pepita\/cali-llego-al-crea-la-pepita-para-movilizarnos-en-el-territorio-compartido-del-arte\/\" \/>\n<meta property=\"og:site_name\" content=\"Crea La Pepita\" \/>\n<meta property=\"article:published_time\" content=\"2024-11-29T22:53:18+00:00\" \/>\n<meta property=\"og:image\" content=\"https:\/\/www.crea.gov.co\/crea-la-pepita\/wp-content\/uploads\/sites\/16\/2024\/11\/WhatsApp-Image-2024-11-29-at-5.44.14-PM-3.jpeg\" \/>\n\t<meta property=\"og:image:width\" content=\"1599\" \/>\n\t<meta property=\"og:image:height\" content=\"899\" \/>\n\t<meta property=\"og:image:type\" content=\"image\/jpeg\" \/>\n<meta name=\"author\" content=\"edgaryaya\" \/>\n<meta name=\"twitter:card\" content=\"summary_large_image\" \/>\n<meta name=\"twitter:label1\" content=\"Escrito por\" \/>\n\t<meta name=\"twitter:data1\" content=\"edgaryaya\" \/>\n\t<meta name=\"twitter:label2\" content=\"Tiempo de lectura\" \/>\n\t<meta name=\"twitter:data2\" content=\"1 minuto\" \/>\n<script type=\"application\/ld+json\" class=\"yoast-schema-graph\">{\"@context\":\"https:\/\/schema.org\",\"@graph\":[{\"@type\":\"WebPage\",\"@id\":\"https:\/\/www.crea.gov.co\/crea-la-pepita\/cali-llego-al-crea-la-pepita-para-movilizarnos-en-el-territorio-compartido-del-arte\/\",\"url\":\"https:\/\/www.crea.gov.co\/crea-la-pepita\/cali-llego-al-crea-la-pepita-para-movilizarnos-en-el-territorio-compartido-del-arte\/\",\"name\":\"CALI LLEG\u00d3 AL CREA LA PEPITA PARA MOVILIZARNOS EN EL TERRITORIO COMPARTIDO DEL ARTE - Crea La Pepita\",\"isPartOf\":{\"@id\":\"https:\/\/www.crea.gov.co\/crea-la-pepita\/#website\"},\"primaryImageOfPage\":{\"@id\":\"https:\/\/www.crea.gov.co\/crea-la-pepita\/cali-llego-al-crea-la-pepita-para-movilizarnos-en-el-territorio-compartido-del-arte\/#primaryimage\"},\"image\":{\"@id\":\"https:\/\/www.crea.gov.co\/crea-la-pepita\/cali-llego-al-crea-la-pepita-para-movilizarnos-en-el-territorio-compartido-del-arte\/#primaryimage\"},\"thumbnailUrl\":\"https:\/\/www.crea.gov.co\/crea-la-pepita\/wp-content\/uploads\/sites\/16\/2024\/11\/WhatsApp-Image-2024-11-29-at-5.44.14-PM-3.jpeg\",\"datePublished\":\"2024-11-29T22:53:18+00:00\",\"author\":{\"@id\":\"https:\/\/www.crea.gov.co\/crea-la-pepita\/#\/schema\/person\/810c7cb9221d5c6b9987317817a5c6de\"},\"breadcrumb\":{\"@id\":\"https:\/\/www.crea.gov.co\/crea-la-pepita\/cali-llego-al-crea-la-pepita-para-movilizarnos-en-el-territorio-compartido-del-arte\/#breadcrumb\"},\"inLanguage\":\"es-CO\",\"potentialAction\":[{\"@type\":\"ReadAction\",\"target\":[\"https:\/\/www.crea.gov.co\/crea-la-pepita\/cali-llego-al-crea-la-pepita-para-movilizarnos-en-el-territorio-compartido-del-arte\/\"]}]},{\"@type\":\"ImageObject\",\"inLanguage\":\"es-CO\",\"@id\":\"https:\/\/www.crea.gov.co\/crea-la-pepita\/cali-llego-al-crea-la-pepita-para-movilizarnos-en-el-territorio-compartido-del-arte\/#primaryimage\",\"url\":\"https:\/\/www.crea.gov.co\/crea-la-pepita\/wp-content\/uploads\/sites\/16\/2024\/11\/WhatsApp-Image-2024-11-29-at-5.44.14-PM-3.jpeg\",\"contentUrl\":\"https:\/\/www.crea.gov.co\/crea-la-pepita\/wp-content\/uploads\/sites\/16\/2024\/11\/WhatsApp-Image-2024-11-29-at-5.44.14-PM-3.jpeg\",\"width\":1599,\"height\":899},{\"@type\":\"BreadcrumbList\",\"@id\":\"https:\/\/www.crea.gov.co\/crea-la-pepita\/cali-llego-al-crea-la-pepita-para-movilizarnos-en-el-territorio-compartido-del-arte\/#breadcrumb\",\"itemListElement\":[{\"@type\":\"ListItem\",\"position\":1,\"name\":\"Home\",\"item\":\"https:\/\/www.crea.gov.co\/crea-la-pepita\/\"},{\"@type\":\"ListItem\",\"position\":2,\"name\":\"CALI LLEG\u00d3 AL CREA LA PEPITA PARA MOVILIZARNOS EN EL TERRITORIO COMPARTIDO DEL ARTE\"}]},{\"@type\":\"WebSite\",\"@id\":\"https:\/\/www.crea.gov.co\/crea-la-pepita\/#website\",\"url\":\"https:\/\/www.crea.gov.co\/crea-la-pepita\/\",\"name\":\"Crea La Pepita\",\"description\":\"Ubicado en un sector en el que el comercio y la vida urbana se cruzan todos los d\u00edas, este centro de formaci\u00f3n abre sus puertas a una comunidad marcada por la diversidad y el movimiento del centro de Bogot\u00e1. Aqu\u00ed, el arte se convierte en una forma de narrar las historias del barrio y de crear nuevos encuentros entre quienes comparten este territorio lleno de contrastes\",\"potentialAction\":[{\"@type\":\"SearchAction\",\"target\":{\"@type\":\"EntryPoint\",\"urlTemplate\":\"https:\/\/www.crea.gov.co\/crea-la-pepita\/?s={search_term_string}\"},\"query-input\":{\"@type\":\"PropertyValueSpecification\",\"valueRequired\":true,\"valueName\":\"search_term_string\"}}],\"inLanguage\":\"es-CO\"},{\"@type\":\"Person\",\"@id\":\"https:\/\/www.crea.gov.co\/crea-la-pepita\/#\/schema\/person\/810c7cb9221d5c6b9987317817a5c6de\",\"name\":\"edgaryaya\",\"image\":{\"@type\":\"ImageObject\",\"inLanguage\":\"es-CO\",\"@id\":\"https:\/\/www.crea.gov.co\/crea-la-pepita\/#\/schema\/person\/image\/\",\"url\":\"https:\/\/secure.gravatar.com\/avatar\/6fcfe2f1ae068e0d9b9575ad628c3954?s=96&d=mm&r=g\",\"contentUrl\":\"https:\/\/secure.gravatar.com\/avatar\/6fcfe2f1ae068e0d9b9575ad628c3954?s=96&d=mm&r=g\",\"caption\":\"edgaryaya\"},\"url\":\"https:\/\/www.crea.gov.co\/crea-la-pepita\/author\/edgaryaya\/\"}]}<\/script>\n<!-- \/ Yoast SEO plugin. -->","yoast_head_json":{"title":"CALI LLEG\u00d3 AL CREA LA PEPITA PARA MOVILIZARNOS EN EL TERRITORIO COMPARTIDO DEL ARTE - Crea La Pepita","robots":{"index":"index","follow":"follow","max-snippet":"max-snippet:-1","max-image-preview":"max-image-preview:large","max-video-preview":"max-video-preview:-1"},"canonical":"https:\/\/www.crea.gov.co\/crea-la-pepita\/cali-llego-al-crea-la-pepita-para-movilizarnos-en-el-territorio-compartido-del-arte\/","og_locale":"es_ES","og_type":"article","og_title":"CALI LLEG\u00d3 AL CREA LA PEPITA PARA MOVILIZARNOS EN EL TERRITORIO COMPARTIDO DEL ARTE - Crea La Pepita","og_description":"Hoy el Crea La Pepita estuvo de fiesta y le dio la bienvenida a los sabedores y sabedoras culturales de Cali y compartimos la experiencia que nos une desde los territorios frente al arte, la cultura y la formaci\u00f3n para abrir espacios de paz en nuestra sociedad.","og_url":"https:\/\/www.crea.gov.co\/crea-la-pepita\/cali-llego-al-crea-la-pepita-para-movilizarnos-en-el-territorio-compartido-del-arte\/","og_site_name":"Crea La Pepita","article_published_time":"2024-11-29T22:53:18+00:00","og_image":[{"width":1599,"height":899,"url":"https:\/\/www.crea.gov.co\/crea-la-pepita\/wp-content\/uploads\/sites\/16\/2024\/11\/WhatsApp-Image-2024-11-29-at-5.44.14-PM-3.jpeg","type":"image\/jpeg"}],"author":"edgaryaya","twitter_card":"summary_large_image","twitter_misc":{"Escrito por":"edgaryaya","Tiempo de lectura":"1 minuto"},"schema":{"@context":"https:\/\/schema.org","@graph":[{"@type":"WebPage","@id":"https:\/\/www.crea.gov.co\/crea-la-pepita\/cali-llego-al-crea-la-pepita-para-movilizarnos-en-el-territorio-compartido-del-arte\/","url":"https:\/\/www.crea.gov.co\/crea-la-pepita\/cali-llego-al-crea-la-pepita-para-movilizarnos-en-el-territorio-compartido-del-arte\/","name":"CALI LLEG\u00d3 AL CREA LA PEPITA PARA MOVILIZARNOS EN EL TERRITORIO COMPARTIDO DEL ARTE - Crea La Pepita","isPartOf":{"@id":"https:\/\/www.crea.gov.co\/crea-la-pepita\/#website"},"primaryImageOfPage":{"@id":"https:\/\/www.crea.gov.co\/crea-la-pepita\/cali-llego-al-crea-la-pepita-para-movilizarnos-en-el-territorio-compartido-del-arte\/#primaryimage"},"image":{"@id":"https:\/\/www.crea.gov.co\/crea-la-pepita\/cali-llego-al-crea-la-pepita-para-movilizarnos-en-el-territorio-compartido-del-arte\/#primaryimage"},"thumbnailUrl":"https:\/\/www.crea.gov.co\/crea-la-pepita\/wp-content\/uploads\/sites\/16\/2024\/11\/WhatsApp-Image-2024-11-29-at-5.44.14-PM-3.jpeg","datePublished":"2024-11-29T22:53:18+00:00","author":{"@id":"https:\/\/www.crea.gov.co\/crea-la-pepita\/#\/schema\/person\/810c7cb9221d5c6b9987317817a5c6de"},"breadcrumb":{"@id":"https:\/\/www.crea.gov.co\/crea-la-pepita\/cali-llego-al-crea-la-pepita-para-movilizarnos-en-el-territorio-compartido-del-arte\/#breadcrumb"},"inLanguage":"es-CO","potentialAction":[{"@type":"ReadAction","target":["https:\/\/www.crea.gov.co\/crea-la-pepita\/cali-llego-al-crea-la-pepita-para-movilizarnos-en-el-territorio-compartido-del-arte\/"]}]},{"@type":"ImageObject","inLanguage":"es-CO","@id":"https:\/\/www.crea.gov.co\/crea-la-pepita\/cali-llego-al-crea-la-pepita-para-movilizarnos-en-el-territorio-compartido-del-arte\/#primaryimage","url":"https:\/\/www.crea.gov.co\/crea-la-pepita\/wp-content\/uploads\/sites\/16\/2024\/11\/WhatsApp-Image-2024-11-29-at-5.44.14-PM-3.jpeg","contentUrl":"https:\/\/www.crea.gov.co\/crea-la-pepita\/wp-content\/uploads\/sites\/16\/2024\/11\/WhatsApp-Image-2024-11-29-at-5.44.14-PM-3.jpeg","width":1599,"height":899},{"@type":"BreadcrumbList","@id":"https:\/\/www.crea.gov.co\/crea-la-pepita\/cali-llego-al-crea-la-pepita-para-movilizarnos-en-el-territorio-compartido-del-arte\/#breadcrumb","itemListElement":[{"@type":"ListItem","position":1,"name":"Home","item":"https:\/\/www.crea.gov.co\/crea-la-pepita\/"},{"@type":"ListItem","position":2,"name":"CALI LLEG\u00d3 AL CREA LA PEPITA PARA MOVILIZARNOS EN EL TERRITORIO COMPARTIDO DEL ARTE"}]},{"@type":"WebSite","@id":"https:\/\/www.crea.gov.co\/crea-la-pepita\/#website","url":"https:\/\/www.crea.gov.co\/crea-la-pepita\/","name":"Crea La Pepita","description":"Ubicado en un sector en el que el comercio y la vida urbana se cruzan todos los d\u00edas, este centro de formaci\u00f3n abre sus puertas a una comunidad marcada por la diversidad y el movimiento del centro de Bogot\u00e1. Aqu\u00ed, el arte se convierte en una forma de narrar las historias del barrio y de crear nuevos encuentros entre quienes comparten este territorio lleno de contrastes","potentialAction":[{"@type":"SearchAction","target":{"@type":"EntryPoint","urlTemplate":"https:\/\/www.crea.gov.co\/crea-la-pepita\/?s={search_term_string}"},"query-input":{"@type":"PropertyValueSpecification","valueRequired":true,"valueName":"search_term_string"}}],"inLanguage":"es-CO"},{"@type":"Person","@id":"https:\/\/www.crea.gov.co\/crea-la-pepita\/#\/schema\/person\/810c7cb9221d5c6b9987317817a5c6de","name":"edgaryaya","image":{"@type":"ImageObject","inLanguage":"es-CO","@id":"https:\/\/www.crea.gov.co\/crea-la-pepita\/#\/schema\/person\/image\/","url":"https:\/\/secure.gravatar.com\/avatar\/6fcfe2f1ae068e0d9b9575ad628c3954?s=96&d=mm&r=g","contentUrl":"https:\/\/secure.gravatar.com\/avatar\/6fcfe2f1ae068e0d9b9575ad628c3954?s=96&d=mm&r=g","caption":"edgaryaya"},"url":"https:\/\/www.crea.gov.co\/crea-la-pepita\/author\/edgaryaya\/"}]}},"_links":{"self":[{"href":"https:\/\/www.crea.gov.co\/crea-la-pepita\/wp-json\/wp\/v2\/posts\/856","targetHints":{"allow":["GET"]}}],"collection":[{"href":"https:\/\/www.crea.gov.co\/crea-la-pepita\/wp-json\/wp\/v2\/posts"}],"about":[{"href":"https:\/\/www.crea.gov.co\/crea-la-pepita\/wp-json\/wp\/v2\/types\/post"}],"author":[{"embeddable":true,"href":"https:\/\/www.crea.gov.co\/crea-la-pepita\/wp-json\/wp\/v2\/users\/79"}],"replies":[{"embeddable":true,"href":"https:\/\/www.crea.gov.co\/crea-la-pepita\/wp-json\/wp\/v2\/comments?post=856"}],"version-history":[{"count":1,"href":"https:\/\/www.crea.gov.co\/crea-la-pepita\/wp-json\/wp\/v2\/posts\/856\/revisions"}],"predecessor-version":[{"id":860,"href":"https:\/\/www.crea.gov.co\/crea-la-pepita\/wp-json\/wp\/v2\/posts\/856\/revisions\/860"}],"wp:featuredmedia":[{"embeddable":true,"href":"https:\/\/www.crea.gov.co\/crea-la-pepita\/wp-json\/wp\/v2\/media\/857"}],"wp:attachment":[{"href":"https:\/\/www.crea.gov.co\/crea-la-pepita\/wp-json\/wp\/v2\/media?parent=856"}],"wp:term":[{"taxonomy":"category","embeddable":true,"href":"https:\/\/www.crea.gov.co\/crea-la-pepita\/wp-json\/wp\/v2\/categories?post=856"},{"taxonomy":"post_tag","embeddable":true,"href":"https:\/\/www.crea.gov.co\/crea-la-pepita\/wp-json\/wp\/v2\/tags?post=856"}],"curies":[{"name":"wp","href":"https:\/\/api.w.org\/{rel}","templated":true}]}}