{"id":512,"date":"2023-11-07T20:17:49","date_gmt":"2023-11-07T20:17:49","guid":{"rendered":"https:\/\/www.crea.gov.co\/crea-la-pepita\/?p=512"},"modified":"2023-11-07T20:20:20","modified_gmt":"2023-11-07T20:20:20","slug":"el-mar-de-las-emociones-ied-ricaurte-2","status":"publish","type":"post","link":"https:\/\/www.crea.gov.co\/crea-la-pepita\/el-mar-de-las-emociones-ied-ricaurte-2\/","title":{"rendered":"&#8220;El mar de las emociones&#8221; IED Ricaurte"},"content":{"rendered":"\n<p><strong>AE-11213 \/ 102 Artes pl\u00e1sticas<\/strong><\/p>\n\n\n\n<p><strong>Art\u00edsta formadora:  Mar\u00eda Isabel Quiroz<\/strong><\/p>\n\n\n<figure class=\"wp-block-post-featured-image\"><img loading=\"lazy\" decoding=\"async\" width=\"1907\" height=\"1033\" src=\"https:\/\/www.crea.gov.co\/crea-la-pepita\/wp-content\/uploads\/sites\/16\/2023\/11\/102-Emociones.jpg\" class=\"attachment-post-thumbnail size-post-thumbnail wp-post-image\" alt=\"\" style=\"object-fit:cover;\" srcset=\"https:\/\/www.crea.gov.co\/crea-la-pepita\/wp-content\/uploads\/sites\/16\/2023\/11\/102-Emociones.jpg 1907w, https:\/\/www.crea.gov.co\/crea-la-pepita\/wp-content\/uploads\/sites\/16\/2023\/11\/102-Emociones-300x163.jpg 300w, https:\/\/www.crea.gov.co\/crea-la-pepita\/wp-content\/uploads\/sites\/16\/2023\/11\/102-Emociones-1024x555.jpg 1024w, https:\/\/www.crea.gov.co\/crea-la-pepita\/wp-content\/uploads\/sites\/16\/2023\/11\/102-Emociones-768x416.jpg 768w, https:\/\/www.crea.gov.co\/crea-la-pepita\/wp-content\/uploads\/sites\/16\/2023\/11\/102-Emociones-1536x832.jpg 1536w\" sizes=\"auto, (max-width: 1907px) 100vw, 1907px\" \/><\/figure>\n\n\n<div class=\"wp-block-cover\"><span aria-hidden=\"true\" class=\"wp-block-cover__background has-vivid-cyan-blue-background-color has-background-dim-100 has-background-dim\"><\/span><div class=\"wp-block-cover__inner-container is-layout-flow wp-block-cover-is-layout-flow\">\n<p class=\"has-text-align-left has-large-font-size\">&#8220;El mar de las emociones&#8221; fue una exposici\u00f3n en la que se mostr\u00f3 el resultado de los procesos llevados a cabo en el aula en relaci\u00f3n a los colores y las emociones. Las emociones han sido el detonante de la exploraci\u00f3n sensible, material y pict\u00f3rica de los ni\u00f1os, comprendidas como el mundo marino, con la fluidez del agua, el misterio de lo profundo y el navegar como capit\u00e1n de su propio barco. Adem\u00e1s, se cre\u00f3 un libro en el que los ni\u00f1os pudieron contar con dibujos sus emociones, como una bit\u00e1cora de viaje a lo que suscita la alegr\u00eda, el enojo, el amor, la calma, la tristeza, el asombro y el miedo. <\/p>\n<\/div><\/div>\n\n\n\n<figure class=\"wp-block-video\"><video controls src=\"https:\/\/www.crea.gov.co\/crea-la-pepita\/wp-content\/uploads\/sites\/16\/2023\/11\/Mar-de-las-emociones-102-IED-Ricaurte.mp4\"><\/video><figcaption class=\"wp-element-caption\">Relato del proceso de formaci\u00f3n y creaci\u00f3n art\u00edstica en el \u00e1rea de artes pl\u00e1sticas, realizado en el a\u00f1o 2023 con los estudiantes del curso 102 del colegio Ricaurte IED sede B. <\/figcaption><\/figure>\n\n\n\n<p>&#8220;<em>Con los colores, se trabaj\u00f3 bajo el pretexto del mar, comprendi\u00e9ndonos como una profundidad y una mezcla de emociones, con olas que van y vienen. Tambi\u00e9n como capitanes del barco que navegamos, viajando y direccionando las olas. Se realiz\u00f3 un barco de papel, un sombrero marinero y pececitos de colores<\/em>&#8221; <strong>Mar\u00eda Isabel Quiroz<\/strong><\/p>\n","protected":false},"excerpt":{"rendered":"<p>AE-11213 \/ 102 Artes pl\u00e1sticas Art\u00edsta formadora: Mar\u00eda Isabel Quiroz &#8220;Con los colores, se trabaj\u00f3 bajo el pretexto del mar, comprendi\u00e9ndonos como una profundidad y una mezcla de emociones, con olas que van y vienen. Tambi\u00e9n como capitanes del barco que navegamos, viajando y direccionando las olas. Se realiz\u00f3 un barco de papel, un sombrero [&hellip;]<\/p>\n","protected":false},"author":69,"featured_media":515,"comment_status":"open","ping_status":"open","sticky":false,"template":"","format":"standard","meta":{"footnotes":""},"categories":[1],"tags":[],"class_list":["post-512","post","type-post","status-publish","format-standard","has-post-thumbnail","hentry","category-sin-categoria"],"yoast_head":"<!-- This site is optimized with the Yoast SEO plugin v24.5 - https:\/\/yoast.com\/wordpress\/plugins\/seo\/ -->\n<title>&quot;El mar de las emociones&quot; IED Ricaurte - Crea La Pepita<\/title>\n<meta name=\"robots\" content=\"index, follow, max-snippet:-1, max-image-preview:large, max-video-preview:-1\" \/>\n<link rel=\"canonical\" href=\"https:\/\/www.crea.gov.co\/crea-la-pepita\/el-mar-de-las-emociones-ied-ricaurte-2\/\" \/>\n<meta property=\"og:locale\" content=\"es_ES\" \/>\n<meta property=\"og:type\" content=\"article\" \/>\n<meta property=\"og:title\" content=\"&quot;El mar de las emociones&quot; IED Ricaurte - Crea La Pepita\" \/>\n<meta property=\"og:description\" content=\"AE-11213 \/ 102 Artes pl\u00e1sticas Art\u00edsta formadora: Mar\u00eda Isabel Quiroz &#8220;Con los colores, se trabaj\u00f3 bajo el pretexto del mar, comprendi\u00e9ndonos como una profundidad y una mezcla de emociones, con olas que van y vienen. Tambi\u00e9n como capitanes del barco que navegamos, viajando y direccionando las olas. Se realiz\u00f3 un barco de papel, un sombrero [&hellip;]\" \/>\n<meta property=\"og:url\" content=\"https:\/\/www.crea.gov.co\/crea-la-pepita\/el-mar-de-las-emociones-ied-ricaurte-2\/\" \/>\n<meta property=\"og:site_name\" content=\"Crea La Pepita\" \/>\n<meta property=\"article:published_time\" content=\"2023-11-07T20:17:49+00:00\" \/>\n<meta property=\"article:modified_time\" content=\"2023-11-07T20:20:20+00:00\" \/>\n<meta property=\"og:image\" content=\"https:\/\/www.crea.gov.co\/crea-la-pepita\/wp-content\/uploads\/sites\/16\/2023\/11\/102-Emociones.jpg\" \/>\n\t<meta property=\"og:image:width\" content=\"1907\" \/>\n\t<meta property=\"og:image:height\" content=\"1033\" \/>\n\t<meta property=\"og:image:type\" content=\"image\/jpeg\" \/>\n<meta name=\"author\" content=\"paolaacevedo\" \/>\n<meta name=\"twitter:card\" content=\"summary_large_image\" \/>\n<meta name=\"twitter:label1\" content=\"Escrito por\" \/>\n\t<meta name=\"twitter:data1\" content=\"paolaacevedo\" \/>\n\t<meta name=\"twitter:label2\" content=\"Tiempo de lectura\" \/>\n\t<meta name=\"twitter:data2\" content=\"1 minuto\" \/>\n<script type=\"application\/ld+json\" class=\"yoast-schema-graph\">{\"@context\":\"https:\/\/schema.org\",\"@graph\":[{\"@type\":\"WebPage\",\"@id\":\"https:\/\/www.crea.gov.co\/crea-la-pepita\/el-mar-de-las-emociones-ied-ricaurte-2\/\",\"url\":\"https:\/\/www.crea.gov.co\/crea-la-pepita\/el-mar-de-las-emociones-ied-ricaurte-2\/\",\"name\":\"\\\"El mar de las emociones\\\" IED Ricaurte - Crea La Pepita\",\"isPartOf\":{\"@id\":\"https:\/\/www.crea.gov.co\/crea-la-pepita\/#website\"},\"primaryImageOfPage\":{\"@id\":\"https:\/\/www.crea.gov.co\/crea-la-pepita\/el-mar-de-las-emociones-ied-ricaurte-2\/#primaryimage\"},\"image\":{\"@id\":\"https:\/\/www.crea.gov.co\/crea-la-pepita\/el-mar-de-las-emociones-ied-ricaurte-2\/#primaryimage\"},\"thumbnailUrl\":\"https:\/\/www.crea.gov.co\/crea-la-pepita\/wp-content\/uploads\/sites\/16\/2023\/11\/102-Emociones.jpg\",\"datePublished\":\"2023-11-07T20:17:49+00:00\",\"dateModified\":\"2023-11-07T20:20:20+00:00\",\"author\":{\"@id\":\"https:\/\/www.crea.gov.co\/crea-la-pepita\/#\/schema\/person\/25ffa35ee4bb038f23b1c131445d7dd4\"},\"breadcrumb\":{\"@id\":\"https:\/\/www.crea.gov.co\/crea-la-pepita\/el-mar-de-las-emociones-ied-ricaurte-2\/#breadcrumb\"},\"inLanguage\":\"es-CO\",\"potentialAction\":[{\"@type\":\"ReadAction\",\"target\":[\"https:\/\/www.crea.gov.co\/crea-la-pepita\/el-mar-de-las-emociones-ied-ricaurte-2\/\"]}]},{\"@type\":\"ImageObject\",\"inLanguage\":\"es-CO\",\"@id\":\"https:\/\/www.crea.gov.co\/crea-la-pepita\/el-mar-de-las-emociones-ied-ricaurte-2\/#primaryimage\",\"url\":\"https:\/\/www.crea.gov.co\/crea-la-pepita\/wp-content\/uploads\/sites\/16\/2023\/11\/102-Emociones.jpg\",\"contentUrl\":\"https:\/\/www.crea.gov.co\/crea-la-pepita\/wp-content\/uploads\/sites\/16\/2023\/11\/102-Emociones.jpg\",\"width\":1907,\"height\":1033},{\"@type\":\"BreadcrumbList\",\"@id\":\"https:\/\/www.crea.gov.co\/crea-la-pepita\/el-mar-de-las-emociones-ied-ricaurte-2\/#breadcrumb\",\"itemListElement\":[{\"@type\":\"ListItem\",\"position\":1,\"name\":\"Home\",\"item\":\"https:\/\/www.crea.gov.co\/crea-la-pepita\/\"},{\"@type\":\"ListItem\",\"position\":2,\"name\":\"&#8220;El mar de las emociones&#8221; IED Ricaurte\"}]},{\"@type\":\"WebSite\",\"@id\":\"https:\/\/www.crea.gov.co\/crea-la-pepita\/#website\",\"url\":\"https:\/\/www.crea.gov.co\/crea-la-pepita\/\",\"name\":\"Crea La Pepita\",\"description\":\"Ubicado en un sector en el que el comercio y la vida urbana se cruzan todos los d\u00edas, este centro de formaci\u00f3n abre sus puertas a una comunidad marcada por la diversidad y el movimiento del centro de Bogot\u00e1. Aqu\u00ed, el arte se convierte en una forma de narrar las historias del barrio y de crear nuevos encuentros entre quienes comparten este territorio lleno de contrastes\",\"potentialAction\":[{\"@type\":\"SearchAction\",\"target\":{\"@type\":\"EntryPoint\",\"urlTemplate\":\"https:\/\/www.crea.gov.co\/crea-la-pepita\/?s={search_term_string}\"},\"query-input\":{\"@type\":\"PropertyValueSpecification\",\"valueRequired\":true,\"valueName\":\"search_term_string\"}}],\"inLanguage\":\"es-CO\"},{\"@type\":\"Person\",\"@id\":\"https:\/\/www.crea.gov.co\/crea-la-pepita\/#\/schema\/person\/25ffa35ee4bb038f23b1c131445d7dd4\",\"name\":\"paolaacevedo\",\"image\":{\"@type\":\"ImageObject\",\"inLanguage\":\"es-CO\",\"@id\":\"https:\/\/www.crea.gov.co\/crea-la-pepita\/#\/schema\/person\/image\/\",\"url\":\"https:\/\/secure.gravatar.com\/avatar\/8f9ba2612d0d5cb6ed790be4b43e7d0b?s=96&d=mm&r=g\",\"contentUrl\":\"https:\/\/secure.gravatar.com\/avatar\/8f9ba2612d0d5cb6ed790be4b43e7d0b?s=96&d=mm&r=g\",\"caption\":\"paolaacevedo\"},\"url\":\"https:\/\/www.crea.gov.co\/crea-la-pepita\/author\/paolaacevedo\/\"}]}<\/script>\n<!-- \/ Yoast SEO plugin. -->","yoast_head_json":{"title":"\"El mar de las emociones\" IED Ricaurte - Crea La Pepita","robots":{"index":"index","follow":"follow","max-snippet":"max-snippet:-1","max-image-preview":"max-image-preview:large","max-video-preview":"max-video-preview:-1"},"canonical":"https:\/\/www.crea.gov.co\/crea-la-pepita\/el-mar-de-las-emociones-ied-ricaurte-2\/","og_locale":"es_ES","og_type":"article","og_title":"\"El mar de las emociones\" IED Ricaurte - Crea La Pepita","og_description":"AE-11213 \/ 102 Artes pl\u00e1sticas Art\u00edsta formadora: Mar\u00eda Isabel Quiroz &#8220;Con los colores, se trabaj\u00f3 bajo el pretexto del mar, comprendi\u00e9ndonos como una profundidad y una mezcla de emociones, con olas que van y vienen. Tambi\u00e9n como capitanes del barco que navegamos, viajando y direccionando las olas. Se realiz\u00f3 un barco de papel, un sombrero [&hellip;]","og_url":"https:\/\/www.crea.gov.co\/crea-la-pepita\/el-mar-de-las-emociones-ied-ricaurte-2\/","og_site_name":"Crea La Pepita","article_published_time":"2023-11-07T20:17:49+00:00","article_modified_time":"2023-11-07T20:20:20+00:00","og_image":[{"width":1907,"height":1033,"url":"https:\/\/www.crea.gov.co\/crea-la-pepita\/wp-content\/uploads\/sites\/16\/2023\/11\/102-Emociones.jpg","type":"image\/jpeg"}],"author":"paolaacevedo","twitter_card":"summary_large_image","twitter_misc":{"Escrito por":"paolaacevedo","Tiempo de lectura":"1 minuto"},"schema":{"@context":"https:\/\/schema.org","@graph":[{"@type":"WebPage","@id":"https:\/\/www.crea.gov.co\/crea-la-pepita\/el-mar-de-las-emociones-ied-ricaurte-2\/","url":"https:\/\/www.crea.gov.co\/crea-la-pepita\/el-mar-de-las-emociones-ied-ricaurte-2\/","name":"\"El mar de las emociones\" IED Ricaurte - Crea La Pepita","isPartOf":{"@id":"https:\/\/www.crea.gov.co\/crea-la-pepita\/#website"},"primaryImageOfPage":{"@id":"https:\/\/www.crea.gov.co\/crea-la-pepita\/el-mar-de-las-emociones-ied-ricaurte-2\/#primaryimage"},"image":{"@id":"https:\/\/www.crea.gov.co\/crea-la-pepita\/el-mar-de-las-emociones-ied-ricaurte-2\/#primaryimage"},"thumbnailUrl":"https:\/\/www.crea.gov.co\/crea-la-pepita\/wp-content\/uploads\/sites\/16\/2023\/11\/102-Emociones.jpg","datePublished":"2023-11-07T20:17:49+00:00","dateModified":"2023-11-07T20:20:20+00:00","author":{"@id":"https:\/\/www.crea.gov.co\/crea-la-pepita\/#\/schema\/person\/25ffa35ee4bb038f23b1c131445d7dd4"},"breadcrumb":{"@id":"https:\/\/www.crea.gov.co\/crea-la-pepita\/el-mar-de-las-emociones-ied-ricaurte-2\/#breadcrumb"},"inLanguage":"es-CO","potentialAction":[{"@type":"ReadAction","target":["https:\/\/www.crea.gov.co\/crea-la-pepita\/el-mar-de-las-emociones-ied-ricaurte-2\/"]}]},{"@type":"ImageObject","inLanguage":"es-CO","@id":"https:\/\/www.crea.gov.co\/crea-la-pepita\/el-mar-de-las-emociones-ied-ricaurte-2\/#primaryimage","url":"https:\/\/www.crea.gov.co\/crea-la-pepita\/wp-content\/uploads\/sites\/16\/2023\/11\/102-Emociones.jpg","contentUrl":"https:\/\/www.crea.gov.co\/crea-la-pepita\/wp-content\/uploads\/sites\/16\/2023\/11\/102-Emociones.jpg","width":1907,"height":1033},{"@type":"BreadcrumbList","@id":"https:\/\/www.crea.gov.co\/crea-la-pepita\/el-mar-de-las-emociones-ied-ricaurte-2\/#breadcrumb","itemListElement":[{"@type":"ListItem","position":1,"name":"Home","item":"https:\/\/www.crea.gov.co\/crea-la-pepita\/"},{"@type":"ListItem","position":2,"name":"&#8220;El mar de las emociones&#8221; IED Ricaurte"}]},{"@type":"WebSite","@id":"https:\/\/www.crea.gov.co\/crea-la-pepita\/#website","url":"https:\/\/www.crea.gov.co\/crea-la-pepita\/","name":"Crea La Pepita","description":"Ubicado en un sector en el que el comercio y la vida urbana se cruzan todos los d\u00edas, este centro de formaci\u00f3n abre sus puertas a una comunidad marcada por la diversidad y el movimiento del centro de Bogot\u00e1. Aqu\u00ed, el arte se convierte en una forma de narrar las historias del barrio y de crear nuevos encuentros entre quienes comparten este territorio lleno de contrastes","potentialAction":[{"@type":"SearchAction","target":{"@type":"EntryPoint","urlTemplate":"https:\/\/www.crea.gov.co\/crea-la-pepita\/?s={search_term_string}"},"query-input":{"@type":"PropertyValueSpecification","valueRequired":true,"valueName":"search_term_string"}}],"inLanguage":"es-CO"},{"@type":"Person","@id":"https:\/\/www.crea.gov.co\/crea-la-pepita\/#\/schema\/person\/25ffa35ee4bb038f23b1c131445d7dd4","name":"paolaacevedo","image":{"@type":"ImageObject","inLanguage":"es-CO","@id":"https:\/\/www.crea.gov.co\/crea-la-pepita\/#\/schema\/person\/image\/","url":"https:\/\/secure.gravatar.com\/avatar\/8f9ba2612d0d5cb6ed790be4b43e7d0b?s=96&d=mm&r=g","contentUrl":"https:\/\/secure.gravatar.com\/avatar\/8f9ba2612d0d5cb6ed790be4b43e7d0b?s=96&d=mm&r=g","caption":"paolaacevedo"},"url":"https:\/\/www.crea.gov.co\/crea-la-pepita\/author\/paolaacevedo\/"}]}},"_links":{"self":[{"href":"https:\/\/www.crea.gov.co\/crea-la-pepita\/wp-json\/wp\/v2\/posts\/512","targetHints":{"allow":["GET"]}}],"collection":[{"href":"https:\/\/www.crea.gov.co\/crea-la-pepita\/wp-json\/wp\/v2\/posts"}],"about":[{"href":"https:\/\/www.crea.gov.co\/crea-la-pepita\/wp-json\/wp\/v2\/types\/post"}],"author":[{"embeddable":true,"href":"https:\/\/www.crea.gov.co\/crea-la-pepita\/wp-json\/wp\/v2\/users\/69"}],"replies":[{"embeddable":true,"href":"https:\/\/www.crea.gov.co\/crea-la-pepita\/wp-json\/wp\/v2\/comments?post=512"}],"version-history":[{"count":3,"href":"https:\/\/www.crea.gov.co\/crea-la-pepita\/wp-json\/wp\/v2\/posts\/512\/revisions"}],"predecessor-version":[{"id":519,"href":"https:\/\/www.crea.gov.co\/crea-la-pepita\/wp-json\/wp\/v2\/posts\/512\/revisions\/519"}],"wp:featuredmedia":[{"embeddable":true,"href":"https:\/\/www.crea.gov.co\/crea-la-pepita\/wp-json\/wp\/v2\/media\/515"}],"wp:attachment":[{"href":"https:\/\/www.crea.gov.co\/crea-la-pepita\/wp-json\/wp\/v2\/media?parent=512"}],"wp:term":[{"taxonomy":"category","embeddable":true,"href":"https:\/\/www.crea.gov.co\/crea-la-pepita\/wp-json\/wp\/v2\/categories?post=512"},{"taxonomy":"post_tag","embeddable":true,"href":"https:\/\/www.crea.gov.co\/crea-la-pepita\/wp-json\/wp\/v2\/tags?post=512"}],"curies":[{"name":"wp","href":"https:\/\/api.w.org\/{rel}","templated":true}]}}