{"id":18,"date":"2022-03-22T17:59:19","date_gmt":"2022-03-22T17:59:19","guid":{"rendered":"https:\/\/www.crea.gov.co\/crea-la-granja\/?post_type=news&#038;p=18"},"modified":"2022-07-23T16:03:00","modified_gmt":"2022-07-23T16:03:00","slug":"en-el-crea-la-granja-se-conmemora-la-lucha-de-la-mujer-por-sus-derechos","status":"publish","type":"post","link":"https:\/\/www.crea.gov.co\/crea-la-granja\/en-el-crea-la-granja-se-conmemora-la-lucha-de-la-mujer-por-sus-derechos\/","title":{"rendered":"En el Crea La Granja, se conmemora la lucha de la mujer por sus derechos."},"content":{"rendered":"\n<p>En cada uno de los talleres de formaci\u00f3n art\u00edstica que se llevan a cabo en el Crea La Granja, los participantes, guiados por los y las artistas, realizaron actividades enfocadas en la reflexi\u00f3n sobre la lucha de las mujeres por la reivindicaci\u00f3n de sus derechos. Desde las artes pl\u00e1sticas, la danza, el teatro, la m\u00fasica, las artes electr\u00f3nicas, audiovisuales y la literatura, se plasmaron sue\u00f1os, ideas, creencias y esperanzas que desde la propia vida, la de sus familias y su entorno, habitan los y las participantes.  Durante el mes de marzo, la dura realidad que vivieron y que a\u00fan viven las mujeres se convirti\u00f3 en arte. <\/p>\n\n\n\n<figure class=\"wp-block-embed is-type-video is-provider-youtube wp-block-embed-youtube wp-embed-aspect-16-9 wp-has-aspect-ratio\"><div class=\"wp-block-embed__wrapper\">\n<iframe loading=\"lazy\" title=\"8M CREA LA GRANJA, AF Natalia Manzo, artes pl\u00e1sticas, IED Antonio Nari\u00f1o\" width=\"500\" height=\"281\" src=\"https:\/\/www.youtube.com\/embed\/TGZzuYIqMms?feature=oembed\" frameborder=\"0\" allow=\"accelerometer; autoplay; clipboard-write; encrypted-media; gyroscope; picture-in-picture; web-share\" referrerpolicy=\"strict-origin-when-cross-origin\" allowfullscreen><\/iframe>\n<\/div><\/figure>\n","protected":false},"excerpt":{"rendered":"<p>En cada uno de los talleres de formaci\u00f3n art\u00edstica que se llevan a cabo en el Crea La Granja, los participantes, guiados por los y las artistas, realizaron actividades enfocadas en la reflexi\u00f3n sobre la lucha de las mujeres por la reivindicaci\u00f3n de sus derechos. Desde las artes pl\u00e1sticas, la danza, el teatro, la m\u00fasica, [&hellip;]<\/p>\n","protected":false},"author":40,"featured_media":41,"comment_status":"open","ping_status":"closed","sticky":false,"template":"","format":"standard","meta":{"footnotes":""},"categories":[1],"tags":[],"class_list":["post-18","post","type-post","status-publish","format-standard","has-post-thumbnail","hentry","category-sin-categoria"],"yoast_head":"<!-- This site is optimized with the Yoast SEO plugin v24.5 - https:\/\/yoast.com\/wordpress\/plugins\/seo\/ -->\n<title>En el Crea La Granja, se conmemora la lucha de la mujer por sus derechos. - Crea La Granja<\/title>\n<meta name=\"robots\" content=\"index, follow, max-snippet:-1, max-image-preview:large, max-video-preview:-1\" \/>\n<link rel=\"canonical\" href=\"https:\/\/www.crea.gov.co\/crea-la-granja\/en-el-crea-la-granja-se-conmemora-la-lucha-de-la-mujer-por-sus-derechos\/\" \/>\n<meta property=\"og:locale\" content=\"es_ES\" \/>\n<meta property=\"og:type\" content=\"article\" \/>\n<meta property=\"og:title\" content=\"En el Crea La Granja, se conmemora la lucha de la mujer por sus derechos. - Crea La Granja\" \/>\n<meta property=\"og:description\" content=\"En cada uno de los talleres de formaci\u00f3n art\u00edstica que se llevan a cabo en el Crea La Granja, los participantes, guiados por los y las artistas, realizaron actividades enfocadas en la reflexi\u00f3n sobre la lucha de las mujeres por la reivindicaci\u00f3n de sus derechos. Desde las artes pl\u00e1sticas, la danza, el teatro, la m\u00fasica, [&hellip;]\" \/>\n<meta property=\"og:url\" content=\"https:\/\/www.crea.gov.co\/crea-la-granja\/en-el-crea-la-granja-se-conmemora-la-lucha-de-la-mujer-por-sus-derechos\/\" \/>\n<meta property=\"og:site_name\" content=\"Crea La Granja\" \/>\n<meta property=\"article:published_time\" content=\"2022-03-22T17:59:19+00:00\" \/>\n<meta property=\"article:modified_time\" content=\"2022-07-23T16:03:00+00:00\" \/>\n<meta property=\"og:image\" content=\"https:\/\/www.crea.gov.co\/crea-la-granja\/wp-content\/uploads\/sites\/6\/2022\/03\/d3c72d2e-b738-4dda-b15d-122dd08f1613.jpg\" \/>\n\t<meta property=\"og:image:width\" content=\"1280\" \/>\n\t<meta property=\"og:image:height\" content=\"720\" \/>\n\t<meta property=\"og:image:type\" content=\"image\/jpeg\" \/>\n<meta name=\"author\" content=\"melinasojo\" \/>\n<meta name=\"twitter:card\" content=\"summary_large_image\" \/>\n<meta name=\"twitter:label1\" content=\"Escrito por\" \/>\n\t<meta name=\"twitter:data1\" content=\"melinasojo\" \/>\n\t<meta name=\"twitter:label2\" content=\"Tiempo de lectura\" \/>\n\t<meta name=\"twitter:data2\" content=\"1 minuto\" \/>\n<script type=\"application\/ld+json\" class=\"yoast-schema-graph\">{\"@context\":\"https:\/\/schema.org\",\"@graph\":[{\"@type\":\"WebPage\",\"@id\":\"https:\/\/www.crea.gov.co\/crea-la-granja\/en-el-crea-la-granja-se-conmemora-la-lucha-de-la-mujer-por-sus-derechos\/\",\"url\":\"https:\/\/www.crea.gov.co\/crea-la-granja\/en-el-crea-la-granja-se-conmemora-la-lucha-de-la-mujer-por-sus-derechos\/\",\"name\":\"En el Crea La Granja, se conmemora la lucha de la mujer por sus derechos. - Crea La Granja\",\"isPartOf\":{\"@id\":\"https:\/\/www.crea.gov.co\/crea-la-granja\/#website\"},\"primaryImageOfPage\":{\"@id\":\"https:\/\/www.crea.gov.co\/crea-la-granja\/en-el-crea-la-granja-se-conmemora-la-lucha-de-la-mujer-por-sus-derechos\/#primaryimage\"},\"image\":{\"@id\":\"https:\/\/www.crea.gov.co\/crea-la-granja\/en-el-crea-la-granja-se-conmemora-la-lucha-de-la-mujer-por-sus-derechos\/#primaryimage\"},\"thumbnailUrl\":\"https:\/\/www.crea.gov.co\/crea-la-granja\/wp-content\/uploads\/sites\/6\/2022\/03\/d3c72d2e-b738-4dda-b15d-122dd08f1613.jpg\",\"datePublished\":\"2022-03-22T17:59:19+00:00\",\"dateModified\":\"2022-07-23T16:03:00+00:00\",\"author\":{\"@id\":\"https:\/\/www.crea.gov.co\/crea-la-granja\/#\/schema\/person\/df47eed4e3c049a17d9398dbbebe28fd\"},\"breadcrumb\":{\"@id\":\"https:\/\/www.crea.gov.co\/crea-la-granja\/en-el-crea-la-granja-se-conmemora-la-lucha-de-la-mujer-por-sus-derechos\/#breadcrumb\"},\"inLanguage\":\"es-CO\",\"potentialAction\":[{\"@type\":\"ReadAction\",\"target\":[\"https:\/\/www.crea.gov.co\/crea-la-granja\/en-el-crea-la-granja-se-conmemora-la-lucha-de-la-mujer-por-sus-derechos\/\"]}]},{\"@type\":\"ImageObject\",\"inLanguage\":\"es-CO\",\"@id\":\"https:\/\/www.crea.gov.co\/crea-la-granja\/en-el-crea-la-granja-se-conmemora-la-lucha-de-la-mujer-por-sus-derechos\/#primaryimage\",\"url\":\"https:\/\/www.crea.gov.co\/crea-la-granja\/wp-content\/uploads\/sites\/6\/2022\/03\/d3c72d2e-b738-4dda-b15d-122dd08f1613.jpg\",\"contentUrl\":\"https:\/\/www.crea.gov.co\/crea-la-granja\/wp-content\/uploads\/sites\/6\/2022\/03\/d3c72d2e-b738-4dda-b15d-122dd08f1613.jpg\",\"width\":1280,\"height\":720},{\"@type\":\"BreadcrumbList\",\"@id\":\"https:\/\/www.crea.gov.co\/crea-la-granja\/en-el-crea-la-granja-se-conmemora-la-lucha-de-la-mujer-por-sus-derechos\/#breadcrumb\",\"itemListElement\":[{\"@type\":\"ListItem\",\"position\":1,\"name\":\"Home\",\"item\":\"https:\/\/www.crea.gov.co\/crea-la-granja\/\"},{\"@type\":\"ListItem\",\"position\":2,\"name\":\"En el Crea La Granja, se conmemora la lucha de la mujer por sus derechos.\"}]},{\"@type\":\"WebSite\",\"@id\":\"https:\/\/www.crea.gov.co\/crea-la-granja\/#website\",\"url\":\"https:\/\/www.crea.gov.co\/crea-la-granja\/\",\"name\":\"Crea La Granja\",\"description\":\"Este centro de formaci\u00f3n ofrece un espacio para cultivar la imaginaci\u00f3n como huerta. Es un punto de encuentro en el que se cruzan generaciones para compartir, aprender y crear. As\u00ed, ni\u00f1as, ni\u00f1os, j\u00f3venes y adultos descubren nuevas formas de expresi\u00f3n en un entorno cercano, c\u00e1lido y profundamente comunitario.\",\"potentialAction\":[{\"@type\":\"SearchAction\",\"target\":{\"@type\":\"EntryPoint\",\"urlTemplate\":\"https:\/\/www.crea.gov.co\/crea-la-granja\/?s={search_term_string}\"},\"query-input\":{\"@type\":\"PropertyValueSpecification\",\"valueRequired\":true,\"valueName\":\"search_term_string\"}}],\"inLanguage\":\"es-CO\"},{\"@type\":\"Person\",\"@id\":\"https:\/\/www.crea.gov.co\/crea-la-granja\/#\/schema\/person\/df47eed4e3c049a17d9398dbbebe28fd\",\"name\":\"melinasojo\",\"image\":{\"@type\":\"ImageObject\",\"inLanguage\":\"es-CO\",\"@id\":\"https:\/\/www.crea.gov.co\/crea-la-granja\/#\/schema\/person\/image\/\",\"url\":\"https:\/\/secure.gravatar.com\/avatar\/5d54094d3cad156c09fa59918eb0e867?s=96&d=mm&r=g\",\"contentUrl\":\"https:\/\/secure.gravatar.com\/avatar\/5d54094d3cad156c09fa59918eb0e867?s=96&d=mm&r=g\",\"caption\":\"melinasojo\"},\"url\":\"https:\/\/www.crea.gov.co\/crea-la-granja\/author\/melinasojo\/\"}]}<\/script>\n<!-- \/ Yoast SEO plugin. -->","yoast_head_json":{"title":"En el Crea La Granja, se conmemora la lucha de la mujer por sus derechos. - Crea La Granja","robots":{"index":"index","follow":"follow","max-snippet":"max-snippet:-1","max-image-preview":"max-image-preview:large","max-video-preview":"max-video-preview:-1"},"canonical":"https:\/\/www.crea.gov.co\/crea-la-granja\/en-el-crea-la-granja-se-conmemora-la-lucha-de-la-mujer-por-sus-derechos\/","og_locale":"es_ES","og_type":"article","og_title":"En el Crea La Granja, se conmemora la lucha de la mujer por sus derechos. - Crea La Granja","og_description":"En cada uno de los talleres de formaci\u00f3n art\u00edstica que se llevan a cabo en el Crea La Granja, los participantes, guiados por los y las artistas, realizaron actividades enfocadas en la reflexi\u00f3n sobre la lucha de las mujeres por la reivindicaci\u00f3n de sus derechos. Desde las artes pl\u00e1sticas, la danza, el teatro, la m\u00fasica, [&hellip;]","og_url":"https:\/\/www.crea.gov.co\/crea-la-granja\/en-el-crea-la-granja-se-conmemora-la-lucha-de-la-mujer-por-sus-derechos\/","og_site_name":"Crea La Granja","article_published_time":"2022-03-22T17:59:19+00:00","article_modified_time":"2022-07-23T16:03:00+00:00","og_image":[{"width":1280,"height":720,"url":"https:\/\/www.crea.gov.co\/crea-la-granja\/wp-content\/uploads\/sites\/6\/2022\/03\/d3c72d2e-b738-4dda-b15d-122dd08f1613.jpg","type":"image\/jpeg"}],"author":"melinasojo","twitter_card":"summary_large_image","twitter_misc":{"Escrito por":"melinasojo","Tiempo de lectura":"1 minuto"},"schema":{"@context":"https:\/\/schema.org","@graph":[{"@type":"WebPage","@id":"https:\/\/www.crea.gov.co\/crea-la-granja\/en-el-crea-la-granja-se-conmemora-la-lucha-de-la-mujer-por-sus-derechos\/","url":"https:\/\/www.crea.gov.co\/crea-la-granja\/en-el-crea-la-granja-se-conmemora-la-lucha-de-la-mujer-por-sus-derechos\/","name":"En el Crea La Granja, se conmemora la lucha de la mujer por sus derechos. - Crea La Granja","isPartOf":{"@id":"https:\/\/www.crea.gov.co\/crea-la-granja\/#website"},"primaryImageOfPage":{"@id":"https:\/\/www.crea.gov.co\/crea-la-granja\/en-el-crea-la-granja-se-conmemora-la-lucha-de-la-mujer-por-sus-derechos\/#primaryimage"},"image":{"@id":"https:\/\/www.crea.gov.co\/crea-la-granja\/en-el-crea-la-granja-se-conmemora-la-lucha-de-la-mujer-por-sus-derechos\/#primaryimage"},"thumbnailUrl":"https:\/\/www.crea.gov.co\/crea-la-granja\/wp-content\/uploads\/sites\/6\/2022\/03\/d3c72d2e-b738-4dda-b15d-122dd08f1613.jpg","datePublished":"2022-03-22T17:59:19+00:00","dateModified":"2022-07-23T16:03:00+00:00","author":{"@id":"https:\/\/www.crea.gov.co\/crea-la-granja\/#\/schema\/person\/df47eed4e3c049a17d9398dbbebe28fd"},"breadcrumb":{"@id":"https:\/\/www.crea.gov.co\/crea-la-granja\/en-el-crea-la-granja-se-conmemora-la-lucha-de-la-mujer-por-sus-derechos\/#breadcrumb"},"inLanguage":"es-CO","potentialAction":[{"@type":"ReadAction","target":["https:\/\/www.crea.gov.co\/crea-la-granja\/en-el-crea-la-granja-se-conmemora-la-lucha-de-la-mujer-por-sus-derechos\/"]}]},{"@type":"ImageObject","inLanguage":"es-CO","@id":"https:\/\/www.crea.gov.co\/crea-la-granja\/en-el-crea-la-granja-se-conmemora-la-lucha-de-la-mujer-por-sus-derechos\/#primaryimage","url":"https:\/\/www.crea.gov.co\/crea-la-granja\/wp-content\/uploads\/sites\/6\/2022\/03\/d3c72d2e-b738-4dda-b15d-122dd08f1613.jpg","contentUrl":"https:\/\/www.crea.gov.co\/crea-la-granja\/wp-content\/uploads\/sites\/6\/2022\/03\/d3c72d2e-b738-4dda-b15d-122dd08f1613.jpg","width":1280,"height":720},{"@type":"BreadcrumbList","@id":"https:\/\/www.crea.gov.co\/crea-la-granja\/en-el-crea-la-granja-se-conmemora-la-lucha-de-la-mujer-por-sus-derechos\/#breadcrumb","itemListElement":[{"@type":"ListItem","position":1,"name":"Home","item":"https:\/\/www.crea.gov.co\/crea-la-granja\/"},{"@type":"ListItem","position":2,"name":"En el Crea La Granja, se conmemora la lucha de la mujer por sus derechos."}]},{"@type":"WebSite","@id":"https:\/\/www.crea.gov.co\/crea-la-granja\/#website","url":"https:\/\/www.crea.gov.co\/crea-la-granja\/","name":"Crea La Granja","description":"Este centro de formaci\u00f3n ofrece un espacio para cultivar la imaginaci\u00f3n como huerta. Es un punto de encuentro en el que se cruzan generaciones para compartir, aprender y crear. As\u00ed, ni\u00f1as, ni\u00f1os, j\u00f3venes y adultos descubren nuevas formas de expresi\u00f3n en un entorno cercano, c\u00e1lido y profundamente comunitario.","potentialAction":[{"@type":"SearchAction","target":{"@type":"EntryPoint","urlTemplate":"https:\/\/www.crea.gov.co\/crea-la-granja\/?s={search_term_string}"},"query-input":{"@type":"PropertyValueSpecification","valueRequired":true,"valueName":"search_term_string"}}],"inLanguage":"es-CO"},{"@type":"Person","@id":"https:\/\/www.crea.gov.co\/crea-la-granja\/#\/schema\/person\/df47eed4e3c049a17d9398dbbebe28fd","name":"melinasojo","image":{"@type":"ImageObject","inLanguage":"es-CO","@id":"https:\/\/www.crea.gov.co\/crea-la-granja\/#\/schema\/person\/image\/","url":"https:\/\/secure.gravatar.com\/avatar\/5d54094d3cad156c09fa59918eb0e867?s=96&d=mm&r=g","contentUrl":"https:\/\/secure.gravatar.com\/avatar\/5d54094d3cad156c09fa59918eb0e867?s=96&d=mm&r=g","caption":"melinasojo"},"url":"https:\/\/www.crea.gov.co\/crea-la-granja\/author\/melinasojo\/"}]}},"_links":{"self":[{"href":"https:\/\/www.crea.gov.co\/crea-la-granja\/wp-json\/wp\/v2\/posts\/18","targetHints":{"allow":["GET"]}}],"collection":[{"href":"https:\/\/www.crea.gov.co\/crea-la-granja\/wp-json\/wp\/v2\/posts"}],"about":[{"href":"https:\/\/www.crea.gov.co\/crea-la-granja\/wp-json\/wp\/v2\/types\/post"}],"author":[{"embeddable":true,"href":"https:\/\/www.crea.gov.co\/crea-la-granja\/wp-json\/wp\/v2\/users\/40"}],"replies":[{"embeddable":true,"href":"https:\/\/www.crea.gov.co\/crea-la-granja\/wp-json\/wp\/v2\/comments?post=18"}],"version-history":[{"count":1,"href":"https:\/\/www.crea.gov.co\/crea-la-granja\/wp-json\/wp\/v2\/posts\/18\/revisions"}],"predecessor-version":[{"id":42,"href":"https:\/\/www.crea.gov.co\/crea-la-granja\/wp-json\/wp\/v2\/posts\/18\/revisions\/42"}],"wp:featuredmedia":[{"embeddable":true,"href":"https:\/\/www.crea.gov.co\/crea-la-granja\/wp-json\/wp\/v2\/media\/41"}],"wp:attachment":[{"href":"https:\/\/www.crea.gov.co\/crea-la-granja\/wp-json\/wp\/v2\/media?parent=18"}],"wp:term":[{"taxonomy":"category","embeddable":true,"href":"https:\/\/www.crea.gov.co\/crea-la-granja\/wp-json\/wp\/v2\/categories?post=18"},{"taxonomy":"post_tag","embeddable":true,"href":"https:\/\/www.crea.gov.co\/crea-la-granja\/wp-json\/wp\/v2\/tags?post=18"}],"curies":[{"name":"wp","href":"https:\/\/api.w.org\/{rel}","templated":true}]}}