{"id":106,"date":"2022-12-20T19:22:42","date_gmt":"2022-12-20T19:22:42","guid":{"rendered":"https:\/\/www.crea.gov.co\/crea-la-granja\/?p=106"},"modified":"2022-12-20T19:22:42","modified_gmt":"2022-12-20T19:22:42","slug":"un-pare-para-el-arte","status":"publish","type":"post","link":"https:\/\/www.crea.gov.co\/crea-la-granja\/un-pare-para-el-arte\/","title":{"rendered":"Un PARE para el ARTE"},"content":{"rendered":"\n<p>Hoy finalizamos -s\u00f3lo por este a\u00f1o- la atenci\u00f3n en el Crea La Granja,  sabemos lo maravilloso que fue compartir con las familias, vecinos, artistas de todas las edades, so\u00f1adores de sue\u00f1os y de realidades, en un espacio m\u00e1gico, construido a pulso por el Programa Crea, que le ha apostado a la transformaci\u00f3n de la ciudad a partir de la formaci\u00f3n art\u00edstica. <\/p>\n\n\n\n<p>En el 2023 las puertas se abrir\u00e1n nuevamente, para seguir construyendo imaginarios y seguir creyendo en lo imposible, que cada vez m\u00e1s nos sostiene polo a tierra en este camino que es la vida. <\/p>\n\n\n\n<p><\/p>\n\n\n\n<figure class=\"wp-block-image size-large\"><img loading=\"lazy\" decoding=\"async\" width=\"1024\" height=\"651\" src=\"https:\/\/www.crea.gov.co\/crea-la-granja\/wp-content\/uploads\/sites\/6\/2022\/12\/910df7f1-6c01-4fca-8113-276dbce065af-1024x651.jpg\" alt=\"\" class=\"wp-image-107\" srcset=\"https:\/\/www.crea.gov.co\/crea-la-granja\/wp-content\/uploads\/sites\/6\/2022\/12\/910df7f1-6c01-4fca-8113-276dbce065af-1024x651.jpg 1024w, https:\/\/www.crea.gov.co\/crea-la-granja\/wp-content\/uploads\/sites\/6\/2022\/12\/910df7f1-6c01-4fca-8113-276dbce065af-300x191.jpg 300w, https:\/\/www.crea.gov.co\/crea-la-granja\/wp-content\/uploads\/sites\/6\/2022\/12\/910df7f1-6c01-4fca-8113-276dbce065af-768x488.jpg 768w, https:\/\/www.crea.gov.co\/crea-la-granja\/wp-content\/uploads\/sites\/6\/2022\/12\/910df7f1-6c01-4fca-8113-276dbce065af.jpg 1280w\" sizes=\"auto, (max-width: 1024px) 100vw, 1024px\" \/><\/figure>\n\n\n\n<p><\/p>\n\n\n\n<p><\/p>\n\n\n\n<figure class=\"wp-block-image size-large\"><img loading=\"lazy\" decoding=\"async\" width=\"1024\" height=\"768\" src=\"https:\/\/www.crea.gov.co\/crea-la-granja\/wp-content\/uploads\/sites\/6\/2022\/12\/09c044d2-f59e-43db-b815-bd7fad146cbc-1024x768.jpg\" alt=\"\" class=\"wp-image-108\" srcset=\"https:\/\/www.crea.gov.co\/crea-la-granja\/wp-content\/uploads\/sites\/6\/2022\/12\/09c044d2-f59e-43db-b815-bd7fad146cbc-1024x768.jpg 1024w, https:\/\/www.crea.gov.co\/crea-la-granja\/wp-content\/uploads\/sites\/6\/2022\/12\/09c044d2-f59e-43db-b815-bd7fad146cbc-300x225.jpg 300w, https:\/\/www.crea.gov.co\/crea-la-granja\/wp-content\/uploads\/sites\/6\/2022\/12\/09c044d2-f59e-43db-b815-bd7fad146cbc-768x576.jpg 768w, https:\/\/www.crea.gov.co\/crea-la-granja\/wp-content\/uploads\/sites\/6\/2022\/12\/09c044d2-f59e-43db-b815-bd7fad146cbc-1536x1152.jpg 1536w, https:\/\/www.crea.gov.co\/crea-la-granja\/wp-content\/uploads\/sites\/6\/2022\/12\/09c044d2-f59e-43db-b815-bd7fad146cbc.jpg 1600w\" sizes=\"auto, (max-width: 1024px) 100vw, 1024px\" \/><\/figure>\n\n\n\n<p><\/p>\n\n\n\n<p><\/p>\n\n\n\n<figure class=\"wp-block-image size-large\"><img loading=\"lazy\" decoding=\"async\" width=\"1024\" height=\"768\" src=\"https:\/\/www.crea.gov.co\/crea-la-granja\/wp-content\/uploads\/sites\/6\/2022\/12\/1c405dee-5575-4f33-a0ee-be143535dcdd-1024x768.jpg\" alt=\"\" class=\"wp-image-109\" srcset=\"https:\/\/www.crea.gov.co\/crea-la-granja\/wp-content\/uploads\/sites\/6\/2022\/12\/1c405dee-5575-4f33-a0ee-be143535dcdd-1024x768.jpg 1024w, https:\/\/www.crea.gov.co\/crea-la-granja\/wp-content\/uploads\/sites\/6\/2022\/12\/1c405dee-5575-4f33-a0ee-be143535dcdd-300x225.jpg 300w, https:\/\/www.crea.gov.co\/crea-la-granja\/wp-content\/uploads\/sites\/6\/2022\/12\/1c405dee-5575-4f33-a0ee-be143535dcdd-768x576.jpg 768w, https:\/\/www.crea.gov.co\/crea-la-granja\/wp-content\/uploads\/sites\/6\/2022\/12\/1c405dee-5575-4f33-a0ee-be143535dcdd-1536x1152.jpg 1536w, https:\/\/www.crea.gov.co\/crea-la-granja\/wp-content\/uploads\/sites\/6\/2022\/12\/1c405dee-5575-4f33-a0ee-be143535dcdd.jpg 1600w\" sizes=\"auto, (max-width: 1024px) 100vw, 1024px\" \/><\/figure>\n","protected":false},"excerpt":{"rendered":"<p>Hoy finalizamos -s\u00f3lo por este a\u00f1o- la atenci\u00f3n en el Crea La Granja, sabemos lo maravilloso que fue compartir con las familias, vecinos, artistas de todas las edades, so\u00f1adores de sue\u00f1os y de realidades, en un espacio m\u00e1gico, construido a pulso por el Programa Crea, que le ha apostado a la transformaci\u00f3n de la ciudad [&hellip;]<\/p>\n","protected":false},"author":40,"featured_media":107,"comment_status":"open","ping_status":"open","sticky":false,"template":"","format":"standard","meta":{"footnotes":""},"categories":[1],"tags":[],"class_list":["post-106","post","type-post","status-publish","format-standard","has-post-thumbnail","hentry","category-sin-categoria"],"yoast_head":"<!-- This site is optimized with the Yoast SEO plugin v24.5 - https:\/\/yoast.com\/wordpress\/plugins\/seo\/ -->\n<title>Un PARE para el ARTE - Crea La Granja<\/title>\n<meta name=\"robots\" content=\"index, follow, max-snippet:-1, max-image-preview:large, max-video-preview:-1\" \/>\n<link rel=\"canonical\" href=\"https:\/\/www.crea.gov.co\/crea-la-granja\/un-pare-para-el-arte\/\" \/>\n<meta property=\"og:locale\" content=\"es_ES\" \/>\n<meta property=\"og:type\" content=\"article\" \/>\n<meta property=\"og:title\" content=\"Un PARE para el ARTE - Crea La Granja\" \/>\n<meta property=\"og:description\" content=\"Hoy finalizamos -s\u00f3lo por este a\u00f1o- la atenci\u00f3n en el Crea La Granja, sabemos lo maravilloso que fue compartir con las familias, vecinos, artistas de todas las edades, so\u00f1adores de sue\u00f1os y de realidades, en un espacio m\u00e1gico, construido a pulso por el Programa Crea, que le ha apostado a la transformaci\u00f3n de la ciudad [&hellip;]\" \/>\n<meta property=\"og:url\" content=\"https:\/\/www.crea.gov.co\/crea-la-granja\/un-pare-para-el-arte\/\" \/>\n<meta property=\"og:site_name\" content=\"Crea La Granja\" \/>\n<meta property=\"article:published_time\" content=\"2022-12-20T19:22:42+00:00\" \/>\n<meta property=\"og:image\" content=\"https:\/\/www.crea.gov.co\/crea-la-granja\/wp-content\/uploads\/sites\/6\/2022\/12\/910df7f1-6c01-4fca-8113-276dbce065af.jpg\" \/>\n\t<meta property=\"og:image:width\" content=\"1280\" \/>\n\t<meta property=\"og:image:height\" content=\"814\" \/>\n\t<meta property=\"og:image:type\" content=\"image\/jpeg\" \/>\n<meta name=\"author\" content=\"melinasojo\" \/>\n<meta name=\"twitter:card\" content=\"summary_large_image\" \/>\n<meta name=\"twitter:label1\" content=\"Escrito por\" \/>\n\t<meta name=\"twitter:data1\" content=\"melinasojo\" \/>\n\t<meta name=\"twitter:label2\" content=\"Tiempo de lectura\" \/>\n\t<meta name=\"twitter:data2\" content=\"2 minutos\" \/>\n<script type=\"application\/ld+json\" class=\"yoast-schema-graph\">{\"@context\":\"https:\/\/schema.org\",\"@graph\":[{\"@type\":\"WebPage\",\"@id\":\"https:\/\/www.crea.gov.co\/crea-la-granja\/un-pare-para-el-arte\/\",\"url\":\"https:\/\/www.crea.gov.co\/crea-la-granja\/un-pare-para-el-arte\/\",\"name\":\"Un PARE para el ARTE - Crea La Granja\",\"isPartOf\":{\"@id\":\"https:\/\/www.crea.gov.co\/crea-la-granja\/#website\"},\"primaryImageOfPage\":{\"@id\":\"https:\/\/www.crea.gov.co\/crea-la-granja\/un-pare-para-el-arte\/#primaryimage\"},\"image\":{\"@id\":\"https:\/\/www.crea.gov.co\/crea-la-granja\/un-pare-para-el-arte\/#primaryimage\"},\"thumbnailUrl\":\"https:\/\/www.crea.gov.co\/crea-la-granja\/wp-content\/uploads\/sites\/6\/2022\/12\/910df7f1-6c01-4fca-8113-276dbce065af.jpg\",\"datePublished\":\"2022-12-20T19:22:42+00:00\",\"author\":{\"@id\":\"https:\/\/www.crea.gov.co\/crea-la-granja\/#\/schema\/person\/df47eed4e3c049a17d9398dbbebe28fd\"},\"breadcrumb\":{\"@id\":\"https:\/\/www.crea.gov.co\/crea-la-granja\/un-pare-para-el-arte\/#breadcrumb\"},\"inLanguage\":\"es-CO\",\"potentialAction\":[{\"@type\":\"ReadAction\",\"target\":[\"https:\/\/www.crea.gov.co\/crea-la-granja\/un-pare-para-el-arte\/\"]}]},{\"@type\":\"ImageObject\",\"inLanguage\":\"es-CO\",\"@id\":\"https:\/\/www.crea.gov.co\/crea-la-granja\/un-pare-para-el-arte\/#primaryimage\",\"url\":\"https:\/\/www.crea.gov.co\/crea-la-granja\/wp-content\/uploads\/sites\/6\/2022\/12\/910df7f1-6c01-4fca-8113-276dbce065af.jpg\",\"contentUrl\":\"https:\/\/www.crea.gov.co\/crea-la-granja\/wp-content\/uploads\/sites\/6\/2022\/12\/910df7f1-6c01-4fca-8113-276dbce065af.jpg\",\"width\":1280,\"height\":814},{\"@type\":\"BreadcrumbList\",\"@id\":\"https:\/\/www.crea.gov.co\/crea-la-granja\/un-pare-para-el-arte\/#breadcrumb\",\"itemListElement\":[{\"@type\":\"ListItem\",\"position\":1,\"name\":\"Home\",\"item\":\"https:\/\/www.crea.gov.co\/crea-la-granja\/\"},{\"@type\":\"ListItem\",\"position\":2,\"name\":\"Un PARE para el ARTE\"}]},{\"@type\":\"WebSite\",\"@id\":\"https:\/\/www.crea.gov.co\/crea-la-granja\/#website\",\"url\":\"https:\/\/www.crea.gov.co\/crea-la-granja\/\",\"name\":\"Crea La Granja\",\"description\":\"Este centro de formaci\u00f3n ofrece un espacio para cultivar la imaginaci\u00f3n como huerta. Es un punto de encuentro en el que se cruzan generaciones para compartir, aprender y crear. As\u00ed, ni\u00f1as, ni\u00f1os, j\u00f3venes y adultos descubren nuevas formas de expresi\u00f3n en un entorno cercano, c\u00e1lido y profundamente comunitario.\",\"potentialAction\":[{\"@type\":\"SearchAction\",\"target\":{\"@type\":\"EntryPoint\",\"urlTemplate\":\"https:\/\/www.crea.gov.co\/crea-la-granja\/?s={search_term_string}\"},\"query-input\":{\"@type\":\"PropertyValueSpecification\",\"valueRequired\":true,\"valueName\":\"search_term_string\"}}],\"inLanguage\":\"es-CO\"},{\"@type\":\"Person\",\"@id\":\"https:\/\/www.crea.gov.co\/crea-la-granja\/#\/schema\/person\/df47eed4e3c049a17d9398dbbebe28fd\",\"name\":\"melinasojo\",\"image\":{\"@type\":\"ImageObject\",\"inLanguage\":\"es-CO\",\"@id\":\"https:\/\/www.crea.gov.co\/crea-la-granja\/#\/schema\/person\/image\/\",\"url\":\"https:\/\/secure.gravatar.com\/avatar\/5d54094d3cad156c09fa59918eb0e867?s=96&d=mm&r=g\",\"contentUrl\":\"https:\/\/secure.gravatar.com\/avatar\/5d54094d3cad156c09fa59918eb0e867?s=96&d=mm&r=g\",\"caption\":\"melinasojo\"},\"url\":\"https:\/\/www.crea.gov.co\/crea-la-granja\/author\/melinasojo\/\"}]}<\/script>\n<!-- \/ Yoast SEO plugin. -->","yoast_head_json":{"title":"Un PARE para el ARTE - Crea La Granja","robots":{"index":"index","follow":"follow","max-snippet":"max-snippet:-1","max-image-preview":"max-image-preview:large","max-video-preview":"max-video-preview:-1"},"canonical":"https:\/\/www.crea.gov.co\/crea-la-granja\/un-pare-para-el-arte\/","og_locale":"es_ES","og_type":"article","og_title":"Un PARE para el ARTE - Crea La Granja","og_description":"Hoy finalizamos -s\u00f3lo por este a\u00f1o- la atenci\u00f3n en el Crea La Granja, sabemos lo maravilloso que fue compartir con las familias, vecinos, artistas de todas las edades, so\u00f1adores de sue\u00f1os y de realidades, en un espacio m\u00e1gico, construido a pulso por el Programa Crea, que le ha apostado a la transformaci\u00f3n de la ciudad [&hellip;]","og_url":"https:\/\/www.crea.gov.co\/crea-la-granja\/un-pare-para-el-arte\/","og_site_name":"Crea La Granja","article_published_time":"2022-12-20T19:22:42+00:00","og_image":[{"width":1280,"height":814,"url":"https:\/\/www.crea.gov.co\/crea-la-granja\/wp-content\/uploads\/sites\/6\/2022\/12\/910df7f1-6c01-4fca-8113-276dbce065af.jpg","type":"image\/jpeg"}],"author":"melinasojo","twitter_card":"summary_large_image","twitter_misc":{"Escrito por":"melinasojo","Tiempo de lectura":"2 minutos"},"schema":{"@context":"https:\/\/schema.org","@graph":[{"@type":"WebPage","@id":"https:\/\/www.crea.gov.co\/crea-la-granja\/un-pare-para-el-arte\/","url":"https:\/\/www.crea.gov.co\/crea-la-granja\/un-pare-para-el-arte\/","name":"Un PARE para el ARTE - Crea La Granja","isPartOf":{"@id":"https:\/\/www.crea.gov.co\/crea-la-granja\/#website"},"primaryImageOfPage":{"@id":"https:\/\/www.crea.gov.co\/crea-la-granja\/un-pare-para-el-arte\/#primaryimage"},"image":{"@id":"https:\/\/www.crea.gov.co\/crea-la-granja\/un-pare-para-el-arte\/#primaryimage"},"thumbnailUrl":"https:\/\/www.crea.gov.co\/crea-la-granja\/wp-content\/uploads\/sites\/6\/2022\/12\/910df7f1-6c01-4fca-8113-276dbce065af.jpg","datePublished":"2022-12-20T19:22:42+00:00","author":{"@id":"https:\/\/www.crea.gov.co\/crea-la-granja\/#\/schema\/person\/df47eed4e3c049a17d9398dbbebe28fd"},"breadcrumb":{"@id":"https:\/\/www.crea.gov.co\/crea-la-granja\/un-pare-para-el-arte\/#breadcrumb"},"inLanguage":"es-CO","potentialAction":[{"@type":"ReadAction","target":["https:\/\/www.crea.gov.co\/crea-la-granja\/un-pare-para-el-arte\/"]}]},{"@type":"ImageObject","inLanguage":"es-CO","@id":"https:\/\/www.crea.gov.co\/crea-la-granja\/un-pare-para-el-arte\/#primaryimage","url":"https:\/\/www.crea.gov.co\/crea-la-granja\/wp-content\/uploads\/sites\/6\/2022\/12\/910df7f1-6c01-4fca-8113-276dbce065af.jpg","contentUrl":"https:\/\/www.crea.gov.co\/crea-la-granja\/wp-content\/uploads\/sites\/6\/2022\/12\/910df7f1-6c01-4fca-8113-276dbce065af.jpg","width":1280,"height":814},{"@type":"BreadcrumbList","@id":"https:\/\/www.crea.gov.co\/crea-la-granja\/un-pare-para-el-arte\/#breadcrumb","itemListElement":[{"@type":"ListItem","position":1,"name":"Home","item":"https:\/\/www.crea.gov.co\/crea-la-granja\/"},{"@type":"ListItem","position":2,"name":"Un PARE para el ARTE"}]},{"@type":"WebSite","@id":"https:\/\/www.crea.gov.co\/crea-la-granja\/#website","url":"https:\/\/www.crea.gov.co\/crea-la-granja\/","name":"Crea La Granja","description":"Este centro de formaci\u00f3n ofrece un espacio para cultivar la imaginaci\u00f3n como huerta. Es un punto de encuentro en el que se cruzan generaciones para compartir, aprender y crear. As\u00ed, ni\u00f1as, ni\u00f1os, j\u00f3venes y adultos descubren nuevas formas de expresi\u00f3n en un entorno cercano, c\u00e1lido y profundamente comunitario.","potentialAction":[{"@type":"SearchAction","target":{"@type":"EntryPoint","urlTemplate":"https:\/\/www.crea.gov.co\/crea-la-granja\/?s={search_term_string}"},"query-input":{"@type":"PropertyValueSpecification","valueRequired":true,"valueName":"search_term_string"}}],"inLanguage":"es-CO"},{"@type":"Person","@id":"https:\/\/www.crea.gov.co\/crea-la-granja\/#\/schema\/person\/df47eed4e3c049a17d9398dbbebe28fd","name":"melinasojo","image":{"@type":"ImageObject","inLanguage":"es-CO","@id":"https:\/\/www.crea.gov.co\/crea-la-granja\/#\/schema\/person\/image\/","url":"https:\/\/secure.gravatar.com\/avatar\/5d54094d3cad156c09fa59918eb0e867?s=96&d=mm&r=g","contentUrl":"https:\/\/secure.gravatar.com\/avatar\/5d54094d3cad156c09fa59918eb0e867?s=96&d=mm&r=g","caption":"melinasojo"},"url":"https:\/\/www.crea.gov.co\/crea-la-granja\/author\/melinasojo\/"}]}},"_links":{"self":[{"href":"https:\/\/www.crea.gov.co\/crea-la-granja\/wp-json\/wp\/v2\/posts\/106","targetHints":{"allow":["GET"]}}],"collection":[{"href":"https:\/\/www.crea.gov.co\/crea-la-granja\/wp-json\/wp\/v2\/posts"}],"about":[{"href":"https:\/\/www.crea.gov.co\/crea-la-granja\/wp-json\/wp\/v2\/types\/post"}],"author":[{"embeddable":true,"href":"https:\/\/www.crea.gov.co\/crea-la-granja\/wp-json\/wp\/v2\/users\/40"}],"replies":[{"embeddable":true,"href":"https:\/\/www.crea.gov.co\/crea-la-granja\/wp-json\/wp\/v2\/comments?post=106"}],"version-history":[{"count":1,"href":"https:\/\/www.crea.gov.co\/crea-la-granja\/wp-json\/wp\/v2\/posts\/106\/revisions"}],"predecessor-version":[{"id":110,"href":"https:\/\/www.crea.gov.co\/crea-la-granja\/wp-json\/wp\/v2\/posts\/106\/revisions\/110"}],"wp:featuredmedia":[{"embeddable":true,"href":"https:\/\/www.crea.gov.co\/crea-la-granja\/wp-json\/wp\/v2\/media\/107"}],"wp:attachment":[{"href":"https:\/\/www.crea.gov.co\/crea-la-granja\/wp-json\/wp\/v2\/media?parent=106"}],"wp:term":[{"taxonomy":"category","embeddable":true,"href":"https:\/\/www.crea.gov.co\/crea-la-granja\/wp-json\/wp\/v2\/categories?post=106"},{"taxonomy":"post_tag","embeddable":true,"href":"https:\/\/www.crea.gov.co\/crea-la-granja\/wp-json\/wp\/v2\/tags?post=106"}],"curies":[{"name":"wp","href":"https:\/\/api.w.org\/{rel}","templated":true}]}}