{"id":911,"date":"2024-11-18T19:35:02","date_gmt":"2024-11-18T19:35:02","guid":{"rendered":"https:\/\/www.crea.gov.co\/crea-la-campina\/?p=911"},"modified":"2024-11-18T19:35:02","modified_gmt":"2024-11-18T19:35:02","slug":"filarmonicos-resonantes","status":"publish","type":"post","link":"https:\/\/www.crea.gov.co\/crea-la-campina\/filarmonicos-resonantes\/","title":{"rendered":"Filarm\u00f3nicos resonantes"},"content":{"rendered":"\n<figure class=\"wp-block-image size-large\"><img loading=\"lazy\" decoding=\"async\" width=\"1024\" height=\"768\" src=\"https:\/\/www.crea.gov.co\/crea-la-campina\/wp-content\/uploads\/sites\/4\/2024\/11\/WhatsApp-Image-2024-11-18-at-2.28.47-PM-1024x768.jpeg\" alt=\"\" class=\"wp-image-912\" srcset=\"https:\/\/www.crea.gov.co\/crea-la-campina\/wp-content\/uploads\/sites\/4\/2024\/11\/WhatsApp-Image-2024-11-18-at-2.28.47-PM-1024x768.jpeg 1024w, https:\/\/www.crea.gov.co\/crea-la-campina\/wp-content\/uploads\/sites\/4\/2024\/11\/WhatsApp-Image-2024-11-18-at-2.28.47-PM-300x225.jpeg 300w, https:\/\/www.crea.gov.co\/crea-la-campina\/wp-content\/uploads\/sites\/4\/2024\/11\/WhatsApp-Image-2024-11-18-at-2.28.47-PM-768x576.jpeg 768w, https:\/\/www.crea.gov.co\/crea-la-campina\/wp-content\/uploads\/sites\/4\/2024\/11\/WhatsApp-Image-2024-11-18-at-2.28.47-PM-1536x1152.jpeg 1536w, https:\/\/www.crea.gov.co\/crea-la-campina\/wp-content\/uploads\/sites\/4\/2024\/11\/WhatsApp-Image-2024-11-18-at-2.28.47-PM.jpeg 1600w\" sizes=\"auto, (max-width: 1024px) 100vw, 1024px\" \/><\/figure>\n\n\n\n<p>Desde el Colegio Filarm\u00f3nico Sim\u00f3n Bol\u00edvar llegaron los Corazones Resonante para poner a vibrar al p\u00fablico asistente a la Media Torta en el Ecosistema Crea. Maravillosa esa presentaci\u00f3n que se hizo aflorar los nobles sentimientos adolescentes.<\/p>\n\n\n\n<figure class=\"wp-block-image size-large\"><img loading=\"lazy\" decoding=\"async\" width=\"1024\" height=\"768\" src=\"https:\/\/www.crea.gov.co\/crea-la-campina\/wp-content\/uploads\/sites\/4\/2024\/11\/WhatsApp-Image-2024-11-18-at-2.33.41-PM-1024x768.jpeg\" alt=\"\" class=\"wp-image-913\" srcset=\"https:\/\/www.crea.gov.co\/crea-la-campina\/wp-content\/uploads\/sites\/4\/2024\/11\/WhatsApp-Image-2024-11-18-at-2.33.41-PM-1024x768.jpeg 1024w, https:\/\/www.crea.gov.co\/crea-la-campina\/wp-content\/uploads\/sites\/4\/2024\/11\/WhatsApp-Image-2024-11-18-at-2.33.41-PM-300x225.jpeg 300w, https:\/\/www.crea.gov.co\/crea-la-campina\/wp-content\/uploads\/sites\/4\/2024\/11\/WhatsApp-Image-2024-11-18-at-2.33.41-PM-768x576.jpeg 768w, https:\/\/www.crea.gov.co\/crea-la-campina\/wp-content\/uploads\/sites\/4\/2024\/11\/WhatsApp-Image-2024-11-18-at-2.33.41-PM-1536x1152.jpeg 1536w, https:\/\/www.crea.gov.co\/crea-la-campina\/wp-content\/uploads\/sites\/4\/2024\/11\/WhatsApp-Image-2024-11-18-at-2.33.41-PM.jpeg 1600w\" sizes=\"auto, (max-width: 1024px) 100vw, 1024px\" \/><\/figure>\n\n\n\n<p> Igualmente, se presentaron ante sus compa\u00f1eros en las muestras finales, que se llevaron a cabo en el Colegio y en la Biblioteca de Suba&#8230; Un momento excelente para compartir.<\/p>\n","protected":false},"excerpt":{"rendered":"<p>Desde el Colegio Filarm\u00f3nico Sim\u00f3n Bol\u00edvar llegaron los Corazones Resonante para poner a vibrar al p\u00fablico asistente a la Media Torta en el Ecosistema Crea. Maravillosa esa presentaci\u00f3n que se hizo aflorar los nobles sentimientos adolescentes. Igualmente, se presentaron ante sus compa\u00f1eros en las muestras finales, que se llevaron a cabo en el Colegio y [&hellip;]<\/p>\n","protected":false},"author":47,"featured_media":912,"comment_status":"open","ping_status":"open","sticky":false,"template":"","format":"standard","meta":{"footnotes":""},"categories":[1],"tags":[],"class_list":["post-911","post","type-post","status-publish","format-standard","has-post-thumbnail","hentry","category-sin-categoria"],"yoast_head":"<!-- This site is optimized with the Yoast SEO plugin v24.5 - https:\/\/yoast.com\/wordpress\/plugins\/seo\/ -->\n<title>Filarm\u00f3nicos resonantes - Crea La Campi\u00f1a<\/title>\n<meta name=\"robots\" content=\"index, follow, max-snippet:-1, max-image-preview:large, max-video-preview:-1\" \/>\n<link rel=\"canonical\" href=\"https:\/\/www.crea.gov.co\/crea-la-campina\/filarmonicos-resonantes\/\" \/>\n<meta property=\"og:locale\" content=\"es_ES\" \/>\n<meta property=\"og:type\" content=\"article\" \/>\n<meta property=\"og:title\" content=\"Filarm\u00f3nicos resonantes - Crea La Campi\u00f1a\" \/>\n<meta property=\"og:description\" content=\"Desde el Colegio Filarm\u00f3nico Sim\u00f3n Bol\u00edvar llegaron los Corazones Resonante para poner a vibrar al p\u00fablico asistente a la Media Torta en el Ecosistema Crea. Maravillosa esa presentaci\u00f3n que se hizo aflorar los nobles sentimientos adolescentes. Igualmente, se presentaron ante sus compa\u00f1eros en las muestras finales, que se llevaron a cabo en el Colegio y [&hellip;]\" \/>\n<meta property=\"og:url\" content=\"https:\/\/www.crea.gov.co\/crea-la-campina\/filarmonicos-resonantes\/\" \/>\n<meta property=\"og:site_name\" content=\"Crea La Campi\u00f1a\" \/>\n<meta property=\"article:published_time\" content=\"2024-11-18T19:35:02+00:00\" \/>\n<meta property=\"og:image\" content=\"https:\/\/www.crea.gov.co\/crea-la-campina\/wp-content\/uploads\/sites\/4\/2024\/11\/WhatsApp-Image-2024-11-18-at-2.28.47-PM.jpeg\" \/>\n\t<meta property=\"og:image:width\" content=\"1600\" \/>\n\t<meta property=\"og:image:height\" content=\"1200\" \/>\n\t<meta property=\"og:image:type\" content=\"image\/jpeg\" \/>\n<meta name=\"author\" content=\"sandragutierrez\" \/>\n<meta name=\"twitter:card\" content=\"summary_large_image\" \/>\n<meta name=\"twitter:label1\" content=\"Escrito por\" \/>\n\t<meta name=\"twitter:data1\" content=\"sandragutierrez\" \/>\n\t<meta name=\"twitter:label2\" content=\"Tiempo de lectura\" \/>\n\t<meta name=\"twitter:data2\" content=\"1 minuto\" \/>\n<script type=\"application\/ld+json\" class=\"yoast-schema-graph\">{\"@context\":\"https:\/\/schema.org\",\"@graph\":[{\"@type\":\"WebPage\",\"@id\":\"https:\/\/www.crea.gov.co\/crea-la-campina\/filarmonicos-resonantes\/\",\"url\":\"https:\/\/www.crea.gov.co\/crea-la-campina\/filarmonicos-resonantes\/\",\"name\":\"Filarm\u00f3nicos resonantes - Crea La Campi\u00f1a\",\"isPartOf\":{\"@id\":\"https:\/\/www.crea.gov.co\/crea-la-campina\/#website\"},\"primaryImageOfPage\":{\"@id\":\"https:\/\/www.crea.gov.co\/crea-la-campina\/filarmonicos-resonantes\/#primaryimage\"},\"image\":{\"@id\":\"https:\/\/www.crea.gov.co\/crea-la-campina\/filarmonicos-resonantes\/#primaryimage\"},\"thumbnailUrl\":\"https:\/\/www.crea.gov.co\/crea-la-campina\/wp-content\/uploads\/sites\/4\/2024\/11\/WhatsApp-Image-2024-11-18-at-2.28.47-PM.jpeg\",\"datePublished\":\"2024-11-18T19:35:02+00:00\",\"author\":{\"@id\":\"https:\/\/www.crea.gov.co\/crea-la-campina\/#\/schema\/person\/7ef0f03987ff9404ce03e98ff17d7225\"},\"breadcrumb\":{\"@id\":\"https:\/\/www.crea.gov.co\/crea-la-campina\/filarmonicos-resonantes\/#breadcrumb\"},\"inLanguage\":\"es-CO\",\"potentialAction\":[{\"@type\":\"ReadAction\",\"target\":[\"https:\/\/www.crea.gov.co\/crea-la-campina\/filarmonicos-resonantes\/\"]}]},{\"@type\":\"ImageObject\",\"inLanguage\":\"es-CO\",\"@id\":\"https:\/\/www.crea.gov.co\/crea-la-campina\/filarmonicos-resonantes\/#primaryimage\",\"url\":\"https:\/\/www.crea.gov.co\/crea-la-campina\/wp-content\/uploads\/sites\/4\/2024\/11\/WhatsApp-Image-2024-11-18-at-2.28.47-PM.jpeg\",\"contentUrl\":\"https:\/\/www.crea.gov.co\/crea-la-campina\/wp-content\/uploads\/sites\/4\/2024\/11\/WhatsApp-Image-2024-11-18-at-2.28.47-PM.jpeg\",\"width\":1600,\"height\":1200},{\"@type\":\"BreadcrumbList\",\"@id\":\"https:\/\/www.crea.gov.co\/crea-la-campina\/filarmonicos-resonantes\/#breadcrumb\",\"itemListElement\":[{\"@type\":\"ListItem\",\"position\":1,\"name\":\"Home\",\"item\":\"https:\/\/www.crea.gov.co\/crea-la-campina\/\"},{\"@type\":\"ListItem\",\"position\":2,\"name\":\"Filarm\u00f3nicos resonantes\"}]},{\"@type\":\"WebSite\",\"@id\":\"https:\/\/www.crea.gov.co\/crea-la-campina\/#website\",\"url\":\"https:\/\/www.crea.gov.co\/crea-la-campina\/\",\"name\":\"Crea La Campi\u00f1a\",\"description\":\"En este espacio, el arte se cruza con la vida de barrio. Entre conjuntos y parques, la comunidad se re\u00fane para aprender y crear, compartiendo saberes y experiencias que reflejan la cotidianidad de la zona. Aqu\u00ed, ni\u00f1as, ni\u00f1os, j\u00f3venes y adultos encuentran un lugar para expresarse y descubrir nuevas formas de mirar su entorno.\",\"potentialAction\":[{\"@type\":\"SearchAction\",\"target\":{\"@type\":\"EntryPoint\",\"urlTemplate\":\"https:\/\/www.crea.gov.co\/crea-la-campina\/?s={search_term_string}\"},\"query-input\":{\"@type\":\"PropertyValueSpecification\",\"valueRequired\":true,\"valueName\":\"search_term_string\"}}],\"inLanguage\":\"es-CO\"},{\"@type\":\"Person\",\"@id\":\"https:\/\/www.crea.gov.co\/crea-la-campina\/#\/schema\/person\/7ef0f03987ff9404ce03e98ff17d7225\",\"name\":\"sandragutierrez\",\"image\":{\"@type\":\"ImageObject\",\"inLanguage\":\"es-CO\",\"@id\":\"https:\/\/www.crea.gov.co\/crea-la-campina\/#\/schema\/person\/image\/\",\"url\":\"https:\/\/secure.gravatar.com\/avatar\/5f78b02e1dabff0f763ffcbd6f8fb18d?s=96&d=mm&r=g\",\"contentUrl\":\"https:\/\/secure.gravatar.com\/avatar\/5f78b02e1dabff0f763ffcbd6f8fb18d?s=96&d=mm&r=g\",\"caption\":\"sandragutierrez\"},\"url\":\"https:\/\/www.crea.gov.co\/crea-la-campina\/author\/sandragutierrez\/\"}]}<\/script>\n<!-- \/ Yoast SEO plugin. -->","yoast_head_json":{"title":"Filarm\u00f3nicos resonantes - Crea La Campi\u00f1a","robots":{"index":"index","follow":"follow","max-snippet":"max-snippet:-1","max-image-preview":"max-image-preview:large","max-video-preview":"max-video-preview:-1"},"canonical":"https:\/\/www.crea.gov.co\/crea-la-campina\/filarmonicos-resonantes\/","og_locale":"es_ES","og_type":"article","og_title":"Filarm\u00f3nicos resonantes - Crea La Campi\u00f1a","og_description":"Desde el Colegio Filarm\u00f3nico Sim\u00f3n Bol\u00edvar llegaron los Corazones Resonante para poner a vibrar al p\u00fablico asistente a la Media Torta en el Ecosistema Crea. Maravillosa esa presentaci\u00f3n que se hizo aflorar los nobles sentimientos adolescentes. Igualmente, se presentaron ante sus compa\u00f1eros en las muestras finales, que se llevaron a cabo en el Colegio y [&hellip;]","og_url":"https:\/\/www.crea.gov.co\/crea-la-campina\/filarmonicos-resonantes\/","og_site_name":"Crea La Campi\u00f1a","article_published_time":"2024-11-18T19:35:02+00:00","og_image":[{"width":1600,"height":1200,"url":"https:\/\/www.crea.gov.co\/crea-la-campina\/wp-content\/uploads\/sites\/4\/2024\/11\/WhatsApp-Image-2024-11-18-at-2.28.47-PM.jpeg","type":"image\/jpeg"}],"author":"sandragutierrez","twitter_card":"summary_large_image","twitter_misc":{"Escrito por":"sandragutierrez","Tiempo de lectura":"1 minuto"},"schema":{"@context":"https:\/\/schema.org","@graph":[{"@type":"WebPage","@id":"https:\/\/www.crea.gov.co\/crea-la-campina\/filarmonicos-resonantes\/","url":"https:\/\/www.crea.gov.co\/crea-la-campina\/filarmonicos-resonantes\/","name":"Filarm\u00f3nicos resonantes - Crea La Campi\u00f1a","isPartOf":{"@id":"https:\/\/www.crea.gov.co\/crea-la-campina\/#website"},"primaryImageOfPage":{"@id":"https:\/\/www.crea.gov.co\/crea-la-campina\/filarmonicos-resonantes\/#primaryimage"},"image":{"@id":"https:\/\/www.crea.gov.co\/crea-la-campina\/filarmonicos-resonantes\/#primaryimage"},"thumbnailUrl":"https:\/\/www.crea.gov.co\/crea-la-campina\/wp-content\/uploads\/sites\/4\/2024\/11\/WhatsApp-Image-2024-11-18-at-2.28.47-PM.jpeg","datePublished":"2024-11-18T19:35:02+00:00","author":{"@id":"https:\/\/www.crea.gov.co\/crea-la-campina\/#\/schema\/person\/7ef0f03987ff9404ce03e98ff17d7225"},"breadcrumb":{"@id":"https:\/\/www.crea.gov.co\/crea-la-campina\/filarmonicos-resonantes\/#breadcrumb"},"inLanguage":"es-CO","potentialAction":[{"@type":"ReadAction","target":["https:\/\/www.crea.gov.co\/crea-la-campina\/filarmonicos-resonantes\/"]}]},{"@type":"ImageObject","inLanguage":"es-CO","@id":"https:\/\/www.crea.gov.co\/crea-la-campina\/filarmonicos-resonantes\/#primaryimage","url":"https:\/\/www.crea.gov.co\/crea-la-campina\/wp-content\/uploads\/sites\/4\/2024\/11\/WhatsApp-Image-2024-11-18-at-2.28.47-PM.jpeg","contentUrl":"https:\/\/www.crea.gov.co\/crea-la-campina\/wp-content\/uploads\/sites\/4\/2024\/11\/WhatsApp-Image-2024-11-18-at-2.28.47-PM.jpeg","width":1600,"height":1200},{"@type":"BreadcrumbList","@id":"https:\/\/www.crea.gov.co\/crea-la-campina\/filarmonicos-resonantes\/#breadcrumb","itemListElement":[{"@type":"ListItem","position":1,"name":"Home","item":"https:\/\/www.crea.gov.co\/crea-la-campina\/"},{"@type":"ListItem","position":2,"name":"Filarm\u00f3nicos resonantes"}]},{"@type":"WebSite","@id":"https:\/\/www.crea.gov.co\/crea-la-campina\/#website","url":"https:\/\/www.crea.gov.co\/crea-la-campina\/","name":"Crea La Campi\u00f1a","description":"En este espacio, el arte se cruza con la vida de barrio. Entre conjuntos y parques, la comunidad se re\u00fane para aprender y crear, compartiendo saberes y experiencias que reflejan la cotidianidad de la zona. Aqu\u00ed, ni\u00f1as, ni\u00f1os, j\u00f3venes y adultos encuentran un lugar para expresarse y descubrir nuevas formas de mirar su entorno.","potentialAction":[{"@type":"SearchAction","target":{"@type":"EntryPoint","urlTemplate":"https:\/\/www.crea.gov.co\/crea-la-campina\/?s={search_term_string}"},"query-input":{"@type":"PropertyValueSpecification","valueRequired":true,"valueName":"search_term_string"}}],"inLanguage":"es-CO"},{"@type":"Person","@id":"https:\/\/www.crea.gov.co\/crea-la-campina\/#\/schema\/person\/7ef0f03987ff9404ce03e98ff17d7225","name":"sandragutierrez","image":{"@type":"ImageObject","inLanguage":"es-CO","@id":"https:\/\/www.crea.gov.co\/crea-la-campina\/#\/schema\/person\/image\/","url":"https:\/\/secure.gravatar.com\/avatar\/5f78b02e1dabff0f763ffcbd6f8fb18d?s=96&d=mm&r=g","contentUrl":"https:\/\/secure.gravatar.com\/avatar\/5f78b02e1dabff0f763ffcbd6f8fb18d?s=96&d=mm&r=g","caption":"sandragutierrez"},"url":"https:\/\/www.crea.gov.co\/crea-la-campina\/author\/sandragutierrez\/"}]}},"_links":{"self":[{"href":"https:\/\/www.crea.gov.co\/crea-la-campina\/wp-json\/wp\/v2\/posts\/911","targetHints":{"allow":["GET"]}}],"collection":[{"href":"https:\/\/www.crea.gov.co\/crea-la-campina\/wp-json\/wp\/v2\/posts"}],"about":[{"href":"https:\/\/www.crea.gov.co\/crea-la-campina\/wp-json\/wp\/v2\/types\/post"}],"author":[{"embeddable":true,"href":"https:\/\/www.crea.gov.co\/crea-la-campina\/wp-json\/wp\/v2\/users\/47"}],"replies":[{"embeddable":true,"href":"https:\/\/www.crea.gov.co\/crea-la-campina\/wp-json\/wp\/v2\/comments?post=911"}],"version-history":[{"count":1,"href":"https:\/\/www.crea.gov.co\/crea-la-campina\/wp-json\/wp\/v2\/posts\/911\/revisions"}],"predecessor-version":[{"id":914,"href":"https:\/\/www.crea.gov.co\/crea-la-campina\/wp-json\/wp\/v2\/posts\/911\/revisions\/914"}],"wp:featuredmedia":[{"embeddable":true,"href":"https:\/\/www.crea.gov.co\/crea-la-campina\/wp-json\/wp\/v2\/media\/912"}],"wp:attachment":[{"href":"https:\/\/www.crea.gov.co\/crea-la-campina\/wp-json\/wp\/v2\/media?parent=911"}],"wp:term":[{"taxonomy":"category","embeddable":true,"href":"https:\/\/www.crea.gov.co\/crea-la-campina\/wp-json\/wp\/v2\/categories?post=911"},{"taxonomy":"post_tag","embeddable":true,"href":"https:\/\/www.crea.gov.co\/crea-la-campina\/wp-json\/wp\/v2\/tags?post=911"}],"curies":[{"name":"wp","href":"https:\/\/api.w.org\/{rel}","templated":true}]}}