{"id":803,"date":"2024-06-14T14:27:57","date_gmt":"2024-06-14T14:27:57","guid":{"rendered":"https:\/\/www.crea.gov.co\/crea-la-campina\/?p=803"},"modified":"2024-06-14T14:27:58","modified_gmt":"2024-06-14T14:27:58","slug":"muy-internacionales","status":"publish","type":"post","link":"https:\/\/www.crea.gov.co\/crea-la-campina\/muy-internacionales\/","title":{"rendered":"Muy internacionales"},"content":{"rendered":"\n<figure class=\"wp-block-image size-large\"><img loading=\"lazy\" decoding=\"async\" width=\"576\" height=\"1024\" src=\"https:\/\/www.crea.gov.co\/crea-la-campina\/wp-content\/uploads\/sites\/4\/2024\/06\/WhatsApp-Image-2024-05-29-at-5.40.51-PM-576x1024.jpeg\" alt=\"\" class=\"wp-image-804\" srcset=\"https:\/\/www.crea.gov.co\/crea-la-campina\/wp-content\/uploads\/sites\/4\/2024\/06\/WhatsApp-Image-2024-05-29-at-5.40.51-PM-576x1024.jpeg 576w, https:\/\/www.crea.gov.co\/crea-la-campina\/wp-content\/uploads\/sites\/4\/2024\/06\/WhatsApp-Image-2024-05-29-at-5.40.51-PM-169x300.jpeg 169w, https:\/\/www.crea.gov.co\/crea-la-campina\/wp-content\/uploads\/sites\/4\/2024\/06\/WhatsApp-Image-2024-05-29-at-5.40.51-PM-768x1366.jpeg 768w, https:\/\/www.crea.gov.co\/crea-la-campina\/wp-content\/uploads\/sites\/4\/2024\/06\/WhatsApp-Image-2024-05-29-at-5.40.51-PM.jpeg 860w\" sizes=\"auto, (max-width: 576px) 100vw, 576px\" \/><\/figure>\n\n\n\n<p>El Crea La Campi\u00f1a se luci\u00f3 en la Semana Internacional de las artes, que se llev\u00f3 a cabo en el Teatro El Parque, con una fusi\u00f3n entre TEATRO y AUDIOVISUALES, de la mano de nuestros artistas formadores Alexander Castiblanco y Leonardo Lovera.<\/p>\n\n\n\n<figure class=\"wp-block-image size-large\"><img loading=\"lazy\" decoding=\"async\" width=\"1024\" height=\"576\" src=\"https:\/\/www.crea.gov.co\/crea-la-campina\/wp-content\/uploads\/sites\/4\/2024\/06\/WhatsApp-Image-2024-06-14-at-9.20.39-AM-1024x576.jpeg\" alt=\"\" class=\"wp-image-805\" srcset=\"https:\/\/www.crea.gov.co\/crea-la-campina\/wp-content\/uploads\/sites\/4\/2024\/06\/WhatsApp-Image-2024-06-14-at-9.20.39-AM-1024x576.jpeg 1024w, https:\/\/www.crea.gov.co\/crea-la-campina\/wp-content\/uploads\/sites\/4\/2024\/06\/WhatsApp-Image-2024-06-14-at-9.20.39-AM-300x169.jpeg 300w, https:\/\/www.crea.gov.co\/crea-la-campina\/wp-content\/uploads\/sites\/4\/2024\/06\/WhatsApp-Image-2024-06-14-at-9.20.39-AM-768x432.jpeg 768w, https:\/\/www.crea.gov.co\/crea-la-campina\/wp-content\/uploads\/sites\/4\/2024\/06\/WhatsApp-Image-2024-06-14-at-9.20.39-AM.jpeg 1280w\" sizes=\"auto, (max-width: 1024px) 100vw, 1024px\" \/><\/figure>\n\n\n\n<p>Todo surgi\u00f3 desde la primera entrega de los ecosistemas Crea, con un ejercicio en donde los de teatro actuaron y los de audiovisuales grabaron, por contarlos de una manera muy coloquial. La producci\u00f3n fue toda una aventura de diversi\u00f3n y puesta en com\u00fan de dos artes muy afines y, por lo que vemos, muy complementarias.<\/p>\n\n\n\n<figure class=\"wp-block-image size-large\"><img loading=\"lazy\" decoding=\"async\" width=\"576\" height=\"1024\" src=\"https:\/\/www.crea.gov.co\/crea-la-campina\/wp-content\/uploads\/sites\/4\/2024\/06\/WhatsApp-Image-2024-05-29-at-3.53.09-PM-576x1024.jpeg\" alt=\"\" class=\"wp-image-806\" srcset=\"https:\/\/www.crea.gov.co\/crea-la-campina\/wp-content\/uploads\/sites\/4\/2024\/06\/WhatsApp-Image-2024-05-29-at-3.53.09-PM-576x1024.jpeg 576w, https:\/\/www.crea.gov.co\/crea-la-campina\/wp-content\/uploads\/sites\/4\/2024\/06\/WhatsApp-Image-2024-05-29-at-3.53.09-PM-169x300.jpeg 169w, https:\/\/www.crea.gov.co\/crea-la-campina\/wp-content\/uploads\/sites\/4\/2024\/06\/WhatsApp-Image-2024-05-29-at-3.53.09-PM-768x1366.jpeg 768w, https:\/\/www.crea.gov.co\/crea-la-campina\/wp-content\/uploads\/sites\/4\/2024\/06\/WhatsApp-Image-2024-05-29-at-3.53.09-PM-864x1536.jpeg 864w, https:\/\/www.crea.gov.co\/crea-la-campina\/wp-content\/uploads\/sites\/4\/2024\/06\/WhatsApp-Image-2024-05-29-at-3.53.09-PM.jpeg 899w\" sizes=\"auto, (max-width: 576px) 100vw, 576px\" \/><\/figure>\n\n\n\n<p>GRACIAS TOLAES POR TAN LINDA REPRESENTACI\u00d3N!!!<\/p>\n","protected":false},"excerpt":{"rendered":"<p>El Crea La Campi\u00f1a se luci\u00f3 en la Semana Internacional de las artes, que se llev\u00f3 a cabo en el Teatro El Parque, con una fusi\u00f3n entre TEATRO y AUDIOVISUALES, de la mano de nuestros artistas formadores Alexander Castiblanco y Leonardo Lovera. Todo surgi\u00f3 desde la primera entrega de los ecosistemas Crea, con un ejercicio [&hellip;]<\/p>\n","protected":false},"author":47,"featured_media":804,"comment_status":"open","ping_status":"open","sticky":false,"template":"","format":"standard","meta":{"footnotes":""},"categories":[1],"tags":[],"class_list":["post-803","post","type-post","status-publish","format-standard","has-post-thumbnail","hentry","category-sin-categoria"],"yoast_head":"<!-- This site is optimized with the Yoast SEO plugin v24.5 - https:\/\/yoast.com\/wordpress\/plugins\/seo\/ -->\n<title>Muy internacionales - Crea La Campi\u00f1a<\/title>\n<meta name=\"robots\" content=\"index, follow, max-snippet:-1, max-image-preview:large, max-video-preview:-1\" \/>\n<link rel=\"canonical\" href=\"https:\/\/www.crea.gov.co\/crea-la-campina\/muy-internacionales\/\" \/>\n<meta property=\"og:locale\" content=\"es_ES\" \/>\n<meta property=\"og:type\" content=\"article\" \/>\n<meta property=\"og:title\" content=\"Muy internacionales - Crea La Campi\u00f1a\" \/>\n<meta property=\"og:description\" content=\"El Crea La Campi\u00f1a se luci\u00f3 en la Semana Internacional de las artes, que se llev\u00f3 a cabo en el Teatro El Parque, con una fusi\u00f3n entre TEATRO y AUDIOVISUALES, de la mano de nuestros artistas formadores Alexander Castiblanco y Leonardo Lovera. Todo surgi\u00f3 desde la primera entrega de los ecosistemas Crea, con un ejercicio [&hellip;]\" \/>\n<meta property=\"og:url\" content=\"https:\/\/www.crea.gov.co\/crea-la-campina\/muy-internacionales\/\" \/>\n<meta property=\"og:site_name\" content=\"Crea La Campi\u00f1a\" \/>\n<meta property=\"article:published_time\" content=\"2024-06-14T14:27:57+00:00\" \/>\n<meta property=\"article:modified_time\" content=\"2024-06-14T14:27:58+00:00\" \/>\n<meta property=\"og:image\" content=\"https:\/\/www.crea.gov.co\/crea-la-campina\/wp-content\/uploads\/sites\/4\/2024\/06\/WhatsApp-Image-2024-05-29-at-5.40.51-PM.jpeg\" \/>\n\t<meta property=\"og:image:width\" content=\"860\" \/>\n\t<meta property=\"og:image:height\" content=\"1530\" \/>\n\t<meta property=\"og:image:type\" content=\"image\/jpeg\" \/>\n<meta name=\"author\" content=\"sandragutierrez\" \/>\n<meta name=\"twitter:card\" content=\"summary_large_image\" \/>\n<meta name=\"twitter:label1\" content=\"Escrito por\" \/>\n\t<meta name=\"twitter:data1\" content=\"sandragutierrez\" \/>\n\t<meta name=\"twitter:label2\" content=\"Tiempo de lectura\" \/>\n\t<meta name=\"twitter:data2\" content=\"2 minutos\" \/>\n<script type=\"application\/ld+json\" class=\"yoast-schema-graph\">{\"@context\":\"https:\/\/schema.org\",\"@graph\":[{\"@type\":\"WebPage\",\"@id\":\"https:\/\/www.crea.gov.co\/crea-la-campina\/muy-internacionales\/\",\"url\":\"https:\/\/www.crea.gov.co\/crea-la-campina\/muy-internacionales\/\",\"name\":\"Muy internacionales - Crea La Campi\u00f1a\",\"isPartOf\":{\"@id\":\"https:\/\/www.crea.gov.co\/crea-la-campina\/#website\"},\"primaryImageOfPage\":{\"@id\":\"https:\/\/www.crea.gov.co\/crea-la-campina\/muy-internacionales\/#primaryimage\"},\"image\":{\"@id\":\"https:\/\/www.crea.gov.co\/crea-la-campina\/muy-internacionales\/#primaryimage\"},\"thumbnailUrl\":\"https:\/\/www.crea.gov.co\/crea-la-campina\/wp-content\/uploads\/sites\/4\/2024\/06\/WhatsApp-Image-2024-05-29-at-5.40.51-PM.jpeg\",\"datePublished\":\"2024-06-14T14:27:57+00:00\",\"dateModified\":\"2024-06-14T14:27:58+00:00\",\"author\":{\"@id\":\"https:\/\/www.crea.gov.co\/crea-la-campina\/#\/schema\/person\/7ef0f03987ff9404ce03e98ff17d7225\"},\"breadcrumb\":{\"@id\":\"https:\/\/www.crea.gov.co\/crea-la-campina\/muy-internacionales\/#breadcrumb\"},\"inLanguage\":\"es-CO\",\"potentialAction\":[{\"@type\":\"ReadAction\",\"target\":[\"https:\/\/www.crea.gov.co\/crea-la-campina\/muy-internacionales\/\"]}]},{\"@type\":\"ImageObject\",\"inLanguage\":\"es-CO\",\"@id\":\"https:\/\/www.crea.gov.co\/crea-la-campina\/muy-internacionales\/#primaryimage\",\"url\":\"https:\/\/www.crea.gov.co\/crea-la-campina\/wp-content\/uploads\/sites\/4\/2024\/06\/WhatsApp-Image-2024-05-29-at-5.40.51-PM.jpeg\",\"contentUrl\":\"https:\/\/www.crea.gov.co\/crea-la-campina\/wp-content\/uploads\/sites\/4\/2024\/06\/WhatsApp-Image-2024-05-29-at-5.40.51-PM.jpeg\",\"width\":860,\"height\":1530},{\"@type\":\"BreadcrumbList\",\"@id\":\"https:\/\/www.crea.gov.co\/crea-la-campina\/muy-internacionales\/#breadcrumb\",\"itemListElement\":[{\"@type\":\"ListItem\",\"position\":1,\"name\":\"Home\",\"item\":\"https:\/\/www.crea.gov.co\/crea-la-campina\/\"},{\"@type\":\"ListItem\",\"position\":2,\"name\":\"Muy internacionales\"}]},{\"@type\":\"WebSite\",\"@id\":\"https:\/\/www.crea.gov.co\/crea-la-campina\/#website\",\"url\":\"https:\/\/www.crea.gov.co\/crea-la-campina\/\",\"name\":\"Crea La Campi\u00f1a\",\"description\":\"En este espacio, el arte se cruza con la vida de barrio. Entre conjuntos y parques, la comunidad se re\u00fane para aprender y crear, compartiendo saberes y experiencias que reflejan la cotidianidad de la zona. Aqu\u00ed, ni\u00f1as, ni\u00f1os, j\u00f3venes y adultos encuentran un lugar para expresarse y descubrir nuevas formas de mirar su entorno.\",\"potentialAction\":[{\"@type\":\"SearchAction\",\"target\":{\"@type\":\"EntryPoint\",\"urlTemplate\":\"https:\/\/www.crea.gov.co\/crea-la-campina\/?s={search_term_string}\"},\"query-input\":{\"@type\":\"PropertyValueSpecification\",\"valueRequired\":true,\"valueName\":\"search_term_string\"}}],\"inLanguage\":\"es-CO\"},{\"@type\":\"Person\",\"@id\":\"https:\/\/www.crea.gov.co\/crea-la-campina\/#\/schema\/person\/7ef0f03987ff9404ce03e98ff17d7225\",\"name\":\"sandragutierrez\",\"image\":{\"@type\":\"ImageObject\",\"inLanguage\":\"es-CO\",\"@id\":\"https:\/\/www.crea.gov.co\/crea-la-campina\/#\/schema\/person\/image\/\",\"url\":\"https:\/\/secure.gravatar.com\/avatar\/5f78b02e1dabff0f763ffcbd6f8fb18d?s=96&d=mm&r=g\",\"contentUrl\":\"https:\/\/secure.gravatar.com\/avatar\/5f78b02e1dabff0f763ffcbd6f8fb18d?s=96&d=mm&r=g\",\"caption\":\"sandragutierrez\"},\"url\":\"https:\/\/www.crea.gov.co\/crea-la-campina\/author\/sandragutierrez\/\"}]}<\/script>\n<!-- \/ Yoast SEO plugin. -->","yoast_head_json":{"title":"Muy internacionales - Crea La Campi\u00f1a","robots":{"index":"index","follow":"follow","max-snippet":"max-snippet:-1","max-image-preview":"max-image-preview:large","max-video-preview":"max-video-preview:-1"},"canonical":"https:\/\/www.crea.gov.co\/crea-la-campina\/muy-internacionales\/","og_locale":"es_ES","og_type":"article","og_title":"Muy internacionales - Crea La Campi\u00f1a","og_description":"El Crea La Campi\u00f1a se luci\u00f3 en la Semana Internacional de las artes, que se llev\u00f3 a cabo en el Teatro El Parque, con una fusi\u00f3n entre TEATRO y AUDIOVISUALES, de la mano de nuestros artistas formadores Alexander Castiblanco y Leonardo Lovera. Todo surgi\u00f3 desde la primera entrega de los ecosistemas Crea, con un ejercicio [&hellip;]","og_url":"https:\/\/www.crea.gov.co\/crea-la-campina\/muy-internacionales\/","og_site_name":"Crea La Campi\u00f1a","article_published_time":"2024-06-14T14:27:57+00:00","article_modified_time":"2024-06-14T14:27:58+00:00","og_image":[{"width":860,"height":1530,"url":"https:\/\/www.crea.gov.co\/crea-la-campina\/wp-content\/uploads\/sites\/4\/2024\/06\/WhatsApp-Image-2024-05-29-at-5.40.51-PM.jpeg","type":"image\/jpeg"}],"author":"sandragutierrez","twitter_card":"summary_large_image","twitter_misc":{"Escrito por":"sandragutierrez","Tiempo de lectura":"2 minutos"},"schema":{"@context":"https:\/\/schema.org","@graph":[{"@type":"WebPage","@id":"https:\/\/www.crea.gov.co\/crea-la-campina\/muy-internacionales\/","url":"https:\/\/www.crea.gov.co\/crea-la-campina\/muy-internacionales\/","name":"Muy internacionales - Crea La Campi\u00f1a","isPartOf":{"@id":"https:\/\/www.crea.gov.co\/crea-la-campina\/#website"},"primaryImageOfPage":{"@id":"https:\/\/www.crea.gov.co\/crea-la-campina\/muy-internacionales\/#primaryimage"},"image":{"@id":"https:\/\/www.crea.gov.co\/crea-la-campina\/muy-internacionales\/#primaryimage"},"thumbnailUrl":"https:\/\/www.crea.gov.co\/crea-la-campina\/wp-content\/uploads\/sites\/4\/2024\/06\/WhatsApp-Image-2024-05-29-at-5.40.51-PM.jpeg","datePublished":"2024-06-14T14:27:57+00:00","dateModified":"2024-06-14T14:27:58+00:00","author":{"@id":"https:\/\/www.crea.gov.co\/crea-la-campina\/#\/schema\/person\/7ef0f03987ff9404ce03e98ff17d7225"},"breadcrumb":{"@id":"https:\/\/www.crea.gov.co\/crea-la-campina\/muy-internacionales\/#breadcrumb"},"inLanguage":"es-CO","potentialAction":[{"@type":"ReadAction","target":["https:\/\/www.crea.gov.co\/crea-la-campina\/muy-internacionales\/"]}]},{"@type":"ImageObject","inLanguage":"es-CO","@id":"https:\/\/www.crea.gov.co\/crea-la-campina\/muy-internacionales\/#primaryimage","url":"https:\/\/www.crea.gov.co\/crea-la-campina\/wp-content\/uploads\/sites\/4\/2024\/06\/WhatsApp-Image-2024-05-29-at-5.40.51-PM.jpeg","contentUrl":"https:\/\/www.crea.gov.co\/crea-la-campina\/wp-content\/uploads\/sites\/4\/2024\/06\/WhatsApp-Image-2024-05-29-at-5.40.51-PM.jpeg","width":860,"height":1530},{"@type":"BreadcrumbList","@id":"https:\/\/www.crea.gov.co\/crea-la-campina\/muy-internacionales\/#breadcrumb","itemListElement":[{"@type":"ListItem","position":1,"name":"Home","item":"https:\/\/www.crea.gov.co\/crea-la-campina\/"},{"@type":"ListItem","position":2,"name":"Muy internacionales"}]},{"@type":"WebSite","@id":"https:\/\/www.crea.gov.co\/crea-la-campina\/#website","url":"https:\/\/www.crea.gov.co\/crea-la-campina\/","name":"Crea La Campi\u00f1a","description":"En este espacio, el arte se cruza con la vida de barrio. Entre conjuntos y parques, la comunidad se re\u00fane para aprender y crear, compartiendo saberes y experiencias que reflejan la cotidianidad de la zona. Aqu\u00ed, ni\u00f1as, ni\u00f1os, j\u00f3venes y adultos encuentran un lugar para expresarse y descubrir nuevas formas de mirar su entorno.","potentialAction":[{"@type":"SearchAction","target":{"@type":"EntryPoint","urlTemplate":"https:\/\/www.crea.gov.co\/crea-la-campina\/?s={search_term_string}"},"query-input":{"@type":"PropertyValueSpecification","valueRequired":true,"valueName":"search_term_string"}}],"inLanguage":"es-CO"},{"@type":"Person","@id":"https:\/\/www.crea.gov.co\/crea-la-campina\/#\/schema\/person\/7ef0f03987ff9404ce03e98ff17d7225","name":"sandragutierrez","image":{"@type":"ImageObject","inLanguage":"es-CO","@id":"https:\/\/www.crea.gov.co\/crea-la-campina\/#\/schema\/person\/image\/","url":"https:\/\/secure.gravatar.com\/avatar\/5f78b02e1dabff0f763ffcbd6f8fb18d?s=96&d=mm&r=g","contentUrl":"https:\/\/secure.gravatar.com\/avatar\/5f78b02e1dabff0f763ffcbd6f8fb18d?s=96&d=mm&r=g","caption":"sandragutierrez"},"url":"https:\/\/www.crea.gov.co\/crea-la-campina\/author\/sandragutierrez\/"}]}},"_links":{"self":[{"href":"https:\/\/www.crea.gov.co\/crea-la-campina\/wp-json\/wp\/v2\/posts\/803","targetHints":{"allow":["GET"]}}],"collection":[{"href":"https:\/\/www.crea.gov.co\/crea-la-campina\/wp-json\/wp\/v2\/posts"}],"about":[{"href":"https:\/\/www.crea.gov.co\/crea-la-campina\/wp-json\/wp\/v2\/types\/post"}],"author":[{"embeddable":true,"href":"https:\/\/www.crea.gov.co\/crea-la-campina\/wp-json\/wp\/v2\/users\/47"}],"replies":[{"embeddable":true,"href":"https:\/\/www.crea.gov.co\/crea-la-campina\/wp-json\/wp\/v2\/comments?post=803"}],"version-history":[{"count":1,"href":"https:\/\/www.crea.gov.co\/crea-la-campina\/wp-json\/wp\/v2\/posts\/803\/revisions"}],"predecessor-version":[{"id":807,"href":"https:\/\/www.crea.gov.co\/crea-la-campina\/wp-json\/wp\/v2\/posts\/803\/revisions\/807"}],"wp:featuredmedia":[{"embeddable":true,"href":"https:\/\/www.crea.gov.co\/crea-la-campina\/wp-json\/wp\/v2\/media\/804"}],"wp:attachment":[{"href":"https:\/\/www.crea.gov.co\/crea-la-campina\/wp-json\/wp\/v2\/media?parent=803"}],"wp:term":[{"taxonomy":"category","embeddable":true,"href":"https:\/\/www.crea.gov.co\/crea-la-campina\/wp-json\/wp\/v2\/categories?post=803"},{"taxonomy":"post_tag","embeddable":true,"href":"https:\/\/www.crea.gov.co\/crea-la-campina\/wp-json\/wp\/v2\/tags?post=803"}],"curies":[{"name":"wp","href":"https:\/\/api.w.org\/{rel}","templated":true}]}}