{"id":783,"date":"2024-05-28T15:01:12","date_gmt":"2024-05-28T15:01:12","guid":{"rendered":"https:\/\/www.crea.gov.co\/crea-la-campina\/?p=783"},"modified":"2024-05-28T15:01:13","modified_gmt":"2024-05-28T15:01:13","slug":"codigos-de-ritmo","status":"publish","type":"post","link":"https:\/\/www.crea.gov.co\/crea-la-campina\/codigos-de-ritmo\/","title":{"rendered":"C\u00f3digos de ritmo"},"content":{"rendered":"\n<figure class=\"wp-block-image size-large is-resized\"><img loading=\"lazy\" decoding=\"async\" width=\"1024\" height=\"576\" src=\"https:\/\/www.crea.gov.co\/crea-la-campina\/wp-content\/uploads\/sites\/4\/2024\/05\/artes-elec-lleras-2.jpeg-1024x576.jpg\" alt=\"\" class=\"wp-image-784\" style=\"width:840px;height:auto\" srcset=\"https:\/\/www.crea.gov.co\/crea-la-campina\/wp-content\/uploads\/sites\/4\/2024\/05\/artes-elec-lleras-2.jpeg-1024x576.jpg 1024w, https:\/\/www.crea.gov.co\/crea-la-campina\/wp-content\/uploads\/sites\/4\/2024\/05\/artes-elec-lleras-2.jpeg-300x169.jpg 300w, https:\/\/www.crea.gov.co\/crea-la-campina\/wp-content\/uploads\/sites\/4\/2024\/05\/artes-elec-lleras-2.jpeg-768x432.jpg 768w, https:\/\/www.crea.gov.co\/crea-la-campina\/wp-content\/uploads\/sites\/4\/2024\/05\/artes-elec-lleras-2.jpeg.jpg 1280w\" sizes=\"auto, (max-width: 1024px) 100vw, 1024px\" \/><\/figure>\n\n\n\n<p>Las \u00e1reas de danza, m\u00fasica y artes electr\u00f3nicas de la jornada de la ma\u00f1ana del Colegio Alberto Lleras, y que asisten al Crea La Campi\u00f1a por las tardes, se reflejaron los unos en los otros y lograron ponerle m\u00fasica y baile a unos c\u00f3digos dise\u00f1ados por los estudiantes.<\/p>\n\n\n\n<figure class=\"wp-block-image size-large\"><img loading=\"lazy\" decoding=\"async\" width=\"1024\" height=\"768\" src=\"https:\/\/www.crea.gov.co\/crea-la-campina\/wp-content\/uploads\/sites\/4\/2024\/05\/artes-elec-lleras-1024x768.jpeg\" alt=\"\" class=\"wp-image-785\" srcset=\"https:\/\/www.crea.gov.co\/crea-la-campina\/wp-content\/uploads\/sites\/4\/2024\/05\/artes-elec-lleras-1024x768.jpeg 1024w, https:\/\/www.crea.gov.co\/crea-la-campina\/wp-content\/uploads\/sites\/4\/2024\/05\/artes-elec-lleras-300x225.jpeg 300w, https:\/\/www.crea.gov.co\/crea-la-campina\/wp-content\/uploads\/sites\/4\/2024\/05\/artes-elec-lleras-768x576.jpeg 768w, https:\/\/www.crea.gov.co\/crea-la-campina\/wp-content\/uploads\/sites\/4\/2024\/05\/artes-elec-lleras-1536x1152.jpeg 1536w, https:\/\/www.crea.gov.co\/crea-la-campina\/wp-content\/uploads\/sites\/4\/2024\/05\/artes-elec-lleras.jpeg 1600w\" sizes=\"auto, (max-width: 1024px) 100vw, 1024px\" \/><\/figure>\n\n\n\n<p>Fue una actividad dode los artistas formadores rotaron por los grupos y realizaron una bonita actividad que le permiti\u00f3 a los estudiantes conocer un poco de las actividades que desarrollan sus otros compa\u00f1eros en el Crea.<\/p>\n\n\n\n<p>Fue una actividad poderosa y muy movida!!!<\/p>\n\n\n","protected":false},"excerpt":{"rendered":"<p>Las \u00e1reas de danza, m\u00fasica y artes electr\u00f3nicas de la jornada de la ma\u00f1ana del Colegio Alberto Lleras, y que asisten al Crea La Campi\u00f1a por las tardes, se reflejaron los unos en los otros y lograron ponerle m\u00fasica y baile a unos c\u00f3digos dise\u00f1ados por los estudiantes. Fue una actividad dode los artistas formadores [&hellip;]<\/p>\n","protected":false},"author":47,"featured_media":785,"comment_status":"open","ping_status":"open","sticky":false,"template":"","format":"standard","meta":{"footnotes":""},"categories":[1],"tags":[],"class_list":["post-783","post","type-post","status-publish","format-standard","has-post-thumbnail","hentry","category-sin-categoria"],"yoast_head":"<!-- This site is optimized with the Yoast SEO plugin v24.5 - https:\/\/yoast.com\/wordpress\/plugins\/seo\/ -->\n<title>C\u00f3digos de ritmo - Crea La Campi\u00f1a<\/title>\n<meta name=\"robots\" content=\"index, follow, max-snippet:-1, max-image-preview:large, max-video-preview:-1\" \/>\n<link rel=\"canonical\" href=\"https:\/\/www.crea.gov.co\/crea-la-campina\/codigos-de-ritmo\/\" \/>\n<meta property=\"og:locale\" content=\"es_ES\" \/>\n<meta property=\"og:type\" content=\"article\" \/>\n<meta property=\"og:title\" content=\"C\u00f3digos de ritmo - Crea La Campi\u00f1a\" \/>\n<meta property=\"og:description\" content=\"Las \u00e1reas de danza, m\u00fasica y artes electr\u00f3nicas de la jornada de la ma\u00f1ana del Colegio Alberto Lleras, y que asisten al Crea La Campi\u00f1a por las tardes, se reflejaron los unos en los otros y lograron ponerle m\u00fasica y baile a unos c\u00f3digos dise\u00f1ados por los estudiantes. Fue una actividad dode los artistas formadores [&hellip;]\" \/>\n<meta property=\"og:url\" content=\"https:\/\/www.crea.gov.co\/crea-la-campina\/codigos-de-ritmo\/\" \/>\n<meta property=\"og:site_name\" content=\"Crea La Campi\u00f1a\" \/>\n<meta property=\"article:published_time\" content=\"2024-05-28T15:01:12+00:00\" \/>\n<meta property=\"article:modified_time\" content=\"2024-05-28T15:01:13+00:00\" \/>\n<meta property=\"og:image\" content=\"https:\/\/www.crea.gov.co\/crea-la-campina\/wp-content\/uploads\/sites\/4\/2024\/05\/artes-elec-lleras.jpeg\" \/>\n\t<meta property=\"og:image:width\" content=\"1600\" \/>\n\t<meta property=\"og:image:height\" content=\"1200\" \/>\n\t<meta property=\"og:image:type\" content=\"image\/jpeg\" \/>\n<meta name=\"author\" content=\"sandragutierrez\" \/>\n<meta name=\"twitter:card\" content=\"summary_large_image\" \/>\n<meta name=\"twitter:label1\" content=\"Escrito por\" \/>\n\t<meta name=\"twitter:data1\" content=\"sandragutierrez\" \/>\n\t<meta name=\"twitter:label2\" content=\"Tiempo de lectura\" \/>\n\t<meta name=\"twitter:data2\" content=\"2 minutos\" \/>\n<script type=\"application\/ld+json\" class=\"yoast-schema-graph\">{\"@context\":\"https:\/\/schema.org\",\"@graph\":[{\"@type\":\"WebPage\",\"@id\":\"https:\/\/www.crea.gov.co\/crea-la-campina\/codigos-de-ritmo\/\",\"url\":\"https:\/\/www.crea.gov.co\/crea-la-campina\/codigos-de-ritmo\/\",\"name\":\"C\u00f3digos de ritmo - Crea La Campi\u00f1a\",\"isPartOf\":{\"@id\":\"https:\/\/www.crea.gov.co\/crea-la-campina\/#website\"},\"primaryImageOfPage\":{\"@id\":\"https:\/\/www.crea.gov.co\/crea-la-campina\/codigos-de-ritmo\/#primaryimage\"},\"image\":{\"@id\":\"https:\/\/www.crea.gov.co\/crea-la-campina\/codigos-de-ritmo\/#primaryimage\"},\"thumbnailUrl\":\"https:\/\/www.crea.gov.co\/crea-la-campina\/wp-content\/uploads\/sites\/4\/2024\/05\/artes-elec-lleras.jpeg\",\"datePublished\":\"2024-05-28T15:01:12+00:00\",\"dateModified\":\"2024-05-28T15:01:13+00:00\",\"author\":{\"@id\":\"https:\/\/www.crea.gov.co\/crea-la-campina\/#\/schema\/person\/7ef0f03987ff9404ce03e98ff17d7225\"},\"breadcrumb\":{\"@id\":\"https:\/\/www.crea.gov.co\/crea-la-campina\/codigos-de-ritmo\/#breadcrumb\"},\"inLanguage\":\"es-CO\",\"potentialAction\":[{\"@type\":\"ReadAction\",\"target\":[\"https:\/\/www.crea.gov.co\/crea-la-campina\/codigos-de-ritmo\/\"]}]},{\"@type\":\"ImageObject\",\"inLanguage\":\"es-CO\",\"@id\":\"https:\/\/www.crea.gov.co\/crea-la-campina\/codigos-de-ritmo\/#primaryimage\",\"url\":\"https:\/\/www.crea.gov.co\/crea-la-campina\/wp-content\/uploads\/sites\/4\/2024\/05\/artes-elec-lleras.jpeg\",\"contentUrl\":\"https:\/\/www.crea.gov.co\/crea-la-campina\/wp-content\/uploads\/sites\/4\/2024\/05\/artes-elec-lleras.jpeg\",\"width\":1600,\"height\":1200},{\"@type\":\"BreadcrumbList\",\"@id\":\"https:\/\/www.crea.gov.co\/crea-la-campina\/codigos-de-ritmo\/#breadcrumb\",\"itemListElement\":[{\"@type\":\"ListItem\",\"position\":1,\"name\":\"Home\",\"item\":\"https:\/\/www.crea.gov.co\/crea-la-campina\/\"},{\"@type\":\"ListItem\",\"position\":2,\"name\":\"C\u00f3digos de ritmo\"}]},{\"@type\":\"WebSite\",\"@id\":\"https:\/\/www.crea.gov.co\/crea-la-campina\/#website\",\"url\":\"https:\/\/www.crea.gov.co\/crea-la-campina\/\",\"name\":\"Crea La Campi\u00f1a\",\"description\":\"En este espacio, el arte se cruza con la vida de barrio. Entre conjuntos y parques, la comunidad se re\u00fane para aprender y crear, compartiendo saberes y experiencias que reflejan la cotidianidad de la zona. Aqu\u00ed, ni\u00f1as, ni\u00f1os, j\u00f3venes y adultos encuentran un lugar para expresarse y descubrir nuevas formas de mirar su entorno.\",\"potentialAction\":[{\"@type\":\"SearchAction\",\"target\":{\"@type\":\"EntryPoint\",\"urlTemplate\":\"https:\/\/www.crea.gov.co\/crea-la-campina\/?s={search_term_string}\"},\"query-input\":{\"@type\":\"PropertyValueSpecification\",\"valueRequired\":true,\"valueName\":\"search_term_string\"}}],\"inLanguage\":\"es-CO\"},{\"@type\":\"Person\",\"@id\":\"https:\/\/www.crea.gov.co\/crea-la-campina\/#\/schema\/person\/7ef0f03987ff9404ce03e98ff17d7225\",\"name\":\"sandragutierrez\",\"image\":{\"@type\":\"ImageObject\",\"inLanguage\":\"es-CO\",\"@id\":\"https:\/\/www.crea.gov.co\/crea-la-campina\/#\/schema\/person\/image\/\",\"url\":\"https:\/\/secure.gravatar.com\/avatar\/5f78b02e1dabff0f763ffcbd6f8fb18d?s=96&d=mm&r=g\",\"contentUrl\":\"https:\/\/secure.gravatar.com\/avatar\/5f78b02e1dabff0f763ffcbd6f8fb18d?s=96&d=mm&r=g\",\"caption\":\"sandragutierrez\"},\"url\":\"https:\/\/www.crea.gov.co\/crea-la-campina\/author\/sandragutierrez\/\"}]}<\/script>\n<!-- \/ Yoast SEO plugin. -->","yoast_head_json":{"title":"C\u00f3digos de ritmo - Crea La Campi\u00f1a","robots":{"index":"index","follow":"follow","max-snippet":"max-snippet:-1","max-image-preview":"max-image-preview:large","max-video-preview":"max-video-preview:-1"},"canonical":"https:\/\/www.crea.gov.co\/crea-la-campina\/codigos-de-ritmo\/","og_locale":"es_ES","og_type":"article","og_title":"C\u00f3digos de ritmo - Crea La Campi\u00f1a","og_description":"Las \u00e1reas de danza, m\u00fasica y artes electr\u00f3nicas de la jornada de la ma\u00f1ana del Colegio Alberto Lleras, y que asisten al Crea La Campi\u00f1a por las tardes, se reflejaron los unos en los otros y lograron ponerle m\u00fasica y baile a unos c\u00f3digos dise\u00f1ados por los estudiantes. Fue una actividad dode los artistas formadores [&hellip;]","og_url":"https:\/\/www.crea.gov.co\/crea-la-campina\/codigos-de-ritmo\/","og_site_name":"Crea La Campi\u00f1a","article_published_time":"2024-05-28T15:01:12+00:00","article_modified_time":"2024-05-28T15:01:13+00:00","og_image":[{"width":1600,"height":1200,"url":"https:\/\/www.crea.gov.co\/crea-la-campina\/wp-content\/uploads\/sites\/4\/2024\/05\/artes-elec-lleras.jpeg","type":"image\/jpeg"}],"author":"sandragutierrez","twitter_card":"summary_large_image","twitter_misc":{"Escrito por":"sandragutierrez","Tiempo de lectura":"2 minutos"},"schema":{"@context":"https:\/\/schema.org","@graph":[{"@type":"WebPage","@id":"https:\/\/www.crea.gov.co\/crea-la-campina\/codigos-de-ritmo\/","url":"https:\/\/www.crea.gov.co\/crea-la-campina\/codigos-de-ritmo\/","name":"C\u00f3digos de ritmo - Crea La Campi\u00f1a","isPartOf":{"@id":"https:\/\/www.crea.gov.co\/crea-la-campina\/#website"},"primaryImageOfPage":{"@id":"https:\/\/www.crea.gov.co\/crea-la-campina\/codigos-de-ritmo\/#primaryimage"},"image":{"@id":"https:\/\/www.crea.gov.co\/crea-la-campina\/codigos-de-ritmo\/#primaryimage"},"thumbnailUrl":"https:\/\/www.crea.gov.co\/crea-la-campina\/wp-content\/uploads\/sites\/4\/2024\/05\/artes-elec-lleras.jpeg","datePublished":"2024-05-28T15:01:12+00:00","dateModified":"2024-05-28T15:01:13+00:00","author":{"@id":"https:\/\/www.crea.gov.co\/crea-la-campina\/#\/schema\/person\/7ef0f03987ff9404ce03e98ff17d7225"},"breadcrumb":{"@id":"https:\/\/www.crea.gov.co\/crea-la-campina\/codigos-de-ritmo\/#breadcrumb"},"inLanguage":"es-CO","potentialAction":[{"@type":"ReadAction","target":["https:\/\/www.crea.gov.co\/crea-la-campina\/codigos-de-ritmo\/"]}]},{"@type":"ImageObject","inLanguage":"es-CO","@id":"https:\/\/www.crea.gov.co\/crea-la-campina\/codigos-de-ritmo\/#primaryimage","url":"https:\/\/www.crea.gov.co\/crea-la-campina\/wp-content\/uploads\/sites\/4\/2024\/05\/artes-elec-lleras.jpeg","contentUrl":"https:\/\/www.crea.gov.co\/crea-la-campina\/wp-content\/uploads\/sites\/4\/2024\/05\/artes-elec-lleras.jpeg","width":1600,"height":1200},{"@type":"BreadcrumbList","@id":"https:\/\/www.crea.gov.co\/crea-la-campina\/codigos-de-ritmo\/#breadcrumb","itemListElement":[{"@type":"ListItem","position":1,"name":"Home","item":"https:\/\/www.crea.gov.co\/crea-la-campina\/"},{"@type":"ListItem","position":2,"name":"C\u00f3digos de ritmo"}]},{"@type":"WebSite","@id":"https:\/\/www.crea.gov.co\/crea-la-campina\/#website","url":"https:\/\/www.crea.gov.co\/crea-la-campina\/","name":"Crea La Campi\u00f1a","description":"En este espacio, el arte se cruza con la vida de barrio. Entre conjuntos y parques, la comunidad se re\u00fane para aprender y crear, compartiendo saberes y experiencias que reflejan la cotidianidad de la zona. Aqu\u00ed, ni\u00f1as, ni\u00f1os, j\u00f3venes y adultos encuentran un lugar para expresarse y descubrir nuevas formas de mirar su entorno.","potentialAction":[{"@type":"SearchAction","target":{"@type":"EntryPoint","urlTemplate":"https:\/\/www.crea.gov.co\/crea-la-campina\/?s={search_term_string}"},"query-input":{"@type":"PropertyValueSpecification","valueRequired":true,"valueName":"search_term_string"}}],"inLanguage":"es-CO"},{"@type":"Person","@id":"https:\/\/www.crea.gov.co\/crea-la-campina\/#\/schema\/person\/7ef0f03987ff9404ce03e98ff17d7225","name":"sandragutierrez","image":{"@type":"ImageObject","inLanguage":"es-CO","@id":"https:\/\/www.crea.gov.co\/crea-la-campina\/#\/schema\/person\/image\/","url":"https:\/\/secure.gravatar.com\/avatar\/5f78b02e1dabff0f763ffcbd6f8fb18d?s=96&d=mm&r=g","contentUrl":"https:\/\/secure.gravatar.com\/avatar\/5f78b02e1dabff0f763ffcbd6f8fb18d?s=96&d=mm&r=g","caption":"sandragutierrez"},"url":"https:\/\/www.crea.gov.co\/crea-la-campina\/author\/sandragutierrez\/"}]}},"_links":{"self":[{"href":"https:\/\/www.crea.gov.co\/crea-la-campina\/wp-json\/wp\/v2\/posts\/783","targetHints":{"allow":["GET"]}}],"collection":[{"href":"https:\/\/www.crea.gov.co\/crea-la-campina\/wp-json\/wp\/v2\/posts"}],"about":[{"href":"https:\/\/www.crea.gov.co\/crea-la-campina\/wp-json\/wp\/v2\/types\/post"}],"author":[{"embeddable":true,"href":"https:\/\/www.crea.gov.co\/crea-la-campina\/wp-json\/wp\/v2\/users\/47"}],"replies":[{"embeddable":true,"href":"https:\/\/www.crea.gov.co\/crea-la-campina\/wp-json\/wp\/v2\/comments?post=783"}],"version-history":[{"count":1,"href":"https:\/\/www.crea.gov.co\/crea-la-campina\/wp-json\/wp\/v2\/posts\/783\/revisions"}],"predecessor-version":[{"id":786,"href":"https:\/\/www.crea.gov.co\/crea-la-campina\/wp-json\/wp\/v2\/posts\/783\/revisions\/786"}],"wp:featuredmedia":[{"embeddable":true,"href":"https:\/\/www.crea.gov.co\/crea-la-campina\/wp-json\/wp\/v2\/media\/785"}],"wp:attachment":[{"href":"https:\/\/www.crea.gov.co\/crea-la-campina\/wp-json\/wp\/v2\/media?parent=783"}],"wp:term":[{"taxonomy":"category","embeddable":true,"href":"https:\/\/www.crea.gov.co\/crea-la-campina\/wp-json\/wp\/v2\/categories?post=783"},{"taxonomy":"post_tag","embeddable":true,"href":"https:\/\/www.crea.gov.co\/crea-la-campina\/wp-json\/wp\/v2\/tags?post=783"}],"curies":[{"name":"wp","href":"https:\/\/api.w.org\/{rel}","templated":true}]}}