{"id":563,"date":"2023-07-29T15:29:00","date_gmt":"2023-07-29T15:29:00","guid":{"rendered":"https:\/\/www.crea.gov.co\/crea-la-campina\/?p=563"},"modified":"2023-07-29T15:29:02","modified_gmt":"2023-07-29T15:29:02","slug":"ya-se-acerca","status":"publish","type":"post","link":"https:\/\/www.crea.gov.co\/crea-la-campina\/ya-se-acerca\/","title":{"rendered":"Ya se acerca"},"content":{"rendered":"\n<figure class=\"wp-block-image size-large\"><img loading=\"lazy\" decoding=\"async\" width=\"724\" height=\"1024\" src=\"https:\/\/www.crea.gov.co\/crea-la-campina\/wp-content\/uploads\/sites\/4\/2023\/07\/FLYER-SAN-ANTONIO-2023-724x1024.jpg\" alt=\"\" class=\"wp-image-564\" srcset=\"https:\/\/www.crea.gov.co\/crea-la-campina\/wp-content\/uploads\/sites\/4\/2023\/07\/FLYER-SAN-ANTONIO-2023-724x1024.jpg 724w, https:\/\/www.crea.gov.co\/crea-la-campina\/wp-content\/uploads\/sites\/4\/2023\/07\/FLYER-SAN-ANTONIO-2023-212x300.jpg 212w, https:\/\/www.crea.gov.co\/crea-la-campina\/wp-content\/uploads\/sites\/4\/2023\/07\/FLYER-SAN-ANTONIO-2023-768x1086.jpg 768w, https:\/\/www.crea.gov.co\/crea-la-campina\/wp-content\/uploads\/sites\/4\/2023\/07\/FLYER-SAN-ANTONIO-2023-1086x1536.jpg 1086w, https:\/\/www.crea.gov.co\/crea-la-campina\/wp-content\/uploads\/sites\/4\/2023\/07\/FLYER-SAN-ANTONIO-2023-1448x2048.jpg 1448w, https:\/\/www.crea.gov.co\/crea-la-campina\/wp-content\/uploads\/sites\/4\/2023\/07\/FLYER-SAN-ANTONIO-2023.jpg 1587w\" sizes=\"auto, (max-width: 724px) 100vw, 724px\" \/><\/figure>\n\n\n\n<p>Crea La Campi\u00f1a abrir\u00e1 en Usaqu\u00e9n&#8230; S\u00ed, en Usaqu\u00e9n. Como una estrategia para ampliar nuestra atenci\u00f3n a esas localidaddes donde no tenemos un edificio Crea, se abres espacios de Extensi\u00f3n que permitan a los habitantes de esos sectores participar de los talleres de formaci\u00f3n art\u00edstica. <\/p>\n\n\n\n<p>Para el mes de agosto, estaremos inciando con un grupo en el sector de San Antonio, en la localidad 1 de Bogot\u00e1.  Bien por eso!!! <\/p>\n\n\n\n<p>Recuerde que estamos celenrando nuestros 10 a\u00f1os&#8230; Programa Crea, 10 a\u00f1os constuyendo ciudad.<\/p>\n","protected":false},"excerpt":{"rendered":"<p>Crea La Campi\u00f1a abrir\u00e1 en Usaqu\u00e9n&#8230; S\u00ed, en Usaqu\u00e9n. Como una estrategia para ampliar nuestra atenci\u00f3n a esas localidaddes donde no tenemos un edificio Crea, se abres espacios de Extensi\u00f3n que permitan a los habitantes de esos sectores participar de los talleres de formaci\u00f3n art\u00edstica. Para el mes de agosto, estaremos inciando con un grupo [&hellip;]<\/p>\n","protected":false},"author":47,"featured_media":564,"comment_status":"open","ping_status":"open","sticky":false,"template":"","format":"standard","meta":{"footnotes":""},"categories":[1],"tags":[],"class_list":["post-563","post","type-post","status-publish","format-standard","has-post-thumbnail","hentry","category-sin-categoria"],"yoast_head":"<!-- This site is optimized with the Yoast SEO plugin v24.5 - https:\/\/yoast.com\/wordpress\/plugins\/seo\/ -->\n<title>Ya se acerca - Crea La Campi\u00f1a<\/title>\n<meta name=\"robots\" content=\"index, follow, max-snippet:-1, max-image-preview:large, max-video-preview:-1\" \/>\n<link rel=\"canonical\" href=\"https:\/\/www.crea.gov.co\/crea-la-campina\/ya-se-acerca\/\" \/>\n<meta property=\"og:locale\" content=\"es_ES\" \/>\n<meta property=\"og:type\" content=\"article\" \/>\n<meta property=\"og:title\" content=\"Ya se acerca - Crea La Campi\u00f1a\" \/>\n<meta property=\"og:description\" content=\"Crea La Campi\u00f1a abrir\u00e1 en Usaqu\u00e9n&#8230; S\u00ed, en Usaqu\u00e9n. Como una estrategia para ampliar nuestra atenci\u00f3n a esas localidaddes donde no tenemos un edificio Crea, se abres espacios de Extensi\u00f3n que permitan a los habitantes de esos sectores participar de los talleres de formaci\u00f3n art\u00edstica. Para el mes de agosto, estaremos inciando con un grupo [&hellip;]\" \/>\n<meta property=\"og:url\" content=\"https:\/\/www.crea.gov.co\/crea-la-campina\/ya-se-acerca\/\" \/>\n<meta property=\"og:site_name\" content=\"Crea La Campi\u00f1a\" \/>\n<meta property=\"article:published_time\" content=\"2023-07-29T15:29:00+00:00\" \/>\n<meta property=\"article:modified_time\" content=\"2023-07-29T15:29:02+00:00\" \/>\n<meta property=\"og:image\" content=\"https:\/\/www.crea.gov.co\/crea-la-campina\/wp-content\/uploads\/sites\/4\/2023\/07\/FLYER-SAN-ANTONIO-2023.jpg\" \/>\n\t<meta property=\"og:image:width\" content=\"1587\" \/>\n\t<meta property=\"og:image:height\" content=\"2245\" \/>\n\t<meta property=\"og:image:type\" content=\"image\/jpeg\" \/>\n<meta name=\"author\" content=\"sandragutierrez\" \/>\n<meta name=\"twitter:card\" content=\"summary_large_image\" \/>\n<meta name=\"twitter:label1\" content=\"Escrito por\" \/>\n\t<meta name=\"twitter:data1\" content=\"sandragutierrez\" \/>\n\t<meta name=\"twitter:label2\" content=\"Tiempo de lectura\" \/>\n\t<meta name=\"twitter:data2\" content=\"1 minuto\" \/>\n<script type=\"application\/ld+json\" class=\"yoast-schema-graph\">{\"@context\":\"https:\/\/schema.org\",\"@graph\":[{\"@type\":\"WebPage\",\"@id\":\"https:\/\/www.crea.gov.co\/crea-la-campina\/ya-se-acerca\/\",\"url\":\"https:\/\/www.crea.gov.co\/crea-la-campina\/ya-se-acerca\/\",\"name\":\"Ya se acerca - Crea La Campi\u00f1a\",\"isPartOf\":{\"@id\":\"https:\/\/www.crea.gov.co\/crea-la-campina\/#website\"},\"primaryImageOfPage\":{\"@id\":\"https:\/\/www.crea.gov.co\/crea-la-campina\/ya-se-acerca\/#primaryimage\"},\"image\":{\"@id\":\"https:\/\/www.crea.gov.co\/crea-la-campina\/ya-se-acerca\/#primaryimage\"},\"thumbnailUrl\":\"https:\/\/www.crea.gov.co\/crea-la-campina\/wp-content\/uploads\/sites\/4\/2023\/07\/FLYER-SAN-ANTONIO-2023.jpg\",\"datePublished\":\"2023-07-29T15:29:00+00:00\",\"dateModified\":\"2023-07-29T15:29:02+00:00\",\"author\":{\"@id\":\"https:\/\/www.crea.gov.co\/crea-la-campina\/#\/schema\/person\/7ef0f03987ff9404ce03e98ff17d7225\"},\"breadcrumb\":{\"@id\":\"https:\/\/www.crea.gov.co\/crea-la-campina\/ya-se-acerca\/#breadcrumb\"},\"inLanguage\":\"es-CO\",\"potentialAction\":[{\"@type\":\"ReadAction\",\"target\":[\"https:\/\/www.crea.gov.co\/crea-la-campina\/ya-se-acerca\/\"]}]},{\"@type\":\"ImageObject\",\"inLanguage\":\"es-CO\",\"@id\":\"https:\/\/www.crea.gov.co\/crea-la-campina\/ya-se-acerca\/#primaryimage\",\"url\":\"https:\/\/www.crea.gov.co\/crea-la-campina\/wp-content\/uploads\/sites\/4\/2023\/07\/FLYER-SAN-ANTONIO-2023.jpg\",\"contentUrl\":\"https:\/\/www.crea.gov.co\/crea-la-campina\/wp-content\/uploads\/sites\/4\/2023\/07\/FLYER-SAN-ANTONIO-2023.jpg\",\"width\":1587,\"height\":2245},{\"@type\":\"BreadcrumbList\",\"@id\":\"https:\/\/www.crea.gov.co\/crea-la-campina\/ya-se-acerca\/#breadcrumb\",\"itemListElement\":[{\"@type\":\"ListItem\",\"position\":1,\"name\":\"Home\",\"item\":\"https:\/\/www.crea.gov.co\/crea-la-campina\/\"},{\"@type\":\"ListItem\",\"position\":2,\"name\":\"Ya se acerca\"}]},{\"@type\":\"WebSite\",\"@id\":\"https:\/\/www.crea.gov.co\/crea-la-campina\/#website\",\"url\":\"https:\/\/www.crea.gov.co\/crea-la-campina\/\",\"name\":\"Crea La Campi\u00f1a\",\"description\":\"En este espacio, el arte se cruza con la vida de barrio. Entre conjuntos y parques, la comunidad se re\u00fane para aprender y crear, compartiendo saberes y experiencias que reflejan la cotidianidad de la zona. Aqu\u00ed, ni\u00f1as, ni\u00f1os, j\u00f3venes y adultos encuentran un lugar para expresarse y descubrir nuevas formas de mirar su entorno.\",\"potentialAction\":[{\"@type\":\"SearchAction\",\"target\":{\"@type\":\"EntryPoint\",\"urlTemplate\":\"https:\/\/www.crea.gov.co\/crea-la-campina\/?s={search_term_string}\"},\"query-input\":{\"@type\":\"PropertyValueSpecification\",\"valueRequired\":true,\"valueName\":\"search_term_string\"}}],\"inLanguage\":\"es-CO\"},{\"@type\":\"Person\",\"@id\":\"https:\/\/www.crea.gov.co\/crea-la-campina\/#\/schema\/person\/7ef0f03987ff9404ce03e98ff17d7225\",\"name\":\"sandragutierrez\",\"image\":{\"@type\":\"ImageObject\",\"inLanguage\":\"es-CO\",\"@id\":\"https:\/\/www.crea.gov.co\/crea-la-campina\/#\/schema\/person\/image\/\",\"url\":\"https:\/\/secure.gravatar.com\/avatar\/5f78b02e1dabff0f763ffcbd6f8fb18d?s=96&d=mm&r=g\",\"contentUrl\":\"https:\/\/secure.gravatar.com\/avatar\/5f78b02e1dabff0f763ffcbd6f8fb18d?s=96&d=mm&r=g\",\"caption\":\"sandragutierrez\"},\"url\":\"https:\/\/www.crea.gov.co\/crea-la-campina\/author\/sandragutierrez\/\"}]}<\/script>\n<!-- \/ Yoast SEO plugin. -->","yoast_head_json":{"title":"Ya se acerca - Crea La Campi\u00f1a","robots":{"index":"index","follow":"follow","max-snippet":"max-snippet:-1","max-image-preview":"max-image-preview:large","max-video-preview":"max-video-preview:-1"},"canonical":"https:\/\/www.crea.gov.co\/crea-la-campina\/ya-se-acerca\/","og_locale":"es_ES","og_type":"article","og_title":"Ya se acerca - Crea La Campi\u00f1a","og_description":"Crea La Campi\u00f1a abrir\u00e1 en Usaqu\u00e9n&#8230; S\u00ed, en Usaqu\u00e9n. Como una estrategia para ampliar nuestra atenci\u00f3n a esas localidaddes donde no tenemos un edificio Crea, se abres espacios de Extensi\u00f3n que permitan a los habitantes de esos sectores participar de los talleres de formaci\u00f3n art\u00edstica. Para el mes de agosto, estaremos inciando con un grupo [&hellip;]","og_url":"https:\/\/www.crea.gov.co\/crea-la-campina\/ya-se-acerca\/","og_site_name":"Crea La Campi\u00f1a","article_published_time":"2023-07-29T15:29:00+00:00","article_modified_time":"2023-07-29T15:29:02+00:00","og_image":[{"width":1587,"height":2245,"url":"https:\/\/www.crea.gov.co\/crea-la-campina\/wp-content\/uploads\/sites\/4\/2023\/07\/FLYER-SAN-ANTONIO-2023.jpg","type":"image\/jpeg"}],"author":"sandragutierrez","twitter_card":"summary_large_image","twitter_misc":{"Escrito por":"sandragutierrez","Tiempo de lectura":"1 minuto"},"schema":{"@context":"https:\/\/schema.org","@graph":[{"@type":"WebPage","@id":"https:\/\/www.crea.gov.co\/crea-la-campina\/ya-se-acerca\/","url":"https:\/\/www.crea.gov.co\/crea-la-campina\/ya-se-acerca\/","name":"Ya se acerca - Crea La Campi\u00f1a","isPartOf":{"@id":"https:\/\/www.crea.gov.co\/crea-la-campina\/#website"},"primaryImageOfPage":{"@id":"https:\/\/www.crea.gov.co\/crea-la-campina\/ya-se-acerca\/#primaryimage"},"image":{"@id":"https:\/\/www.crea.gov.co\/crea-la-campina\/ya-se-acerca\/#primaryimage"},"thumbnailUrl":"https:\/\/www.crea.gov.co\/crea-la-campina\/wp-content\/uploads\/sites\/4\/2023\/07\/FLYER-SAN-ANTONIO-2023.jpg","datePublished":"2023-07-29T15:29:00+00:00","dateModified":"2023-07-29T15:29:02+00:00","author":{"@id":"https:\/\/www.crea.gov.co\/crea-la-campina\/#\/schema\/person\/7ef0f03987ff9404ce03e98ff17d7225"},"breadcrumb":{"@id":"https:\/\/www.crea.gov.co\/crea-la-campina\/ya-se-acerca\/#breadcrumb"},"inLanguage":"es-CO","potentialAction":[{"@type":"ReadAction","target":["https:\/\/www.crea.gov.co\/crea-la-campina\/ya-se-acerca\/"]}]},{"@type":"ImageObject","inLanguage":"es-CO","@id":"https:\/\/www.crea.gov.co\/crea-la-campina\/ya-se-acerca\/#primaryimage","url":"https:\/\/www.crea.gov.co\/crea-la-campina\/wp-content\/uploads\/sites\/4\/2023\/07\/FLYER-SAN-ANTONIO-2023.jpg","contentUrl":"https:\/\/www.crea.gov.co\/crea-la-campina\/wp-content\/uploads\/sites\/4\/2023\/07\/FLYER-SAN-ANTONIO-2023.jpg","width":1587,"height":2245},{"@type":"BreadcrumbList","@id":"https:\/\/www.crea.gov.co\/crea-la-campina\/ya-se-acerca\/#breadcrumb","itemListElement":[{"@type":"ListItem","position":1,"name":"Home","item":"https:\/\/www.crea.gov.co\/crea-la-campina\/"},{"@type":"ListItem","position":2,"name":"Ya se acerca"}]},{"@type":"WebSite","@id":"https:\/\/www.crea.gov.co\/crea-la-campina\/#website","url":"https:\/\/www.crea.gov.co\/crea-la-campina\/","name":"Crea La Campi\u00f1a","description":"En este espacio, el arte se cruza con la vida de barrio. Entre conjuntos y parques, la comunidad se re\u00fane para aprender y crear, compartiendo saberes y experiencias que reflejan la cotidianidad de la zona. Aqu\u00ed, ni\u00f1as, ni\u00f1os, j\u00f3venes y adultos encuentran un lugar para expresarse y descubrir nuevas formas de mirar su entorno.","potentialAction":[{"@type":"SearchAction","target":{"@type":"EntryPoint","urlTemplate":"https:\/\/www.crea.gov.co\/crea-la-campina\/?s={search_term_string}"},"query-input":{"@type":"PropertyValueSpecification","valueRequired":true,"valueName":"search_term_string"}}],"inLanguage":"es-CO"},{"@type":"Person","@id":"https:\/\/www.crea.gov.co\/crea-la-campina\/#\/schema\/person\/7ef0f03987ff9404ce03e98ff17d7225","name":"sandragutierrez","image":{"@type":"ImageObject","inLanguage":"es-CO","@id":"https:\/\/www.crea.gov.co\/crea-la-campina\/#\/schema\/person\/image\/","url":"https:\/\/secure.gravatar.com\/avatar\/5f78b02e1dabff0f763ffcbd6f8fb18d?s=96&d=mm&r=g","contentUrl":"https:\/\/secure.gravatar.com\/avatar\/5f78b02e1dabff0f763ffcbd6f8fb18d?s=96&d=mm&r=g","caption":"sandragutierrez"},"url":"https:\/\/www.crea.gov.co\/crea-la-campina\/author\/sandragutierrez\/"}]}},"_links":{"self":[{"href":"https:\/\/www.crea.gov.co\/crea-la-campina\/wp-json\/wp\/v2\/posts\/563","targetHints":{"allow":["GET"]}}],"collection":[{"href":"https:\/\/www.crea.gov.co\/crea-la-campina\/wp-json\/wp\/v2\/posts"}],"about":[{"href":"https:\/\/www.crea.gov.co\/crea-la-campina\/wp-json\/wp\/v2\/types\/post"}],"author":[{"embeddable":true,"href":"https:\/\/www.crea.gov.co\/crea-la-campina\/wp-json\/wp\/v2\/users\/47"}],"replies":[{"embeddable":true,"href":"https:\/\/www.crea.gov.co\/crea-la-campina\/wp-json\/wp\/v2\/comments?post=563"}],"version-history":[{"count":1,"href":"https:\/\/www.crea.gov.co\/crea-la-campina\/wp-json\/wp\/v2\/posts\/563\/revisions"}],"predecessor-version":[{"id":565,"href":"https:\/\/www.crea.gov.co\/crea-la-campina\/wp-json\/wp\/v2\/posts\/563\/revisions\/565"}],"wp:featuredmedia":[{"embeddable":true,"href":"https:\/\/www.crea.gov.co\/crea-la-campina\/wp-json\/wp\/v2\/media\/564"}],"wp:attachment":[{"href":"https:\/\/www.crea.gov.co\/crea-la-campina\/wp-json\/wp\/v2\/media?parent=563"}],"wp:term":[{"taxonomy":"category","embeddable":true,"href":"https:\/\/www.crea.gov.co\/crea-la-campina\/wp-json\/wp\/v2\/categories?post=563"},{"taxonomy":"post_tag","embeddable":true,"href":"https:\/\/www.crea.gov.co\/crea-la-campina\/wp-json\/wp\/v2\/tags?post=563"}],"curies":[{"name":"wp","href":"https:\/\/api.w.org\/{rel}","templated":true}]}}