{"id":436,"date":"2022-11-10T19:18:41","date_gmt":"2022-11-10T19:18:41","guid":{"rendered":"https:\/\/www.crea.gov.co\/crea-la-campina\/?p=436"},"modified":"2022-11-10T19:18:41","modified_gmt":"2022-11-10T19:18:41","slug":"suspirando","status":"publish","type":"post","link":"https:\/\/www.crea.gov.co\/crea-la-campina\/suspirando\/","title":{"rendered":"\u00a1SUSPIRANDO!"},"content":{"rendered":"\n<figure class=\"wp-block-image size-large\"><img loading=\"lazy\" decoding=\"async\" width=\"1024\" height=\"595\" src=\"https:\/\/www.crea.gov.co\/crea-la-campina\/wp-content\/uploads\/sites\/4\/2022\/11\/WhatsApp-Image-2022-11-10-at-09.05.37-1024x595.jpeg\" alt=\"\" class=\"wp-image-437\" srcset=\"https:\/\/www.crea.gov.co\/crea-la-campina\/wp-content\/uploads\/sites\/4\/2022\/11\/WhatsApp-Image-2022-11-10-at-09.05.37-1024x595.jpeg 1024w, https:\/\/www.crea.gov.co\/crea-la-campina\/wp-content\/uploads\/sites\/4\/2022\/11\/WhatsApp-Image-2022-11-10-at-09.05.37-300x174.jpeg 300w, https:\/\/www.crea.gov.co\/crea-la-campina\/wp-content\/uploads\/sites\/4\/2022\/11\/WhatsApp-Image-2022-11-10-at-09.05.37-768x446.jpeg 768w, https:\/\/www.crea.gov.co\/crea-la-campina\/wp-content\/uploads\/sites\/4\/2022\/11\/WhatsApp-Image-2022-11-10-at-09.05.37.jpeg 1029w\" sizes=\"auto, (max-width: 1024px) 100vw, 1024px\" \/><figcaption>Matrioshka teatro, de Crea La Campi\u00f1a<\/figcaption><\/figure>\n\n\n\n<p>Nombre de la obra: La muerte\u2026 \u00bfEl \u00faltimo suspiro?<br>Alma Ayala emprende un viaje en busca del paradero de de su hijo Carlos Centeno, quien ha desaparecido en extra\u00f1as circunstancias, encontrando en el pueblo de los Suspiros las respuestas que le permitir\u00e1n tramitar su duelo.<br>La obra es una creaci\u00f3n colectiva inspirada en varios textos de la literatura universal como Pedro P\u00e1ramo, Los funerales de La mam\u00e1 Grande, Hansel y Gretel y Alicia a trav\u00e9s del espejo.<br>El grupo Matrioshka Teatro explora la dramaturgia permiti\u00e9ndole abordar temas como el amor, la resignificaci\u00f3n de la muerte y los duelos.<\/p>\n\n\n\n<p>Es un orgullo para Crea La Campi\u00f1a abrir las puertas semanalmente a este maravilloso colectivo, dirigido por el artista formador David Riveros, y quien se present\u00f3 en la Sala Gait\u00e1n, en el marco de los Ecosistemas 4.<\/p>\n\n\n\n<p>\u00a1\u00a1\u00a1BUENA POR ESA!!!<\/p>\n\n\n\n<figure class=\"wp-block-image size-large\"><img loading=\"lazy\" decoding=\"async\" width=\"1024\" height=\"768\" src=\"https:\/\/www.crea.gov.co\/crea-la-campina\/wp-content\/uploads\/sites\/4\/2022\/11\/WhatsApp-Image-2022-11-10-at-09.05.57-1024x768.jpeg\" alt=\"\" class=\"wp-image-438\" srcset=\"https:\/\/www.crea.gov.co\/crea-la-campina\/wp-content\/uploads\/sites\/4\/2022\/11\/WhatsApp-Image-2022-11-10-at-09.05.57-1024x768.jpeg 1024w, https:\/\/www.crea.gov.co\/crea-la-campina\/wp-content\/uploads\/sites\/4\/2022\/11\/WhatsApp-Image-2022-11-10-at-09.05.57-300x225.jpeg 300w, https:\/\/www.crea.gov.co\/crea-la-campina\/wp-content\/uploads\/sites\/4\/2022\/11\/WhatsApp-Image-2022-11-10-at-09.05.57-768x576.jpeg 768w, https:\/\/www.crea.gov.co\/crea-la-campina\/wp-content\/uploads\/sites\/4\/2022\/11\/WhatsApp-Image-2022-11-10-at-09.05.57.jpeg 1408w\" sizes=\"auto, (max-width: 1024px) 100vw, 1024px\" \/><\/figure>\n\n\n\n<figure class=\"wp-block-image size-large\"><img loading=\"lazy\" decoding=\"async\" width=\"1024\" height=\"768\" src=\"https:\/\/www.crea.gov.co\/crea-la-campina\/wp-content\/uploads\/sites\/4\/2022\/11\/WhatsApp-Image-2022-11-10-at-09.05.57-1-1024x768.jpeg\" alt=\"\" class=\"wp-image-439\" srcset=\"https:\/\/www.crea.gov.co\/crea-la-campina\/wp-content\/uploads\/sites\/4\/2022\/11\/WhatsApp-Image-2022-11-10-at-09.05.57-1-1024x768.jpeg 1024w, https:\/\/www.crea.gov.co\/crea-la-campina\/wp-content\/uploads\/sites\/4\/2022\/11\/WhatsApp-Image-2022-11-10-at-09.05.57-1-300x225.jpeg 300w, https:\/\/www.crea.gov.co\/crea-la-campina\/wp-content\/uploads\/sites\/4\/2022\/11\/WhatsApp-Image-2022-11-10-at-09.05.57-1-768x576.jpeg 768w, https:\/\/www.crea.gov.co\/crea-la-campina\/wp-content\/uploads\/sites\/4\/2022\/11\/WhatsApp-Image-2022-11-10-at-09.05.57-1.jpeg 1408w\" sizes=\"auto, (max-width: 1024px) 100vw, 1024px\" \/><\/figure>\n","protected":false},"excerpt":{"rendered":"<p>Nombre de la obra: La muerte\u2026 \u00bfEl \u00faltimo suspiro?Alma Ayala emprende un viaje en busca del paradero de de su hijo Carlos Centeno, quien ha desaparecido en extra\u00f1as circunstancias, encontrando en el pueblo de los Suspiros las respuestas que le permitir\u00e1n tramitar su duelo.La obra es una creaci\u00f3n colectiva inspirada en varios textos de la [&hellip;]<\/p>\n","protected":false},"author":47,"featured_media":437,"comment_status":"open","ping_status":"open","sticky":false,"template":"","format":"standard","meta":{"footnotes":""},"categories":[1],"tags":[],"class_list":["post-436","post","type-post","status-publish","format-standard","has-post-thumbnail","hentry","category-sin-categoria"],"yoast_head":"<!-- This site is optimized with the Yoast SEO plugin v24.5 - https:\/\/yoast.com\/wordpress\/plugins\/seo\/ -->\n<title>\u00a1SUSPIRANDO! - Crea La Campi\u00f1a<\/title>\n<meta name=\"robots\" content=\"index, follow, max-snippet:-1, max-image-preview:large, max-video-preview:-1\" \/>\n<link rel=\"canonical\" href=\"https:\/\/www.crea.gov.co\/crea-la-campina\/suspirando\/\" \/>\n<meta property=\"og:locale\" content=\"es_ES\" \/>\n<meta property=\"og:type\" content=\"article\" \/>\n<meta property=\"og:title\" content=\"\u00a1SUSPIRANDO! - Crea La Campi\u00f1a\" \/>\n<meta property=\"og:description\" content=\"Nombre de la obra: La muerte\u2026 \u00bfEl \u00faltimo suspiro?Alma Ayala emprende un viaje en busca del paradero de de su hijo Carlos Centeno, quien ha desaparecido en extra\u00f1as circunstancias, encontrando en el pueblo de los Suspiros las respuestas que le permitir\u00e1n tramitar su duelo.La obra es una creaci\u00f3n colectiva inspirada en varios textos de la [&hellip;]\" \/>\n<meta property=\"og:url\" content=\"https:\/\/www.crea.gov.co\/crea-la-campina\/suspirando\/\" \/>\n<meta property=\"og:site_name\" content=\"Crea La Campi\u00f1a\" \/>\n<meta property=\"article:published_time\" content=\"2022-11-10T19:18:41+00:00\" \/>\n<meta property=\"og:image\" content=\"https:\/\/www.crea.gov.co\/crea-la-campina\/wp-content\/uploads\/sites\/4\/2022\/11\/WhatsApp-Image-2022-11-10-at-09.05.37.jpeg\" \/>\n\t<meta property=\"og:image:width\" content=\"1029\" \/>\n\t<meta property=\"og:image:height\" content=\"598\" \/>\n\t<meta property=\"og:image:type\" content=\"image\/jpeg\" \/>\n<meta name=\"author\" content=\"sandragutierrez\" \/>\n<meta name=\"twitter:card\" content=\"summary_large_image\" \/>\n<meta name=\"twitter:label1\" content=\"Escrito por\" \/>\n\t<meta name=\"twitter:data1\" content=\"sandragutierrez\" \/>\n\t<meta name=\"twitter:label2\" content=\"Tiempo de lectura\" \/>\n\t<meta name=\"twitter:data2\" content=\"2 minutos\" \/>\n<script type=\"application\/ld+json\" class=\"yoast-schema-graph\">{\"@context\":\"https:\/\/schema.org\",\"@graph\":[{\"@type\":\"WebPage\",\"@id\":\"https:\/\/www.crea.gov.co\/crea-la-campina\/suspirando\/\",\"url\":\"https:\/\/www.crea.gov.co\/crea-la-campina\/suspirando\/\",\"name\":\"\u00a1SUSPIRANDO! - Crea La Campi\u00f1a\",\"isPartOf\":{\"@id\":\"https:\/\/www.crea.gov.co\/crea-la-campina\/#website\"},\"primaryImageOfPage\":{\"@id\":\"https:\/\/www.crea.gov.co\/crea-la-campina\/suspirando\/#primaryimage\"},\"image\":{\"@id\":\"https:\/\/www.crea.gov.co\/crea-la-campina\/suspirando\/#primaryimage\"},\"thumbnailUrl\":\"https:\/\/www.crea.gov.co\/crea-la-campina\/wp-content\/uploads\/sites\/4\/2022\/11\/WhatsApp-Image-2022-11-10-at-09.05.37.jpeg\",\"datePublished\":\"2022-11-10T19:18:41+00:00\",\"author\":{\"@id\":\"https:\/\/www.crea.gov.co\/crea-la-campina\/#\/schema\/person\/7ef0f03987ff9404ce03e98ff17d7225\"},\"breadcrumb\":{\"@id\":\"https:\/\/www.crea.gov.co\/crea-la-campina\/suspirando\/#breadcrumb\"},\"inLanguage\":\"es-CO\",\"potentialAction\":[{\"@type\":\"ReadAction\",\"target\":[\"https:\/\/www.crea.gov.co\/crea-la-campina\/suspirando\/\"]}]},{\"@type\":\"ImageObject\",\"inLanguage\":\"es-CO\",\"@id\":\"https:\/\/www.crea.gov.co\/crea-la-campina\/suspirando\/#primaryimage\",\"url\":\"https:\/\/www.crea.gov.co\/crea-la-campina\/wp-content\/uploads\/sites\/4\/2022\/11\/WhatsApp-Image-2022-11-10-at-09.05.37.jpeg\",\"contentUrl\":\"https:\/\/www.crea.gov.co\/crea-la-campina\/wp-content\/uploads\/sites\/4\/2022\/11\/WhatsApp-Image-2022-11-10-at-09.05.37.jpeg\",\"width\":1029,\"height\":598},{\"@type\":\"BreadcrumbList\",\"@id\":\"https:\/\/www.crea.gov.co\/crea-la-campina\/suspirando\/#breadcrumb\",\"itemListElement\":[{\"@type\":\"ListItem\",\"position\":1,\"name\":\"Home\",\"item\":\"https:\/\/www.crea.gov.co\/crea-la-campina\/\"},{\"@type\":\"ListItem\",\"position\":2,\"name\":\"\u00a1SUSPIRANDO!\"}]},{\"@type\":\"WebSite\",\"@id\":\"https:\/\/www.crea.gov.co\/crea-la-campina\/#website\",\"url\":\"https:\/\/www.crea.gov.co\/crea-la-campina\/\",\"name\":\"Crea La Campi\u00f1a\",\"description\":\"En este espacio, el arte se cruza con la vida de barrio. Entre conjuntos y parques, la comunidad se re\u00fane para aprender y crear, compartiendo saberes y experiencias que reflejan la cotidianidad de la zona. Aqu\u00ed, ni\u00f1as, ni\u00f1os, j\u00f3venes y adultos encuentran un lugar para expresarse y descubrir nuevas formas de mirar su entorno.\",\"potentialAction\":[{\"@type\":\"SearchAction\",\"target\":{\"@type\":\"EntryPoint\",\"urlTemplate\":\"https:\/\/www.crea.gov.co\/crea-la-campina\/?s={search_term_string}\"},\"query-input\":{\"@type\":\"PropertyValueSpecification\",\"valueRequired\":true,\"valueName\":\"search_term_string\"}}],\"inLanguage\":\"es-CO\"},{\"@type\":\"Person\",\"@id\":\"https:\/\/www.crea.gov.co\/crea-la-campina\/#\/schema\/person\/7ef0f03987ff9404ce03e98ff17d7225\",\"name\":\"sandragutierrez\",\"image\":{\"@type\":\"ImageObject\",\"inLanguage\":\"es-CO\",\"@id\":\"https:\/\/www.crea.gov.co\/crea-la-campina\/#\/schema\/person\/image\/\",\"url\":\"https:\/\/secure.gravatar.com\/avatar\/5f78b02e1dabff0f763ffcbd6f8fb18d?s=96&d=mm&r=g\",\"contentUrl\":\"https:\/\/secure.gravatar.com\/avatar\/5f78b02e1dabff0f763ffcbd6f8fb18d?s=96&d=mm&r=g\",\"caption\":\"sandragutierrez\"},\"url\":\"https:\/\/www.crea.gov.co\/crea-la-campina\/author\/sandragutierrez\/\"}]}<\/script>\n<!-- \/ Yoast SEO plugin. -->","yoast_head_json":{"title":"\u00a1SUSPIRANDO! - Crea La Campi\u00f1a","robots":{"index":"index","follow":"follow","max-snippet":"max-snippet:-1","max-image-preview":"max-image-preview:large","max-video-preview":"max-video-preview:-1"},"canonical":"https:\/\/www.crea.gov.co\/crea-la-campina\/suspirando\/","og_locale":"es_ES","og_type":"article","og_title":"\u00a1SUSPIRANDO! - Crea La Campi\u00f1a","og_description":"Nombre de la obra: La muerte\u2026 \u00bfEl \u00faltimo suspiro?Alma Ayala emprende un viaje en busca del paradero de de su hijo Carlos Centeno, quien ha desaparecido en extra\u00f1as circunstancias, encontrando en el pueblo de los Suspiros las respuestas que le permitir\u00e1n tramitar su duelo.La obra es una creaci\u00f3n colectiva inspirada en varios textos de la [&hellip;]","og_url":"https:\/\/www.crea.gov.co\/crea-la-campina\/suspirando\/","og_site_name":"Crea La Campi\u00f1a","article_published_time":"2022-11-10T19:18:41+00:00","og_image":[{"width":1029,"height":598,"url":"https:\/\/www.crea.gov.co\/crea-la-campina\/wp-content\/uploads\/sites\/4\/2022\/11\/WhatsApp-Image-2022-11-10-at-09.05.37.jpeg","type":"image\/jpeg"}],"author":"sandragutierrez","twitter_card":"summary_large_image","twitter_misc":{"Escrito por":"sandragutierrez","Tiempo de lectura":"2 minutos"},"schema":{"@context":"https:\/\/schema.org","@graph":[{"@type":"WebPage","@id":"https:\/\/www.crea.gov.co\/crea-la-campina\/suspirando\/","url":"https:\/\/www.crea.gov.co\/crea-la-campina\/suspirando\/","name":"\u00a1SUSPIRANDO! - Crea La Campi\u00f1a","isPartOf":{"@id":"https:\/\/www.crea.gov.co\/crea-la-campina\/#website"},"primaryImageOfPage":{"@id":"https:\/\/www.crea.gov.co\/crea-la-campina\/suspirando\/#primaryimage"},"image":{"@id":"https:\/\/www.crea.gov.co\/crea-la-campina\/suspirando\/#primaryimage"},"thumbnailUrl":"https:\/\/www.crea.gov.co\/crea-la-campina\/wp-content\/uploads\/sites\/4\/2022\/11\/WhatsApp-Image-2022-11-10-at-09.05.37.jpeg","datePublished":"2022-11-10T19:18:41+00:00","author":{"@id":"https:\/\/www.crea.gov.co\/crea-la-campina\/#\/schema\/person\/7ef0f03987ff9404ce03e98ff17d7225"},"breadcrumb":{"@id":"https:\/\/www.crea.gov.co\/crea-la-campina\/suspirando\/#breadcrumb"},"inLanguage":"es-CO","potentialAction":[{"@type":"ReadAction","target":["https:\/\/www.crea.gov.co\/crea-la-campina\/suspirando\/"]}]},{"@type":"ImageObject","inLanguage":"es-CO","@id":"https:\/\/www.crea.gov.co\/crea-la-campina\/suspirando\/#primaryimage","url":"https:\/\/www.crea.gov.co\/crea-la-campina\/wp-content\/uploads\/sites\/4\/2022\/11\/WhatsApp-Image-2022-11-10-at-09.05.37.jpeg","contentUrl":"https:\/\/www.crea.gov.co\/crea-la-campina\/wp-content\/uploads\/sites\/4\/2022\/11\/WhatsApp-Image-2022-11-10-at-09.05.37.jpeg","width":1029,"height":598},{"@type":"BreadcrumbList","@id":"https:\/\/www.crea.gov.co\/crea-la-campina\/suspirando\/#breadcrumb","itemListElement":[{"@type":"ListItem","position":1,"name":"Home","item":"https:\/\/www.crea.gov.co\/crea-la-campina\/"},{"@type":"ListItem","position":2,"name":"\u00a1SUSPIRANDO!"}]},{"@type":"WebSite","@id":"https:\/\/www.crea.gov.co\/crea-la-campina\/#website","url":"https:\/\/www.crea.gov.co\/crea-la-campina\/","name":"Crea La Campi\u00f1a","description":"En este espacio, el arte se cruza con la vida de barrio. Entre conjuntos y parques, la comunidad se re\u00fane para aprender y crear, compartiendo saberes y experiencias que reflejan la cotidianidad de la zona. Aqu\u00ed, ni\u00f1as, ni\u00f1os, j\u00f3venes y adultos encuentran un lugar para expresarse y descubrir nuevas formas de mirar su entorno.","potentialAction":[{"@type":"SearchAction","target":{"@type":"EntryPoint","urlTemplate":"https:\/\/www.crea.gov.co\/crea-la-campina\/?s={search_term_string}"},"query-input":{"@type":"PropertyValueSpecification","valueRequired":true,"valueName":"search_term_string"}}],"inLanguage":"es-CO"},{"@type":"Person","@id":"https:\/\/www.crea.gov.co\/crea-la-campina\/#\/schema\/person\/7ef0f03987ff9404ce03e98ff17d7225","name":"sandragutierrez","image":{"@type":"ImageObject","inLanguage":"es-CO","@id":"https:\/\/www.crea.gov.co\/crea-la-campina\/#\/schema\/person\/image\/","url":"https:\/\/secure.gravatar.com\/avatar\/5f78b02e1dabff0f763ffcbd6f8fb18d?s=96&d=mm&r=g","contentUrl":"https:\/\/secure.gravatar.com\/avatar\/5f78b02e1dabff0f763ffcbd6f8fb18d?s=96&d=mm&r=g","caption":"sandragutierrez"},"url":"https:\/\/www.crea.gov.co\/crea-la-campina\/author\/sandragutierrez\/"}]}},"_links":{"self":[{"href":"https:\/\/www.crea.gov.co\/crea-la-campina\/wp-json\/wp\/v2\/posts\/436","targetHints":{"allow":["GET"]}}],"collection":[{"href":"https:\/\/www.crea.gov.co\/crea-la-campina\/wp-json\/wp\/v2\/posts"}],"about":[{"href":"https:\/\/www.crea.gov.co\/crea-la-campina\/wp-json\/wp\/v2\/types\/post"}],"author":[{"embeddable":true,"href":"https:\/\/www.crea.gov.co\/crea-la-campina\/wp-json\/wp\/v2\/users\/47"}],"replies":[{"embeddable":true,"href":"https:\/\/www.crea.gov.co\/crea-la-campina\/wp-json\/wp\/v2\/comments?post=436"}],"version-history":[{"count":1,"href":"https:\/\/www.crea.gov.co\/crea-la-campina\/wp-json\/wp\/v2\/posts\/436\/revisions"}],"predecessor-version":[{"id":440,"href":"https:\/\/www.crea.gov.co\/crea-la-campina\/wp-json\/wp\/v2\/posts\/436\/revisions\/440"}],"wp:featuredmedia":[{"embeddable":true,"href":"https:\/\/www.crea.gov.co\/crea-la-campina\/wp-json\/wp\/v2\/media\/437"}],"wp:attachment":[{"href":"https:\/\/www.crea.gov.co\/crea-la-campina\/wp-json\/wp\/v2\/media?parent=436"}],"wp:term":[{"taxonomy":"category","embeddable":true,"href":"https:\/\/www.crea.gov.co\/crea-la-campina\/wp-json\/wp\/v2\/categories?post=436"},{"taxonomy":"post_tag","embeddable":true,"href":"https:\/\/www.crea.gov.co\/crea-la-campina\/wp-json\/wp\/v2\/tags?post=436"}],"curies":[{"name":"wp","href":"https:\/\/api.w.org\/{rel}","templated":true}]}}