{"id":1039,"date":"2025-09-25T18:08:18","date_gmt":"2025-09-25T18:08:18","guid":{"rendered":"https:\/\/www.crea.gov.co\/crea-la-campina\/?p=1039"},"modified":"2025-09-25T18:08:18","modified_gmt":"2025-09-25T18:08:18","slug":"comunidades-crea","status":"publish","type":"post","link":"https:\/\/www.crea.gov.co\/crea-la-campina\/comunidades-crea\/","title":{"rendered":"ComunidadEs Crea"},"content":{"rendered":"\n<p>El Crea La Campi\u00f1a te invita al evento ComunidadEs Crea, un espacio en el que el programa Crea abre sus puertas a todo el p\u00fablico y ser\u00e1 un momento dedicado a celebrar, reconocer y dar voz a las diversas expresiones art\u00edsticas que enriquecen nuestra comunidad.<\/p>\n\n\n\n<p>\ud83d\uddd3 <strong>Fecha:<\/strong> 27 de septiembre de 2025<br>\ud83d\udd52 <strong>Hora:<\/strong> 9:00am &#8211; 12:00m<br>\ud83d\udccd <strong>Lugar:<\/strong> Crea La Campi\u00f1a (calle 146a#94a-05)<\/p>\n\n\n<div class=\"wp-block-image\">\n<figure class=\"aligncenter size-large is-resized\"><img loading=\"lazy\" decoding=\"async\" width=\"819\" height=\"1024\" src=\"https:\/\/www.crea.gov.co\/crea-la-campina\/wp-content\/uploads\/sites\/4\/2025\/09\/2508_ComunidadES-crea.2-1-1-819x1024.png\" alt=\"\" class=\"wp-image-1041\" style=\"width:572px;height:auto\" srcset=\"https:\/\/www.crea.gov.co\/crea-la-campina\/wp-content\/uploads\/sites\/4\/2025\/09\/2508_ComunidadES-crea.2-1-1-819x1024.png 819w, https:\/\/www.crea.gov.co\/crea-la-campina\/wp-content\/uploads\/sites\/4\/2025\/09\/2508_ComunidadES-crea.2-1-1-240x300.png 240w, https:\/\/www.crea.gov.co\/crea-la-campina\/wp-content\/uploads\/sites\/4\/2025\/09\/2508_ComunidadES-crea.2-1-1-768x960.png 768w, https:\/\/www.crea.gov.co\/crea-la-campina\/wp-content\/uploads\/sites\/4\/2025\/09\/2508_ComunidadES-crea.2-1-1.png 1080w\" sizes=\"auto, (max-width: 819px) 100vw, 819px\" \/><\/figure><\/div>\n\n\n<p>Durante esta jornada contaremos con la participaci\u00f3n de artistas en las distintas are\u00e1s que el progrmama Crea ofrece. Ser\u00e1 una oportunidad para dialogar, reflexionar y disfrutar del arte como herramienta de transformaci\u00f3n social y cultural en la comunidad.<\/p>\n\n\n<div class=\"wp-block-image\">\n<figure class=\"aligncenter size-full\"><img loading=\"lazy\" decoding=\"async\" width=\"366\" height=\"651\" src=\"https:\/\/www.crea.gov.co\/crea-la-campina\/wp-content\/uploads\/sites\/4\/2025\/09\/WhatsApp-Image-2025-09-24-at-08.50.13.jpeg\" alt=\"\" class=\"wp-image-1042\" srcset=\"https:\/\/www.crea.gov.co\/crea-la-campina\/wp-content\/uploads\/sites\/4\/2025\/09\/WhatsApp-Image-2025-09-24-at-08.50.13.jpeg 366w, https:\/\/www.crea.gov.co\/crea-la-campina\/wp-content\/uploads\/sites\/4\/2025\/09\/WhatsApp-Image-2025-09-24-at-08.50.13-169x300.jpeg 169w\" sizes=\"auto, (max-width: 366px) 100vw, 366px\" \/><\/figure><\/div>\n\n\n<p><strong>Entrada libre y gratuita.<\/strong><br>\u00a1Te esperamos para compartir, crear y hacer visible el arte que nos rodea!<\/p>\n","protected":false},"excerpt":{"rendered":"<p>El Crea La Campi\u00f1a te invita al evento ComunidadEs Crea, un espacio en el que el programa Crea abre sus puertas a todo el p\u00fablico y ser\u00e1 un momento dedicado a celebrar, reconocer y dar voz a las diversas expresiones art\u00edsticas que enriquecen nuestra comunidad. \ud83d\uddd3 Fecha: 27 de septiembre de 2025\ud83d\udd52 Hora: 9:00am &#8211; [&hellip;]<\/p>\n","protected":false},"author":82,"featured_media":0,"comment_status":"open","ping_status":"open","sticky":false,"template":"","format":"standard","meta":{"footnotes":""},"categories":[1],"tags":[],"class_list":["post-1039","post","type-post","status-publish","format-standard","hentry","category-sin-categoria"],"yoast_head":"<!-- This site is optimized with the Yoast SEO plugin v24.5 - https:\/\/yoast.com\/wordpress\/plugins\/seo\/ -->\n<title>ComunidadEs Crea - Crea La Campi\u00f1a<\/title>\n<meta name=\"robots\" content=\"index, follow, max-snippet:-1, max-image-preview:large, max-video-preview:-1\" \/>\n<link rel=\"canonical\" href=\"https:\/\/www.crea.gov.co\/crea-la-campina\/comunidades-crea\/\" \/>\n<meta property=\"og:locale\" content=\"es_ES\" \/>\n<meta property=\"og:type\" content=\"article\" \/>\n<meta property=\"og:title\" content=\"ComunidadEs Crea - Crea La Campi\u00f1a\" \/>\n<meta property=\"og:description\" content=\"El Crea La Campi\u00f1a te invita al evento ComunidadEs Crea, un espacio en el que el programa Crea abre sus puertas a todo el p\u00fablico y ser\u00e1 un momento dedicado a celebrar, reconocer y dar voz a las diversas expresiones art\u00edsticas que enriquecen nuestra comunidad. \ud83d\uddd3 Fecha: 27 de septiembre de 2025\ud83d\udd52 Hora: 9:00am &#8211; [&hellip;]\" \/>\n<meta property=\"og:url\" content=\"https:\/\/www.crea.gov.co\/crea-la-campina\/comunidades-crea\/\" \/>\n<meta property=\"og:site_name\" content=\"Crea La Campi\u00f1a\" \/>\n<meta property=\"article:published_time\" content=\"2025-09-25T18:08:18+00:00\" \/>\n<meta property=\"og:image\" content=\"https:\/\/www.crea.gov.co\/crea-la-campina\/wp-content\/uploads\/sites\/4\/2025\/09\/2508_ComunidadES-crea.2-1-1-819x1024.png\" \/>\n\t<meta property=\"og:image:width\" content=\"819\" \/>\n\t<meta property=\"og:image:height\" content=\"1024\" \/>\n\t<meta property=\"og:image:type\" content=\"image\/png\" \/>\n<meta name=\"author\" content=\"crealacampina\" \/>\n<meta name=\"twitter:card\" content=\"summary_large_image\" \/>\n<meta name=\"twitter:label1\" content=\"Escrito por\" \/>\n\t<meta name=\"twitter:data1\" content=\"crealacampina\" \/>\n\t<meta name=\"twitter:label2\" content=\"Tiempo de lectura\" \/>\n\t<meta name=\"twitter:data2\" content=\"1 minuto\" \/>\n<script type=\"application\/ld+json\" class=\"yoast-schema-graph\">{\"@context\":\"https:\/\/schema.org\",\"@graph\":[{\"@type\":\"WebPage\",\"@id\":\"https:\/\/www.crea.gov.co\/crea-la-campina\/comunidades-crea\/\",\"url\":\"https:\/\/www.crea.gov.co\/crea-la-campina\/comunidades-crea\/\",\"name\":\"ComunidadEs Crea - Crea La Campi\u00f1a\",\"isPartOf\":{\"@id\":\"https:\/\/www.crea.gov.co\/crea-la-campina\/#website\"},\"primaryImageOfPage\":{\"@id\":\"https:\/\/www.crea.gov.co\/crea-la-campina\/comunidades-crea\/#primaryimage\"},\"image\":{\"@id\":\"https:\/\/www.crea.gov.co\/crea-la-campina\/comunidades-crea\/#primaryimage\"},\"thumbnailUrl\":\"https:\/\/www.crea.gov.co\/crea-la-campina\/wp-content\/uploads\/sites\/4\/2025\/09\/2508_ComunidadES-crea.2-1-1-819x1024.png\",\"datePublished\":\"2025-09-25T18:08:18+00:00\",\"author\":{\"@id\":\"https:\/\/www.crea.gov.co\/crea-la-campina\/#\/schema\/person\/570c1f96b52595dfe578719f8aeaa2dc\"},\"breadcrumb\":{\"@id\":\"https:\/\/www.crea.gov.co\/crea-la-campina\/comunidades-crea\/#breadcrumb\"},\"inLanguage\":\"es-CO\",\"potentialAction\":[{\"@type\":\"ReadAction\",\"target\":[\"https:\/\/www.crea.gov.co\/crea-la-campina\/comunidades-crea\/\"]}]},{\"@type\":\"ImageObject\",\"inLanguage\":\"es-CO\",\"@id\":\"https:\/\/www.crea.gov.co\/crea-la-campina\/comunidades-crea\/#primaryimage\",\"url\":\"https:\/\/www.crea.gov.co\/crea-la-campina\/wp-content\/uploads\/sites\/4\/2025\/09\/2508_ComunidadES-crea.2-1-1.png\",\"contentUrl\":\"https:\/\/www.crea.gov.co\/crea-la-campina\/wp-content\/uploads\/sites\/4\/2025\/09\/2508_ComunidadES-crea.2-1-1.png\",\"width\":1080,\"height\":1350},{\"@type\":\"BreadcrumbList\",\"@id\":\"https:\/\/www.crea.gov.co\/crea-la-campina\/comunidades-crea\/#breadcrumb\",\"itemListElement\":[{\"@type\":\"ListItem\",\"position\":1,\"name\":\"Home\",\"item\":\"https:\/\/www.crea.gov.co\/crea-la-campina\/\"},{\"@type\":\"ListItem\",\"position\":2,\"name\":\"ComunidadEs Crea\"}]},{\"@type\":\"WebSite\",\"@id\":\"https:\/\/www.crea.gov.co\/crea-la-campina\/#website\",\"url\":\"https:\/\/www.crea.gov.co\/crea-la-campina\/\",\"name\":\"Crea La Campi\u00f1a\",\"description\":\"En este espacio, el arte se cruza con la vida de barrio. Entre conjuntos y parques, la comunidad se re\u00fane para aprender y crear, compartiendo saberes y experiencias que reflejan la cotidianidad de la zona. Aqu\u00ed, ni\u00f1as, ni\u00f1os, j\u00f3venes y adultos encuentran un lugar para expresarse y descubrir nuevas formas de mirar su entorno.\",\"potentialAction\":[{\"@type\":\"SearchAction\",\"target\":{\"@type\":\"EntryPoint\",\"urlTemplate\":\"https:\/\/www.crea.gov.co\/crea-la-campina\/?s={search_term_string}\"},\"query-input\":{\"@type\":\"PropertyValueSpecification\",\"valueRequired\":true,\"valueName\":\"search_term_string\"}}],\"inLanguage\":\"es-CO\"},{\"@type\":\"Person\",\"@id\":\"https:\/\/www.crea.gov.co\/crea-la-campina\/#\/schema\/person\/570c1f96b52595dfe578719f8aeaa2dc\",\"name\":\"crealacampina\",\"image\":{\"@type\":\"ImageObject\",\"inLanguage\":\"es-CO\",\"@id\":\"https:\/\/www.crea.gov.co\/crea-la-campina\/#\/schema\/person\/image\/\",\"url\":\"https:\/\/secure.gravatar.com\/avatar\/783cc153a7563a8e120cc3afb24eb62d?s=96&d=mm&r=g\",\"contentUrl\":\"https:\/\/secure.gravatar.com\/avatar\/783cc153a7563a8e120cc3afb24eb62d?s=96&d=mm&r=g\",\"caption\":\"crealacampina\"},\"url\":\"https:\/\/www.crea.gov.co\/crea-la-campina\/author\/crealacampina\/\"}]}<\/script>\n<!-- \/ Yoast SEO plugin. -->","yoast_head_json":{"title":"ComunidadEs Crea - Crea La Campi\u00f1a","robots":{"index":"index","follow":"follow","max-snippet":"max-snippet:-1","max-image-preview":"max-image-preview:large","max-video-preview":"max-video-preview:-1"},"canonical":"https:\/\/www.crea.gov.co\/crea-la-campina\/comunidades-crea\/","og_locale":"es_ES","og_type":"article","og_title":"ComunidadEs Crea - Crea La Campi\u00f1a","og_description":"El Crea La Campi\u00f1a te invita al evento ComunidadEs Crea, un espacio en el que el programa Crea abre sus puertas a todo el p\u00fablico y ser\u00e1 un momento dedicado a celebrar, reconocer y dar voz a las diversas expresiones art\u00edsticas que enriquecen nuestra comunidad. \ud83d\uddd3 Fecha: 27 de septiembre de 2025\ud83d\udd52 Hora: 9:00am &#8211; [&hellip;]","og_url":"https:\/\/www.crea.gov.co\/crea-la-campina\/comunidades-crea\/","og_site_name":"Crea La Campi\u00f1a","article_published_time":"2025-09-25T18:08:18+00:00","og_image":[{"width":819,"height":1024,"url":"https:\/\/www.crea.gov.co\/crea-la-campina\/wp-content\/uploads\/sites\/4\/2025\/09\/2508_ComunidadES-crea.2-1-1-819x1024.png","type":"image\/png"}],"author":"crealacampina","twitter_card":"summary_large_image","twitter_misc":{"Escrito por":"crealacampina","Tiempo de lectura":"1 minuto"},"schema":{"@context":"https:\/\/schema.org","@graph":[{"@type":"WebPage","@id":"https:\/\/www.crea.gov.co\/crea-la-campina\/comunidades-crea\/","url":"https:\/\/www.crea.gov.co\/crea-la-campina\/comunidades-crea\/","name":"ComunidadEs Crea - Crea La Campi\u00f1a","isPartOf":{"@id":"https:\/\/www.crea.gov.co\/crea-la-campina\/#website"},"primaryImageOfPage":{"@id":"https:\/\/www.crea.gov.co\/crea-la-campina\/comunidades-crea\/#primaryimage"},"image":{"@id":"https:\/\/www.crea.gov.co\/crea-la-campina\/comunidades-crea\/#primaryimage"},"thumbnailUrl":"https:\/\/www.crea.gov.co\/crea-la-campina\/wp-content\/uploads\/sites\/4\/2025\/09\/2508_ComunidadES-crea.2-1-1-819x1024.png","datePublished":"2025-09-25T18:08:18+00:00","author":{"@id":"https:\/\/www.crea.gov.co\/crea-la-campina\/#\/schema\/person\/570c1f96b52595dfe578719f8aeaa2dc"},"breadcrumb":{"@id":"https:\/\/www.crea.gov.co\/crea-la-campina\/comunidades-crea\/#breadcrumb"},"inLanguage":"es-CO","potentialAction":[{"@type":"ReadAction","target":["https:\/\/www.crea.gov.co\/crea-la-campina\/comunidades-crea\/"]}]},{"@type":"ImageObject","inLanguage":"es-CO","@id":"https:\/\/www.crea.gov.co\/crea-la-campina\/comunidades-crea\/#primaryimage","url":"https:\/\/www.crea.gov.co\/crea-la-campina\/wp-content\/uploads\/sites\/4\/2025\/09\/2508_ComunidadES-crea.2-1-1.png","contentUrl":"https:\/\/www.crea.gov.co\/crea-la-campina\/wp-content\/uploads\/sites\/4\/2025\/09\/2508_ComunidadES-crea.2-1-1.png","width":1080,"height":1350},{"@type":"BreadcrumbList","@id":"https:\/\/www.crea.gov.co\/crea-la-campina\/comunidades-crea\/#breadcrumb","itemListElement":[{"@type":"ListItem","position":1,"name":"Home","item":"https:\/\/www.crea.gov.co\/crea-la-campina\/"},{"@type":"ListItem","position":2,"name":"ComunidadEs Crea"}]},{"@type":"WebSite","@id":"https:\/\/www.crea.gov.co\/crea-la-campina\/#website","url":"https:\/\/www.crea.gov.co\/crea-la-campina\/","name":"Crea La Campi\u00f1a","description":"En este espacio, el arte se cruza con la vida de barrio. Entre conjuntos y parques, la comunidad se re\u00fane para aprender y crear, compartiendo saberes y experiencias que reflejan la cotidianidad de la zona. Aqu\u00ed, ni\u00f1as, ni\u00f1os, j\u00f3venes y adultos encuentran un lugar para expresarse y descubrir nuevas formas de mirar su entorno.","potentialAction":[{"@type":"SearchAction","target":{"@type":"EntryPoint","urlTemplate":"https:\/\/www.crea.gov.co\/crea-la-campina\/?s={search_term_string}"},"query-input":{"@type":"PropertyValueSpecification","valueRequired":true,"valueName":"search_term_string"}}],"inLanguage":"es-CO"},{"@type":"Person","@id":"https:\/\/www.crea.gov.co\/crea-la-campina\/#\/schema\/person\/570c1f96b52595dfe578719f8aeaa2dc","name":"crealacampina","image":{"@type":"ImageObject","inLanguage":"es-CO","@id":"https:\/\/www.crea.gov.co\/crea-la-campina\/#\/schema\/person\/image\/","url":"https:\/\/secure.gravatar.com\/avatar\/783cc153a7563a8e120cc3afb24eb62d?s=96&d=mm&r=g","contentUrl":"https:\/\/secure.gravatar.com\/avatar\/783cc153a7563a8e120cc3afb24eb62d?s=96&d=mm&r=g","caption":"crealacampina"},"url":"https:\/\/www.crea.gov.co\/crea-la-campina\/author\/crealacampina\/"}]}},"_links":{"self":[{"href":"https:\/\/www.crea.gov.co\/crea-la-campina\/wp-json\/wp\/v2\/posts\/1039","targetHints":{"allow":["GET"]}}],"collection":[{"href":"https:\/\/www.crea.gov.co\/crea-la-campina\/wp-json\/wp\/v2\/posts"}],"about":[{"href":"https:\/\/www.crea.gov.co\/crea-la-campina\/wp-json\/wp\/v2\/types\/post"}],"author":[{"embeddable":true,"href":"https:\/\/www.crea.gov.co\/crea-la-campina\/wp-json\/wp\/v2\/users\/82"}],"replies":[{"embeddable":true,"href":"https:\/\/www.crea.gov.co\/crea-la-campina\/wp-json\/wp\/v2\/comments?post=1039"}],"version-history":[{"count":1,"href":"https:\/\/www.crea.gov.co\/crea-la-campina\/wp-json\/wp\/v2\/posts\/1039\/revisions"}],"predecessor-version":[{"id":1043,"href":"https:\/\/www.crea.gov.co\/crea-la-campina\/wp-json\/wp\/v2\/posts\/1039\/revisions\/1043"}],"wp:attachment":[{"href":"https:\/\/www.crea.gov.co\/crea-la-campina\/wp-json\/wp\/v2\/media?parent=1039"}],"wp:term":[{"taxonomy":"category","embeddable":true,"href":"https:\/\/www.crea.gov.co\/crea-la-campina\/wp-json\/wp\/v2\/categories?post=1039"},{"taxonomy":"post_tag","embeddable":true,"href":"https:\/\/www.crea.gov.co\/crea-la-campina\/wp-json\/wp\/v2\/tags?post=1039"}],"curies":[{"name":"wp","href":"https:\/\/api.w.org\/{rel}","templated":true}]}}