{"id":1020,"date":"2025-08-13T21:05:25","date_gmt":"2025-08-13T21:05:25","guid":{"rendered":"https:\/\/www.crea.gov.co\/crea-la-campina\/?p=1020"},"modified":"2025-08-13T21:05:26","modified_gmt":"2025-08-13T21:05:26","slug":"el-grupo-constelacion-de-ausencias-se-presento-en-la-sala-ditirambo-galerias-en-el-marco-de-ecos-crea-ii-y-creadores-a-la-escena","status":"publish","type":"post","link":"https:\/\/www.crea.gov.co\/crea-la-campina\/el-grupo-constelacion-de-ausencias-se-presento-en-la-sala-ditirambo-galerias-en-el-marco-de-ecos-crea-ii-y-creadores-a-la-escena\/","title":{"rendered":"El grupo Constelaci\u00f3n de Ausencias se present\u00f3 en la Sala Ditirambo Galer\u00edas en el marco de Ecos CREA II y Creadores a la Escena"},"content":{"rendered":"\n<p>Constelaci\u00f3n de ausencias es un colectivo conformado por los procesos de formaci\u00f3n en teatro integrado por v\u00edctimas del conflicto armado colombiano y el estallido social. Algunos de sus integrantes fueron militantes del partido pol\u00edtico Uni\u00f3n Patri\u00f3tica y del Partido Comunista.<\/p>\n\n\n\n<p>El grupo es atendido desde el espacio de extensi\u00f3n de la Casa de la Memoria de la localidad de Suba y pertenece al Crea La Campi\u00f1a de la l\u00ednea Arte y Salud del \u00e1rea de teatro del programa Crea.<\/p>\n\n\n\n<p>El pasado 29 de julio presentaron en el teatro Ditirambo la obra, <em>La pantalla perfecta para los sofistas,<\/em> una propuesta esc\u00e9nica que invita a reflexionar sobre los dolores colectivos de nuestro pa\u00eds, y nos convoca a reconstruir la memoria, resignificar el pasado y alzar las voces de quienes ya no est\u00e1n.<\/p>\n\n\n\n<figure class=\"wp-block-image size-large\"><img loading=\"lazy\" decoding=\"async\" width=\"1024\" height=\"684\" src=\"https:\/\/www.crea.gov.co\/crea-la-campina\/wp-content\/uploads\/sites\/4\/2025\/08\/DSC_7886-1024x684.jpg\" alt=\"\" class=\"wp-image-1022\" srcset=\"https:\/\/www.crea.gov.co\/crea-la-campina\/wp-content\/uploads\/sites\/4\/2025\/08\/DSC_7886-1024x684.jpg 1024w, https:\/\/www.crea.gov.co\/crea-la-campina\/wp-content\/uploads\/sites\/4\/2025\/08\/DSC_7886-300x201.jpg 300w, https:\/\/www.crea.gov.co\/crea-la-campina\/wp-content\/uploads\/sites\/4\/2025\/08\/DSC_7886-768x513.jpg 768w, https:\/\/www.crea.gov.co\/crea-la-campina\/wp-content\/uploads\/sites\/4\/2025\/08\/DSC_7886-1536x1027.jpg 1536w, https:\/\/www.crea.gov.co\/crea-la-campina\/wp-content\/uploads\/sites\/4\/2025\/08\/DSC_7886-2048x1369.jpg 2048w\" sizes=\"auto, (max-width: 1024px) 100vw, 1024px\" \/><\/figure>\n\n\n\n<p>\u201cA muchos nos mataron porque era un delito tener una ideolog\u00eda\u201d, coment\u00f3 uno de sus participantes.<\/p>\n\n\n\n<p>La experiencia fue electrizante, no solo por la calidad art\u00edstica, sino por la carga emocional que se respiraba en cada escena. Para muchos asistentes fue profundamente conmovedor presenciar esta obra liderada por la artista formadora Ivonne Ch\u00e1vez, quien, junto con sus participantes, logra convertir el dolor en creaci\u00f3n, y la memoria en resistencia.<\/p>\n\n\n\n<p>Es profundamente valioso ver c\u00f3mo, a trav\u00e9s del teatro, estos participantes \u2014marcados por la p\u00e9rdida, el exilio y la violencia\u2014 levantan su voz para no dejarse borrar, para enfrentarse al olvido. Cada propuesta creativa que surge de este grupo no solo es una manifestaci\u00f3n art\u00edstica, sino un acto de justicia simb\u00f3lica: una forma de reclamar su lugar en la historia y de sanar, colectivamente, lo que el pa\u00eds a\u00fan no ha terminado de llorar.<\/p>\n\n\n<div class=\"wp-block-image\">\n<figure class=\"alignleft size-large\"><img loading=\"lazy\" decoding=\"async\" width=\"1024\" height=\"625\" src=\"https:\/\/www.crea.gov.co\/crea-la-campina\/wp-content\/uploads\/sites\/4\/2025\/08\/DSC_7923-1024x625.jpg\" alt=\"\" class=\"wp-image-1021\" srcset=\"https:\/\/www.crea.gov.co\/crea-la-campina\/wp-content\/uploads\/sites\/4\/2025\/08\/DSC_7923-1024x625.jpg 1024w, https:\/\/www.crea.gov.co\/crea-la-campina\/wp-content\/uploads\/sites\/4\/2025\/08\/DSC_7923-300x183.jpg 300w, https:\/\/www.crea.gov.co\/crea-la-campina\/wp-content\/uploads\/sites\/4\/2025\/08\/DSC_7923-768x469.jpg 768w, https:\/\/www.crea.gov.co\/crea-la-campina\/wp-content\/uploads\/sites\/4\/2025\/08\/DSC_7923-1536x937.jpg 1536w, https:\/\/www.crea.gov.co\/crea-la-campina\/wp-content\/uploads\/sites\/4\/2025\/08\/DSC_7923-2048x1250.jpg 2048w\" sizes=\"auto, (max-width: 1024px) 100vw, 1024px\" \/><\/figure><\/div>","protected":false},"excerpt":{"rendered":"<p>Constelaci\u00f3n de ausencias es un colectivo conformado por los procesos de formaci\u00f3n en teatro integrado por v\u00edctimas del conflicto armado colombiano y el estallido social. Algunos de sus integrantes fueron militantes del partido pol\u00edtico Uni\u00f3n Patri\u00f3tica y del Partido Comunista. El grupo es atendido desde el espacio de extensi\u00f3n de la Casa de la Memoria [&hellip;]<\/p>\n","protected":false},"author":82,"featured_media":0,"comment_status":"open","ping_status":"open","sticky":false,"template":"","format":"standard","meta":{"footnotes":""},"categories":[1],"tags":[],"class_list":["post-1020","post","type-post","status-publish","format-standard","hentry","category-sin-categoria"],"yoast_head":"<!-- This site is optimized with the Yoast SEO plugin v24.5 - https:\/\/yoast.com\/wordpress\/plugins\/seo\/ -->\n<title>El grupo Constelaci\u00f3n de Ausencias se present\u00f3 en la Sala Ditirambo Galer\u00edas en el marco de Ecos CREA II y Creadores a la Escena - Crea La Campi\u00f1a<\/title>\n<meta name=\"robots\" content=\"index, follow, max-snippet:-1, max-image-preview:large, max-video-preview:-1\" \/>\n<link rel=\"canonical\" href=\"https:\/\/www.crea.gov.co\/crea-la-campina\/el-grupo-constelacion-de-ausencias-se-presento-en-la-sala-ditirambo-galerias-en-el-marco-de-ecos-crea-ii-y-creadores-a-la-escena\/\" \/>\n<meta property=\"og:locale\" content=\"es_ES\" \/>\n<meta property=\"og:type\" content=\"article\" \/>\n<meta property=\"og:title\" content=\"El grupo Constelaci\u00f3n de Ausencias se present\u00f3 en la Sala Ditirambo Galer\u00edas en el marco de Ecos CREA II y Creadores a la Escena - Crea La Campi\u00f1a\" \/>\n<meta property=\"og:description\" content=\"Constelaci\u00f3n de ausencias es un colectivo conformado por los procesos de formaci\u00f3n en teatro integrado por v\u00edctimas del conflicto armado colombiano y el estallido social. Algunos de sus integrantes fueron militantes del partido pol\u00edtico Uni\u00f3n Patri\u00f3tica y del Partido Comunista. El grupo es atendido desde el espacio de extensi\u00f3n de la Casa de la Memoria [&hellip;]\" \/>\n<meta property=\"og:url\" content=\"https:\/\/www.crea.gov.co\/crea-la-campina\/el-grupo-constelacion-de-ausencias-se-presento-en-la-sala-ditirambo-galerias-en-el-marco-de-ecos-crea-ii-y-creadores-a-la-escena\/\" \/>\n<meta property=\"og:site_name\" content=\"Crea La Campi\u00f1a\" \/>\n<meta property=\"article:published_time\" content=\"2025-08-13T21:05:25+00:00\" \/>\n<meta property=\"article:modified_time\" content=\"2025-08-13T21:05:26+00:00\" \/>\n<meta property=\"og:image\" content=\"https:\/\/www.crea.gov.co\/crea-la-campina\/wp-content\/uploads\/sites\/4\/2025\/08\/DSC_7886-scaled.jpg\" \/>\n\t<meta property=\"og:image:width\" content=\"2560\" \/>\n\t<meta property=\"og:image:height\" content=\"1711\" \/>\n\t<meta property=\"og:image:type\" content=\"image\/jpeg\" \/>\n<meta name=\"author\" content=\"crealacampina\" \/>\n<meta name=\"twitter:card\" content=\"summary_large_image\" \/>\n<meta name=\"twitter:label1\" content=\"Escrito por\" \/>\n\t<meta name=\"twitter:data1\" content=\"crealacampina\" \/>\n\t<meta name=\"twitter:label2\" content=\"Tiempo de lectura\" \/>\n\t<meta name=\"twitter:data2\" content=\"2 minutos\" \/>\n<script type=\"application\/ld+json\" class=\"yoast-schema-graph\">{\"@context\":\"https:\/\/schema.org\",\"@graph\":[{\"@type\":\"WebPage\",\"@id\":\"https:\/\/www.crea.gov.co\/crea-la-campina\/el-grupo-constelacion-de-ausencias-se-presento-en-la-sala-ditirambo-galerias-en-el-marco-de-ecos-crea-ii-y-creadores-a-la-escena\/\",\"url\":\"https:\/\/www.crea.gov.co\/crea-la-campina\/el-grupo-constelacion-de-ausencias-se-presento-en-la-sala-ditirambo-galerias-en-el-marco-de-ecos-crea-ii-y-creadores-a-la-escena\/\",\"name\":\"El grupo Constelaci\u00f3n de Ausencias se present\u00f3 en la Sala Ditirambo Galer\u00edas en el marco de Ecos CREA II y Creadores a la Escena - Crea La Campi\u00f1a\",\"isPartOf\":{\"@id\":\"https:\/\/www.crea.gov.co\/crea-la-campina\/#website\"},\"primaryImageOfPage\":{\"@id\":\"https:\/\/www.crea.gov.co\/crea-la-campina\/el-grupo-constelacion-de-ausencias-se-presento-en-la-sala-ditirambo-galerias-en-el-marco-de-ecos-crea-ii-y-creadores-a-la-escena\/#primaryimage\"},\"image\":{\"@id\":\"https:\/\/www.crea.gov.co\/crea-la-campina\/el-grupo-constelacion-de-ausencias-se-presento-en-la-sala-ditirambo-galerias-en-el-marco-de-ecos-crea-ii-y-creadores-a-la-escena\/#primaryimage\"},\"thumbnailUrl\":\"https:\/\/www.crea.gov.co\/crea-la-campina\/wp-content\/uploads\/sites\/4\/2025\/08\/DSC_7886-1024x684.jpg\",\"datePublished\":\"2025-08-13T21:05:25+00:00\",\"dateModified\":\"2025-08-13T21:05:26+00:00\",\"author\":{\"@id\":\"https:\/\/www.crea.gov.co\/crea-la-campina\/#\/schema\/person\/570c1f96b52595dfe578719f8aeaa2dc\"},\"breadcrumb\":{\"@id\":\"https:\/\/www.crea.gov.co\/crea-la-campina\/el-grupo-constelacion-de-ausencias-se-presento-en-la-sala-ditirambo-galerias-en-el-marco-de-ecos-crea-ii-y-creadores-a-la-escena\/#breadcrumb\"},\"inLanguage\":\"es-CO\",\"potentialAction\":[{\"@type\":\"ReadAction\",\"target\":[\"https:\/\/www.crea.gov.co\/crea-la-campina\/el-grupo-constelacion-de-ausencias-se-presento-en-la-sala-ditirambo-galerias-en-el-marco-de-ecos-crea-ii-y-creadores-a-la-escena\/\"]}]},{\"@type\":\"ImageObject\",\"inLanguage\":\"es-CO\",\"@id\":\"https:\/\/www.crea.gov.co\/crea-la-campina\/el-grupo-constelacion-de-ausencias-se-presento-en-la-sala-ditirambo-galerias-en-el-marco-de-ecos-crea-ii-y-creadores-a-la-escena\/#primaryimage\",\"url\":\"https:\/\/www.crea.gov.co\/crea-la-campina\/wp-content\/uploads\/sites\/4\/2025\/08\/DSC_7886-scaled.jpg\",\"contentUrl\":\"https:\/\/www.crea.gov.co\/crea-la-campina\/wp-content\/uploads\/sites\/4\/2025\/08\/DSC_7886-scaled.jpg\",\"width\":2560,\"height\":1711},{\"@type\":\"BreadcrumbList\",\"@id\":\"https:\/\/www.crea.gov.co\/crea-la-campina\/el-grupo-constelacion-de-ausencias-se-presento-en-la-sala-ditirambo-galerias-en-el-marco-de-ecos-crea-ii-y-creadores-a-la-escena\/#breadcrumb\",\"itemListElement\":[{\"@type\":\"ListItem\",\"position\":1,\"name\":\"Home\",\"item\":\"https:\/\/www.crea.gov.co\/crea-la-campina\/\"},{\"@type\":\"ListItem\",\"position\":2,\"name\":\"El grupo Constelaci\u00f3n de Ausencias se present\u00f3 en la Sala Ditirambo Galer\u00edas en el marco de Ecos CREA II y Creadores a la Escena\"}]},{\"@type\":\"WebSite\",\"@id\":\"https:\/\/www.crea.gov.co\/crea-la-campina\/#website\",\"url\":\"https:\/\/www.crea.gov.co\/crea-la-campina\/\",\"name\":\"Crea La Campi\u00f1a\",\"description\":\"En este espacio, el arte se cruza con la vida de barrio. Entre conjuntos y parques, la comunidad se re\u00fane para aprender y crear, compartiendo saberes y experiencias que reflejan la cotidianidad de la zona. Aqu\u00ed, ni\u00f1as, ni\u00f1os, j\u00f3venes y adultos encuentran un lugar para expresarse y descubrir nuevas formas de mirar su entorno.\",\"potentialAction\":[{\"@type\":\"SearchAction\",\"target\":{\"@type\":\"EntryPoint\",\"urlTemplate\":\"https:\/\/www.crea.gov.co\/crea-la-campina\/?s={search_term_string}\"},\"query-input\":{\"@type\":\"PropertyValueSpecification\",\"valueRequired\":true,\"valueName\":\"search_term_string\"}}],\"inLanguage\":\"es-CO\"},{\"@type\":\"Person\",\"@id\":\"https:\/\/www.crea.gov.co\/crea-la-campina\/#\/schema\/person\/570c1f96b52595dfe578719f8aeaa2dc\",\"name\":\"crealacampina\",\"image\":{\"@type\":\"ImageObject\",\"inLanguage\":\"es-CO\",\"@id\":\"https:\/\/www.crea.gov.co\/crea-la-campina\/#\/schema\/person\/image\/\",\"url\":\"https:\/\/secure.gravatar.com\/avatar\/783cc153a7563a8e120cc3afb24eb62d?s=96&d=mm&r=g\",\"contentUrl\":\"https:\/\/secure.gravatar.com\/avatar\/783cc153a7563a8e120cc3afb24eb62d?s=96&d=mm&r=g\",\"caption\":\"crealacampina\"},\"url\":\"https:\/\/www.crea.gov.co\/crea-la-campina\/author\/crealacampina\/\"}]}<\/script>\n<!-- \/ Yoast SEO plugin. -->","yoast_head_json":{"title":"El grupo Constelaci\u00f3n de Ausencias se present\u00f3 en la Sala Ditirambo Galer\u00edas en el marco de Ecos CREA II y Creadores a la Escena - Crea La Campi\u00f1a","robots":{"index":"index","follow":"follow","max-snippet":"max-snippet:-1","max-image-preview":"max-image-preview:large","max-video-preview":"max-video-preview:-1"},"canonical":"https:\/\/www.crea.gov.co\/crea-la-campina\/el-grupo-constelacion-de-ausencias-se-presento-en-la-sala-ditirambo-galerias-en-el-marco-de-ecos-crea-ii-y-creadores-a-la-escena\/","og_locale":"es_ES","og_type":"article","og_title":"El grupo Constelaci\u00f3n de Ausencias se present\u00f3 en la Sala Ditirambo Galer\u00edas en el marco de Ecos CREA II y Creadores a la Escena - Crea La Campi\u00f1a","og_description":"Constelaci\u00f3n de ausencias es un colectivo conformado por los procesos de formaci\u00f3n en teatro integrado por v\u00edctimas del conflicto armado colombiano y el estallido social. Algunos de sus integrantes fueron militantes del partido pol\u00edtico Uni\u00f3n Patri\u00f3tica y del Partido Comunista. El grupo es atendido desde el espacio de extensi\u00f3n de la Casa de la Memoria [&hellip;]","og_url":"https:\/\/www.crea.gov.co\/crea-la-campina\/el-grupo-constelacion-de-ausencias-se-presento-en-la-sala-ditirambo-galerias-en-el-marco-de-ecos-crea-ii-y-creadores-a-la-escena\/","og_site_name":"Crea La Campi\u00f1a","article_published_time":"2025-08-13T21:05:25+00:00","article_modified_time":"2025-08-13T21:05:26+00:00","og_image":[{"width":2560,"height":1711,"url":"https:\/\/www.crea.gov.co\/crea-la-campina\/wp-content\/uploads\/sites\/4\/2025\/08\/DSC_7886-scaled.jpg","type":"image\/jpeg"}],"author":"crealacampina","twitter_card":"summary_large_image","twitter_misc":{"Escrito por":"crealacampina","Tiempo de lectura":"2 minutos"},"schema":{"@context":"https:\/\/schema.org","@graph":[{"@type":"WebPage","@id":"https:\/\/www.crea.gov.co\/crea-la-campina\/el-grupo-constelacion-de-ausencias-se-presento-en-la-sala-ditirambo-galerias-en-el-marco-de-ecos-crea-ii-y-creadores-a-la-escena\/","url":"https:\/\/www.crea.gov.co\/crea-la-campina\/el-grupo-constelacion-de-ausencias-se-presento-en-la-sala-ditirambo-galerias-en-el-marco-de-ecos-crea-ii-y-creadores-a-la-escena\/","name":"El grupo Constelaci\u00f3n de Ausencias se present\u00f3 en la Sala Ditirambo Galer\u00edas en el marco de Ecos CREA II y Creadores a la Escena - Crea La Campi\u00f1a","isPartOf":{"@id":"https:\/\/www.crea.gov.co\/crea-la-campina\/#website"},"primaryImageOfPage":{"@id":"https:\/\/www.crea.gov.co\/crea-la-campina\/el-grupo-constelacion-de-ausencias-se-presento-en-la-sala-ditirambo-galerias-en-el-marco-de-ecos-crea-ii-y-creadores-a-la-escena\/#primaryimage"},"image":{"@id":"https:\/\/www.crea.gov.co\/crea-la-campina\/el-grupo-constelacion-de-ausencias-se-presento-en-la-sala-ditirambo-galerias-en-el-marco-de-ecos-crea-ii-y-creadores-a-la-escena\/#primaryimage"},"thumbnailUrl":"https:\/\/www.crea.gov.co\/crea-la-campina\/wp-content\/uploads\/sites\/4\/2025\/08\/DSC_7886-1024x684.jpg","datePublished":"2025-08-13T21:05:25+00:00","dateModified":"2025-08-13T21:05:26+00:00","author":{"@id":"https:\/\/www.crea.gov.co\/crea-la-campina\/#\/schema\/person\/570c1f96b52595dfe578719f8aeaa2dc"},"breadcrumb":{"@id":"https:\/\/www.crea.gov.co\/crea-la-campina\/el-grupo-constelacion-de-ausencias-se-presento-en-la-sala-ditirambo-galerias-en-el-marco-de-ecos-crea-ii-y-creadores-a-la-escena\/#breadcrumb"},"inLanguage":"es-CO","potentialAction":[{"@type":"ReadAction","target":["https:\/\/www.crea.gov.co\/crea-la-campina\/el-grupo-constelacion-de-ausencias-se-presento-en-la-sala-ditirambo-galerias-en-el-marco-de-ecos-crea-ii-y-creadores-a-la-escena\/"]}]},{"@type":"ImageObject","inLanguage":"es-CO","@id":"https:\/\/www.crea.gov.co\/crea-la-campina\/el-grupo-constelacion-de-ausencias-se-presento-en-la-sala-ditirambo-galerias-en-el-marco-de-ecos-crea-ii-y-creadores-a-la-escena\/#primaryimage","url":"https:\/\/www.crea.gov.co\/crea-la-campina\/wp-content\/uploads\/sites\/4\/2025\/08\/DSC_7886-scaled.jpg","contentUrl":"https:\/\/www.crea.gov.co\/crea-la-campina\/wp-content\/uploads\/sites\/4\/2025\/08\/DSC_7886-scaled.jpg","width":2560,"height":1711},{"@type":"BreadcrumbList","@id":"https:\/\/www.crea.gov.co\/crea-la-campina\/el-grupo-constelacion-de-ausencias-se-presento-en-la-sala-ditirambo-galerias-en-el-marco-de-ecos-crea-ii-y-creadores-a-la-escena\/#breadcrumb","itemListElement":[{"@type":"ListItem","position":1,"name":"Home","item":"https:\/\/www.crea.gov.co\/crea-la-campina\/"},{"@type":"ListItem","position":2,"name":"El grupo Constelaci\u00f3n de Ausencias se present\u00f3 en la Sala Ditirambo Galer\u00edas en el marco de Ecos CREA II y Creadores a la Escena"}]},{"@type":"WebSite","@id":"https:\/\/www.crea.gov.co\/crea-la-campina\/#website","url":"https:\/\/www.crea.gov.co\/crea-la-campina\/","name":"Crea La Campi\u00f1a","description":"En este espacio, el arte se cruza con la vida de barrio. Entre conjuntos y parques, la comunidad se re\u00fane para aprender y crear, compartiendo saberes y experiencias que reflejan la cotidianidad de la zona. Aqu\u00ed, ni\u00f1as, ni\u00f1os, j\u00f3venes y adultos encuentran un lugar para expresarse y descubrir nuevas formas de mirar su entorno.","potentialAction":[{"@type":"SearchAction","target":{"@type":"EntryPoint","urlTemplate":"https:\/\/www.crea.gov.co\/crea-la-campina\/?s={search_term_string}"},"query-input":{"@type":"PropertyValueSpecification","valueRequired":true,"valueName":"search_term_string"}}],"inLanguage":"es-CO"},{"@type":"Person","@id":"https:\/\/www.crea.gov.co\/crea-la-campina\/#\/schema\/person\/570c1f96b52595dfe578719f8aeaa2dc","name":"crealacampina","image":{"@type":"ImageObject","inLanguage":"es-CO","@id":"https:\/\/www.crea.gov.co\/crea-la-campina\/#\/schema\/person\/image\/","url":"https:\/\/secure.gravatar.com\/avatar\/783cc153a7563a8e120cc3afb24eb62d?s=96&d=mm&r=g","contentUrl":"https:\/\/secure.gravatar.com\/avatar\/783cc153a7563a8e120cc3afb24eb62d?s=96&d=mm&r=g","caption":"crealacampina"},"url":"https:\/\/www.crea.gov.co\/crea-la-campina\/author\/crealacampina\/"}]}},"_links":{"self":[{"href":"https:\/\/www.crea.gov.co\/crea-la-campina\/wp-json\/wp\/v2\/posts\/1020","targetHints":{"allow":["GET"]}}],"collection":[{"href":"https:\/\/www.crea.gov.co\/crea-la-campina\/wp-json\/wp\/v2\/posts"}],"about":[{"href":"https:\/\/www.crea.gov.co\/crea-la-campina\/wp-json\/wp\/v2\/types\/post"}],"author":[{"embeddable":true,"href":"https:\/\/www.crea.gov.co\/crea-la-campina\/wp-json\/wp\/v2\/users\/82"}],"replies":[{"embeddable":true,"href":"https:\/\/www.crea.gov.co\/crea-la-campina\/wp-json\/wp\/v2\/comments?post=1020"}],"version-history":[{"count":1,"href":"https:\/\/www.crea.gov.co\/crea-la-campina\/wp-json\/wp\/v2\/posts\/1020\/revisions"}],"predecessor-version":[{"id":1023,"href":"https:\/\/www.crea.gov.co\/crea-la-campina\/wp-json\/wp\/v2\/posts\/1020\/revisions\/1023"}],"wp:attachment":[{"href":"https:\/\/www.crea.gov.co\/crea-la-campina\/wp-json\/wp\/v2\/media?parent=1020"}],"wp:term":[{"taxonomy":"category","embeddable":true,"href":"https:\/\/www.crea.gov.co\/crea-la-campina\/wp-json\/wp\/v2\/categories?post=1020"},{"taxonomy":"post_tag","embeddable":true,"href":"https:\/\/www.crea.gov.co\/crea-la-campina\/wp-json\/wp\/v2\/tags?post=1020"}],"curies":[{"name":"wp","href":"https:\/\/api.w.org\/{rel}","templated":true}]}}