{"id":775,"date":"2026-02-27T22:05:05","date_gmt":"2026-02-27T22:05:05","guid":{"rendered":"https:\/\/www.crea.gov.co\/crea-gustavo-restrepo\/?p=775"},"modified":"2026-02-27T22:08:50","modified_gmt":"2026-02-27T22:08:50","slug":"%f0%9f%8e%89%e2%9c%a8-atencion-atencion-comunidad-creativa-%e2%9c%a8%f0%9f%8e%89","status":"publish","type":"post","link":"https:\/\/www.crea.gov.co\/crea-gustavo-restrepo\/%f0%9f%8e%89%e2%9c%a8-atencion-atencion-comunidad-creativa-%e2%9c%a8%f0%9f%8e%89\/","title":{"rendered":"\ud83c\udf89\u2728 \u00a1Atenci\u00f3n, atenci\u00f3n comunidad creativa! \u2728\ud83c\udf89"},"content":{"rendered":"\n<p>En el Crea Gustavo Restrepo abrimos nuestras puertas para que <strong>todas y todos desde los 6 a\u00f1os\u2026 y sin l\u00edmite de edad<\/strong> se sumen a esta gran aventura art\u00edstica \ud83d\ude80\ud83c\udfa8<\/p>\n\n\n\n<p>S\u00ed, le\u00edste bien\u2026<br>\ud83d\udc67\ud83c\udffd Desde los 6 a\u00f1os<br>\ud83d\udc75\ud83c\udffd Sin l\u00edmite de edad<br>\ud83d\udc9b Con todas las ganas de crear<\/p>\n\n\n\n<p>Tenemos talleres para todos los gustos:<\/p>\n\n\n\n<p>\ud83d\udc83 <strong>Danza<\/strong> \u2013 \u00a1A mover el cuerpo y el coraz\u00f3n!<br>\ud83c\udfb6 <strong>M\u00fasica<\/strong> \u2013 Ritmo, instrumentos y mucha energ\u00eda.<br>\ud83c\udfad <strong>Teatro<\/strong> \u2013 Para re\u00edr, imaginar y contar historias.<br>\ud83c\udfac <strong>Audiovisuales<\/strong> \u2013 Luces, c\u00e1mara\u2026 \u00a1creaci\u00f3n!<br>\ud83d\udcbb <strong>Creaci\u00f3n digital<\/strong> \u2013 Arte y tecnolog\u00eda en acci\u00f3n.<br>\ud83c\udfa8 <strong>Artes pl\u00e1sticas<\/strong> \u2013 Pintar, dibujar y transformar el mundo con colores.<br>\ud83d\udcda <strong>Literatura<\/strong> \u2013 Palabras que vuelan, historias que inspiran.<\/p>\n\n\n\n<p>Aqu\u00ed no importa si nunca lo has intentado o si ya tienes experiencia\u2026<br>\u2728 Lo \u00fanico que necesitas son ganas de aprender, explorar y divertirte.<\/p>\n\n\n\n<p>Ven con tu familia, invita a tus amigos, trae a tu abuela, a tu primo, al vecino\u2026 \u00a1el arte es para todos! \ud83c\udf8a<\/p>\n\n\n\n<p>\ud83d\udd25 Inscripciones abiertas.<br>\ud83c\udfa8 Cupos limitados.<br>\ud83d\udcab Talento ilimitado.<\/p>\n\n\n\n<p>\u00bfTe vas a quedar mirando\u2026 o vas a crear con nosotros? \ud83d\ude09<\/p>\n\n\n\n<figure class=\"wp-block-image size-large\"><img loading=\"lazy\" decoding=\"async\" width=\"819\" height=\"1024\" src=\"https:\/\/www.crea.gov.co\/crea-gustavo-restrepo\/wp-content\/uploads\/sites\/15\/2026\/02\/Pieza-Talleres-CREA-RetroFutur-1-1-819x1024.png\" alt=\"\" class=\"wp-image-776\" srcset=\"https:\/\/www.crea.gov.co\/crea-gustavo-restrepo\/wp-content\/uploads\/sites\/15\/2026\/02\/Pieza-Talleres-CREA-RetroFutur-1-1-819x1024.png 819w, https:\/\/www.crea.gov.co\/crea-gustavo-restrepo\/wp-content\/uploads\/sites\/15\/2026\/02\/Pieza-Talleres-CREA-RetroFutur-1-1-240x300.png 240w, https:\/\/www.crea.gov.co\/crea-gustavo-restrepo\/wp-content\/uploads\/sites\/15\/2026\/02\/Pieza-Talleres-CREA-RetroFutur-1-1-768x960.png 768w, https:\/\/www.crea.gov.co\/crea-gustavo-restrepo\/wp-content\/uploads\/sites\/15\/2026\/02\/Pieza-Talleres-CREA-RetroFutur-1-1-1229x1536.png 1229w, https:\/\/www.crea.gov.co\/crea-gustavo-restrepo\/wp-content\/uploads\/sites\/15\/2026\/02\/Pieza-Talleres-CREA-RetroFutur-1-1-1638x2048.png 1638w\" sizes=\"auto, (max-width: 819px) 100vw, 819px\" \/><\/figure>\n\n\n\n<p><\/p>\n","protected":false},"excerpt":{"rendered":"<p>En el Crea Gustavo Restrepo abrimos nuestras puertas para que todas y todos desde los 6 a\u00f1os\u2026 y sin l\u00edmite de edad se sumen a esta gran aventura art\u00edstica \ud83d\ude80\ud83c\udfa8 S\u00ed, le\u00edste bien\u2026\ud83d\udc67\ud83c\udffd Desde los 6 a\u00f1os\ud83d\udc75\ud83c\udffd Sin l\u00edmite de edad\ud83d\udc9b Con todas las ganas de crear Tenemos talleres para todos los gustos: \ud83d\udc83 Danza [&hellip;]<\/p>\n","protected":false},"author":93,"featured_media":0,"comment_status":"open","ping_status":"open","sticky":false,"template":"","format":"standard","meta":{"footnotes":""},"categories":[1],"tags":[],"class_list":["post-775","post","type-post","status-publish","format-standard","hentry","category-sin-categoria"],"yoast_head":"<!-- This site is optimized with the Yoast SEO plugin v24.5 - https:\/\/yoast.com\/wordpress\/plugins\/seo\/ -->\n<title>\ud83c\udf89\u2728 \u00a1Atenci\u00f3n, atenci\u00f3n comunidad creativa! \u2728\ud83c\udf89 - Crea Gustavo Restrepo<\/title>\n<meta name=\"robots\" content=\"index, follow, max-snippet:-1, max-image-preview:large, max-video-preview:-1\" \/>\n<link rel=\"canonical\" href=\"https:\/\/www.crea.gov.co\/crea-gustavo-restrepo\/\ud83c\udf89\u2728-atencion-atencion-comunidad-creativa-\u2728\ud83c\udf89\/\" \/>\n<meta property=\"og:locale\" content=\"es_ES\" \/>\n<meta property=\"og:type\" content=\"article\" \/>\n<meta property=\"og:title\" content=\"\ud83c\udf89\u2728 \u00a1Atenci\u00f3n, atenci\u00f3n comunidad creativa! \u2728\ud83c\udf89 - Crea Gustavo Restrepo\" \/>\n<meta property=\"og:description\" content=\"En el Crea Gustavo Restrepo abrimos nuestras puertas para que todas y todos desde los 6 a\u00f1os\u2026 y sin l\u00edmite de edad se sumen a esta gran aventura art\u00edstica \ud83d\ude80\ud83c\udfa8 S\u00ed, le\u00edste bien\u2026\ud83d\udc67\ud83c\udffd Desde los 6 a\u00f1os\ud83d\udc75\ud83c\udffd Sin l\u00edmite de edad\ud83d\udc9b Con todas las ganas de crear Tenemos talleres para todos los gustos: \ud83d\udc83 Danza [&hellip;]\" \/>\n<meta property=\"og:url\" content=\"https:\/\/www.crea.gov.co\/crea-gustavo-restrepo\/\ud83c\udf89\u2728-atencion-atencion-comunidad-creativa-\u2728\ud83c\udf89\/\" \/>\n<meta property=\"og:site_name\" content=\"Crea Gustavo Restrepo\" \/>\n<meta property=\"article:published_time\" content=\"2026-02-27T22:05:05+00:00\" \/>\n<meta property=\"article:modified_time\" content=\"2026-02-27T22:08:50+00:00\" \/>\n<meta property=\"og:image\" content=\"https:\/\/www.crea.gov.co\/crea-gustavo-restrepo\/wp-content\/uploads\/sites\/15\/2026\/02\/Pieza-Talleres-CREA-RetroFutur-1-1-819x1024.png\" \/>\n\t<meta property=\"og:image:width\" content=\"819\" \/>\n\t<meta property=\"og:image:height\" content=\"1024\" \/>\n\t<meta property=\"og:image:type\" content=\"image\/png\" \/>\n<meta name=\"author\" content=\"creagustavorestrepo\" \/>\n<meta name=\"twitter:card\" content=\"summary_large_image\" \/>\n<meta name=\"twitter:label1\" content=\"Escrito por\" \/>\n\t<meta name=\"twitter:data1\" content=\"creagustavorestrepo\" \/>\n\t<meta name=\"twitter:label2\" content=\"Tiempo de lectura\" \/>\n\t<meta name=\"twitter:data2\" content=\"2 minutos\" \/>\n<script type=\"application\/ld+json\" class=\"yoast-schema-graph\">{\"@context\":\"https:\/\/schema.org\",\"@graph\":[{\"@type\":\"WebPage\",\"@id\":\"https:\/\/www.crea.gov.co\/crea-gustavo-restrepo\/%f0%9f%8e%89%e2%9c%a8-atencion-atencion-comunidad-creativa-%e2%9c%a8%f0%9f%8e%89\/\",\"url\":\"https:\/\/www.crea.gov.co\/crea-gustavo-restrepo\/%f0%9f%8e%89%e2%9c%a8-atencion-atencion-comunidad-creativa-%e2%9c%a8%f0%9f%8e%89\/\",\"name\":\"\ud83c\udf89\u2728 \u00a1Atenci\u00f3n, atenci\u00f3n comunidad creativa! \u2728\ud83c\udf89 - Crea Gustavo Restrepo\",\"isPartOf\":{\"@id\":\"https:\/\/www.crea.gov.co\/crea-gustavo-restrepo\/#website\"},\"primaryImageOfPage\":{\"@id\":\"https:\/\/www.crea.gov.co\/crea-gustavo-restrepo\/%f0%9f%8e%89%e2%9c%a8-atencion-atencion-comunidad-creativa-%e2%9c%a8%f0%9f%8e%89\/#primaryimage\"},\"image\":{\"@id\":\"https:\/\/www.crea.gov.co\/crea-gustavo-restrepo\/%f0%9f%8e%89%e2%9c%a8-atencion-atencion-comunidad-creativa-%e2%9c%a8%f0%9f%8e%89\/#primaryimage\"},\"thumbnailUrl\":\"https:\/\/www.crea.gov.co\/crea-gustavo-restrepo\/wp-content\/uploads\/sites\/15\/2026\/02\/Pieza-Talleres-CREA-RetroFutur-1-1-819x1024.png\",\"datePublished\":\"2026-02-27T22:05:05+00:00\",\"dateModified\":\"2026-02-27T22:08:50+00:00\",\"author\":{\"@id\":\"https:\/\/www.crea.gov.co\/crea-gustavo-restrepo\/#\/schema\/person\/d35bcea4c4942c7b4e70ddf8c28b0f62\"},\"breadcrumb\":{\"@id\":\"https:\/\/www.crea.gov.co\/crea-gustavo-restrepo\/%f0%9f%8e%89%e2%9c%a8-atencion-atencion-comunidad-creativa-%e2%9c%a8%f0%9f%8e%89\/#breadcrumb\"},\"inLanguage\":\"es-CO\",\"potentialAction\":[{\"@type\":\"ReadAction\",\"target\":[\"https:\/\/www.crea.gov.co\/crea-gustavo-restrepo\/%f0%9f%8e%89%e2%9c%a8-atencion-atencion-comunidad-creativa-%e2%9c%a8%f0%9f%8e%89\/\"]}]},{\"@type\":\"ImageObject\",\"inLanguage\":\"es-CO\",\"@id\":\"https:\/\/www.crea.gov.co\/crea-gustavo-restrepo\/%f0%9f%8e%89%e2%9c%a8-atencion-atencion-comunidad-creativa-%e2%9c%a8%f0%9f%8e%89\/#primaryimage\",\"url\":\"https:\/\/www.crea.gov.co\/crea-gustavo-restrepo\/wp-content\/uploads\/sites\/15\/2026\/02\/Pieza-Talleres-CREA-RetroFutur-1-1.png\",\"contentUrl\":\"https:\/\/www.crea.gov.co\/crea-gustavo-restrepo\/wp-content\/uploads\/sites\/15\/2026\/02\/Pieza-Talleres-CREA-RetroFutur-1-1.png\",\"width\":2250,\"height\":2813},{\"@type\":\"BreadcrumbList\",\"@id\":\"https:\/\/www.crea.gov.co\/crea-gustavo-restrepo\/%f0%9f%8e%89%e2%9c%a8-atencion-atencion-comunidad-creativa-%e2%9c%a8%f0%9f%8e%89\/#breadcrumb\",\"itemListElement\":[{\"@type\":\"ListItem\",\"position\":1,\"name\":\"Home\",\"item\":\"https:\/\/www.crea.gov.co\/crea-gustavo-restrepo\/\"},{\"@type\":\"ListItem\",\"position\":2,\"name\":\"\ud83c\udf89\u2728 \u00a1Atenci\u00f3n, atenci\u00f3n comunidad creativa! \u2728\ud83c\udf89\"}]},{\"@type\":\"WebSite\",\"@id\":\"https:\/\/www.crea.gov.co\/crea-gustavo-restrepo\/#website\",\"url\":\"https:\/\/www.crea.gov.co\/crea-gustavo-restrepo\/\",\"name\":\"Crea Gustavo Restrepo\",\"description\":\"En Rafael Uribe Uribe, este centro de formaci\u00f3n art\u00edstica, est\u00e1 rodeado de parques y calles donde la vida de barrio se vive a diario. Este centro de formaci\u00f3n es un espacio para quienes valoran la cercan\u00eda entre vecinos y la tradici\u00f3n de compartir en comunidad. Aqu\u00ed, el arte se suma a la historia local y se convierte en una herramienta para fortalecer los lazos y dar nuevas voces a quienes hacen parte de este sector del sur de Bogot\u00e1.\",\"potentialAction\":[{\"@type\":\"SearchAction\",\"target\":{\"@type\":\"EntryPoint\",\"urlTemplate\":\"https:\/\/www.crea.gov.co\/crea-gustavo-restrepo\/?s={search_term_string}\"},\"query-input\":{\"@type\":\"PropertyValueSpecification\",\"valueRequired\":true,\"valueName\":\"search_term_string\"}}],\"inLanguage\":\"es-CO\"},{\"@type\":\"Person\",\"@id\":\"https:\/\/www.crea.gov.co\/crea-gustavo-restrepo\/#\/schema\/person\/d35bcea4c4942c7b4e70ddf8c28b0f62\",\"name\":\"creagustavorestrepo\",\"image\":{\"@type\":\"ImageObject\",\"inLanguage\":\"es-CO\",\"@id\":\"https:\/\/www.crea.gov.co\/crea-gustavo-restrepo\/#\/schema\/person\/image\/\",\"url\":\"https:\/\/secure.gravatar.com\/avatar\/1628471a19dcbe79cdbc025c46ef9e56?s=96&d=mm&r=g\",\"contentUrl\":\"https:\/\/secure.gravatar.com\/avatar\/1628471a19dcbe79cdbc025c46ef9e56?s=96&d=mm&r=g\",\"caption\":\"creagustavorestrepo\"},\"url\":\"https:\/\/www.crea.gov.co\/crea-gustavo-restrepo\/author\/creagustavorestrepo\/\"}]}<\/script>\n<!-- \/ Yoast SEO plugin. -->","yoast_head_json":{"title":"\ud83c\udf89\u2728 \u00a1Atenci\u00f3n, atenci\u00f3n comunidad creativa! \u2728\ud83c\udf89 - Crea Gustavo Restrepo","robots":{"index":"index","follow":"follow","max-snippet":"max-snippet:-1","max-image-preview":"max-image-preview:large","max-video-preview":"max-video-preview:-1"},"canonical":"https:\/\/www.crea.gov.co\/crea-gustavo-restrepo\/\ud83c\udf89\u2728-atencion-atencion-comunidad-creativa-\u2728\ud83c\udf89\/","og_locale":"es_ES","og_type":"article","og_title":"\ud83c\udf89\u2728 \u00a1Atenci\u00f3n, atenci\u00f3n comunidad creativa! \u2728\ud83c\udf89 - Crea Gustavo Restrepo","og_description":"En el Crea Gustavo Restrepo abrimos nuestras puertas para que todas y todos desde los 6 a\u00f1os\u2026 y sin l\u00edmite de edad se sumen a esta gran aventura art\u00edstica \ud83d\ude80\ud83c\udfa8 S\u00ed, le\u00edste bien\u2026\ud83d\udc67\ud83c\udffd Desde los 6 a\u00f1os\ud83d\udc75\ud83c\udffd Sin l\u00edmite de edad\ud83d\udc9b Con todas las ganas de crear Tenemos talleres para todos los gustos: \ud83d\udc83 Danza [&hellip;]","og_url":"https:\/\/www.crea.gov.co\/crea-gustavo-restrepo\/\ud83c\udf89\u2728-atencion-atencion-comunidad-creativa-\u2728\ud83c\udf89\/","og_site_name":"Crea Gustavo Restrepo","article_published_time":"2026-02-27T22:05:05+00:00","article_modified_time":"2026-02-27T22:08:50+00:00","og_image":[{"width":819,"height":1024,"url":"https:\/\/www.crea.gov.co\/crea-gustavo-restrepo\/wp-content\/uploads\/sites\/15\/2026\/02\/Pieza-Talleres-CREA-RetroFutur-1-1-819x1024.png","type":"image\/png"}],"author":"creagustavorestrepo","twitter_card":"summary_large_image","twitter_misc":{"Escrito por":"creagustavorestrepo","Tiempo de lectura":"2 minutos"},"schema":{"@context":"https:\/\/schema.org","@graph":[{"@type":"WebPage","@id":"https:\/\/www.crea.gov.co\/crea-gustavo-restrepo\/%f0%9f%8e%89%e2%9c%a8-atencion-atencion-comunidad-creativa-%e2%9c%a8%f0%9f%8e%89\/","url":"https:\/\/www.crea.gov.co\/crea-gustavo-restrepo\/%f0%9f%8e%89%e2%9c%a8-atencion-atencion-comunidad-creativa-%e2%9c%a8%f0%9f%8e%89\/","name":"\ud83c\udf89\u2728 \u00a1Atenci\u00f3n, atenci\u00f3n comunidad creativa! \u2728\ud83c\udf89 - Crea Gustavo Restrepo","isPartOf":{"@id":"https:\/\/www.crea.gov.co\/crea-gustavo-restrepo\/#website"},"primaryImageOfPage":{"@id":"https:\/\/www.crea.gov.co\/crea-gustavo-restrepo\/%f0%9f%8e%89%e2%9c%a8-atencion-atencion-comunidad-creativa-%e2%9c%a8%f0%9f%8e%89\/#primaryimage"},"image":{"@id":"https:\/\/www.crea.gov.co\/crea-gustavo-restrepo\/%f0%9f%8e%89%e2%9c%a8-atencion-atencion-comunidad-creativa-%e2%9c%a8%f0%9f%8e%89\/#primaryimage"},"thumbnailUrl":"https:\/\/www.crea.gov.co\/crea-gustavo-restrepo\/wp-content\/uploads\/sites\/15\/2026\/02\/Pieza-Talleres-CREA-RetroFutur-1-1-819x1024.png","datePublished":"2026-02-27T22:05:05+00:00","dateModified":"2026-02-27T22:08:50+00:00","author":{"@id":"https:\/\/www.crea.gov.co\/crea-gustavo-restrepo\/#\/schema\/person\/d35bcea4c4942c7b4e70ddf8c28b0f62"},"breadcrumb":{"@id":"https:\/\/www.crea.gov.co\/crea-gustavo-restrepo\/%f0%9f%8e%89%e2%9c%a8-atencion-atencion-comunidad-creativa-%e2%9c%a8%f0%9f%8e%89\/#breadcrumb"},"inLanguage":"es-CO","potentialAction":[{"@type":"ReadAction","target":["https:\/\/www.crea.gov.co\/crea-gustavo-restrepo\/%f0%9f%8e%89%e2%9c%a8-atencion-atencion-comunidad-creativa-%e2%9c%a8%f0%9f%8e%89\/"]}]},{"@type":"ImageObject","inLanguage":"es-CO","@id":"https:\/\/www.crea.gov.co\/crea-gustavo-restrepo\/%f0%9f%8e%89%e2%9c%a8-atencion-atencion-comunidad-creativa-%e2%9c%a8%f0%9f%8e%89\/#primaryimage","url":"https:\/\/www.crea.gov.co\/crea-gustavo-restrepo\/wp-content\/uploads\/sites\/15\/2026\/02\/Pieza-Talleres-CREA-RetroFutur-1-1.png","contentUrl":"https:\/\/www.crea.gov.co\/crea-gustavo-restrepo\/wp-content\/uploads\/sites\/15\/2026\/02\/Pieza-Talleres-CREA-RetroFutur-1-1.png","width":2250,"height":2813},{"@type":"BreadcrumbList","@id":"https:\/\/www.crea.gov.co\/crea-gustavo-restrepo\/%f0%9f%8e%89%e2%9c%a8-atencion-atencion-comunidad-creativa-%e2%9c%a8%f0%9f%8e%89\/#breadcrumb","itemListElement":[{"@type":"ListItem","position":1,"name":"Home","item":"https:\/\/www.crea.gov.co\/crea-gustavo-restrepo\/"},{"@type":"ListItem","position":2,"name":"\ud83c\udf89\u2728 \u00a1Atenci\u00f3n, atenci\u00f3n comunidad creativa! \u2728\ud83c\udf89"}]},{"@type":"WebSite","@id":"https:\/\/www.crea.gov.co\/crea-gustavo-restrepo\/#website","url":"https:\/\/www.crea.gov.co\/crea-gustavo-restrepo\/","name":"Crea Gustavo Restrepo","description":"En Rafael Uribe Uribe, este centro de formaci\u00f3n art\u00edstica, est\u00e1 rodeado de parques y calles donde la vida de barrio se vive a diario. Este centro de formaci\u00f3n es un espacio para quienes valoran la cercan\u00eda entre vecinos y la tradici\u00f3n de compartir en comunidad. Aqu\u00ed, el arte se suma a la historia local y se convierte en una herramienta para fortalecer los lazos y dar nuevas voces a quienes hacen parte de este sector del sur de Bogot\u00e1.","potentialAction":[{"@type":"SearchAction","target":{"@type":"EntryPoint","urlTemplate":"https:\/\/www.crea.gov.co\/crea-gustavo-restrepo\/?s={search_term_string}"},"query-input":{"@type":"PropertyValueSpecification","valueRequired":true,"valueName":"search_term_string"}}],"inLanguage":"es-CO"},{"@type":"Person","@id":"https:\/\/www.crea.gov.co\/crea-gustavo-restrepo\/#\/schema\/person\/d35bcea4c4942c7b4e70ddf8c28b0f62","name":"creagustavorestrepo","image":{"@type":"ImageObject","inLanguage":"es-CO","@id":"https:\/\/www.crea.gov.co\/crea-gustavo-restrepo\/#\/schema\/person\/image\/","url":"https:\/\/secure.gravatar.com\/avatar\/1628471a19dcbe79cdbc025c46ef9e56?s=96&d=mm&r=g","contentUrl":"https:\/\/secure.gravatar.com\/avatar\/1628471a19dcbe79cdbc025c46ef9e56?s=96&d=mm&r=g","caption":"creagustavorestrepo"},"url":"https:\/\/www.crea.gov.co\/crea-gustavo-restrepo\/author\/creagustavorestrepo\/"}]}},"_links":{"self":[{"href":"https:\/\/www.crea.gov.co\/crea-gustavo-restrepo\/wp-json\/wp\/v2\/posts\/775","targetHints":{"allow":["GET"]}}],"collection":[{"href":"https:\/\/www.crea.gov.co\/crea-gustavo-restrepo\/wp-json\/wp\/v2\/posts"}],"about":[{"href":"https:\/\/www.crea.gov.co\/crea-gustavo-restrepo\/wp-json\/wp\/v2\/types\/post"}],"author":[{"embeddable":true,"href":"https:\/\/www.crea.gov.co\/crea-gustavo-restrepo\/wp-json\/wp\/v2\/users\/93"}],"replies":[{"embeddable":true,"href":"https:\/\/www.crea.gov.co\/crea-gustavo-restrepo\/wp-json\/wp\/v2\/comments?post=775"}],"version-history":[{"count":1,"href":"https:\/\/www.crea.gov.co\/crea-gustavo-restrepo\/wp-json\/wp\/v2\/posts\/775\/revisions"}],"predecessor-version":[{"id":777,"href":"https:\/\/www.crea.gov.co\/crea-gustavo-restrepo\/wp-json\/wp\/v2\/posts\/775\/revisions\/777"}],"wp:attachment":[{"href":"https:\/\/www.crea.gov.co\/crea-gustavo-restrepo\/wp-json\/wp\/v2\/media?parent=775"}],"wp:term":[{"taxonomy":"category","embeddable":true,"href":"https:\/\/www.crea.gov.co\/crea-gustavo-restrepo\/wp-json\/wp\/v2\/categories?post=775"},{"taxonomy":"post_tag","embeddable":true,"href":"https:\/\/www.crea.gov.co\/crea-gustavo-restrepo\/wp-json\/wp\/v2\/tags?post=775"}],"curies":[{"name":"wp","href":"https:\/\/api.w.org\/{rel}","templated":true}]}}