{"id":702,"date":"2025-09-16T15:38:08","date_gmt":"2025-09-16T15:38:08","guid":{"rendered":"https:\/\/www.crea.gov.co\/crea-gustavo-restrepo\/?p=702"},"modified":"2025-09-16T15:40:24","modified_gmt":"2025-09-16T15:40:24","slug":"comunidades-crea-2","status":"publish","type":"post","link":"https:\/\/www.crea.gov.co\/crea-gustavo-restrepo\/comunidades-crea-2\/","title":{"rendered":"COMUNIDADES CREA"},"content":{"rendered":"\n<p>\ud83c\udfa8 <strong>Jornada de Puertas Abiertas<\/strong> \ud83c\udfad<br><strong>ComunidadES Crea \u2013 Gustavo Restrepo<\/strong><\/p>\n\n\n\n<p>\ud83d\uddd3\ufe0f <strong>18 de noviembre<\/strong><br>\ud83d\udccd Crea Gustavo Restrepo- Calle 27AS #15, Rafael Uribe Uribe.<\/p>\n\n\n\n<p>Un espacio para compartir y disfrutar en familia con danza, m\u00fasica, teatro, literatura, artes pl\u00e1sticas, audiovisuales y electr\u00f3nicas.<\/p>\n\n\n\n<p>\u2728 \u00a1Celebremos juntos el arte, la creatividad y la comunidad!<\/p>\n\n\n\n<figure class=\"wp-block-image size-full is-resized\"><img loading=\"lazy\" decoding=\"async\" width=\"735\" height=\"730\" src=\"https:\/\/www.crea.gov.co\/crea-gustavo-restrepo\/wp-content\/uploads\/sites\/15\/2025\/09\/Captura-de-pantalla-2025-09-16-103510.png\" alt=\"\" class=\"wp-image-703\" style=\"width:1000px\" srcset=\"https:\/\/www.crea.gov.co\/crea-gustavo-restrepo\/wp-content\/uploads\/sites\/15\/2025\/09\/Captura-de-pantalla-2025-09-16-103510.png 735w, https:\/\/www.crea.gov.co\/crea-gustavo-restrepo\/wp-content\/uploads\/sites\/15\/2025\/09\/Captura-de-pantalla-2025-09-16-103510-300x298.png 300w, https:\/\/www.crea.gov.co\/crea-gustavo-restrepo\/wp-content\/uploads\/sites\/15\/2025\/09\/Captura-de-pantalla-2025-09-16-103510-150x150.png 150w\" sizes=\"auto, (max-width: 735px) 100vw, 735px\" \/><\/figure>\n","protected":false},"excerpt":{"rendered":"<p>\ud83c\udfa8 Jornada de Puertas Abiertas \ud83c\udfadComunidadES Crea \u2013 Gustavo Restrepo \ud83d\uddd3\ufe0f 18 de noviembre\ud83d\udccd Crea Gustavo Restrepo- Calle 27AS #15, Rafael Uribe Uribe. Un espacio para compartir y disfrutar en familia con danza, m\u00fasica, teatro, literatura, artes pl\u00e1sticas, audiovisuales y electr\u00f3nicas. \u2728 \u00a1Celebremos juntos el arte, la creatividad y la comunidad!<\/p>\n","protected":false},"author":93,"featured_media":0,"comment_status":"open","ping_status":"open","sticky":false,"template":"","format":"standard","meta":{"footnotes":""},"categories":[1],"tags":[],"class_list":["post-702","post","type-post","status-publish","format-standard","hentry","category-sin-categoria"],"yoast_head":"<!-- This site is optimized with the Yoast SEO plugin v24.5 - https:\/\/yoast.com\/wordpress\/plugins\/seo\/ -->\n<title>COMUNIDADES CREA - Crea Gustavo Restrepo<\/title>\n<meta name=\"robots\" content=\"index, follow, max-snippet:-1, max-image-preview:large, max-video-preview:-1\" \/>\n<link rel=\"canonical\" href=\"https:\/\/www.crea.gov.co\/crea-gustavo-restrepo\/comunidades-crea-2\/\" \/>\n<meta property=\"og:locale\" content=\"es_ES\" \/>\n<meta property=\"og:type\" content=\"article\" \/>\n<meta property=\"og:title\" content=\"COMUNIDADES CREA - Crea Gustavo Restrepo\" \/>\n<meta property=\"og:description\" content=\"\ud83c\udfa8 Jornada de Puertas Abiertas \ud83c\udfadComunidadES Crea \u2013 Gustavo Restrepo \ud83d\uddd3\ufe0f 18 de noviembre\ud83d\udccd Crea Gustavo Restrepo- Calle 27AS #15, Rafael Uribe Uribe. Un espacio para compartir y disfrutar en familia con danza, m\u00fasica, teatro, literatura, artes pl\u00e1sticas, audiovisuales y electr\u00f3nicas. \u2728 \u00a1Celebremos juntos el arte, la creatividad y la comunidad!\" \/>\n<meta property=\"og:url\" content=\"https:\/\/www.crea.gov.co\/crea-gustavo-restrepo\/comunidades-crea-2\/\" \/>\n<meta property=\"og:site_name\" content=\"Crea Gustavo Restrepo\" \/>\n<meta property=\"article:published_time\" content=\"2025-09-16T15:38:08+00:00\" \/>\n<meta property=\"article:modified_time\" content=\"2025-09-16T15:40:24+00:00\" \/>\n<meta property=\"og:image\" content=\"https:\/\/www.crea.gov.co\/crea-gustavo-restrepo\/wp-content\/uploads\/sites\/15\/2025\/09\/Captura-de-pantalla-2025-09-16-103510.png\" \/>\n\t<meta property=\"og:image:width\" content=\"735\" \/>\n\t<meta property=\"og:image:height\" content=\"730\" \/>\n\t<meta property=\"og:image:type\" content=\"image\/png\" \/>\n<meta name=\"author\" content=\"creagustavorestrepo\" \/>\n<meta name=\"twitter:card\" content=\"summary_large_image\" \/>\n<meta name=\"twitter:label1\" content=\"Escrito por\" \/>\n\t<meta name=\"twitter:data1\" content=\"creagustavorestrepo\" \/>\n\t<meta name=\"twitter:label2\" content=\"Tiempo de lectura\" \/>\n\t<meta name=\"twitter:data2\" content=\"1 minuto\" \/>\n<script type=\"application\/ld+json\" class=\"yoast-schema-graph\">{\"@context\":\"https:\/\/schema.org\",\"@graph\":[{\"@type\":\"WebPage\",\"@id\":\"https:\/\/www.crea.gov.co\/crea-gustavo-restrepo\/comunidades-crea-2\/\",\"url\":\"https:\/\/www.crea.gov.co\/crea-gustavo-restrepo\/comunidades-crea-2\/\",\"name\":\"COMUNIDADES CREA - Crea Gustavo Restrepo\",\"isPartOf\":{\"@id\":\"https:\/\/www.crea.gov.co\/crea-gustavo-restrepo\/#website\"},\"primaryImageOfPage\":{\"@id\":\"https:\/\/www.crea.gov.co\/crea-gustavo-restrepo\/comunidades-crea-2\/#primaryimage\"},\"image\":{\"@id\":\"https:\/\/www.crea.gov.co\/crea-gustavo-restrepo\/comunidades-crea-2\/#primaryimage\"},\"thumbnailUrl\":\"https:\/\/www.crea.gov.co\/crea-gustavo-restrepo\/wp-content\/uploads\/sites\/15\/2025\/09\/Captura-de-pantalla-2025-09-16-103510.png\",\"datePublished\":\"2025-09-16T15:38:08+00:00\",\"dateModified\":\"2025-09-16T15:40:24+00:00\",\"author\":{\"@id\":\"https:\/\/www.crea.gov.co\/crea-gustavo-restrepo\/#\/schema\/person\/d35bcea4c4942c7b4e70ddf8c28b0f62\"},\"breadcrumb\":{\"@id\":\"https:\/\/www.crea.gov.co\/crea-gustavo-restrepo\/comunidades-crea-2\/#breadcrumb\"},\"inLanguage\":\"es-CO\",\"potentialAction\":[{\"@type\":\"ReadAction\",\"target\":[\"https:\/\/www.crea.gov.co\/crea-gustavo-restrepo\/comunidades-crea-2\/\"]}]},{\"@type\":\"ImageObject\",\"inLanguage\":\"es-CO\",\"@id\":\"https:\/\/www.crea.gov.co\/crea-gustavo-restrepo\/comunidades-crea-2\/#primaryimage\",\"url\":\"https:\/\/www.crea.gov.co\/crea-gustavo-restrepo\/wp-content\/uploads\/sites\/15\/2025\/09\/Captura-de-pantalla-2025-09-16-103510.png\",\"contentUrl\":\"https:\/\/www.crea.gov.co\/crea-gustavo-restrepo\/wp-content\/uploads\/sites\/15\/2025\/09\/Captura-de-pantalla-2025-09-16-103510.png\",\"width\":735,\"height\":730},{\"@type\":\"BreadcrumbList\",\"@id\":\"https:\/\/www.crea.gov.co\/crea-gustavo-restrepo\/comunidades-crea-2\/#breadcrumb\",\"itemListElement\":[{\"@type\":\"ListItem\",\"position\":1,\"name\":\"Home\",\"item\":\"https:\/\/www.crea.gov.co\/crea-gustavo-restrepo\/\"},{\"@type\":\"ListItem\",\"position\":2,\"name\":\"COMUNIDADES CREA\"}]},{\"@type\":\"WebSite\",\"@id\":\"https:\/\/www.crea.gov.co\/crea-gustavo-restrepo\/#website\",\"url\":\"https:\/\/www.crea.gov.co\/crea-gustavo-restrepo\/\",\"name\":\"Crea Gustavo Restrepo\",\"description\":\"En Rafael Uribe Uribe, este centro de formaci\u00f3n art\u00edstica, est\u00e1 rodeado de parques y calles donde la vida de barrio se vive a diario. Este centro de formaci\u00f3n es un espacio para quienes valoran la cercan\u00eda entre vecinos y la tradici\u00f3n de compartir en comunidad. Aqu\u00ed, el arte se suma a la historia local y se convierte en una herramienta para fortalecer los lazos y dar nuevas voces a quienes hacen parte de este sector del sur de Bogot\u00e1.\",\"potentialAction\":[{\"@type\":\"SearchAction\",\"target\":{\"@type\":\"EntryPoint\",\"urlTemplate\":\"https:\/\/www.crea.gov.co\/crea-gustavo-restrepo\/?s={search_term_string}\"},\"query-input\":{\"@type\":\"PropertyValueSpecification\",\"valueRequired\":true,\"valueName\":\"search_term_string\"}}],\"inLanguage\":\"es-CO\"},{\"@type\":\"Person\",\"@id\":\"https:\/\/www.crea.gov.co\/crea-gustavo-restrepo\/#\/schema\/person\/d35bcea4c4942c7b4e70ddf8c28b0f62\",\"name\":\"creagustavorestrepo\",\"image\":{\"@type\":\"ImageObject\",\"inLanguage\":\"es-CO\",\"@id\":\"https:\/\/www.crea.gov.co\/crea-gustavo-restrepo\/#\/schema\/person\/image\/\",\"url\":\"https:\/\/secure.gravatar.com\/avatar\/1628471a19dcbe79cdbc025c46ef9e56?s=96&d=mm&r=g\",\"contentUrl\":\"https:\/\/secure.gravatar.com\/avatar\/1628471a19dcbe79cdbc025c46ef9e56?s=96&d=mm&r=g\",\"caption\":\"creagustavorestrepo\"},\"url\":\"https:\/\/www.crea.gov.co\/crea-gustavo-restrepo\/author\/creagustavorestrepo\/\"}]}<\/script>\n<!-- \/ Yoast SEO plugin. -->","yoast_head_json":{"title":"COMUNIDADES CREA - Crea Gustavo Restrepo","robots":{"index":"index","follow":"follow","max-snippet":"max-snippet:-1","max-image-preview":"max-image-preview:large","max-video-preview":"max-video-preview:-1"},"canonical":"https:\/\/www.crea.gov.co\/crea-gustavo-restrepo\/comunidades-crea-2\/","og_locale":"es_ES","og_type":"article","og_title":"COMUNIDADES CREA - Crea Gustavo Restrepo","og_description":"\ud83c\udfa8 Jornada de Puertas Abiertas \ud83c\udfadComunidadES Crea \u2013 Gustavo Restrepo \ud83d\uddd3\ufe0f 18 de noviembre\ud83d\udccd Crea Gustavo Restrepo- Calle 27AS #15, Rafael Uribe Uribe. Un espacio para compartir y disfrutar en familia con danza, m\u00fasica, teatro, literatura, artes pl\u00e1sticas, audiovisuales y electr\u00f3nicas. \u2728 \u00a1Celebremos juntos el arte, la creatividad y la comunidad!","og_url":"https:\/\/www.crea.gov.co\/crea-gustavo-restrepo\/comunidades-crea-2\/","og_site_name":"Crea Gustavo Restrepo","article_published_time":"2025-09-16T15:38:08+00:00","article_modified_time":"2025-09-16T15:40:24+00:00","og_image":[{"width":735,"height":730,"url":"https:\/\/www.crea.gov.co\/crea-gustavo-restrepo\/wp-content\/uploads\/sites\/15\/2025\/09\/Captura-de-pantalla-2025-09-16-103510.png","type":"image\/png"}],"author":"creagustavorestrepo","twitter_card":"summary_large_image","twitter_misc":{"Escrito por":"creagustavorestrepo","Tiempo de lectura":"1 minuto"},"schema":{"@context":"https:\/\/schema.org","@graph":[{"@type":"WebPage","@id":"https:\/\/www.crea.gov.co\/crea-gustavo-restrepo\/comunidades-crea-2\/","url":"https:\/\/www.crea.gov.co\/crea-gustavo-restrepo\/comunidades-crea-2\/","name":"COMUNIDADES CREA - Crea Gustavo Restrepo","isPartOf":{"@id":"https:\/\/www.crea.gov.co\/crea-gustavo-restrepo\/#website"},"primaryImageOfPage":{"@id":"https:\/\/www.crea.gov.co\/crea-gustavo-restrepo\/comunidades-crea-2\/#primaryimage"},"image":{"@id":"https:\/\/www.crea.gov.co\/crea-gustavo-restrepo\/comunidades-crea-2\/#primaryimage"},"thumbnailUrl":"https:\/\/www.crea.gov.co\/crea-gustavo-restrepo\/wp-content\/uploads\/sites\/15\/2025\/09\/Captura-de-pantalla-2025-09-16-103510.png","datePublished":"2025-09-16T15:38:08+00:00","dateModified":"2025-09-16T15:40:24+00:00","author":{"@id":"https:\/\/www.crea.gov.co\/crea-gustavo-restrepo\/#\/schema\/person\/d35bcea4c4942c7b4e70ddf8c28b0f62"},"breadcrumb":{"@id":"https:\/\/www.crea.gov.co\/crea-gustavo-restrepo\/comunidades-crea-2\/#breadcrumb"},"inLanguage":"es-CO","potentialAction":[{"@type":"ReadAction","target":["https:\/\/www.crea.gov.co\/crea-gustavo-restrepo\/comunidades-crea-2\/"]}]},{"@type":"ImageObject","inLanguage":"es-CO","@id":"https:\/\/www.crea.gov.co\/crea-gustavo-restrepo\/comunidades-crea-2\/#primaryimage","url":"https:\/\/www.crea.gov.co\/crea-gustavo-restrepo\/wp-content\/uploads\/sites\/15\/2025\/09\/Captura-de-pantalla-2025-09-16-103510.png","contentUrl":"https:\/\/www.crea.gov.co\/crea-gustavo-restrepo\/wp-content\/uploads\/sites\/15\/2025\/09\/Captura-de-pantalla-2025-09-16-103510.png","width":735,"height":730},{"@type":"BreadcrumbList","@id":"https:\/\/www.crea.gov.co\/crea-gustavo-restrepo\/comunidades-crea-2\/#breadcrumb","itemListElement":[{"@type":"ListItem","position":1,"name":"Home","item":"https:\/\/www.crea.gov.co\/crea-gustavo-restrepo\/"},{"@type":"ListItem","position":2,"name":"COMUNIDADES CREA"}]},{"@type":"WebSite","@id":"https:\/\/www.crea.gov.co\/crea-gustavo-restrepo\/#website","url":"https:\/\/www.crea.gov.co\/crea-gustavo-restrepo\/","name":"Crea Gustavo Restrepo","description":"En Rafael Uribe Uribe, este centro de formaci\u00f3n art\u00edstica, est\u00e1 rodeado de parques y calles donde la vida de barrio se vive a diario. Este centro de formaci\u00f3n es un espacio para quienes valoran la cercan\u00eda entre vecinos y la tradici\u00f3n de compartir en comunidad. Aqu\u00ed, el arte se suma a la historia local y se convierte en una herramienta para fortalecer los lazos y dar nuevas voces a quienes hacen parte de este sector del sur de Bogot\u00e1.","potentialAction":[{"@type":"SearchAction","target":{"@type":"EntryPoint","urlTemplate":"https:\/\/www.crea.gov.co\/crea-gustavo-restrepo\/?s={search_term_string}"},"query-input":{"@type":"PropertyValueSpecification","valueRequired":true,"valueName":"search_term_string"}}],"inLanguage":"es-CO"},{"@type":"Person","@id":"https:\/\/www.crea.gov.co\/crea-gustavo-restrepo\/#\/schema\/person\/d35bcea4c4942c7b4e70ddf8c28b0f62","name":"creagustavorestrepo","image":{"@type":"ImageObject","inLanguage":"es-CO","@id":"https:\/\/www.crea.gov.co\/crea-gustavo-restrepo\/#\/schema\/person\/image\/","url":"https:\/\/secure.gravatar.com\/avatar\/1628471a19dcbe79cdbc025c46ef9e56?s=96&d=mm&r=g","contentUrl":"https:\/\/secure.gravatar.com\/avatar\/1628471a19dcbe79cdbc025c46ef9e56?s=96&d=mm&r=g","caption":"creagustavorestrepo"},"url":"https:\/\/www.crea.gov.co\/crea-gustavo-restrepo\/author\/creagustavorestrepo\/"}]}},"_links":{"self":[{"href":"https:\/\/www.crea.gov.co\/crea-gustavo-restrepo\/wp-json\/wp\/v2\/posts\/702","targetHints":{"allow":["GET"]}}],"collection":[{"href":"https:\/\/www.crea.gov.co\/crea-gustavo-restrepo\/wp-json\/wp\/v2\/posts"}],"about":[{"href":"https:\/\/www.crea.gov.co\/crea-gustavo-restrepo\/wp-json\/wp\/v2\/types\/post"}],"author":[{"embeddable":true,"href":"https:\/\/www.crea.gov.co\/crea-gustavo-restrepo\/wp-json\/wp\/v2\/users\/93"}],"replies":[{"embeddable":true,"href":"https:\/\/www.crea.gov.co\/crea-gustavo-restrepo\/wp-json\/wp\/v2\/comments?post=702"}],"version-history":[{"count":2,"href":"https:\/\/www.crea.gov.co\/crea-gustavo-restrepo\/wp-json\/wp\/v2\/posts\/702\/revisions"}],"predecessor-version":[{"id":706,"href":"https:\/\/www.crea.gov.co\/crea-gustavo-restrepo\/wp-json\/wp\/v2\/posts\/702\/revisions\/706"}],"wp:attachment":[{"href":"https:\/\/www.crea.gov.co\/crea-gustavo-restrepo\/wp-json\/wp\/v2\/media?parent=702"}],"wp:term":[{"taxonomy":"category","embeddable":true,"href":"https:\/\/www.crea.gov.co\/crea-gustavo-restrepo\/wp-json\/wp\/v2\/categories?post=702"},{"taxonomy":"post_tag","embeddable":true,"href":"https:\/\/www.crea.gov.co\/crea-gustavo-restrepo\/wp-json\/wp\/v2\/tags?post=702"}],"curies":[{"name":"wp","href":"https:\/\/api.w.org\/{rel}","templated":true}]}}