{"id":692,"date":"2025-08-25T13:41:40","date_gmt":"2025-08-25T13:41:40","guid":{"rendered":"https:\/\/www.crea.gov.co\/crea-gustavo-restrepo\/?p=692"},"modified":"2025-08-25T13:42:50","modified_gmt":"2025-08-25T13:42:50","slug":"crea-llega-a-retina-latina","status":"publish","type":"post","link":"https:\/\/www.crea.gov.co\/crea-gustavo-restrepo\/crea-llega-a-retina-latina\/","title":{"rendered":"Crea llega a Retina Latina"},"content":{"rendered":"\n<p class=\"has-text-align-left has-medium-font-size\">\ud83c\udfac\u2728 Llega a Retina Latina la Muestra CREA<br>Desde el Crea Gustavo Restrepo te invitamos a conocer mas sobre los ocho cortometrajes creados por ni\u00f1os, ni\u00f1as y j\u00f3venes de Bogot\u00e1 que exploran el cine como un espacio de juego, memoria e imaginaci\u00f3n. \ud83c\udf31\ud83c\udfa5<br>Una invitaci\u00f3n a explorar las historias colectivas que nacen de los territorios y revelan el poder del arte para tejer comunidad y afirmar identidades diversas. Esta fue una iniciativa de la Cinemateca de Bogot\u00e1 del Instituto Distrital de las Artes \u2013 Idartes <\/p>\n\n\n\n<p class=\"has-text-align-left has-medium-font-size\"><br>Disponible ahora en retinalatina.org<br>\u00a1Descubre c\u00f3mo los m\u00e1s j\u00f3venes crean con el cine espacios de memoria, juego y futuro!<\/p>\n\n\n\n<h1 class=\"wp-block-heading\"><\/h1>\n\n\n\n<figure class=\"wp-block-gallery has-nested-images columns-default is-cropped wp-block-gallery-1 is-layout-flex wp-block-gallery-is-layout-flex\">\n<figure class=\"wp-block-image size-large\"><img loading=\"lazy\" decoding=\"async\" width=\"819\" height=\"1024\" data-id=\"697\" src=\"https:\/\/www.crea.gov.co\/crea-gustavo-restrepo\/wp-content\/uploads\/sites\/15\/2025\/08\/r1-819x1024.jpeg\" alt=\"\" class=\"wp-image-697\" srcset=\"https:\/\/www.crea.gov.co\/crea-gustavo-restrepo\/wp-content\/uploads\/sites\/15\/2025\/08\/r1-819x1024.jpeg 819w, https:\/\/www.crea.gov.co\/crea-gustavo-restrepo\/wp-content\/uploads\/sites\/15\/2025\/08\/r1-240x300.jpeg 240w, https:\/\/www.crea.gov.co\/crea-gustavo-restrepo\/wp-content\/uploads\/sites\/15\/2025\/08\/r1-768x960.jpeg 768w, https:\/\/www.crea.gov.co\/crea-gustavo-restrepo\/wp-content\/uploads\/sites\/15\/2025\/08\/r1.jpeg 1080w\" sizes=\"auto, (max-width: 819px) 100vw, 819px\" \/><\/figure>\n\n\n\n<figure class=\"wp-block-image size-large\"><img loading=\"lazy\" decoding=\"async\" width=\"819\" height=\"1024\" data-id=\"698\" src=\"https:\/\/www.crea.gov.co\/crea-gustavo-restrepo\/wp-content\/uploads\/sites\/15\/2025\/08\/r2-819x1024.jpeg\" alt=\"\" class=\"wp-image-698\" srcset=\"https:\/\/www.crea.gov.co\/crea-gustavo-restrepo\/wp-content\/uploads\/sites\/15\/2025\/08\/r2-819x1024.jpeg 819w, https:\/\/www.crea.gov.co\/crea-gustavo-restrepo\/wp-content\/uploads\/sites\/15\/2025\/08\/r2-240x300.jpeg 240w, https:\/\/www.crea.gov.co\/crea-gustavo-restrepo\/wp-content\/uploads\/sites\/15\/2025\/08\/r2-768x960.jpeg 768w, https:\/\/www.crea.gov.co\/crea-gustavo-restrepo\/wp-content\/uploads\/sites\/15\/2025\/08\/r2.jpeg 1080w\" sizes=\"auto, (max-width: 819px) 100vw, 819px\" \/><\/figure>\n\n\n\n<figure class=\"wp-block-image size-large\"><img loading=\"lazy\" decoding=\"async\" width=\"819\" height=\"1024\" data-id=\"694\" src=\"https:\/\/www.crea.gov.co\/crea-gustavo-restrepo\/wp-content\/uploads\/sites\/15\/2025\/08\/r6-819x1024.jpeg\" alt=\"\" class=\"wp-image-694\" srcset=\"https:\/\/www.crea.gov.co\/crea-gustavo-restrepo\/wp-content\/uploads\/sites\/15\/2025\/08\/r6-819x1024.jpeg 819w, https:\/\/www.crea.gov.co\/crea-gustavo-restrepo\/wp-content\/uploads\/sites\/15\/2025\/08\/r6-240x300.jpeg 240w, https:\/\/www.crea.gov.co\/crea-gustavo-restrepo\/wp-content\/uploads\/sites\/15\/2025\/08\/r6-768x960.jpeg 768w, https:\/\/www.crea.gov.co\/crea-gustavo-restrepo\/wp-content\/uploads\/sites\/15\/2025\/08\/r6.jpeg 1080w\" sizes=\"auto, (max-width: 819px) 100vw, 819px\" \/><\/figure>\n\n\n\n<figure class=\"wp-block-image size-large\"><img loading=\"lazy\" decoding=\"async\" width=\"819\" height=\"1024\" data-id=\"693\" src=\"https:\/\/www.crea.gov.co\/crea-gustavo-restrepo\/wp-content\/uploads\/sites\/15\/2025\/08\/r5-819x1024.jpeg\" alt=\"\" class=\"wp-image-693\" srcset=\"https:\/\/www.crea.gov.co\/crea-gustavo-restrepo\/wp-content\/uploads\/sites\/15\/2025\/08\/r5-819x1024.jpeg 819w, https:\/\/www.crea.gov.co\/crea-gustavo-restrepo\/wp-content\/uploads\/sites\/15\/2025\/08\/r5-240x300.jpeg 240w, https:\/\/www.crea.gov.co\/crea-gustavo-restrepo\/wp-content\/uploads\/sites\/15\/2025\/08\/r5-768x960.jpeg 768w, https:\/\/www.crea.gov.co\/crea-gustavo-restrepo\/wp-content\/uploads\/sites\/15\/2025\/08\/r5.jpeg 1080w\" sizes=\"auto, (max-width: 819px) 100vw, 819px\" \/><\/figure>\n\n\n\n<figure class=\"wp-block-image size-large\"><img loading=\"lazy\" decoding=\"async\" width=\"819\" height=\"1024\" data-id=\"696\" src=\"https:\/\/www.crea.gov.co\/crea-gustavo-restrepo\/wp-content\/uploads\/sites\/15\/2025\/08\/r4-819x1024.jpeg\" alt=\"\" class=\"wp-image-696\" srcset=\"https:\/\/www.crea.gov.co\/crea-gustavo-restrepo\/wp-content\/uploads\/sites\/15\/2025\/08\/r4-819x1024.jpeg 819w, https:\/\/www.crea.gov.co\/crea-gustavo-restrepo\/wp-content\/uploads\/sites\/15\/2025\/08\/r4-240x300.jpeg 240w, https:\/\/www.crea.gov.co\/crea-gustavo-restrepo\/wp-content\/uploads\/sites\/15\/2025\/08\/r4-768x960.jpeg 768w, https:\/\/www.crea.gov.co\/crea-gustavo-restrepo\/wp-content\/uploads\/sites\/15\/2025\/08\/r4.jpeg 1080w\" sizes=\"auto, (max-width: 819px) 100vw, 819px\" \/><\/figure>\n\n\n\n<figure class=\"wp-block-image size-large\"><img loading=\"lazy\" decoding=\"async\" width=\"819\" height=\"1024\" data-id=\"695\" src=\"https:\/\/www.crea.gov.co\/crea-gustavo-restrepo\/wp-content\/uploads\/sites\/15\/2025\/08\/r3-819x1024.jpeg\" alt=\"\" class=\"wp-image-695\" srcset=\"https:\/\/www.crea.gov.co\/crea-gustavo-restrepo\/wp-content\/uploads\/sites\/15\/2025\/08\/r3-819x1024.jpeg 819w, https:\/\/www.crea.gov.co\/crea-gustavo-restrepo\/wp-content\/uploads\/sites\/15\/2025\/08\/r3-240x300.jpeg 240w, https:\/\/www.crea.gov.co\/crea-gustavo-restrepo\/wp-content\/uploads\/sites\/15\/2025\/08\/r3-768x960.jpeg 768w, https:\/\/www.crea.gov.co\/crea-gustavo-restrepo\/wp-content\/uploads\/sites\/15\/2025\/08\/r3.jpeg 1080w\" sizes=\"auto, (max-width: 819px) 100vw, 819px\" \/><\/figure>\n<\/figure>\n\n\n\n<p><\/p>\n","protected":false},"excerpt":{"rendered":"<p>\ud83c\udfac\u2728 Llega a Retina Latina la Muestra CREADesde el Crea Gustavo Restrepo te invitamos a conocer mas sobre los ocho cortometrajes creados por ni\u00f1os, ni\u00f1as y j\u00f3venes de Bogot\u00e1 que exploran el cine como un espacio de juego, memoria e imaginaci\u00f3n. \ud83c\udf31\ud83c\udfa5Una invitaci\u00f3n a explorar las historias colectivas que nacen de los territorios y revelan [&hellip;]<\/p>\n","protected":false},"author":93,"featured_media":697,"comment_status":"open","ping_status":"open","sticky":false,"template":"","format":"standard","meta":{"footnotes":""},"categories":[1],"tags":[],"class_list":["post-692","post","type-post","status-publish","format-standard","has-post-thumbnail","hentry","category-sin-categoria"],"yoast_head":"<!-- This site is optimized with the Yoast SEO plugin v24.5 - https:\/\/yoast.com\/wordpress\/plugins\/seo\/ -->\n<title>Crea llega a Retina Latina - Crea Gustavo Restrepo<\/title>\n<meta name=\"robots\" content=\"index, follow, max-snippet:-1, max-image-preview:large, max-video-preview:-1\" \/>\n<link rel=\"canonical\" href=\"https:\/\/www.crea.gov.co\/crea-gustavo-restrepo\/crea-llega-a-retina-latina\/\" \/>\n<meta property=\"og:locale\" content=\"es_ES\" \/>\n<meta property=\"og:type\" content=\"article\" \/>\n<meta property=\"og:title\" content=\"Crea llega a Retina Latina - Crea Gustavo Restrepo\" \/>\n<meta property=\"og:description\" content=\"\ud83c\udfac\u2728 Llega a Retina Latina la Muestra CREADesde el Crea Gustavo Restrepo te invitamos a conocer mas sobre los ocho cortometrajes creados por ni\u00f1os, ni\u00f1as y j\u00f3venes de Bogot\u00e1 que exploran el cine como un espacio de juego, memoria e imaginaci\u00f3n. \ud83c\udf31\ud83c\udfa5Una invitaci\u00f3n a explorar las historias colectivas que nacen de los territorios y revelan [&hellip;]\" \/>\n<meta property=\"og:url\" content=\"https:\/\/www.crea.gov.co\/crea-gustavo-restrepo\/crea-llega-a-retina-latina\/\" \/>\n<meta property=\"og:site_name\" content=\"Crea Gustavo Restrepo\" \/>\n<meta property=\"article:published_time\" content=\"2025-08-25T13:41:40+00:00\" \/>\n<meta property=\"article:modified_time\" content=\"2025-08-25T13:42:50+00:00\" \/>\n<meta property=\"og:image\" content=\"https:\/\/www.crea.gov.co\/crea-gustavo-restrepo\/wp-content\/uploads\/sites\/15\/2025\/08\/r1.jpeg\" \/>\n\t<meta property=\"og:image:width\" content=\"1080\" \/>\n\t<meta property=\"og:image:height\" content=\"1350\" \/>\n\t<meta property=\"og:image:type\" content=\"image\/jpeg\" \/>\n<meta name=\"author\" content=\"creagustavorestrepo\" \/>\n<meta name=\"twitter:card\" content=\"summary_large_image\" \/>\n<meta name=\"twitter:label1\" content=\"Escrito por\" \/>\n\t<meta name=\"twitter:data1\" content=\"creagustavorestrepo\" \/>\n\t<meta name=\"twitter:label2\" content=\"Tiempo de lectura\" \/>\n\t<meta name=\"twitter:data2\" content=\"2 minutos\" \/>\n<script type=\"application\/ld+json\" class=\"yoast-schema-graph\">{\"@context\":\"https:\/\/schema.org\",\"@graph\":[{\"@type\":\"WebPage\",\"@id\":\"https:\/\/www.crea.gov.co\/crea-gustavo-restrepo\/crea-llega-a-retina-latina\/\",\"url\":\"https:\/\/www.crea.gov.co\/crea-gustavo-restrepo\/crea-llega-a-retina-latina\/\",\"name\":\"Crea llega a Retina Latina - Crea Gustavo Restrepo\",\"isPartOf\":{\"@id\":\"https:\/\/www.crea.gov.co\/crea-gustavo-restrepo\/#website\"},\"primaryImageOfPage\":{\"@id\":\"https:\/\/www.crea.gov.co\/crea-gustavo-restrepo\/crea-llega-a-retina-latina\/#primaryimage\"},\"image\":{\"@id\":\"https:\/\/www.crea.gov.co\/crea-gustavo-restrepo\/crea-llega-a-retina-latina\/#primaryimage\"},\"thumbnailUrl\":\"https:\/\/www.crea.gov.co\/crea-gustavo-restrepo\/wp-content\/uploads\/sites\/15\/2025\/08\/r1.jpeg\",\"datePublished\":\"2025-08-25T13:41:40+00:00\",\"dateModified\":\"2025-08-25T13:42:50+00:00\",\"author\":{\"@id\":\"https:\/\/www.crea.gov.co\/crea-gustavo-restrepo\/#\/schema\/person\/d35bcea4c4942c7b4e70ddf8c28b0f62\"},\"breadcrumb\":{\"@id\":\"https:\/\/www.crea.gov.co\/crea-gustavo-restrepo\/crea-llega-a-retina-latina\/#breadcrumb\"},\"inLanguage\":\"es-CO\",\"potentialAction\":[{\"@type\":\"ReadAction\",\"target\":[\"https:\/\/www.crea.gov.co\/crea-gustavo-restrepo\/crea-llega-a-retina-latina\/\"]}]},{\"@type\":\"ImageObject\",\"inLanguage\":\"es-CO\",\"@id\":\"https:\/\/www.crea.gov.co\/crea-gustavo-restrepo\/crea-llega-a-retina-latina\/#primaryimage\",\"url\":\"https:\/\/www.crea.gov.co\/crea-gustavo-restrepo\/wp-content\/uploads\/sites\/15\/2025\/08\/r1.jpeg\",\"contentUrl\":\"https:\/\/www.crea.gov.co\/crea-gustavo-restrepo\/wp-content\/uploads\/sites\/15\/2025\/08\/r1.jpeg\",\"width\":1080,\"height\":1350},{\"@type\":\"BreadcrumbList\",\"@id\":\"https:\/\/www.crea.gov.co\/crea-gustavo-restrepo\/crea-llega-a-retina-latina\/#breadcrumb\",\"itemListElement\":[{\"@type\":\"ListItem\",\"position\":1,\"name\":\"Home\",\"item\":\"https:\/\/www.crea.gov.co\/crea-gustavo-restrepo\/\"},{\"@type\":\"ListItem\",\"position\":2,\"name\":\"Crea llega a Retina Latina\"}]},{\"@type\":\"WebSite\",\"@id\":\"https:\/\/www.crea.gov.co\/crea-gustavo-restrepo\/#website\",\"url\":\"https:\/\/www.crea.gov.co\/crea-gustavo-restrepo\/\",\"name\":\"Crea Gustavo Restrepo\",\"description\":\"En Rafael Uribe Uribe, este centro de formaci\u00f3n art\u00edstica, est\u00e1 rodeado de parques y calles donde la vida de barrio se vive a diario. Este centro de formaci\u00f3n es un espacio para quienes valoran la cercan\u00eda entre vecinos y la tradici\u00f3n de compartir en comunidad. Aqu\u00ed, el arte se suma a la historia local y se convierte en una herramienta para fortalecer los lazos y dar nuevas voces a quienes hacen parte de este sector del sur de Bogot\u00e1.\",\"potentialAction\":[{\"@type\":\"SearchAction\",\"target\":{\"@type\":\"EntryPoint\",\"urlTemplate\":\"https:\/\/www.crea.gov.co\/crea-gustavo-restrepo\/?s={search_term_string}\"},\"query-input\":{\"@type\":\"PropertyValueSpecification\",\"valueRequired\":true,\"valueName\":\"search_term_string\"}}],\"inLanguage\":\"es-CO\"},{\"@type\":\"Person\",\"@id\":\"https:\/\/www.crea.gov.co\/crea-gustavo-restrepo\/#\/schema\/person\/d35bcea4c4942c7b4e70ddf8c28b0f62\",\"name\":\"creagustavorestrepo\",\"image\":{\"@type\":\"ImageObject\",\"inLanguage\":\"es-CO\",\"@id\":\"https:\/\/www.crea.gov.co\/crea-gustavo-restrepo\/#\/schema\/person\/image\/\",\"url\":\"https:\/\/secure.gravatar.com\/avatar\/1628471a19dcbe79cdbc025c46ef9e56?s=96&d=mm&r=g\",\"contentUrl\":\"https:\/\/secure.gravatar.com\/avatar\/1628471a19dcbe79cdbc025c46ef9e56?s=96&d=mm&r=g\",\"caption\":\"creagustavorestrepo\"},\"url\":\"https:\/\/www.crea.gov.co\/crea-gustavo-restrepo\/author\/creagustavorestrepo\/\"}]}<\/script>\n<!-- \/ Yoast SEO plugin. -->","yoast_head_json":{"title":"Crea llega a Retina Latina - Crea Gustavo Restrepo","robots":{"index":"index","follow":"follow","max-snippet":"max-snippet:-1","max-image-preview":"max-image-preview:large","max-video-preview":"max-video-preview:-1"},"canonical":"https:\/\/www.crea.gov.co\/crea-gustavo-restrepo\/crea-llega-a-retina-latina\/","og_locale":"es_ES","og_type":"article","og_title":"Crea llega a Retina Latina - Crea Gustavo Restrepo","og_description":"\ud83c\udfac\u2728 Llega a Retina Latina la Muestra CREADesde el Crea Gustavo Restrepo te invitamos a conocer mas sobre los ocho cortometrajes creados por ni\u00f1os, ni\u00f1as y j\u00f3venes de Bogot\u00e1 que exploran el cine como un espacio de juego, memoria e imaginaci\u00f3n. \ud83c\udf31\ud83c\udfa5Una invitaci\u00f3n a explorar las historias colectivas que nacen de los territorios y revelan [&hellip;]","og_url":"https:\/\/www.crea.gov.co\/crea-gustavo-restrepo\/crea-llega-a-retina-latina\/","og_site_name":"Crea Gustavo Restrepo","article_published_time":"2025-08-25T13:41:40+00:00","article_modified_time":"2025-08-25T13:42:50+00:00","og_image":[{"width":1080,"height":1350,"url":"https:\/\/www.crea.gov.co\/crea-gustavo-restrepo\/wp-content\/uploads\/sites\/15\/2025\/08\/r1.jpeg","type":"image\/jpeg"}],"author":"creagustavorestrepo","twitter_card":"summary_large_image","twitter_misc":{"Escrito por":"creagustavorestrepo","Tiempo de lectura":"2 minutos"},"schema":{"@context":"https:\/\/schema.org","@graph":[{"@type":"WebPage","@id":"https:\/\/www.crea.gov.co\/crea-gustavo-restrepo\/crea-llega-a-retina-latina\/","url":"https:\/\/www.crea.gov.co\/crea-gustavo-restrepo\/crea-llega-a-retina-latina\/","name":"Crea llega a Retina Latina - Crea Gustavo Restrepo","isPartOf":{"@id":"https:\/\/www.crea.gov.co\/crea-gustavo-restrepo\/#website"},"primaryImageOfPage":{"@id":"https:\/\/www.crea.gov.co\/crea-gustavo-restrepo\/crea-llega-a-retina-latina\/#primaryimage"},"image":{"@id":"https:\/\/www.crea.gov.co\/crea-gustavo-restrepo\/crea-llega-a-retina-latina\/#primaryimage"},"thumbnailUrl":"https:\/\/www.crea.gov.co\/crea-gustavo-restrepo\/wp-content\/uploads\/sites\/15\/2025\/08\/r1.jpeg","datePublished":"2025-08-25T13:41:40+00:00","dateModified":"2025-08-25T13:42:50+00:00","author":{"@id":"https:\/\/www.crea.gov.co\/crea-gustavo-restrepo\/#\/schema\/person\/d35bcea4c4942c7b4e70ddf8c28b0f62"},"breadcrumb":{"@id":"https:\/\/www.crea.gov.co\/crea-gustavo-restrepo\/crea-llega-a-retina-latina\/#breadcrumb"},"inLanguage":"es-CO","potentialAction":[{"@type":"ReadAction","target":["https:\/\/www.crea.gov.co\/crea-gustavo-restrepo\/crea-llega-a-retina-latina\/"]}]},{"@type":"ImageObject","inLanguage":"es-CO","@id":"https:\/\/www.crea.gov.co\/crea-gustavo-restrepo\/crea-llega-a-retina-latina\/#primaryimage","url":"https:\/\/www.crea.gov.co\/crea-gustavo-restrepo\/wp-content\/uploads\/sites\/15\/2025\/08\/r1.jpeg","contentUrl":"https:\/\/www.crea.gov.co\/crea-gustavo-restrepo\/wp-content\/uploads\/sites\/15\/2025\/08\/r1.jpeg","width":1080,"height":1350},{"@type":"BreadcrumbList","@id":"https:\/\/www.crea.gov.co\/crea-gustavo-restrepo\/crea-llega-a-retina-latina\/#breadcrumb","itemListElement":[{"@type":"ListItem","position":1,"name":"Home","item":"https:\/\/www.crea.gov.co\/crea-gustavo-restrepo\/"},{"@type":"ListItem","position":2,"name":"Crea llega a Retina Latina"}]},{"@type":"WebSite","@id":"https:\/\/www.crea.gov.co\/crea-gustavo-restrepo\/#website","url":"https:\/\/www.crea.gov.co\/crea-gustavo-restrepo\/","name":"Crea Gustavo Restrepo","description":"En Rafael Uribe Uribe, este centro de formaci\u00f3n art\u00edstica, est\u00e1 rodeado de parques y calles donde la vida de barrio se vive a diario. Este centro de formaci\u00f3n es un espacio para quienes valoran la cercan\u00eda entre vecinos y la tradici\u00f3n de compartir en comunidad. Aqu\u00ed, el arte se suma a la historia local y se convierte en una herramienta para fortalecer los lazos y dar nuevas voces a quienes hacen parte de este sector del sur de Bogot\u00e1.","potentialAction":[{"@type":"SearchAction","target":{"@type":"EntryPoint","urlTemplate":"https:\/\/www.crea.gov.co\/crea-gustavo-restrepo\/?s={search_term_string}"},"query-input":{"@type":"PropertyValueSpecification","valueRequired":true,"valueName":"search_term_string"}}],"inLanguage":"es-CO"},{"@type":"Person","@id":"https:\/\/www.crea.gov.co\/crea-gustavo-restrepo\/#\/schema\/person\/d35bcea4c4942c7b4e70ddf8c28b0f62","name":"creagustavorestrepo","image":{"@type":"ImageObject","inLanguage":"es-CO","@id":"https:\/\/www.crea.gov.co\/crea-gustavo-restrepo\/#\/schema\/person\/image\/","url":"https:\/\/secure.gravatar.com\/avatar\/1628471a19dcbe79cdbc025c46ef9e56?s=96&d=mm&r=g","contentUrl":"https:\/\/secure.gravatar.com\/avatar\/1628471a19dcbe79cdbc025c46ef9e56?s=96&d=mm&r=g","caption":"creagustavorestrepo"},"url":"https:\/\/www.crea.gov.co\/crea-gustavo-restrepo\/author\/creagustavorestrepo\/"}]}},"_links":{"self":[{"href":"https:\/\/www.crea.gov.co\/crea-gustavo-restrepo\/wp-json\/wp\/v2\/posts\/692","targetHints":{"allow":["GET"]}}],"collection":[{"href":"https:\/\/www.crea.gov.co\/crea-gustavo-restrepo\/wp-json\/wp\/v2\/posts"}],"about":[{"href":"https:\/\/www.crea.gov.co\/crea-gustavo-restrepo\/wp-json\/wp\/v2\/types\/post"}],"author":[{"embeddable":true,"href":"https:\/\/www.crea.gov.co\/crea-gustavo-restrepo\/wp-json\/wp\/v2\/users\/93"}],"replies":[{"embeddable":true,"href":"https:\/\/www.crea.gov.co\/crea-gustavo-restrepo\/wp-json\/wp\/v2\/comments?post=692"}],"version-history":[{"count":2,"href":"https:\/\/www.crea.gov.co\/crea-gustavo-restrepo\/wp-json\/wp\/v2\/posts\/692\/revisions"}],"predecessor-version":[{"id":701,"href":"https:\/\/www.crea.gov.co\/crea-gustavo-restrepo\/wp-json\/wp\/v2\/posts\/692\/revisions\/701"}],"wp:featuredmedia":[{"embeddable":true,"href":"https:\/\/www.crea.gov.co\/crea-gustavo-restrepo\/wp-json\/wp\/v2\/media\/697"}],"wp:attachment":[{"href":"https:\/\/www.crea.gov.co\/crea-gustavo-restrepo\/wp-json\/wp\/v2\/media?parent=692"}],"wp:term":[{"taxonomy":"category","embeddable":true,"href":"https:\/\/www.crea.gov.co\/crea-gustavo-restrepo\/wp-json\/wp\/v2\/categories?post=692"},{"taxonomy":"post_tag","embeddable":true,"href":"https:\/\/www.crea.gov.co\/crea-gustavo-restrepo\/wp-json\/wp\/v2\/tags?post=692"}],"curies":[{"name":"wp","href":"https:\/\/api.w.org\/{rel}","templated":true}]}}