{"id":591,"date":"2024-12-18T20:14:56","date_gmt":"2024-12-18T20:14:56","guid":{"rendered":"https:\/\/www.crea.gov.co\/crea-gustavo-restrepo\/?p=591"},"modified":"2024-12-18T20:15:42","modified_gmt":"2024-12-18T20:15:42","slug":"y-cuando-nos-vemos-para-inicir-en-el-2025","status":"publish","type":"post","link":"https:\/\/www.crea.gov.co\/crea-gustavo-restrepo\/y-cuando-nos-vemos-para-inicir-en-el-2025\/","title":{"rendered":"\u00bfY CU\u00c1NDO NOS VEMOS PARA INICIR EN EL 2025?"},"content":{"rendered":"\n<figure class=\"wp-block-image size-large\"><img loading=\"lazy\" decoding=\"async\" width=\"724\" height=\"1024\" src=\"https:\/\/www.crea.gov.co\/crea-gustavo-restrepo\/wp-content\/uploads\/sites\/15\/2024\/12\/Documento-A4-Hoja-Decorada-de-Navidad-Infantil-Verde-y-Rojo-2-724x1024.png\" alt=\"\" class=\"wp-image-592\" srcset=\"https:\/\/www.crea.gov.co\/crea-gustavo-restrepo\/wp-content\/uploads\/sites\/15\/2024\/12\/Documento-A4-Hoja-Decorada-de-Navidad-Infantil-Verde-y-Rojo-2-724x1024.png 724w, https:\/\/www.crea.gov.co\/crea-gustavo-restrepo\/wp-content\/uploads\/sites\/15\/2024\/12\/Documento-A4-Hoja-Decorada-de-Navidad-Infantil-Verde-y-Rojo-2-212x300.png 212w, https:\/\/www.crea.gov.co\/crea-gustavo-restrepo\/wp-content\/uploads\/sites\/15\/2024\/12\/Documento-A4-Hoja-Decorada-de-Navidad-Infantil-Verde-y-Rojo-2-768x1086.png 768w, https:\/\/www.crea.gov.co\/crea-gustavo-restrepo\/wp-content\/uploads\/sites\/15\/2024\/12\/Documento-A4-Hoja-Decorada-de-Navidad-Infantil-Verde-y-Rojo-2-1086x1536.png 1086w, https:\/\/www.crea.gov.co\/crea-gustavo-restrepo\/wp-content\/uploads\/sites\/15\/2024\/12\/Documento-A4-Hoja-Decorada-de-Navidad-Infantil-Verde-y-Rojo-2.png 1414w\" sizes=\"auto, (max-width: 724px) 100vw, 724px\" \/><\/figure>\n","protected":false},"excerpt":{"rendered":"","protected":false},"author":64,"featured_media":592,"comment_status":"open","ping_status":"open","sticky":false,"template":"","format":"standard","meta":{"footnotes":""},"categories":[1],"tags":[],"class_list":["post-591","post","type-post","status-publish","format-standard","has-post-thumbnail","hentry","category-sin-categoria"],"yoast_head":"<!-- This site is optimized with the Yoast SEO plugin v24.5 - https:\/\/yoast.com\/wordpress\/plugins\/seo\/ -->\n<title>\u00bfY CU\u00c1NDO NOS VEMOS PARA INICIR EN EL 2025? - Crea Gustavo Restrepo<\/title>\n<meta name=\"robots\" content=\"index, follow, max-snippet:-1, max-image-preview:large, max-video-preview:-1\" \/>\n<link rel=\"canonical\" href=\"https:\/\/www.crea.gov.co\/crea-gustavo-restrepo\/y-cuando-nos-vemos-para-inicir-en-el-2025\/\" \/>\n<meta property=\"og:locale\" content=\"es_ES\" \/>\n<meta property=\"og:type\" content=\"article\" \/>\n<meta property=\"og:title\" content=\"\u00bfY CU\u00c1NDO NOS VEMOS PARA INICIR EN EL 2025? - Crea Gustavo Restrepo\" \/>\n<meta property=\"og:url\" content=\"https:\/\/www.crea.gov.co\/crea-gustavo-restrepo\/y-cuando-nos-vemos-para-inicir-en-el-2025\/\" \/>\n<meta property=\"og:site_name\" content=\"Crea Gustavo Restrepo\" \/>\n<meta property=\"article:published_time\" content=\"2024-12-18T20:14:56+00:00\" \/>\n<meta property=\"article:modified_time\" content=\"2024-12-18T20:15:42+00:00\" \/>\n<meta property=\"og:image\" content=\"https:\/\/www.crea.gov.co\/crea-gustavo-restrepo\/wp-content\/uploads\/sites\/15\/2024\/12\/Documento-A4-Hoja-Decorada-de-Navidad-Infantil-Verde-y-Rojo-2.png\" \/>\n\t<meta property=\"og:image:width\" content=\"1414\" \/>\n\t<meta property=\"og:image:height\" content=\"2000\" \/>\n\t<meta property=\"og:image:type\" content=\"image\/png\" \/>\n<meta name=\"author\" content=\"edithmartinez\" \/>\n<meta name=\"twitter:card\" content=\"summary_large_image\" \/>\n<meta name=\"twitter:label1\" content=\"Escrito por\" \/>\n\t<meta name=\"twitter:data1\" content=\"edithmartinez\" \/>\n\t<meta name=\"twitter:label2\" content=\"Tiempo de lectura\" \/>\n\t<meta name=\"twitter:data2\" content=\"1 minuto\" \/>\n<script type=\"application\/ld+json\" class=\"yoast-schema-graph\">{\"@context\":\"https:\/\/schema.org\",\"@graph\":[{\"@type\":\"WebPage\",\"@id\":\"https:\/\/www.crea.gov.co\/crea-gustavo-restrepo\/y-cuando-nos-vemos-para-inicir-en-el-2025\/\",\"url\":\"https:\/\/www.crea.gov.co\/crea-gustavo-restrepo\/y-cuando-nos-vemos-para-inicir-en-el-2025\/\",\"name\":\"\u00bfY CU\u00c1NDO NOS VEMOS PARA INICIR EN EL 2025? - Crea Gustavo Restrepo\",\"isPartOf\":{\"@id\":\"https:\/\/www.crea.gov.co\/crea-gustavo-restrepo\/#website\"},\"primaryImageOfPage\":{\"@id\":\"https:\/\/www.crea.gov.co\/crea-gustavo-restrepo\/y-cuando-nos-vemos-para-inicir-en-el-2025\/#primaryimage\"},\"image\":{\"@id\":\"https:\/\/www.crea.gov.co\/crea-gustavo-restrepo\/y-cuando-nos-vemos-para-inicir-en-el-2025\/#primaryimage\"},\"thumbnailUrl\":\"https:\/\/www.crea.gov.co\/crea-gustavo-restrepo\/wp-content\/uploads\/sites\/15\/2024\/12\/Documento-A4-Hoja-Decorada-de-Navidad-Infantil-Verde-y-Rojo-2.png\",\"datePublished\":\"2024-12-18T20:14:56+00:00\",\"dateModified\":\"2024-12-18T20:15:42+00:00\",\"author\":{\"@id\":\"https:\/\/www.crea.gov.co\/crea-gustavo-restrepo\/#\/schema\/person\/e1de7e5492b21bfd07ecfce8a7230a2d\"},\"breadcrumb\":{\"@id\":\"https:\/\/www.crea.gov.co\/crea-gustavo-restrepo\/y-cuando-nos-vemos-para-inicir-en-el-2025\/#breadcrumb\"},\"inLanguage\":\"es-CO\",\"potentialAction\":[{\"@type\":\"ReadAction\",\"target\":[\"https:\/\/www.crea.gov.co\/crea-gustavo-restrepo\/y-cuando-nos-vemos-para-inicir-en-el-2025\/\"]}]},{\"@type\":\"ImageObject\",\"inLanguage\":\"es-CO\",\"@id\":\"https:\/\/www.crea.gov.co\/crea-gustavo-restrepo\/y-cuando-nos-vemos-para-inicir-en-el-2025\/#primaryimage\",\"url\":\"https:\/\/www.crea.gov.co\/crea-gustavo-restrepo\/wp-content\/uploads\/sites\/15\/2024\/12\/Documento-A4-Hoja-Decorada-de-Navidad-Infantil-Verde-y-Rojo-2.png\",\"contentUrl\":\"https:\/\/www.crea.gov.co\/crea-gustavo-restrepo\/wp-content\/uploads\/sites\/15\/2024\/12\/Documento-A4-Hoja-Decorada-de-Navidad-Infantil-Verde-y-Rojo-2.png\",\"width\":1414,\"height\":2000},{\"@type\":\"BreadcrumbList\",\"@id\":\"https:\/\/www.crea.gov.co\/crea-gustavo-restrepo\/y-cuando-nos-vemos-para-inicir-en-el-2025\/#breadcrumb\",\"itemListElement\":[{\"@type\":\"ListItem\",\"position\":1,\"name\":\"Home\",\"item\":\"https:\/\/www.crea.gov.co\/crea-gustavo-restrepo\/\"},{\"@type\":\"ListItem\",\"position\":2,\"name\":\"\u00bfY CU\u00c1NDO NOS VEMOS PARA INICIR EN EL 2025?\"}]},{\"@type\":\"WebSite\",\"@id\":\"https:\/\/www.crea.gov.co\/crea-gustavo-restrepo\/#website\",\"url\":\"https:\/\/www.crea.gov.co\/crea-gustavo-restrepo\/\",\"name\":\"Crea Gustavo Restrepo\",\"description\":\"En Rafael Uribe Uribe, este centro de formaci\u00f3n art\u00edstica, est\u00e1 rodeado de parques y calles donde la vida de barrio se vive a diario. Este centro de formaci\u00f3n es un espacio para quienes valoran la cercan\u00eda entre vecinos y la tradici\u00f3n de compartir en comunidad. Aqu\u00ed, el arte se suma a la historia local y se convierte en una herramienta para fortalecer los lazos y dar nuevas voces a quienes hacen parte de este sector del sur de Bogot\u00e1.\",\"potentialAction\":[{\"@type\":\"SearchAction\",\"target\":{\"@type\":\"EntryPoint\",\"urlTemplate\":\"https:\/\/www.crea.gov.co\/crea-gustavo-restrepo\/?s={search_term_string}\"},\"query-input\":{\"@type\":\"PropertyValueSpecification\",\"valueRequired\":true,\"valueName\":\"search_term_string\"}}],\"inLanguage\":\"es-CO\"},{\"@type\":\"Person\",\"@id\":\"https:\/\/www.crea.gov.co\/crea-gustavo-restrepo\/#\/schema\/person\/e1de7e5492b21bfd07ecfce8a7230a2d\",\"name\":\"edithmartinez\",\"image\":{\"@type\":\"ImageObject\",\"inLanguage\":\"es-CO\",\"@id\":\"https:\/\/www.crea.gov.co\/crea-gustavo-restrepo\/#\/schema\/person\/image\/\",\"url\":\"https:\/\/secure.gravatar.com\/avatar\/fc8740fc269477a2fa4452a2eeee6311?s=96&d=mm&r=g\",\"contentUrl\":\"https:\/\/secure.gravatar.com\/avatar\/fc8740fc269477a2fa4452a2eeee6311?s=96&d=mm&r=g\",\"caption\":\"edithmartinez\"},\"url\":\"https:\/\/www.crea.gov.co\/crea-gustavo-restrepo\/author\/edithmartinez\/\"}]}<\/script>\n<!-- \/ Yoast SEO plugin. -->","yoast_head_json":{"title":"\u00bfY CU\u00c1NDO NOS VEMOS PARA INICIR EN EL 2025? - Crea Gustavo Restrepo","robots":{"index":"index","follow":"follow","max-snippet":"max-snippet:-1","max-image-preview":"max-image-preview:large","max-video-preview":"max-video-preview:-1"},"canonical":"https:\/\/www.crea.gov.co\/crea-gustavo-restrepo\/y-cuando-nos-vemos-para-inicir-en-el-2025\/","og_locale":"es_ES","og_type":"article","og_title":"\u00bfY CU\u00c1NDO NOS VEMOS PARA INICIR EN EL 2025? - Crea Gustavo Restrepo","og_url":"https:\/\/www.crea.gov.co\/crea-gustavo-restrepo\/y-cuando-nos-vemos-para-inicir-en-el-2025\/","og_site_name":"Crea Gustavo Restrepo","article_published_time":"2024-12-18T20:14:56+00:00","article_modified_time":"2024-12-18T20:15:42+00:00","og_image":[{"width":1414,"height":2000,"url":"https:\/\/www.crea.gov.co\/crea-gustavo-restrepo\/wp-content\/uploads\/sites\/15\/2024\/12\/Documento-A4-Hoja-Decorada-de-Navidad-Infantil-Verde-y-Rojo-2.png","type":"image\/png"}],"author":"edithmartinez","twitter_card":"summary_large_image","twitter_misc":{"Escrito por":"edithmartinez","Tiempo de lectura":"1 minuto"},"schema":{"@context":"https:\/\/schema.org","@graph":[{"@type":"WebPage","@id":"https:\/\/www.crea.gov.co\/crea-gustavo-restrepo\/y-cuando-nos-vemos-para-inicir-en-el-2025\/","url":"https:\/\/www.crea.gov.co\/crea-gustavo-restrepo\/y-cuando-nos-vemos-para-inicir-en-el-2025\/","name":"\u00bfY CU\u00c1NDO NOS VEMOS PARA INICIR EN EL 2025? - Crea Gustavo Restrepo","isPartOf":{"@id":"https:\/\/www.crea.gov.co\/crea-gustavo-restrepo\/#website"},"primaryImageOfPage":{"@id":"https:\/\/www.crea.gov.co\/crea-gustavo-restrepo\/y-cuando-nos-vemos-para-inicir-en-el-2025\/#primaryimage"},"image":{"@id":"https:\/\/www.crea.gov.co\/crea-gustavo-restrepo\/y-cuando-nos-vemos-para-inicir-en-el-2025\/#primaryimage"},"thumbnailUrl":"https:\/\/www.crea.gov.co\/crea-gustavo-restrepo\/wp-content\/uploads\/sites\/15\/2024\/12\/Documento-A4-Hoja-Decorada-de-Navidad-Infantil-Verde-y-Rojo-2.png","datePublished":"2024-12-18T20:14:56+00:00","dateModified":"2024-12-18T20:15:42+00:00","author":{"@id":"https:\/\/www.crea.gov.co\/crea-gustavo-restrepo\/#\/schema\/person\/e1de7e5492b21bfd07ecfce8a7230a2d"},"breadcrumb":{"@id":"https:\/\/www.crea.gov.co\/crea-gustavo-restrepo\/y-cuando-nos-vemos-para-inicir-en-el-2025\/#breadcrumb"},"inLanguage":"es-CO","potentialAction":[{"@type":"ReadAction","target":["https:\/\/www.crea.gov.co\/crea-gustavo-restrepo\/y-cuando-nos-vemos-para-inicir-en-el-2025\/"]}]},{"@type":"ImageObject","inLanguage":"es-CO","@id":"https:\/\/www.crea.gov.co\/crea-gustavo-restrepo\/y-cuando-nos-vemos-para-inicir-en-el-2025\/#primaryimage","url":"https:\/\/www.crea.gov.co\/crea-gustavo-restrepo\/wp-content\/uploads\/sites\/15\/2024\/12\/Documento-A4-Hoja-Decorada-de-Navidad-Infantil-Verde-y-Rojo-2.png","contentUrl":"https:\/\/www.crea.gov.co\/crea-gustavo-restrepo\/wp-content\/uploads\/sites\/15\/2024\/12\/Documento-A4-Hoja-Decorada-de-Navidad-Infantil-Verde-y-Rojo-2.png","width":1414,"height":2000},{"@type":"BreadcrumbList","@id":"https:\/\/www.crea.gov.co\/crea-gustavo-restrepo\/y-cuando-nos-vemos-para-inicir-en-el-2025\/#breadcrumb","itemListElement":[{"@type":"ListItem","position":1,"name":"Home","item":"https:\/\/www.crea.gov.co\/crea-gustavo-restrepo\/"},{"@type":"ListItem","position":2,"name":"\u00bfY CU\u00c1NDO NOS VEMOS PARA INICIR EN EL 2025?"}]},{"@type":"WebSite","@id":"https:\/\/www.crea.gov.co\/crea-gustavo-restrepo\/#website","url":"https:\/\/www.crea.gov.co\/crea-gustavo-restrepo\/","name":"Crea Gustavo Restrepo","description":"En Rafael Uribe Uribe, este centro de formaci\u00f3n art\u00edstica, est\u00e1 rodeado de parques y calles donde la vida de barrio se vive a diario. Este centro de formaci\u00f3n es un espacio para quienes valoran la cercan\u00eda entre vecinos y la tradici\u00f3n de compartir en comunidad. Aqu\u00ed, el arte se suma a la historia local y se convierte en una herramienta para fortalecer los lazos y dar nuevas voces a quienes hacen parte de este sector del sur de Bogot\u00e1.","potentialAction":[{"@type":"SearchAction","target":{"@type":"EntryPoint","urlTemplate":"https:\/\/www.crea.gov.co\/crea-gustavo-restrepo\/?s={search_term_string}"},"query-input":{"@type":"PropertyValueSpecification","valueRequired":true,"valueName":"search_term_string"}}],"inLanguage":"es-CO"},{"@type":"Person","@id":"https:\/\/www.crea.gov.co\/crea-gustavo-restrepo\/#\/schema\/person\/e1de7e5492b21bfd07ecfce8a7230a2d","name":"edithmartinez","image":{"@type":"ImageObject","inLanguage":"es-CO","@id":"https:\/\/www.crea.gov.co\/crea-gustavo-restrepo\/#\/schema\/person\/image\/","url":"https:\/\/secure.gravatar.com\/avatar\/fc8740fc269477a2fa4452a2eeee6311?s=96&d=mm&r=g","contentUrl":"https:\/\/secure.gravatar.com\/avatar\/fc8740fc269477a2fa4452a2eeee6311?s=96&d=mm&r=g","caption":"edithmartinez"},"url":"https:\/\/www.crea.gov.co\/crea-gustavo-restrepo\/author\/edithmartinez\/"}]}},"_links":{"self":[{"href":"https:\/\/www.crea.gov.co\/crea-gustavo-restrepo\/wp-json\/wp\/v2\/posts\/591","targetHints":{"allow":["GET"]}}],"collection":[{"href":"https:\/\/www.crea.gov.co\/crea-gustavo-restrepo\/wp-json\/wp\/v2\/posts"}],"about":[{"href":"https:\/\/www.crea.gov.co\/crea-gustavo-restrepo\/wp-json\/wp\/v2\/types\/post"}],"author":[{"embeddable":true,"href":"https:\/\/www.crea.gov.co\/crea-gustavo-restrepo\/wp-json\/wp\/v2\/users\/64"}],"replies":[{"embeddable":true,"href":"https:\/\/www.crea.gov.co\/crea-gustavo-restrepo\/wp-json\/wp\/v2\/comments?post=591"}],"version-history":[{"count":1,"href":"https:\/\/www.crea.gov.co\/crea-gustavo-restrepo\/wp-json\/wp\/v2\/posts\/591\/revisions"}],"predecessor-version":[{"id":593,"href":"https:\/\/www.crea.gov.co\/crea-gustavo-restrepo\/wp-json\/wp\/v2\/posts\/591\/revisions\/593"}],"wp:featuredmedia":[{"embeddable":true,"href":"https:\/\/www.crea.gov.co\/crea-gustavo-restrepo\/wp-json\/wp\/v2\/media\/592"}],"wp:attachment":[{"href":"https:\/\/www.crea.gov.co\/crea-gustavo-restrepo\/wp-json\/wp\/v2\/media?parent=591"}],"wp:term":[{"taxonomy":"category","embeddable":true,"href":"https:\/\/www.crea.gov.co\/crea-gustavo-restrepo\/wp-json\/wp\/v2\/categories?post=591"},{"taxonomy":"post_tag","embeddable":true,"href":"https:\/\/www.crea.gov.co\/crea-gustavo-restrepo\/wp-json\/wp\/v2\/tags?post=591"}],"curies":[{"name":"wp","href":"https:\/\/api.w.org\/{rel}","templated":true}]}}