{"id":50,"date":"2022-06-13T17:15:45","date_gmt":"2022-06-13T17:15:45","guid":{"rendered":"https:\/\/www.crea.gov.co\/crea-gustavo-restrepo\/?post_type=news&#038;p=50"},"modified":"2022-10-07T02:41:06","modified_gmt":"2022-10-07T02:41:06","slug":"llegaron-las-vacaciones-al-crea-ven-y-diviertete-aprendiendo-inscripciones-abiertas","status":"publish","type":"post","link":"https:\/\/www.crea.gov.co\/crea-gustavo-restrepo\/llegaron-las-vacaciones-al-crea-ven-y-diviertete-aprendiendo-inscripciones-abiertas\/","title":{"rendered":"LLegaron las vacaciones al CREA ven y diviertete aprendiendo inscripciones abiertas."},"content":{"rendered":"\n<figure class=\"wp-block-gallery has-nested-images columns-default is-cropped wp-block-gallery-1 is-layout-flex wp-block-gallery-is-layout-flex\">\n<figure class=\"wp-block-image size-large\"><img loading=\"lazy\" decoding=\"async\" width=\"810\" height=\"810\" data-id=\"51\" src=\"https:\/\/www.crea.gov.co\/crea-gustavo-restrepo\/wp-content\/uploads\/sites\/15\/2022\/06\/WhatsApp-Image-2022-06-13-at-11.59.51-AM.jpeg\" alt=\"\" class=\"wp-image-51\" srcset=\"https:\/\/www.crea.gov.co\/crea-gustavo-restrepo\/wp-content\/uploads\/sites\/15\/2022\/06\/WhatsApp-Image-2022-06-13-at-11.59.51-AM.jpeg 810w, https:\/\/www.crea.gov.co\/crea-gustavo-restrepo\/wp-content\/uploads\/sites\/15\/2022\/06\/WhatsApp-Image-2022-06-13-at-11.59.51-AM-300x300.jpeg 300w, https:\/\/www.crea.gov.co\/crea-gustavo-restrepo\/wp-content\/uploads\/sites\/15\/2022\/06\/WhatsApp-Image-2022-06-13-at-11.59.51-AM-150x150.jpeg 150w, https:\/\/www.crea.gov.co\/crea-gustavo-restrepo\/wp-content\/uploads\/sites\/15\/2022\/06\/WhatsApp-Image-2022-06-13-at-11.59.51-AM-768x768.jpeg 768w\" sizes=\"auto, (max-width: 810px) 100vw, 810px\" \/><\/figure>\n\n\n\n<figure class=\"wp-block-image size-large\"><img loading=\"lazy\" decoding=\"async\" width=\"812\" height=\"812\" data-id=\"52\" src=\"https:\/\/www.crea.gov.co\/crea-gustavo-restrepo\/wp-content\/uploads\/sites\/15\/2022\/06\/WhatsApp-Image-2022-06-13-at-12.00.32-PM.jpeg\" alt=\"\" class=\"wp-image-52\" srcset=\"https:\/\/www.crea.gov.co\/crea-gustavo-restrepo\/wp-content\/uploads\/sites\/15\/2022\/06\/WhatsApp-Image-2022-06-13-at-12.00.32-PM.jpeg 812w, https:\/\/www.crea.gov.co\/crea-gustavo-restrepo\/wp-content\/uploads\/sites\/15\/2022\/06\/WhatsApp-Image-2022-06-13-at-12.00.32-PM-300x300.jpeg 300w, https:\/\/www.crea.gov.co\/crea-gustavo-restrepo\/wp-content\/uploads\/sites\/15\/2022\/06\/WhatsApp-Image-2022-06-13-at-12.00.32-PM-150x150.jpeg 150w, https:\/\/www.crea.gov.co\/crea-gustavo-restrepo\/wp-content\/uploads\/sites\/15\/2022\/06\/WhatsApp-Image-2022-06-13-at-12.00.32-PM-768x768.jpeg 768w\" sizes=\"auto, (max-width: 812px) 100vw, 812px\" \/><\/figure>\n\n\n\n<figure class=\"wp-block-image size-large\"><img loading=\"lazy\" decoding=\"async\" width=\"811\" height=\"812\" data-id=\"53\" src=\"https:\/\/www.crea.gov.co\/crea-gustavo-restrepo\/wp-content\/uploads\/sites\/15\/2022\/06\/WhatsApp-Image-2022-06-13-at-12.00.51-PM.jpeg\" alt=\"\" class=\"wp-image-53\" srcset=\"https:\/\/www.crea.gov.co\/crea-gustavo-restrepo\/wp-content\/uploads\/sites\/15\/2022\/06\/WhatsApp-Image-2022-06-13-at-12.00.51-PM.jpeg 811w, https:\/\/www.crea.gov.co\/crea-gustavo-restrepo\/wp-content\/uploads\/sites\/15\/2022\/06\/WhatsApp-Image-2022-06-13-at-12.00.51-PM-300x300.jpeg 300w, https:\/\/www.crea.gov.co\/crea-gustavo-restrepo\/wp-content\/uploads\/sites\/15\/2022\/06\/WhatsApp-Image-2022-06-13-at-12.00.51-PM-150x150.jpeg 150w, https:\/\/www.crea.gov.co\/crea-gustavo-restrepo\/wp-content\/uploads\/sites\/15\/2022\/06\/WhatsApp-Image-2022-06-13-at-12.00.51-PM-768x769.jpeg 768w\" sizes=\"auto, (max-width: 811px) 100vw, 811px\" \/><\/figure>\n\n\n\n<figure class=\"wp-block-image size-large\"><img loading=\"lazy\" decoding=\"async\" width=\"813\" height=\"809\" data-id=\"54\" src=\"https:\/\/www.crea.gov.co\/crea-gustavo-restrepo\/wp-content\/uploads\/sites\/15\/2022\/06\/WhatsApp-Image-2022-06-13-at-12.01.08-PM.jpeg\" alt=\"\" class=\"wp-image-54\" srcset=\"https:\/\/www.crea.gov.co\/crea-gustavo-restrepo\/wp-content\/uploads\/sites\/15\/2022\/06\/WhatsApp-Image-2022-06-13-at-12.01.08-PM.jpeg 813w, https:\/\/www.crea.gov.co\/crea-gustavo-restrepo\/wp-content\/uploads\/sites\/15\/2022\/06\/WhatsApp-Image-2022-06-13-at-12.01.08-PM-300x300.jpeg 300w, https:\/\/www.crea.gov.co\/crea-gustavo-restrepo\/wp-content\/uploads\/sites\/15\/2022\/06\/WhatsApp-Image-2022-06-13-at-12.01.08-PM-150x150.jpeg 150w, https:\/\/www.crea.gov.co\/crea-gustavo-restrepo\/wp-content\/uploads\/sites\/15\/2022\/06\/WhatsApp-Image-2022-06-13-at-12.01.08-PM-768x764.jpeg 768w\" sizes=\"auto, (max-width: 813px) 100vw, 813px\" \/><\/figure>\n\n\n\n<figure class=\"wp-block-image size-large\"><img loading=\"lazy\" decoding=\"async\" width=\"812\" height=\"814\" data-id=\"55\" src=\"https:\/\/www.crea.gov.co\/crea-gustavo-restrepo\/wp-content\/uploads\/sites\/15\/2022\/06\/WhatsApp-Image-2022-06-13-at-12.01.57-PM.jpeg\" alt=\"\" class=\"wp-image-55\" srcset=\"https:\/\/www.crea.gov.co\/crea-gustavo-restrepo\/wp-content\/uploads\/sites\/15\/2022\/06\/WhatsApp-Image-2022-06-13-at-12.01.57-PM.jpeg 812w, https:\/\/www.crea.gov.co\/crea-gustavo-restrepo\/wp-content\/uploads\/sites\/15\/2022\/06\/WhatsApp-Image-2022-06-13-at-12.01.57-PM-300x300.jpeg 300w, https:\/\/www.crea.gov.co\/crea-gustavo-restrepo\/wp-content\/uploads\/sites\/15\/2022\/06\/WhatsApp-Image-2022-06-13-at-12.01.57-PM-150x150.jpeg 150w, https:\/\/www.crea.gov.co\/crea-gustavo-restrepo\/wp-content\/uploads\/sites\/15\/2022\/06\/WhatsApp-Image-2022-06-13-at-12.01.57-PM-768x770.jpeg 768w\" sizes=\"auto, (max-width: 812px) 100vw, 812px\" \/><\/figure>\n\n\n\n<figure class=\"wp-block-image size-large\"><img loading=\"lazy\" decoding=\"async\" width=\"815\" height=\"812\" data-id=\"56\" src=\"https:\/\/www.crea.gov.co\/crea-gustavo-restrepo\/wp-content\/uploads\/sites\/15\/2022\/06\/WhatsApp-Image-2022-06-13-at-12.03.01-PM.jpeg\" alt=\"\" class=\"wp-image-56\" srcset=\"https:\/\/www.crea.gov.co\/crea-gustavo-restrepo\/wp-content\/uploads\/sites\/15\/2022\/06\/WhatsApp-Image-2022-06-13-at-12.03.01-PM.jpeg 815w, https:\/\/www.crea.gov.co\/crea-gustavo-restrepo\/wp-content\/uploads\/sites\/15\/2022\/06\/WhatsApp-Image-2022-06-13-at-12.03.01-PM-300x300.jpeg 300w, https:\/\/www.crea.gov.co\/crea-gustavo-restrepo\/wp-content\/uploads\/sites\/15\/2022\/06\/WhatsApp-Image-2022-06-13-at-12.03.01-PM-150x150.jpeg 150w, https:\/\/www.crea.gov.co\/crea-gustavo-restrepo\/wp-content\/uploads\/sites\/15\/2022\/06\/WhatsApp-Image-2022-06-13-at-12.03.01-PM-768x765.jpeg 768w\" sizes=\"auto, (max-width: 815px) 100vw, 815px\" \/><\/figure>\n\n\n\n<figure class=\"wp-block-image size-large\"><img loading=\"lazy\" decoding=\"async\" width=\"811\" height=\"809\" data-id=\"57\" src=\"https:\/\/www.crea.gov.co\/crea-gustavo-restrepo\/wp-content\/uploads\/sites\/15\/2022\/06\/WhatsApp-Image-2022-06-13-at-12.03.16-PM.jpeg\" alt=\"\" class=\"wp-image-57\" srcset=\"https:\/\/www.crea.gov.co\/crea-gustavo-restrepo\/wp-content\/uploads\/sites\/15\/2022\/06\/WhatsApp-Image-2022-06-13-at-12.03.16-PM.jpeg 811w, https:\/\/www.crea.gov.co\/crea-gustavo-restrepo\/wp-content\/uploads\/sites\/15\/2022\/06\/WhatsApp-Image-2022-06-13-at-12.03.16-PM-300x300.jpeg 300w, https:\/\/www.crea.gov.co\/crea-gustavo-restrepo\/wp-content\/uploads\/sites\/15\/2022\/06\/WhatsApp-Image-2022-06-13-at-12.03.16-PM-150x150.jpeg 150w, https:\/\/www.crea.gov.co\/crea-gustavo-restrepo\/wp-content\/uploads\/sites\/15\/2022\/06\/WhatsApp-Image-2022-06-13-at-12.03.16-PM-768x766.jpeg 768w\" sizes=\"auto, (max-width: 811px) 100vw, 811px\" \/><\/figure>\n\n\n\n<figure class=\"wp-block-image size-large\"><img loading=\"lazy\" decoding=\"async\" width=\"814\" height=\"811\" data-id=\"58\" src=\"https:\/\/www.crea.gov.co\/crea-gustavo-restrepo\/wp-content\/uploads\/sites\/15\/2022\/06\/WhatsApp-Image-2022-06-13-at-12.03.18-PM.jpeg\" alt=\"\" class=\"wp-image-58\" srcset=\"https:\/\/www.crea.gov.co\/crea-gustavo-restrepo\/wp-content\/uploads\/sites\/15\/2022\/06\/WhatsApp-Image-2022-06-13-at-12.03.18-PM.jpeg 814w, https:\/\/www.crea.gov.co\/crea-gustavo-restrepo\/wp-content\/uploads\/sites\/15\/2022\/06\/WhatsApp-Image-2022-06-13-at-12.03.18-PM-300x300.jpeg 300w, https:\/\/www.crea.gov.co\/crea-gustavo-restrepo\/wp-content\/uploads\/sites\/15\/2022\/06\/WhatsApp-Image-2022-06-13-at-12.03.18-PM-150x150.jpeg 150w, https:\/\/www.crea.gov.co\/crea-gustavo-restrepo\/wp-content\/uploads\/sites\/15\/2022\/06\/WhatsApp-Image-2022-06-13-at-12.03.18-PM-768x765.jpeg 768w\" sizes=\"auto, (max-width: 814px) 100vw, 814px\" \/><\/figure>\n\n\n\n<figure class=\"wp-block-image size-large\"><img loading=\"lazy\" decoding=\"async\" width=\"812\" height=\"817\" data-id=\"59\" src=\"https:\/\/www.crea.gov.co\/crea-gustavo-restrepo\/wp-content\/uploads\/sites\/15\/2022\/06\/WhatsApp-Image-2022-06-13-at-12.04.04-PM.jpeg\" alt=\"\" class=\"wp-image-59\" srcset=\"https:\/\/www.crea.gov.co\/crea-gustavo-restrepo\/wp-content\/uploads\/sites\/15\/2022\/06\/WhatsApp-Image-2022-06-13-at-12.04.04-PM.jpeg 812w, https:\/\/www.crea.gov.co\/crea-gustavo-restrepo\/wp-content\/uploads\/sites\/15\/2022\/06\/WhatsApp-Image-2022-06-13-at-12.04.04-PM-298x300.jpeg 298w, https:\/\/www.crea.gov.co\/crea-gustavo-restrepo\/wp-content\/uploads\/sites\/15\/2022\/06\/WhatsApp-Image-2022-06-13-at-12.04.04-PM-150x150.jpeg 150w, https:\/\/www.crea.gov.co\/crea-gustavo-restrepo\/wp-content\/uploads\/sites\/15\/2022\/06\/WhatsApp-Image-2022-06-13-at-12.04.04-PM-768x773.jpeg 768w\" sizes=\"auto, (max-width: 812px) 100vw, 812px\" \/><\/figure>\n<\/figure>\n\n\n\n<p><\/p>\n","protected":false},"excerpt":{"rendered":"","protected":false},"author":49,"featured_media":54,"comment_status":"open","ping_status":"closed","sticky":false,"template":"","format":"standard","meta":{"footnotes":""},"categories":[1],"tags":[],"class_list":["post-50","post","type-post","status-publish","format-standard","has-post-thumbnail","hentry","category-sin-categoria"],"yoast_head":"<!-- This site is optimized with the Yoast SEO plugin v24.5 - https:\/\/yoast.com\/wordpress\/plugins\/seo\/ -->\n<title>LLegaron las vacaciones al CREA ven y diviertete aprendiendo inscripciones abiertas. - Crea Gustavo Restrepo<\/title>\n<meta name=\"robots\" content=\"index, follow, max-snippet:-1, max-image-preview:large, max-video-preview:-1\" \/>\n<link rel=\"canonical\" href=\"https:\/\/www.crea.gov.co\/crea-gustavo-restrepo\/llegaron-las-vacaciones-al-crea-ven-y-diviertete-aprendiendo-inscripciones-abiertas\/\" \/>\n<meta property=\"og:locale\" content=\"es_ES\" \/>\n<meta property=\"og:type\" content=\"article\" \/>\n<meta property=\"og:title\" content=\"LLegaron las vacaciones al CREA ven y diviertete aprendiendo inscripciones abiertas. - Crea Gustavo Restrepo\" \/>\n<meta property=\"og:url\" content=\"https:\/\/www.crea.gov.co\/crea-gustavo-restrepo\/llegaron-las-vacaciones-al-crea-ven-y-diviertete-aprendiendo-inscripciones-abiertas\/\" \/>\n<meta property=\"og:site_name\" content=\"Crea Gustavo Restrepo\" \/>\n<meta property=\"article:published_time\" content=\"2022-06-13T17:15:45+00:00\" \/>\n<meta property=\"article:modified_time\" content=\"2022-10-07T02:41:06+00:00\" \/>\n<meta property=\"og:image\" content=\"https:\/\/www.crea.gov.co\/crea-gustavo-restrepo\/wp-content\/uploads\/sites\/15\/2022\/06\/WhatsApp-Image-2022-06-13-at-12.01.08-PM.jpeg\" \/>\n\t<meta property=\"og:image:width\" content=\"813\" \/>\n\t<meta property=\"og:image:height\" content=\"809\" \/>\n\t<meta property=\"og:image:type\" content=\"image\/jpeg\" \/>\n<meta name=\"author\" content=\"adrianmoncayo\" \/>\n<meta name=\"twitter:card\" content=\"summary_large_image\" \/>\n<meta name=\"twitter:label1\" content=\"Escrito por\" \/>\n\t<meta name=\"twitter:data1\" content=\"adrianmoncayo\" \/>\n\t<meta name=\"twitter:label2\" content=\"Tiempo de lectura\" \/>\n\t<meta name=\"twitter:data2\" content=\"2 minutos\" \/>\n<script type=\"application\/ld+json\" class=\"yoast-schema-graph\">{\"@context\":\"https:\/\/schema.org\",\"@graph\":[{\"@type\":\"WebPage\",\"@id\":\"https:\/\/www.crea.gov.co\/crea-gustavo-restrepo\/llegaron-las-vacaciones-al-crea-ven-y-diviertete-aprendiendo-inscripciones-abiertas\/\",\"url\":\"https:\/\/www.crea.gov.co\/crea-gustavo-restrepo\/llegaron-las-vacaciones-al-crea-ven-y-diviertete-aprendiendo-inscripciones-abiertas\/\",\"name\":\"LLegaron las vacaciones al CREA ven y diviertete aprendiendo inscripciones abiertas. - Crea Gustavo Restrepo\",\"isPartOf\":{\"@id\":\"https:\/\/www.crea.gov.co\/crea-gustavo-restrepo\/#website\"},\"primaryImageOfPage\":{\"@id\":\"https:\/\/www.crea.gov.co\/crea-gustavo-restrepo\/llegaron-las-vacaciones-al-crea-ven-y-diviertete-aprendiendo-inscripciones-abiertas\/#primaryimage\"},\"image\":{\"@id\":\"https:\/\/www.crea.gov.co\/crea-gustavo-restrepo\/llegaron-las-vacaciones-al-crea-ven-y-diviertete-aprendiendo-inscripciones-abiertas\/#primaryimage\"},\"thumbnailUrl\":\"https:\/\/www.crea.gov.co\/crea-gustavo-restrepo\/wp-content\/uploads\/sites\/15\/2022\/06\/WhatsApp-Image-2022-06-13-at-12.01.08-PM.jpeg\",\"datePublished\":\"2022-06-13T17:15:45+00:00\",\"dateModified\":\"2022-10-07T02:41:06+00:00\",\"author\":{\"@id\":\"https:\/\/www.crea.gov.co\/crea-gustavo-restrepo\/#\/schema\/person\/ec76ecbb030c8f6cbd17e9b2a46a0a75\"},\"breadcrumb\":{\"@id\":\"https:\/\/www.crea.gov.co\/crea-gustavo-restrepo\/llegaron-las-vacaciones-al-crea-ven-y-diviertete-aprendiendo-inscripciones-abiertas\/#breadcrumb\"},\"inLanguage\":\"es-CO\",\"potentialAction\":[{\"@type\":\"ReadAction\",\"target\":[\"https:\/\/www.crea.gov.co\/crea-gustavo-restrepo\/llegaron-las-vacaciones-al-crea-ven-y-diviertete-aprendiendo-inscripciones-abiertas\/\"]}]},{\"@type\":\"ImageObject\",\"inLanguage\":\"es-CO\",\"@id\":\"https:\/\/www.crea.gov.co\/crea-gustavo-restrepo\/llegaron-las-vacaciones-al-crea-ven-y-diviertete-aprendiendo-inscripciones-abiertas\/#primaryimage\",\"url\":\"https:\/\/www.crea.gov.co\/crea-gustavo-restrepo\/wp-content\/uploads\/sites\/15\/2022\/06\/WhatsApp-Image-2022-06-13-at-12.01.08-PM.jpeg\",\"contentUrl\":\"https:\/\/www.crea.gov.co\/crea-gustavo-restrepo\/wp-content\/uploads\/sites\/15\/2022\/06\/WhatsApp-Image-2022-06-13-at-12.01.08-PM.jpeg\",\"width\":813,\"height\":809},{\"@type\":\"BreadcrumbList\",\"@id\":\"https:\/\/www.crea.gov.co\/crea-gustavo-restrepo\/llegaron-las-vacaciones-al-crea-ven-y-diviertete-aprendiendo-inscripciones-abiertas\/#breadcrumb\",\"itemListElement\":[{\"@type\":\"ListItem\",\"position\":1,\"name\":\"Home\",\"item\":\"https:\/\/www.crea.gov.co\/crea-gustavo-restrepo\/\"},{\"@type\":\"ListItem\",\"position\":2,\"name\":\"LLegaron las vacaciones al CREA ven y diviertete aprendiendo inscripciones abiertas.\"}]},{\"@type\":\"WebSite\",\"@id\":\"https:\/\/www.crea.gov.co\/crea-gustavo-restrepo\/#website\",\"url\":\"https:\/\/www.crea.gov.co\/crea-gustavo-restrepo\/\",\"name\":\"Crea Gustavo Restrepo\",\"description\":\"En Rafael Uribe Uribe, este centro de formaci\u00f3n art\u00edstica, est\u00e1 rodeado de parques y calles donde la vida de barrio se vive a diario. Este centro de formaci\u00f3n es un espacio para quienes valoran la cercan\u00eda entre vecinos y la tradici\u00f3n de compartir en comunidad. Aqu\u00ed, el arte se suma a la historia local y se convierte en una herramienta para fortalecer los lazos y dar nuevas voces a quienes hacen parte de este sector del sur de Bogot\u00e1.\",\"potentialAction\":[{\"@type\":\"SearchAction\",\"target\":{\"@type\":\"EntryPoint\",\"urlTemplate\":\"https:\/\/www.crea.gov.co\/crea-gustavo-restrepo\/?s={search_term_string}\"},\"query-input\":{\"@type\":\"PropertyValueSpecification\",\"valueRequired\":true,\"valueName\":\"search_term_string\"}}],\"inLanguage\":\"es-CO\"},{\"@type\":\"Person\",\"@id\":\"https:\/\/www.crea.gov.co\/crea-gustavo-restrepo\/#\/schema\/person\/ec76ecbb030c8f6cbd17e9b2a46a0a75\",\"name\":\"adrianmoncayo\",\"image\":{\"@type\":\"ImageObject\",\"inLanguage\":\"es-CO\",\"@id\":\"https:\/\/www.crea.gov.co\/crea-gustavo-restrepo\/#\/schema\/person\/image\/\",\"url\":\"https:\/\/secure.gravatar.com\/avatar\/ed4d32da878c327f6567802002e960de?s=96&d=mm&r=g\",\"contentUrl\":\"https:\/\/secure.gravatar.com\/avatar\/ed4d32da878c327f6567802002e960de?s=96&d=mm&r=g\",\"caption\":\"adrianmoncayo\"},\"url\":\"https:\/\/www.crea.gov.co\/crea-gustavo-restrepo\/author\/adrianmoncayo\/\"}]}<\/script>\n<!-- \/ Yoast SEO plugin. -->","yoast_head_json":{"title":"LLegaron las vacaciones al CREA ven y diviertete aprendiendo inscripciones abiertas. - Crea Gustavo Restrepo","robots":{"index":"index","follow":"follow","max-snippet":"max-snippet:-1","max-image-preview":"max-image-preview:large","max-video-preview":"max-video-preview:-1"},"canonical":"https:\/\/www.crea.gov.co\/crea-gustavo-restrepo\/llegaron-las-vacaciones-al-crea-ven-y-diviertete-aprendiendo-inscripciones-abiertas\/","og_locale":"es_ES","og_type":"article","og_title":"LLegaron las vacaciones al CREA ven y diviertete aprendiendo inscripciones abiertas. - Crea Gustavo Restrepo","og_url":"https:\/\/www.crea.gov.co\/crea-gustavo-restrepo\/llegaron-las-vacaciones-al-crea-ven-y-diviertete-aprendiendo-inscripciones-abiertas\/","og_site_name":"Crea Gustavo Restrepo","article_published_time":"2022-06-13T17:15:45+00:00","article_modified_time":"2022-10-07T02:41:06+00:00","og_image":[{"width":813,"height":809,"url":"https:\/\/www.crea.gov.co\/crea-gustavo-restrepo\/wp-content\/uploads\/sites\/15\/2022\/06\/WhatsApp-Image-2022-06-13-at-12.01.08-PM.jpeg","type":"image\/jpeg"}],"author":"adrianmoncayo","twitter_card":"summary_large_image","twitter_misc":{"Escrito por":"adrianmoncayo","Tiempo de lectura":"2 minutos"},"schema":{"@context":"https:\/\/schema.org","@graph":[{"@type":"WebPage","@id":"https:\/\/www.crea.gov.co\/crea-gustavo-restrepo\/llegaron-las-vacaciones-al-crea-ven-y-diviertete-aprendiendo-inscripciones-abiertas\/","url":"https:\/\/www.crea.gov.co\/crea-gustavo-restrepo\/llegaron-las-vacaciones-al-crea-ven-y-diviertete-aprendiendo-inscripciones-abiertas\/","name":"LLegaron las vacaciones al CREA ven y diviertete aprendiendo inscripciones abiertas. - Crea Gustavo Restrepo","isPartOf":{"@id":"https:\/\/www.crea.gov.co\/crea-gustavo-restrepo\/#website"},"primaryImageOfPage":{"@id":"https:\/\/www.crea.gov.co\/crea-gustavo-restrepo\/llegaron-las-vacaciones-al-crea-ven-y-diviertete-aprendiendo-inscripciones-abiertas\/#primaryimage"},"image":{"@id":"https:\/\/www.crea.gov.co\/crea-gustavo-restrepo\/llegaron-las-vacaciones-al-crea-ven-y-diviertete-aprendiendo-inscripciones-abiertas\/#primaryimage"},"thumbnailUrl":"https:\/\/www.crea.gov.co\/crea-gustavo-restrepo\/wp-content\/uploads\/sites\/15\/2022\/06\/WhatsApp-Image-2022-06-13-at-12.01.08-PM.jpeg","datePublished":"2022-06-13T17:15:45+00:00","dateModified":"2022-10-07T02:41:06+00:00","author":{"@id":"https:\/\/www.crea.gov.co\/crea-gustavo-restrepo\/#\/schema\/person\/ec76ecbb030c8f6cbd17e9b2a46a0a75"},"breadcrumb":{"@id":"https:\/\/www.crea.gov.co\/crea-gustavo-restrepo\/llegaron-las-vacaciones-al-crea-ven-y-diviertete-aprendiendo-inscripciones-abiertas\/#breadcrumb"},"inLanguage":"es-CO","potentialAction":[{"@type":"ReadAction","target":["https:\/\/www.crea.gov.co\/crea-gustavo-restrepo\/llegaron-las-vacaciones-al-crea-ven-y-diviertete-aprendiendo-inscripciones-abiertas\/"]}]},{"@type":"ImageObject","inLanguage":"es-CO","@id":"https:\/\/www.crea.gov.co\/crea-gustavo-restrepo\/llegaron-las-vacaciones-al-crea-ven-y-diviertete-aprendiendo-inscripciones-abiertas\/#primaryimage","url":"https:\/\/www.crea.gov.co\/crea-gustavo-restrepo\/wp-content\/uploads\/sites\/15\/2022\/06\/WhatsApp-Image-2022-06-13-at-12.01.08-PM.jpeg","contentUrl":"https:\/\/www.crea.gov.co\/crea-gustavo-restrepo\/wp-content\/uploads\/sites\/15\/2022\/06\/WhatsApp-Image-2022-06-13-at-12.01.08-PM.jpeg","width":813,"height":809},{"@type":"BreadcrumbList","@id":"https:\/\/www.crea.gov.co\/crea-gustavo-restrepo\/llegaron-las-vacaciones-al-crea-ven-y-diviertete-aprendiendo-inscripciones-abiertas\/#breadcrumb","itemListElement":[{"@type":"ListItem","position":1,"name":"Home","item":"https:\/\/www.crea.gov.co\/crea-gustavo-restrepo\/"},{"@type":"ListItem","position":2,"name":"LLegaron las vacaciones al CREA ven y diviertete aprendiendo inscripciones abiertas."}]},{"@type":"WebSite","@id":"https:\/\/www.crea.gov.co\/crea-gustavo-restrepo\/#website","url":"https:\/\/www.crea.gov.co\/crea-gustavo-restrepo\/","name":"Crea Gustavo Restrepo","description":"En Rafael Uribe Uribe, este centro de formaci\u00f3n art\u00edstica, est\u00e1 rodeado de parques y calles donde la vida de barrio se vive a diario. Este centro de formaci\u00f3n es un espacio para quienes valoran la cercan\u00eda entre vecinos y la tradici\u00f3n de compartir en comunidad. Aqu\u00ed, el arte se suma a la historia local y se convierte en una herramienta para fortalecer los lazos y dar nuevas voces a quienes hacen parte de este sector del sur de Bogot\u00e1.","potentialAction":[{"@type":"SearchAction","target":{"@type":"EntryPoint","urlTemplate":"https:\/\/www.crea.gov.co\/crea-gustavo-restrepo\/?s={search_term_string}"},"query-input":{"@type":"PropertyValueSpecification","valueRequired":true,"valueName":"search_term_string"}}],"inLanguage":"es-CO"},{"@type":"Person","@id":"https:\/\/www.crea.gov.co\/crea-gustavo-restrepo\/#\/schema\/person\/ec76ecbb030c8f6cbd17e9b2a46a0a75","name":"adrianmoncayo","image":{"@type":"ImageObject","inLanguage":"es-CO","@id":"https:\/\/www.crea.gov.co\/crea-gustavo-restrepo\/#\/schema\/person\/image\/","url":"https:\/\/secure.gravatar.com\/avatar\/ed4d32da878c327f6567802002e960de?s=96&d=mm&r=g","contentUrl":"https:\/\/secure.gravatar.com\/avatar\/ed4d32da878c327f6567802002e960de?s=96&d=mm&r=g","caption":"adrianmoncayo"},"url":"https:\/\/www.crea.gov.co\/crea-gustavo-restrepo\/author\/adrianmoncayo\/"}]}},"_links":{"self":[{"href":"https:\/\/www.crea.gov.co\/crea-gustavo-restrepo\/wp-json\/wp\/v2\/posts\/50","targetHints":{"allow":["GET"]}}],"collection":[{"href":"https:\/\/www.crea.gov.co\/crea-gustavo-restrepo\/wp-json\/wp\/v2\/posts"}],"about":[{"href":"https:\/\/www.crea.gov.co\/crea-gustavo-restrepo\/wp-json\/wp\/v2\/types\/post"}],"author":[{"embeddable":true,"href":"https:\/\/www.crea.gov.co\/crea-gustavo-restrepo\/wp-json\/wp\/v2\/users\/49"}],"replies":[{"embeddable":true,"href":"https:\/\/www.crea.gov.co\/crea-gustavo-restrepo\/wp-json\/wp\/v2\/comments?post=50"}],"version-history":[{"count":1,"href":"https:\/\/www.crea.gov.co\/crea-gustavo-restrepo\/wp-json\/wp\/v2\/posts\/50\/revisions"}],"predecessor-version":[{"id":95,"href":"https:\/\/www.crea.gov.co\/crea-gustavo-restrepo\/wp-json\/wp\/v2\/posts\/50\/revisions\/95"}],"wp:featuredmedia":[{"embeddable":true,"href":"https:\/\/www.crea.gov.co\/crea-gustavo-restrepo\/wp-json\/wp\/v2\/media\/54"}],"wp:attachment":[{"href":"https:\/\/www.crea.gov.co\/crea-gustavo-restrepo\/wp-json\/wp\/v2\/media?parent=50"}],"wp:term":[{"taxonomy":"category","embeddable":true,"href":"https:\/\/www.crea.gov.co\/crea-gustavo-restrepo\/wp-json\/wp\/v2\/categories?post=50"},{"taxonomy":"post_tag","embeddable":true,"href":"https:\/\/www.crea.gov.co\/crea-gustavo-restrepo\/wp-json\/wp\/v2\/tags?post=50"}],"curies":[{"name":"wp","href":"https:\/\/api.w.org\/{rel}","templated":true}]}}