{"id":23,"date":"2021-11-26T00:21:34","date_gmt":"2021-11-26T00:21:34","guid":{"rendered":"https:\/\/www.crea.gov.co\/crea-gustavo-restrepo\/?post_type=news&#038;p=23"},"modified":"2021-11-26T00:36:30","modified_gmt":"2021-11-26T00:36:30","slug":"clausura-festival-creadores-a-la-escena","status":"publish","type":"post","link":"https:\/\/www.crea.gov.co\/crea-gustavo-restrepo\/clausura-festival-creadores-a-la-escena\/","title":{"rendered":"Clausura Festival Creadores a la Escena"},"content":{"rendered":"\n<p>El <strong>pr\u00f3ximo 25 de noviembre desde las 4:00 pm en el celebrado Teatro el Ensue\u00f1o<\/strong>, se llevar\u00e1 a cabo la clausura del IV festival creadores a la escena, encuentro joven de teatro, bajo el lema \u201cSubamos el tel\u00f3n&#8221;.&nbsp;Este encuentro se ha venido caracterizando desde el mes de septiembre por su apuesta al fortalecimiento de la idea del teatro en comunidad y el encuentro con los dem\u00e1s lenguajes art\u00edsticos; por ello, en esta gran clausura nos encontraremos con un gala de reconocimientos a los procesos de formaci\u00f3n y creaci\u00f3n adelantados por los distintos colectivos de teatro y una suerte de aproximaciones entre \u00e1reas art\u00edsticas de la l\u00ednea estrat\u00e9gica Impulso colectivo (Danza, M\u00fasica y Artes electr\u00f3nicas).&nbsp;<br>Para el ingreso y control de aforo, se hace necesaria una previa inscripci\u00f3n, con el fin de cumplir con los protocolos establecidos por la entidad. Para ello, les agradecemos leer con atenci\u00f3n cada una de las preguntas que contiene este formulario y enviar las respuestas.&nbsp;<a rel=\"noreferrer noopener\" href=\"https:\/\/forms.gle\/YyGyzWpF8G5dU2xk8\" target=\"_blank\">https:\/\/forms.gle\/YyGyzWpF8G5dU2xk8<\/a><\/p>\n\n\n\n<figure class=\"wp-block-image size-large\"><img loading=\"lazy\" decoding=\"async\" width=\"1024\" height=\"694\" src=\"https:\/\/www.crea.gov.co\/crea-gustavo-restrepo\/wp-content\/uploads\/sites\/15\/2021\/11\/CREADORES-A-LA-ESCENA_1500x1500px_clausura_25nov-1024x694.jpg\" alt=\"\" class=\"wp-image-24\" srcset=\"https:\/\/www.crea.gov.co\/crea-gustavo-restrepo\/wp-content\/uploads\/sites\/15\/2021\/11\/CREADORES-A-LA-ESCENA_1500x1500px_clausura_25nov-1024x694.jpg 1024w, https:\/\/www.crea.gov.co\/crea-gustavo-restrepo\/wp-content\/uploads\/sites\/15\/2021\/11\/CREADORES-A-LA-ESCENA_1500x1500px_clausura_25nov-300x203.jpg 300w, https:\/\/www.crea.gov.co\/crea-gustavo-restrepo\/wp-content\/uploads\/sites\/15\/2021\/11\/CREADORES-A-LA-ESCENA_1500x1500px_clausura_25nov-768x520.jpg 768w, https:\/\/www.crea.gov.co\/crea-gustavo-restrepo\/wp-content\/uploads\/sites\/15\/2021\/11\/CREADORES-A-LA-ESCENA_1500x1500px_clausura_25nov.jpg 1492w\" sizes=\"auto, (max-width: 1024px) 100vw, 1024px\" \/><\/figure>\n","protected":false},"excerpt":{"rendered":"<p>El pr\u00f3ximo 25 de noviembre desde las 4:00 pm en el celebrado Teatro el Ensue\u00f1o, se llevar\u00e1 a cabo la clausura del IV festival creadores a la escena, encuentro joven de teatro, bajo el lema \u201cSubamos el tel\u00f3n&#8221;.&nbsp;Este encuentro se ha venido caracterizando desde el mes de septiembre por su apuesta al fortalecimiento de la [&hellip;]<\/p>\n","protected":false},"author":49,"featured_media":0,"comment_status":"open","ping_status":"closed","sticky":false,"template":"","format":"standard","meta":{"footnotes":""},"categories":[],"tags":[],"class_list":["post-23","post","type-post","status-publish","format-standard","hentry"],"yoast_head":"<!-- This site is optimized with the Yoast SEO plugin v24.5 - https:\/\/yoast.com\/wordpress\/plugins\/seo\/ -->\n<title>Clausura Festival Creadores a la Escena - Crea Gustavo Restrepo<\/title>\n<meta name=\"robots\" content=\"index, follow, max-snippet:-1, max-image-preview:large, max-video-preview:-1\" \/>\n<link rel=\"canonical\" href=\"https:\/\/www.crea.gov.co\/crea-gustavo-restrepo\/clausura-festival-creadores-a-la-escena\/\" \/>\n<meta property=\"og:locale\" content=\"es_ES\" \/>\n<meta property=\"og:type\" content=\"article\" \/>\n<meta property=\"og:title\" content=\"Clausura Festival Creadores a la Escena - Crea Gustavo Restrepo\" \/>\n<meta property=\"og:description\" content=\"El pr\u00f3ximo 25 de noviembre desde las 4:00 pm en el celebrado Teatro el Ensue\u00f1o, se llevar\u00e1 a cabo la clausura del IV festival creadores a la escena, encuentro joven de teatro, bajo el lema \u201cSubamos el tel\u00f3n&#8221;.&nbsp;Este encuentro se ha venido caracterizando desde el mes de septiembre por su apuesta al fortalecimiento de la [&hellip;]\" \/>\n<meta property=\"og:url\" content=\"https:\/\/www.crea.gov.co\/crea-gustavo-restrepo\/clausura-festival-creadores-a-la-escena\/\" \/>\n<meta property=\"og:site_name\" content=\"Crea Gustavo Restrepo\" \/>\n<meta property=\"article:published_time\" content=\"2021-11-26T00:21:34+00:00\" \/>\n<meta property=\"article:modified_time\" content=\"2021-11-26T00:36:30+00:00\" \/>\n<meta property=\"og:image\" content=\"https:\/\/www.crea.gov.co\/crea-gustavo-restrepo\/wp-content\/uploads\/sites\/15\/2021\/11\/CREADORES-A-LA-ESCENA_1500x1500px_clausura_25nov-1024x694.jpg\" \/>\n<meta name=\"author\" content=\"adrianmoncayo\" \/>\n<meta name=\"twitter:card\" content=\"summary_large_image\" \/>\n<meta name=\"twitter:label1\" content=\"Escrito por\" \/>\n\t<meta name=\"twitter:data1\" content=\"adrianmoncayo\" \/>\n\t<meta name=\"twitter:label2\" content=\"Tiempo de lectura\" \/>\n\t<meta name=\"twitter:data2\" content=\"1 minuto\" \/>\n<script type=\"application\/ld+json\" class=\"yoast-schema-graph\">{\"@context\":\"https:\/\/schema.org\",\"@graph\":[{\"@type\":\"WebPage\",\"@id\":\"https:\/\/www.crea.gov.co\/crea-gustavo-restrepo\/clausura-festival-creadores-a-la-escena\/\",\"url\":\"https:\/\/www.crea.gov.co\/crea-gustavo-restrepo\/clausura-festival-creadores-a-la-escena\/\",\"name\":\"Clausura Festival Creadores a la Escena - Crea Gustavo Restrepo\",\"isPartOf\":{\"@id\":\"https:\/\/www.crea.gov.co\/crea-gustavo-restrepo\/#website\"},\"primaryImageOfPage\":{\"@id\":\"https:\/\/www.crea.gov.co\/crea-gustavo-restrepo\/clausura-festival-creadores-a-la-escena\/#primaryimage\"},\"image\":{\"@id\":\"https:\/\/www.crea.gov.co\/crea-gustavo-restrepo\/clausura-festival-creadores-a-la-escena\/#primaryimage\"},\"thumbnailUrl\":\"https:\/\/www.crea.gov.co\/crea-gustavo-restrepo\/wp-content\/uploads\/sites\/15\/2021\/11\/CREADORES-A-LA-ESCENA_1500x1500px_clausura_25nov-1024x694.jpg\",\"datePublished\":\"2021-11-26T00:21:34+00:00\",\"dateModified\":\"2021-11-26T00:36:30+00:00\",\"author\":{\"@id\":\"https:\/\/www.crea.gov.co\/crea-gustavo-restrepo\/#\/schema\/person\/ec76ecbb030c8f6cbd17e9b2a46a0a75\"},\"breadcrumb\":{\"@id\":\"https:\/\/www.crea.gov.co\/crea-gustavo-restrepo\/clausura-festival-creadores-a-la-escena\/#breadcrumb\"},\"inLanguage\":\"es-CO\",\"potentialAction\":[{\"@type\":\"ReadAction\",\"target\":[\"https:\/\/www.crea.gov.co\/crea-gustavo-restrepo\/clausura-festival-creadores-a-la-escena\/\"]}]},{\"@type\":\"ImageObject\",\"inLanguage\":\"es-CO\",\"@id\":\"https:\/\/www.crea.gov.co\/crea-gustavo-restrepo\/clausura-festival-creadores-a-la-escena\/#primaryimage\",\"url\":\"https:\/\/www.crea.gov.co\/crea-gustavo-restrepo\/wp-content\/uploads\/sites\/15\/2021\/11\/CREADORES-A-LA-ESCENA_1500x1500px_clausura_25nov.jpg\",\"contentUrl\":\"https:\/\/www.crea.gov.co\/crea-gustavo-restrepo\/wp-content\/uploads\/sites\/15\/2021\/11\/CREADORES-A-LA-ESCENA_1500x1500px_clausura_25nov.jpg\",\"width\":1492,\"height\":1011},{\"@type\":\"BreadcrumbList\",\"@id\":\"https:\/\/www.crea.gov.co\/crea-gustavo-restrepo\/clausura-festival-creadores-a-la-escena\/#breadcrumb\",\"itemListElement\":[{\"@type\":\"ListItem\",\"position\":1,\"name\":\"Home\",\"item\":\"https:\/\/www.crea.gov.co\/crea-gustavo-restrepo\/\"},{\"@type\":\"ListItem\",\"position\":2,\"name\":\"Clausura Festival Creadores a la Escena\"}]},{\"@type\":\"WebSite\",\"@id\":\"https:\/\/www.crea.gov.co\/crea-gustavo-restrepo\/#website\",\"url\":\"https:\/\/www.crea.gov.co\/crea-gustavo-restrepo\/\",\"name\":\"Crea Gustavo Restrepo\",\"description\":\"En Rafael Uribe Uribe, este centro de formaci\u00f3n art\u00edstica, est\u00e1 rodeado de parques y calles donde la vida de barrio se vive a diario. Este centro de formaci\u00f3n es un espacio para quienes valoran la cercan\u00eda entre vecinos y la tradici\u00f3n de compartir en comunidad. Aqu\u00ed, el arte se suma a la historia local y se convierte en una herramienta para fortalecer los lazos y dar nuevas voces a quienes hacen parte de este sector del sur de Bogot\u00e1.\",\"potentialAction\":[{\"@type\":\"SearchAction\",\"target\":{\"@type\":\"EntryPoint\",\"urlTemplate\":\"https:\/\/www.crea.gov.co\/crea-gustavo-restrepo\/?s={search_term_string}\"},\"query-input\":{\"@type\":\"PropertyValueSpecification\",\"valueRequired\":true,\"valueName\":\"search_term_string\"}}],\"inLanguage\":\"es-CO\"},{\"@type\":\"Person\",\"@id\":\"https:\/\/www.crea.gov.co\/crea-gustavo-restrepo\/#\/schema\/person\/ec76ecbb030c8f6cbd17e9b2a46a0a75\",\"name\":\"adrianmoncayo\",\"image\":{\"@type\":\"ImageObject\",\"inLanguage\":\"es-CO\",\"@id\":\"https:\/\/www.crea.gov.co\/crea-gustavo-restrepo\/#\/schema\/person\/image\/\",\"url\":\"https:\/\/secure.gravatar.com\/avatar\/ed4d32da878c327f6567802002e960de?s=96&d=mm&r=g\",\"contentUrl\":\"https:\/\/secure.gravatar.com\/avatar\/ed4d32da878c327f6567802002e960de?s=96&d=mm&r=g\",\"caption\":\"adrianmoncayo\"},\"url\":\"https:\/\/www.crea.gov.co\/crea-gustavo-restrepo\/author\/adrianmoncayo\/\"}]}<\/script>\n<!-- \/ Yoast SEO plugin. -->","yoast_head_json":{"title":"Clausura Festival Creadores a la Escena - Crea Gustavo Restrepo","robots":{"index":"index","follow":"follow","max-snippet":"max-snippet:-1","max-image-preview":"max-image-preview:large","max-video-preview":"max-video-preview:-1"},"canonical":"https:\/\/www.crea.gov.co\/crea-gustavo-restrepo\/clausura-festival-creadores-a-la-escena\/","og_locale":"es_ES","og_type":"article","og_title":"Clausura Festival Creadores a la Escena - Crea Gustavo Restrepo","og_description":"El pr\u00f3ximo 25 de noviembre desde las 4:00 pm en el celebrado Teatro el Ensue\u00f1o, se llevar\u00e1 a cabo la clausura del IV festival creadores a la escena, encuentro joven de teatro, bajo el lema \u201cSubamos el tel\u00f3n&#8221;.&nbsp;Este encuentro se ha venido caracterizando desde el mes de septiembre por su apuesta al fortalecimiento de la [&hellip;]","og_url":"https:\/\/www.crea.gov.co\/crea-gustavo-restrepo\/clausura-festival-creadores-a-la-escena\/","og_site_name":"Crea Gustavo Restrepo","article_published_time":"2021-11-26T00:21:34+00:00","article_modified_time":"2021-11-26T00:36:30+00:00","og_image":[{"url":"https:\/\/www.crea.gov.co\/crea-gustavo-restrepo\/wp-content\/uploads\/sites\/15\/2021\/11\/CREADORES-A-LA-ESCENA_1500x1500px_clausura_25nov-1024x694.jpg","type":"","width":"","height":""}],"author":"adrianmoncayo","twitter_card":"summary_large_image","twitter_misc":{"Escrito por":"adrianmoncayo","Tiempo de lectura":"1 minuto"},"schema":{"@context":"https:\/\/schema.org","@graph":[{"@type":"WebPage","@id":"https:\/\/www.crea.gov.co\/crea-gustavo-restrepo\/clausura-festival-creadores-a-la-escena\/","url":"https:\/\/www.crea.gov.co\/crea-gustavo-restrepo\/clausura-festival-creadores-a-la-escena\/","name":"Clausura Festival Creadores a la Escena - Crea Gustavo Restrepo","isPartOf":{"@id":"https:\/\/www.crea.gov.co\/crea-gustavo-restrepo\/#website"},"primaryImageOfPage":{"@id":"https:\/\/www.crea.gov.co\/crea-gustavo-restrepo\/clausura-festival-creadores-a-la-escena\/#primaryimage"},"image":{"@id":"https:\/\/www.crea.gov.co\/crea-gustavo-restrepo\/clausura-festival-creadores-a-la-escena\/#primaryimage"},"thumbnailUrl":"https:\/\/www.crea.gov.co\/crea-gustavo-restrepo\/wp-content\/uploads\/sites\/15\/2021\/11\/CREADORES-A-LA-ESCENA_1500x1500px_clausura_25nov-1024x694.jpg","datePublished":"2021-11-26T00:21:34+00:00","dateModified":"2021-11-26T00:36:30+00:00","author":{"@id":"https:\/\/www.crea.gov.co\/crea-gustavo-restrepo\/#\/schema\/person\/ec76ecbb030c8f6cbd17e9b2a46a0a75"},"breadcrumb":{"@id":"https:\/\/www.crea.gov.co\/crea-gustavo-restrepo\/clausura-festival-creadores-a-la-escena\/#breadcrumb"},"inLanguage":"es-CO","potentialAction":[{"@type":"ReadAction","target":["https:\/\/www.crea.gov.co\/crea-gustavo-restrepo\/clausura-festival-creadores-a-la-escena\/"]}]},{"@type":"ImageObject","inLanguage":"es-CO","@id":"https:\/\/www.crea.gov.co\/crea-gustavo-restrepo\/clausura-festival-creadores-a-la-escena\/#primaryimage","url":"https:\/\/www.crea.gov.co\/crea-gustavo-restrepo\/wp-content\/uploads\/sites\/15\/2021\/11\/CREADORES-A-LA-ESCENA_1500x1500px_clausura_25nov.jpg","contentUrl":"https:\/\/www.crea.gov.co\/crea-gustavo-restrepo\/wp-content\/uploads\/sites\/15\/2021\/11\/CREADORES-A-LA-ESCENA_1500x1500px_clausura_25nov.jpg","width":1492,"height":1011},{"@type":"BreadcrumbList","@id":"https:\/\/www.crea.gov.co\/crea-gustavo-restrepo\/clausura-festival-creadores-a-la-escena\/#breadcrumb","itemListElement":[{"@type":"ListItem","position":1,"name":"Home","item":"https:\/\/www.crea.gov.co\/crea-gustavo-restrepo\/"},{"@type":"ListItem","position":2,"name":"Clausura Festival Creadores a la Escena"}]},{"@type":"WebSite","@id":"https:\/\/www.crea.gov.co\/crea-gustavo-restrepo\/#website","url":"https:\/\/www.crea.gov.co\/crea-gustavo-restrepo\/","name":"Crea Gustavo Restrepo","description":"En Rafael Uribe Uribe, este centro de formaci\u00f3n art\u00edstica, est\u00e1 rodeado de parques y calles donde la vida de barrio se vive a diario. Este centro de formaci\u00f3n es un espacio para quienes valoran la cercan\u00eda entre vecinos y la tradici\u00f3n de compartir en comunidad. Aqu\u00ed, el arte se suma a la historia local y se convierte en una herramienta para fortalecer los lazos y dar nuevas voces a quienes hacen parte de este sector del sur de Bogot\u00e1.","potentialAction":[{"@type":"SearchAction","target":{"@type":"EntryPoint","urlTemplate":"https:\/\/www.crea.gov.co\/crea-gustavo-restrepo\/?s={search_term_string}"},"query-input":{"@type":"PropertyValueSpecification","valueRequired":true,"valueName":"search_term_string"}}],"inLanguage":"es-CO"},{"@type":"Person","@id":"https:\/\/www.crea.gov.co\/crea-gustavo-restrepo\/#\/schema\/person\/ec76ecbb030c8f6cbd17e9b2a46a0a75","name":"adrianmoncayo","image":{"@type":"ImageObject","inLanguage":"es-CO","@id":"https:\/\/www.crea.gov.co\/crea-gustavo-restrepo\/#\/schema\/person\/image\/","url":"https:\/\/secure.gravatar.com\/avatar\/ed4d32da878c327f6567802002e960de?s=96&d=mm&r=g","contentUrl":"https:\/\/secure.gravatar.com\/avatar\/ed4d32da878c327f6567802002e960de?s=96&d=mm&r=g","caption":"adrianmoncayo"},"url":"https:\/\/www.crea.gov.co\/crea-gustavo-restrepo\/author\/adrianmoncayo\/"}]}},"_links":{"self":[{"href":"https:\/\/www.crea.gov.co\/crea-gustavo-restrepo\/wp-json\/wp\/v2\/posts\/23","targetHints":{"allow":["GET"]}}],"collection":[{"href":"https:\/\/www.crea.gov.co\/crea-gustavo-restrepo\/wp-json\/wp\/v2\/posts"}],"about":[{"href":"https:\/\/www.crea.gov.co\/crea-gustavo-restrepo\/wp-json\/wp\/v2\/types\/post"}],"author":[{"embeddable":true,"href":"https:\/\/www.crea.gov.co\/crea-gustavo-restrepo\/wp-json\/wp\/v2\/users\/49"}],"replies":[{"embeddable":true,"href":"https:\/\/www.crea.gov.co\/crea-gustavo-restrepo\/wp-json\/wp\/v2\/comments?post=23"}],"version-history":[{"count":0,"href":"https:\/\/www.crea.gov.co\/crea-gustavo-restrepo\/wp-json\/wp\/v2\/posts\/23\/revisions"}],"wp:attachment":[{"href":"https:\/\/www.crea.gov.co\/crea-gustavo-restrepo\/wp-json\/wp\/v2\/media?parent=23"}],"wp:term":[{"taxonomy":"category","embeddable":true,"href":"https:\/\/www.crea.gov.co\/crea-gustavo-restrepo\/wp-json\/wp\/v2\/categories?post=23"},{"taxonomy":"post_tag","embeddable":true,"href":"https:\/\/www.crea.gov.co\/crea-gustavo-restrepo\/wp-json\/wp\/v2\/tags?post=23"}],"curies":[{"name":"wp","href":"https:\/\/api.w.org\/{rel}","templated":true}]}}