{"id":884,"date":"2026-04-24T15:05:06","date_gmt":"2026-04-24T20:05:06","guid":{"rendered":"https:\/\/www.crea.gov.co\/crea-fontanar\/?p=884"},"modified":"2026-04-24T15:05:06","modified_gmt":"2026-04-24T20:05:06","slug":"celebremos-el-dia-de-la-ninez-en-crea-fontanar","status":"publish","type":"post","link":"https:\/\/www.crea.gov.co\/crea-fontanar\/celebremos-el-dia-de-la-ninez-en-crea-fontanar\/","title":{"rendered":"\u00a1Celebremos el D\u00eda de la Ni\u00f1ez en Crea Fontanar!"},"content":{"rendered":"\n<p><img loading=\"lazy\" decoding=\"async\" width=\"2048\" height=\"2560\" class=\"wp-image-894\" style=\"width: 500px\" src=\"https:\/\/www.crea.gov.co\/crea-fontanar\/wp-content\/uploads\/sites\/24\/2026\/04\/Invitacion-dia-del-nino-Fontanar_page-0001-scaled.jpg\" alt=\"\" srcset=\"https:\/\/www.crea.gov.co\/crea-fontanar\/wp-content\/uploads\/sites\/24\/2026\/04\/Invitacion-dia-del-nino-Fontanar_page-0001-scaled.jpg 2048w, https:\/\/www.crea.gov.co\/crea-fontanar\/wp-content\/uploads\/sites\/24\/2026\/04\/Invitacion-dia-del-nino-Fontanar_page-0001-240x300.jpg 240w, https:\/\/www.crea.gov.co\/crea-fontanar\/wp-content\/uploads\/sites\/24\/2026\/04\/Invitacion-dia-del-nino-Fontanar_page-0001-819x1024.jpg 819w, https:\/\/www.crea.gov.co\/crea-fontanar\/wp-content\/uploads\/sites\/24\/2026\/04\/Invitacion-dia-del-nino-Fontanar_page-0001-768x960.jpg 768w, https:\/\/www.crea.gov.co\/crea-fontanar\/wp-content\/uploads\/sites\/24\/2026\/04\/Invitacion-dia-del-nino-Fontanar_page-0001-1229x1536.jpg 1229w, https:\/\/www.crea.gov.co\/crea-fontanar\/wp-content\/uploads\/sites\/24\/2026\/04\/Invitacion-dia-del-nino-Fontanar_page-0001-1638x2048.jpg 1638w\" sizes=\"auto, (max-width: 2048px) 100vw, 2048px\" \/><br>Bajo el lema &#8220;Disfrutando el mundo que percibo&#8221;, el Crea Fontanar extiende una invitaci\u00f3n especial a todas las ni\u00f1as y ni\u00f1os para celebrar su d\u00eda con una jornada llena de arte, cultura y tradici\u00f3n<br>.<br>La cita es este 26 de abril a partir de las 9:00 am en las instalaciones de Crea Fontanar<br>. Ser\u00e1 un espacio dise\u00f1ado para explorar los sentidos y la creatividad a trav\u00e9s de las siguientes actividades:<br>Historias M\u00e1gicas: Un encuentro con nuestras ra\u00edces donde se escuchar\u00e1n relatos de antepasados y se aprender\u00e1n palabras en lengua Muisca. Adem\u00e1s, los asistentes podr\u00e1n pintar postales inspiradas en la naturaleza de su barrio<br>.<br>Muro de Colores: \u00a1Tu arte a la vista de todos! Los dibujos realizados durante la jornada formar\u00e1n parte de una exposici\u00f3n especial en el Crea<br>.<br>Clase Abierta de Salsa: El ritmo se toma la celebraci\u00f3n con una sesi\u00f3n de baile dirigida por Bamboleo Salsa Kids, el grupo de salsa representativo de Crea Fontanar<br>.<br>Cierre Musical: La celebraci\u00f3n finalizar\u00e1 con broche de oro con la presentaci\u00f3n de Sugamuxi, el talentoso grupo infantil proveniente de Crea la Campi\u00f1a<br>.<br>No te pierdas esta oportunidad de jugar, aprender y crear comunidad. Para obtener m\u00e1s informaci\u00f3n, puedes visitar el sitio web oficial: www.crea.gov.co<br>.<\/p>\n\n\n\n<p><\/p>\n","protected":false},"excerpt":{"rendered":"<p>Bajo el lema &#8220;Disfrutando el mundo que percibo&#8221;, el Crea Fontanar extiende una invitaci\u00f3n especial a todas las ni\u00f1as y ni\u00f1os para celebrar su d\u00eda con una jornada llena de arte, cultura y tradici\u00f3n.La cita es este 26 de abril a partir de las 9:00 am en las instalaciones de Crea Fontanar. Ser\u00e1 un espacio [&hellip;]<\/p>\n","protected":false},"author":83,"featured_media":0,"comment_status":"open","ping_status":"open","sticky":false,"template":"","format":"standard","meta":{"footnotes":""},"categories":[1],"tags":[],"class_list":["post-884","post","type-post","status-publish","format-standard","hentry","category-sin-categoria"],"yoast_head":"<!-- This site is optimized with the Yoast SEO plugin v24.5 - https:\/\/yoast.com\/wordpress\/plugins\/seo\/ -->\n<title>\u00a1Celebremos el D\u00eda de la Ni\u00f1ez en Crea Fontanar! - Crea Fontanar<\/title>\n<meta name=\"robots\" content=\"index, follow, max-snippet:-1, max-image-preview:large, max-video-preview:-1\" \/>\n<link rel=\"canonical\" href=\"https:\/\/www.crea.gov.co\/crea-fontanar\/celebremos-el-dia-de-la-ninez-en-crea-fontanar\/\" \/>\n<meta property=\"og:locale\" content=\"es_ES\" \/>\n<meta property=\"og:type\" content=\"article\" \/>\n<meta property=\"og:title\" content=\"\u00a1Celebremos el D\u00eda de la Ni\u00f1ez en Crea Fontanar! - Crea Fontanar\" \/>\n<meta property=\"og:description\" content=\"Bajo el lema &#8220;Disfrutando el mundo que percibo&#8221;, el Crea Fontanar extiende una invitaci\u00f3n especial a todas las ni\u00f1as y ni\u00f1os para celebrar su d\u00eda con una jornada llena de arte, cultura y tradici\u00f3n.La cita es este 26 de abril a partir de las 9:00 am en las instalaciones de Crea Fontanar. Ser\u00e1 un espacio [&hellip;]\" \/>\n<meta property=\"og:url\" content=\"https:\/\/www.crea.gov.co\/crea-fontanar\/celebremos-el-dia-de-la-ninez-en-crea-fontanar\/\" \/>\n<meta property=\"og:site_name\" content=\"Crea Fontanar\" \/>\n<meta property=\"article:published_time\" content=\"2026-04-24T20:05:06+00:00\" \/>\n<meta property=\"og:image\" content=\"https:\/\/www.crea.gov.co\/crea-fontanar\/wp-content\/uploads\/sites\/24\/2026\/04\/Invitacion-dia-del-nino-Fontanar_page-0001-scaled.jpg\" \/>\n\t<meta property=\"og:image:width\" content=\"2048\" \/>\n\t<meta property=\"og:image:height\" content=\"2560\" \/>\n\t<meta property=\"og:image:type\" content=\"image\/jpeg\" \/>\n<meta name=\"author\" content=\"creafontanar\" \/>\n<meta name=\"twitter:card\" content=\"summary_large_image\" \/>\n<meta name=\"twitter:label1\" content=\"Escrito por\" \/>\n\t<meta name=\"twitter:data1\" content=\"creafontanar\" \/>\n\t<meta name=\"twitter:label2\" content=\"Tiempo de lectura\" \/>\n\t<meta name=\"twitter:data2\" content=\"2 minutos\" \/>\n<script type=\"application\/ld+json\" class=\"yoast-schema-graph\">{\"@context\":\"https:\/\/schema.org\",\"@graph\":[{\"@type\":\"WebPage\",\"@id\":\"https:\/\/www.crea.gov.co\/crea-fontanar\/celebremos-el-dia-de-la-ninez-en-crea-fontanar\/\",\"url\":\"https:\/\/www.crea.gov.co\/crea-fontanar\/celebremos-el-dia-de-la-ninez-en-crea-fontanar\/\",\"name\":\"\u00a1Celebremos el D\u00eda de la Ni\u00f1ez en Crea Fontanar! - Crea Fontanar\",\"isPartOf\":{\"@id\":\"https:\/\/www.crea.gov.co\/crea-fontanar\/#website\"},\"primaryImageOfPage\":{\"@id\":\"https:\/\/www.crea.gov.co\/crea-fontanar\/celebremos-el-dia-de-la-ninez-en-crea-fontanar\/#primaryimage\"},\"image\":{\"@id\":\"https:\/\/www.crea.gov.co\/crea-fontanar\/celebremos-el-dia-de-la-ninez-en-crea-fontanar\/#primaryimage\"},\"thumbnailUrl\":\"https:\/\/www.crea.gov.co\/crea-fontanar\/wp-content\/uploads\/sites\/24\/2026\/04\/Invitacion-dia-del-nino-Fontanar_page-0001-scaled.jpg\",\"datePublished\":\"2026-04-24T20:05:06+00:00\",\"author\":{\"@id\":\"https:\/\/www.crea.gov.co\/crea-fontanar\/#\/schema\/person\/5b33c06860d35baa10bfb1387448ab8f\"},\"breadcrumb\":{\"@id\":\"https:\/\/www.crea.gov.co\/crea-fontanar\/celebremos-el-dia-de-la-ninez-en-crea-fontanar\/#breadcrumb\"},\"inLanguage\":\"es-CO\",\"potentialAction\":[{\"@type\":\"ReadAction\",\"target\":[\"https:\/\/www.crea.gov.co\/crea-fontanar\/celebremos-el-dia-de-la-ninez-en-crea-fontanar\/\"]}]},{\"@type\":\"ImageObject\",\"inLanguage\":\"es-CO\",\"@id\":\"https:\/\/www.crea.gov.co\/crea-fontanar\/celebremos-el-dia-de-la-ninez-en-crea-fontanar\/#primaryimage\",\"url\":\"https:\/\/www.crea.gov.co\/crea-fontanar\/wp-content\/uploads\/sites\/24\/2026\/04\/Invitacion-dia-del-nino-Fontanar_page-0001-scaled.jpg\",\"contentUrl\":\"https:\/\/www.crea.gov.co\/crea-fontanar\/wp-content\/uploads\/sites\/24\/2026\/04\/Invitacion-dia-del-nino-Fontanar_page-0001-scaled.jpg\",\"width\":2048,\"height\":2560},{\"@type\":\"BreadcrumbList\",\"@id\":\"https:\/\/www.crea.gov.co\/crea-fontanar\/celebremos-el-dia-de-la-ninez-en-crea-fontanar\/#breadcrumb\",\"itemListElement\":[{\"@type\":\"ListItem\",\"position\":1,\"name\":\"Inicio\",\"item\":\"https:\/\/www.crea.gov.co\/crea-fontanar\/\"},{\"@type\":\"ListItem\",\"position\":2,\"name\":\"\u00a1Celebremos el D\u00eda de la Ni\u00f1ez en Crea Fontanar!\"}]},{\"@type\":\"WebSite\",\"@id\":\"https:\/\/www.crea.gov.co\/crea-fontanar\/#website\",\"url\":\"https:\/\/www.crea.gov.co\/crea-fontanar\/\",\"name\":\"Crea Fontanar\",\"description\":\"Ubicado en el CEFE del mismo nombre, la cultura se cultiva con fuerza propia, desde y para la comunidad. Este centro hace parte del compromiso por acercar una oferta art\u00edstica s\u00f3lida y constante a distintos puntos de Bogot\u00e1, generando oportunidades para el desarrollo creativo y social de quienes habitan el territorio.\",\"potentialAction\":[{\"@type\":\"SearchAction\",\"target\":{\"@type\":\"EntryPoint\",\"urlTemplate\":\"https:\/\/www.crea.gov.co\/crea-fontanar\/?s={search_term_string}\"},\"query-input\":{\"@type\":\"PropertyValueSpecification\",\"valueRequired\":true,\"valueName\":\"search_term_string\"}}],\"inLanguage\":\"es-CO\"},{\"@type\":\"Person\",\"@id\":\"https:\/\/www.crea.gov.co\/crea-fontanar\/#\/schema\/person\/5b33c06860d35baa10bfb1387448ab8f\",\"name\":\"creafontanar\",\"image\":{\"@type\":\"ImageObject\",\"inLanguage\":\"es-CO\",\"@id\":\"https:\/\/www.crea.gov.co\/crea-fontanar\/#\/schema\/person\/image\/\",\"url\":\"https:\/\/secure.gravatar.com\/avatar\/92b08ea660abf8efd6557d9154572877?s=96&d=mm&r=g\",\"contentUrl\":\"https:\/\/secure.gravatar.com\/avatar\/92b08ea660abf8efd6557d9154572877?s=96&d=mm&r=g\",\"caption\":\"creafontanar\"},\"url\":\"https:\/\/www.crea.gov.co\/crea-fontanar\/author\/creafontanar\/\"}]}<\/script>\n<!-- \/ Yoast SEO plugin. -->","yoast_head_json":{"title":"\u00a1Celebremos el D\u00eda de la Ni\u00f1ez en Crea Fontanar! - Crea Fontanar","robots":{"index":"index","follow":"follow","max-snippet":"max-snippet:-1","max-image-preview":"max-image-preview:large","max-video-preview":"max-video-preview:-1"},"canonical":"https:\/\/www.crea.gov.co\/crea-fontanar\/celebremos-el-dia-de-la-ninez-en-crea-fontanar\/","og_locale":"es_ES","og_type":"article","og_title":"\u00a1Celebremos el D\u00eda de la Ni\u00f1ez en Crea Fontanar! - Crea Fontanar","og_description":"Bajo el lema &#8220;Disfrutando el mundo que percibo&#8221;, el Crea Fontanar extiende una invitaci\u00f3n especial a todas las ni\u00f1as y ni\u00f1os para celebrar su d\u00eda con una jornada llena de arte, cultura y tradici\u00f3n.La cita es este 26 de abril a partir de las 9:00 am en las instalaciones de Crea Fontanar. Ser\u00e1 un espacio [&hellip;]","og_url":"https:\/\/www.crea.gov.co\/crea-fontanar\/celebremos-el-dia-de-la-ninez-en-crea-fontanar\/","og_site_name":"Crea Fontanar","article_published_time":"2026-04-24T20:05:06+00:00","og_image":[{"width":2048,"height":2560,"url":"https:\/\/www.crea.gov.co\/crea-fontanar\/wp-content\/uploads\/sites\/24\/2026\/04\/Invitacion-dia-del-nino-Fontanar_page-0001-scaled.jpg","type":"image\/jpeg"}],"author":"creafontanar","twitter_card":"summary_large_image","twitter_misc":{"Escrito por":"creafontanar","Tiempo de lectura":"2 minutos"},"schema":{"@context":"https:\/\/schema.org","@graph":[{"@type":"WebPage","@id":"https:\/\/www.crea.gov.co\/crea-fontanar\/celebremos-el-dia-de-la-ninez-en-crea-fontanar\/","url":"https:\/\/www.crea.gov.co\/crea-fontanar\/celebremos-el-dia-de-la-ninez-en-crea-fontanar\/","name":"\u00a1Celebremos el D\u00eda de la Ni\u00f1ez en Crea Fontanar! - Crea Fontanar","isPartOf":{"@id":"https:\/\/www.crea.gov.co\/crea-fontanar\/#website"},"primaryImageOfPage":{"@id":"https:\/\/www.crea.gov.co\/crea-fontanar\/celebremos-el-dia-de-la-ninez-en-crea-fontanar\/#primaryimage"},"image":{"@id":"https:\/\/www.crea.gov.co\/crea-fontanar\/celebremos-el-dia-de-la-ninez-en-crea-fontanar\/#primaryimage"},"thumbnailUrl":"https:\/\/www.crea.gov.co\/crea-fontanar\/wp-content\/uploads\/sites\/24\/2026\/04\/Invitacion-dia-del-nino-Fontanar_page-0001-scaled.jpg","datePublished":"2026-04-24T20:05:06+00:00","author":{"@id":"https:\/\/www.crea.gov.co\/crea-fontanar\/#\/schema\/person\/5b33c06860d35baa10bfb1387448ab8f"},"breadcrumb":{"@id":"https:\/\/www.crea.gov.co\/crea-fontanar\/celebremos-el-dia-de-la-ninez-en-crea-fontanar\/#breadcrumb"},"inLanguage":"es-CO","potentialAction":[{"@type":"ReadAction","target":["https:\/\/www.crea.gov.co\/crea-fontanar\/celebremos-el-dia-de-la-ninez-en-crea-fontanar\/"]}]},{"@type":"ImageObject","inLanguage":"es-CO","@id":"https:\/\/www.crea.gov.co\/crea-fontanar\/celebremos-el-dia-de-la-ninez-en-crea-fontanar\/#primaryimage","url":"https:\/\/www.crea.gov.co\/crea-fontanar\/wp-content\/uploads\/sites\/24\/2026\/04\/Invitacion-dia-del-nino-Fontanar_page-0001-scaled.jpg","contentUrl":"https:\/\/www.crea.gov.co\/crea-fontanar\/wp-content\/uploads\/sites\/24\/2026\/04\/Invitacion-dia-del-nino-Fontanar_page-0001-scaled.jpg","width":2048,"height":2560},{"@type":"BreadcrumbList","@id":"https:\/\/www.crea.gov.co\/crea-fontanar\/celebremos-el-dia-de-la-ninez-en-crea-fontanar\/#breadcrumb","itemListElement":[{"@type":"ListItem","position":1,"name":"Inicio","item":"https:\/\/www.crea.gov.co\/crea-fontanar\/"},{"@type":"ListItem","position":2,"name":"\u00a1Celebremos el D\u00eda de la Ni\u00f1ez en Crea Fontanar!"}]},{"@type":"WebSite","@id":"https:\/\/www.crea.gov.co\/crea-fontanar\/#website","url":"https:\/\/www.crea.gov.co\/crea-fontanar\/","name":"Crea Fontanar","description":"Ubicado en el CEFE del mismo nombre, la cultura se cultiva con fuerza propia, desde y para la comunidad. Este centro hace parte del compromiso por acercar una oferta art\u00edstica s\u00f3lida y constante a distintos puntos de Bogot\u00e1, generando oportunidades para el desarrollo creativo y social de quienes habitan el territorio.","potentialAction":[{"@type":"SearchAction","target":{"@type":"EntryPoint","urlTemplate":"https:\/\/www.crea.gov.co\/crea-fontanar\/?s={search_term_string}"},"query-input":{"@type":"PropertyValueSpecification","valueRequired":true,"valueName":"search_term_string"}}],"inLanguage":"es-CO"},{"@type":"Person","@id":"https:\/\/www.crea.gov.co\/crea-fontanar\/#\/schema\/person\/5b33c06860d35baa10bfb1387448ab8f","name":"creafontanar","image":{"@type":"ImageObject","inLanguage":"es-CO","@id":"https:\/\/www.crea.gov.co\/crea-fontanar\/#\/schema\/person\/image\/","url":"https:\/\/secure.gravatar.com\/avatar\/92b08ea660abf8efd6557d9154572877?s=96&d=mm&r=g","contentUrl":"https:\/\/secure.gravatar.com\/avatar\/92b08ea660abf8efd6557d9154572877?s=96&d=mm&r=g","caption":"creafontanar"},"url":"https:\/\/www.crea.gov.co\/crea-fontanar\/author\/creafontanar\/"}]}},"_links":{"self":[{"href":"https:\/\/www.crea.gov.co\/crea-fontanar\/wp-json\/wp\/v2\/posts\/884","targetHints":{"allow":["GET"]}}],"collection":[{"href":"https:\/\/www.crea.gov.co\/crea-fontanar\/wp-json\/wp\/v2\/posts"}],"about":[{"href":"https:\/\/www.crea.gov.co\/crea-fontanar\/wp-json\/wp\/v2\/types\/post"}],"author":[{"embeddable":true,"href":"https:\/\/www.crea.gov.co\/crea-fontanar\/wp-json\/wp\/v2\/users\/83"}],"replies":[{"embeddable":true,"href":"https:\/\/www.crea.gov.co\/crea-fontanar\/wp-json\/wp\/v2\/comments?post=884"}],"version-history":[{"count":2,"href":"https:\/\/www.crea.gov.co\/crea-fontanar\/wp-json\/wp\/v2\/posts\/884\/revisions"}],"predecessor-version":[{"id":895,"href":"https:\/\/www.crea.gov.co\/crea-fontanar\/wp-json\/wp\/v2\/posts\/884\/revisions\/895"}],"wp:attachment":[{"href":"https:\/\/www.crea.gov.co\/crea-fontanar\/wp-json\/wp\/v2\/media?parent=884"}],"wp:term":[{"taxonomy":"category","embeddable":true,"href":"https:\/\/www.crea.gov.co\/crea-fontanar\/wp-json\/wp\/v2\/categories?post=884"},{"taxonomy":"post_tag","embeddable":true,"href":"https:\/\/www.crea.gov.co\/crea-fontanar\/wp-json\/wp\/v2\/tags?post=884"}],"curies":[{"name":"wp","href":"https:\/\/api.w.org\/{rel}","templated":true}]}}