{"id":877,"date":"2026-04-21T10:34:32","date_gmt":"2026-04-21T15:34:32","guid":{"rendered":"https:\/\/www.crea.gov.co\/crea-fontanar\/?p=877"},"modified":"2026-04-21T10:34:32","modified_gmt":"2026-04-21T15:34:32","slug":"el-teatro-como-espacio-de-creacion-y-memoria-abre-inscripciones-en-suba","status":"publish","type":"post","link":"https:\/\/www.crea.gov.co\/crea-fontanar\/el-teatro-como-espacio-de-creacion-y-memoria-abre-inscripciones-en-suba\/","title":{"rendered":"El teatro como espacio de creaci\u00f3n y memoria  abre inscripciones en Suba"},"content":{"rendered":"\n<figure class=\"wp-block-image size-large\"><img loading=\"lazy\" decoding=\"async\" width=\"1024\" height=\"684\" src=\"https:\/\/www.crea.gov.co\/crea-fontanar\/wp-content\/uploads\/sites\/24\/2026\/04\/DSC_5290-1024x684.jpg\" alt=\"\" class=\"wp-image-885\" srcset=\"https:\/\/www.crea.gov.co\/crea-fontanar\/wp-content\/uploads\/sites\/24\/2026\/04\/DSC_5290-1024x684.jpg 1024w, https:\/\/www.crea.gov.co\/crea-fontanar\/wp-content\/uploads\/sites\/24\/2026\/04\/DSC_5290-300x201.jpg 300w, https:\/\/www.crea.gov.co\/crea-fontanar\/wp-content\/uploads\/sites\/24\/2026\/04\/DSC_5290-768x513.jpg 768w, https:\/\/www.crea.gov.co\/crea-fontanar\/wp-content\/uploads\/sites\/24\/2026\/04\/DSC_5290-1536x1027.jpg 1536w, https:\/\/www.crea.gov.co\/crea-fontanar\/wp-content\/uploads\/sites\/24\/2026\/04\/DSC_5290-2048x1369.jpg 2048w\" sizes=\"auto, (max-width: 1024px) 100vw, 1024px\" \/><\/figure>\n\n\n\n<p>El Crea Fontanar de la localidad de Suba, se une con la Casa de la Juventud Diego Felipe Becerra, all\u00ed, el grupo Chihizh\u00e1 Teatro \u2014adscrito a la l\u00ednea Impulso Colectivo de la Gerencia CREA del Instituto Distrital de las Artes\u2014 abre una nueva convocatoria para j\u00f3venes interesados en explorar el poder del teatro como herramienta de expresi\u00f3n y pensamiento cr\u00edtico.<br><br>El proceso formativo, que celebra cuatro a\u00f1os de trabajo ininterrumpido, es liderado por el artista formador Yeison Gil, Maestro en Artes Esc\u00e9nicas de la Universidad Pedag\u00f3gica Nacional y especialista en teatro de objetos. Con m\u00e1s de una d\u00e9cada de experiencia en el \u00e1mbito cultural y educativo, Yeison propone un enfoque que trasciende la escena tradicional, promoviendo una mirada sensible frente a la memoria colectiva y las problem\u00e1ticas sociales.<br><br>Chihizh\u00e1 Teatro se ha destacado por su exploraci\u00f3n est\u00e9tica y t\u00e9cnica, donde confluyen lenguajes como:<br>El teatro de objetos y m\u00e1scaras, que transforma lo cotidiano en poes\u00eda esc\u00e9nica.<br><br>El uso de proyecciones audiovisuales, ampliando los l\u00edmites del escenario.<br><br>La creaci\u00f3n de contenidos con sentido, que abordan temas como la memoria hist\u00f3rica y el cuidado del entorno.<br><br>Este taller est\u00e1 dirigido a j\u00f3venes desde los 14 a\u00f1os que buscan un espacio creativo donde desarrollar habilidades art\u00edsticas, fortalecer su voz propia y construir colectivamente nuevas formas de narrar el mundo.<br><br>Las sesiones se realizan en horarios accesibles para estudiantes y j\u00f3venes creadores:<br><br>Mi\u00e9rcoles de 4:00 p.m. a 6:00 p.m.<br>S\u00e1bados de 10:00 a.m. a 12:00 m.<br><br>En la Casa de la Juventud Diego Felipe Becerra.<br><br>M\u00e1s que una formaci\u00f3n actoral, este proceso se ha convertido en un lugar de encuentro, reflexi\u00f3n y creaci\u00f3n donde el arte dialoga con la vida cotidiana. Hoy, Chihizh\u00e1 Teatro invita a nuevos participantes a sumarse a esta experiencia que transforma miradas y potencia la imaginaci\u00f3n.<br><br>Las inscripciones est\u00e1n abiertas y lo puedes hacer en el siguiente link: https:\/\/sif.idartes.gov.co\/sif\/framework\/crea\/territorial\/oferta\/oferta-disponible#<br><br>El escenario espera nuevas historias por contar.<\/p>\n\n\n\n<p><br>Elaborado por:<br><br>David Sanchez <br>Artista Formador<br>Mesa de Visibilizaci\u00f3n del \u00c1rea de Teatro.<br><\/p>\n\n\n\n<figure class=\"wp-block-gallery has-nested-images columns-default is-cropped wp-block-gallery-1 is-layout-flex wp-block-gallery-is-layout-flex\">\n<figure class=\"wp-block-image size-large\"><img loading=\"lazy\" decoding=\"async\" width=\"1024\" height=\"684\" data-id=\"889\" src=\"https:\/\/www.crea.gov.co\/crea-fontanar\/wp-content\/uploads\/sites\/24\/2026\/04\/DSC_6820-1-1024x684.jpg\" alt=\"\" class=\"wp-image-889\" srcset=\"https:\/\/www.crea.gov.co\/crea-fontanar\/wp-content\/uploads\/sites\/24\/2026\/04\/DSC_6820-1-1024x684.jpg 1024w, https:\/\/www.crea.gov.co\/crea-fontanar\/wp-content\/uploads\/sites\/24\/2026\/04\/DSC_6820-1-300x201.jpg 300w, https:\/\/www.crea.gov.co\/crea-fontanar\/wp-content\/uploads\/sites\/24\/2026\/04\/DSC_6820-1-768x513.jpg 768w, https:\/\/www.crea.gov.co\/crea-fontanar\/wp-content\/uploads\/sites\/24\/2026\/04\/DSC_6820-1-1536x1027.jpg 1536w, https:\/\/www.crea.gov.co\/crea-fontanar\/wp-content\/uploads\/sites\/24\/2026\/04\/DSC_6820-1-2048x1369.jpg 2048w\" sizes=\"auto, (max-width: 1024px) 100vw, 1024px\" \/><\/figure>\n<\/figure>\n\n\n\n<figure class=\"wp-block-gallery has-nested-images columns-default is-cropped wp-block-gallery-2 is-layout-flex wp-block-gallery-is-layout-flex\">\n<figure class=\"wp-block-image size-large\"><img loading=\"lazy\" decoding=\"async\" width=\"1024\" height=\"684\" data-id=\"887\" src=\"https:\/\/www.crea.gov.co\/crea-fontanar\/wp-content\/uploads\/sites\/24\/2026\/04\/DSC_7447-1024x684.jpg\" alt=\"\" class=\"wp-image-887\" srcset=\"https:\/\/www.crea.gov.co\/crea-fontanar\/wp-content\/uploads\/sites\/24\/2026\/04\/DSC_7447-1024x684.jpg 1024w, https:\/\/www.crea.gov.co\/crea-fontanar\/wp-content\/uploads\/sites\/24\/2026\/04\/DSC_7447-300x201.jpg 300w, https:\/\/www.crea.gov.co\/crea-fontanar\/wp-content\/uploads\/sites\/24\/2026\/04\/DSC_7447-768x513.jpg 768w, https:\/\/www.crea.gov.co\/crea-fontanar\/wp-content\/uploads\/sites\/24\/2026\/04\/DSC_7447-1536x1027.jpg 1536w, https:\/\/www.crea.gov.co\/crea-fontanar\/wp-content\/uploads\/sites\/24\/2026\/04\/DSC_7447-2048x1369.jpg 2048w\" sizes=\"auto, (max-width: 1024px) 100vw, 1024px\" \/><\/figure>\n\n\n\n<figure class=\"wp-block-image size-large\"><img loading=\"lazy\" decoding=\"async\" width=\"1024\" height=\"625\" data-id=\"890\" src=\"https:\/\/www.crea.gov.co\/crea-fontanar\/wp-content\/uploads\/sites\/24\/2026\/04\/DSC_5258-1-1024x625.jpg\" alt=\"\" class=\"wp-image-890\" srcset=\"https:\/\/www.crea.gov.co\/crea-fontanar\/wp-content\/uploads\/sites\/24\/2026\/04\/DSC_5258-1-1024x625.jpg 1024w, https:\/\/www.crea.gov.co\/crea-fontanar\/wp-content\/uploads\/sites\/24\/2026\/04\/DSC_5258-1-300x183.jpg 300w, https:\/\/www.crea.gov.co\/crea-fontanar\/wp-content\/uploads\/sites\/24\/2026\/04\/DSC_5258-1-768x469.jpg 768w, https:\/\/www.crea.gov.co\/crea-fontanar\/wp-content\/uploads\/sites\/24\/2026\/04\/DSC_5258-1-1536x937.jpg 1536w, https:\/\/www.crea.gov.co\/crea-fontanar\/wp-content\/uploads\/sites\/24\/2026\/04\/DSC_5258-1-2048x1250.jpg 2048w\" sizes=\"auto, (max-width: 1024px) 100vw, 1024px\" \/><\/figure>\n<\/figure>\n","protected":false},"excerpt":{"rendered":"<p>El Crea Fontanar de la localidad de Suba, se une con la Casa de la Juventud Diego Felipe Becerra, all\u00ed, el grupo Chihizh\u00e1 Teatro \u2014adscrito a la l\u00ednea Impulso Colectivo de la Gerencia CREA del Instituto Distrital de las Artes\u2014 abre una nueva convocatoria para j\u00f3venes interesados en explorar el poder del teatro como herramienta [&hellip;]<\/p>\n","protected":false},"author":83,"featured_media":0,"comment_status":"open","ping_status":"open","sticky":false,"template":"","format":"standard","meta":{"footnotes":""},"categories":[1],"tags":[],"class_list":["post-877","post","type-post","status-publish","format-standard","hentry","category-sin-categoria"],"yoast_head":"<!-- This site is optimized with the Yoast SEO plugin v24.5 - https:\/\/yoast.com\/wordpress\/plugins\/seo\/ -->\n<title>El teatro como espacio de creaci\u00f3n y memoria abre inscripciones en Suba - Crea Fontanar<\/title>\n<meta name=\"robots\" content=\"index, follow, max-snippet:-1, max-image-preview:large, max-video-preview:-1\" \/>\n<link rel=\"canonical\" href=\"https:\/\/www.crea.gov.co\/crea-fontanar\/el-teatro-como-espacio-de-creacion-y-memoria-abre-inscripciones-en-suba\/\" \/>\n<meta property=\"og:locale\" content=\"es_ES\" \/>\n<meta property=\"og:type\" content=\"article\" \/>\n<meta property=\"og:title\" content=\"El teatro como espacio de creaci\u00f3n y memoria abre inscripciones en Suba - Crea Fontanar\" \/>\n<meta property=\"og:description\" content=\"El Crea Fontanar de la localidad de Suba, se une con la Casa de la Juventud Diego Felipe Becerra, all\u00ed, el grupo Chihizh\u00e1 Teatro \u2014adscrito a la l\u00ednea Impulso Colectivo de la Gerencia CREA del Instituto Distrital de las Artes\u2014 abre una nueva convocatoria para j\u00f3venes interesados en explorar el poder del teatro como herramienta [&hellip;]\" \/>\n<meta property=\"og:url\" content=\"https:\/\/www.crea.gov.co\/crea-fontanar\/el-teatro-como-espacio-de-creacion-y-memoria-abre-inscripciones-en-suba\/\" \/>\n<meta property=\"og:site_name\" content=\"Crea Fontanar\" \/>\n<meta property=\"article:published_time\" content=\"2026-04-21T15:34:32+00:00\" \/>\n<meta property=\"og:image\" content=\"https:\/\/www.crea.gov.co\/crea-fontanar\/wp-content\/uploads\/sites\/24\/2026\/04\/DSC_5290-scaled.jpg\" \/>\n\t<meta property=\"og:image:width\" content=\"2560\" \/>\n\t<meta property=\"og:image:height\" content=\"1711\" \/>\n\t<meta property=\"og:image:type\" content=\"image\/jpeg\" \/>\n<meta name=\"author\" content=\"creafontanar\" \/>\n<meta name=\"twitter:card\" content=\"summary_large_image\" \/>\n<meta name=\"twitter:label1\" content=\"Escrito por\" \/>\n\t<meta name=\"twitter:data1\" content=\"creafontanar\" \/>\n\t<meta name=\"twitter:label2\" content=\"Tiempo de lectura\" \/>\n\t<meta name=\"twitter:data2\" content=\"3 minutos\" \/>\n<script type=\"application\/ld+json\" class=\"yoast-schema-graph\">{\"@context\":\"https:\/\/schema.org\",\"@graph\":[{\"@type\":\"WebPage\",\"@id\":\"https:\/\/www.crea.gov.co\/crea-fontanar\/el-teatro-como-espacio-de-creacion-y-memoria-abre-inscripciones-en-suba\/\",\"url\":\"https:\/\/www.crea.gov.co\/crea-fontanar\/el-teatro-como-espacio-de-creacion-y-memoria-abre-inscripciones-en-suba\/\",\"name\":\"El teatro como espacio de creaci\u00f3n y memoria abre inscripciones en Suba - Crea Fontanar\",\"isPartOf\":{\"@id\":\"https:\/\/www.crea.gov.co\/crea-fontanar\/#website\"},\"primaryImageOfPage\":{\"@id\":\"https:\/\/www.crea.gov.co\/crea-fontanar\/el-teatro-como-espacio-de-creacion-y-memoria-abre-inscripciones-en-suba\/#primaryimage\"},\"image\":{\"@id\":\"https:\/\/www.crea.gov.co\/crea-fontanar\/el-teatro-como-espacio-de-creacion-y-memoria-abre-inscripciones-en-suba\/#primaryimage\"},\"thumbnailUrl\":\"https:\/\/www.crea.gov.co\/crea-fontanar\/wp-content\/uploads\/sites\/24\/2026\/04\/DSC_5290-1024x684.jpg\",\"datePublished\":\"2026-04-21T15:34:32+00:00\",\"author\":{\"@id\":\"https:\/\/www.crea.gov.co\/crea-fontanar\/#\/schema\/person\/5b33c06860d35baa10bfb1387448ab8f\"},\"breadcrumb\":{\"@id\":\"https:\/\/www.crea.gov.co\/crea-fontanar\/el-teatro-como-espacio-de-creacion-y-memoria-abre-inscripciones-en-suba\/#breadcrumb\"},\"inLanguage\":\"es-CO\",\"potentialAction\":[{\"@type\":\"ReadAction\",\"target\":[\"https:\/\/www.crea.gov.co\/crea-fontanar\/el-teatro-como-espacio-de-creacion-y-memoria-abre-inscripciones-en-suba\/\"]}]},{\"@type\":\"ImageObject\",\"inLanguage\":\"es-CO\",\"@id\":\"https:\/\/www.crea.gov.co\/crea-fontanar\/el-teatro-como-espacio-de-creacion-y-memoria-abre-inscripciones-en-suba\/#primaryimage\",\"url\":\"https:\/\/www.crea.gov.co\/crea-fontanar\/wp-content\/uploads\/sites\/24\/2026\/04\/DSC_5290-scaled.jpg\",\"contentUrl\":\"https:\/\/www.crea.gov.co\/crea-fontanar\/wp-content\/uploads\/sites\/24\/2026\/04\/DSC_5290-scaled.jpg\",\"width\":2560,\"height\":1711},{\"@type\":\"BreadcrumbList\",\"@id\":\"https:\/\/www.crea.gov.co\/crea-fontanar\/el-teatro-como-espacio-de-creacion-y-memoria-abre-inscripciones-en-suba\/#breadcrumb\",\"itemListElement\":[{\"@type\":\"ListItem\",\"position\":1,\"name\":\"Inicio\",\"item\":\"https:\/\/www.crea.gov.co\/crea-fontanar\/\"},{\"@type\":\"ListItem\",\"position\":2,\"name\":\"El teatro como espacio de creaci\u00f3n y memoria abre inscripciones en Suba\"}]},{\"@type\":\"WebSite\",\"@id\":\"https:\/\/www.crea.gov.co\/crea-fontanar\/#website\",\"url\":\"https:\/\/www.crea.gov.co\/crea-fontanar\/\",\"name\":\"Crea Fontanar\",\"description\":\"Ubicado en el CEFE del mismo nombre, la cultura se cultiva con fuerza propia, desde y para la comunidad. Este centro hace parte del compromiso por acercar una oferta art\u00edstica s\u00f3lida y constante a distintos puntos de Bogot\u00e1, generando oportunidades para el desarrollo creativo y social de quienes habitan el territorio.\",\"potentialAction\":[{\"@type\":\"SearchAction\",\"target\":{\"@type\":\"EntryPoint\",\"urlTemplate\":\"https:\/\/www.crea.gov.co\/crea-fontanar\/?s={search_term_string}\"},\"query-input\":{\"@type\":\"PropertyValueSpecification\",\"valueRequired\":true,\"valueName\":\"search_term_string\"}}],\"inLanguage\":\"es-CO\"},{\"@type\":\"Person\",\"@id\":\"https:\/\/www.crea.gov.co\/crea-fontanar\/#\/schema\/person\/5b33c06860d35baa10bfb1387448ab8f\",\"name\":\"creafontanar\",\"image\":{\"@type\":\"ImageObject\",\"inLanguage\":\"es-CO\",\"@id\":\"https:\/\/www.crea.gov.co\/crea-fontanar\/#\/schema\/person\/image\/\",\"url\":\"https:\/\/secure.gravatar.com\/avatar\/92b08ea660abf8efd6557d9154572877?s=96&d=mm&r=g\",\"contentUrl\":\"https:\/\/secure.gravatar.com\/avatar\/92b08ea660abf8efd6557d9154572877?s=96&d=mm&r=g\",\"caption\":\"creafontanar\"},\"url\":\"https:\/\/www.crea.gov.co\/crea-fontanar\/author\/creafontanar\/\"}]}<\/script>\n<!-- \/ Yoast SEO plugin. -->","yoast_head_json":{"title":"El teatro como espacio de creaci\u00f3n y memoria abre inscripciones en Suba - Crea Fontanar","robots":{"index":"index","follow":"follow","max-snippet":"max-snippet:-1","max-image-preview":"max-image-preview:large","max-video-preview":"max-video-preview:-1"},"canonical":"https:\/\/www.crea.gov.co\/crea-fontanar\/el-teatro-como-espacio-de-creacion-y-memoria-abre-inscripciones-en-suba\/","og_locale":"es_ES","og_type":"article","og_title":"El teatro como espacio de creaci\u00f3n y memoria abre inscripciones en Suba - Crea Fontanar","og_description":"El Crea Fontanar de la localidad de Suba, se une con la Casa de la Juventud Diego Felipe Becerra, all\u00ed, el grupo Chihizh\u00e1 Teatro \u2014adscrito a la l\u00ednea Impulso Colectivo de la Gerencia CREA del Instituto Distrital de las Artes\u2014 abre una nueva convocatoria para j\u00f3venes interesados en explorar el poder del teatro como herramienta [&hellip;]","og_url":"https:\/\/www.crea.gov.co\/crea-fontanar\/el-teatro-como-espacio-de-creacion-y-memoria-abre-inscripciones-en-suba\/","og_site_name":"Crea Fontanar","article_published_time":"2026-04-21T15:34:32+00:00","og_image":[{"width":2560,"height":1711,"url":"https:\/\/www.crea.gov.co\/crea-fontanar\/wp-content\/uploads\/sites\/24\/2026\/04\/DSC_5290-scaled.jpg","type":"image\/jpeg"}],"author":"creafontanar","twitter_card":"summary_large_image","twitter_misc":{"Escrito por":"creafontanar","Tiempo de lectura":"3 minutos"},"schema":{"@context":"https:\/\/schema.org","@graph":[{"@type":"WebPage","@id":"https:\/\/www.crea.gov.co\/crea-fontanar\/el-teatro-como-espacio-de-creacion-y-memoria-abre-inscripciones-en-suba\/","url":"https:\/\/www.crea.gov.co\/crea-fontanar\/el-teatro-como-espacio-de-creacion-y-memoria-abre-inscripciones-en-suba\/","name":"El teatro como espacio de creaci\u00f3n y memoria abre inscripciones en Suba - Crea Fontanar","isPartOf":{"@id":"https:\/\/www.crea.gov.co\/crea-fontanar\/#website"},"primaryImageOfPage":{"@id":"https:\/\/www.crea.gov.co\/crea-fontanar\/el-teatro-como-espacio-de-creacion-y-memoria-abre-inscripciones-en-suba\/#primaryimage"},"image":{"@id":"https:\/\/www.crea.gov.co\/crea-fontanar\/el-teatro-como-espacio-de-creacion-y-memoria-abre-inscripciones-en-suba\/#primaryimage"},"thumbnailUrl":"https:\/\/www.crea.gov.co\/crea-fontanar\/wp-content\/uploads\/sites\/24\/2026\/04\/DSC_5290-1024x684.jpg","datePublished":"2026-04-21T15:34:32+00:00","author":{"@id":"https:\/\/www.crea.gov.co\/crea-fontanar\/#\/schema\/person\/5b33c06860d35baa10bfb1387448ab8f"},"breadcrumb":{"@id":"https:\/\/www.crea.gov.co\/crea-fontanar\/el-teatro-como-espacio-de-creacion-y-memoria-abre-inscripciones-en-suba\/#breadcrumb"},"inLanguage":"es-CO","potentialAction":[{"@type":"ReadAction","target":["https:\/\/www.crea.gov.co\/crea-fontanar\/el-teatro-como-espacio-de-creacion-y-memoria-abre-inscripciones-en-suba\/"]}]},{"@type":"ImageObject","inLanguage":"es-CO","@id":"https:\/\/www.crea.gov.co\/crea-fontanar\/el-teatro-como-espacio-de-creacion-y-memoria-abre-inscripciones-en-suba\/#primaryimage","url":"https:\/\/www.crea.gov.co\/crea-fontanar\/wp-content\/uploads\/sites\/24\/2026\/04\/DSC_5290-scaled.jpg","contentUrl":"https:\/\/www.crea.gov.co\/crea-fontanar\/wp-content\/uploads\/sites\/24\/2026\/04\/DSC_5290-scaled.jpg","width":2560,"height":1711},{"@type":"BreadcrumbList","@id":"https:\/\/www.crea.gov.co\/crea-fontanar\/el-teatro-como-espacio-de-creacion-y-memoria-abre-inscripciones-en-suba\/#breadcrumb","itemListElement":[{"@type":"ListItem","position":1,"name":"Inicio","item":"https:\/\/www.crea.gov.co\/crea-fontanar\/"},{"@type":"ListItem","position":2,"name":"El teatro como espacio de creaci\u00f3n y memoria abre inscripciones en Suba"}]},{"@type":"WebSite","@id":"https:\/\/www.crea.gov.co\/crea-fontanar\/#website","url":"https:\/\/www.crea.gov.co\/crea-fontanar\/","name":"Crea Fontanar","description":"Ubicado en el CEFE del mismo nombre, la cultura se cultiva con fuerza propia, desde y para la comunidad. Este centro hace parte del compromiso por acercar una oferta art\u00edstica s\u00f3lida y constante a distintos puntos de Bogot\u00e1, generando oportunidades para el desarrollo creativo y social de quienes habitan el territorio.","potentialAction":[{"@type":"SearchAction","target":{"@type":"EntryPoint","urlTemplate":"https:\/\/www.crea.gov.co\/crea-fontanar\/?s={search_term_string}"},"query-input":{"@type":"PropertyValueSpecification","valueRequired":true,"valueName":"search_term_string"}}],"inLanguage":"es-CO"},{"@type":"Person","@id":"https:\/\/www.crea.gov.co\/crea-fontanar\/#\/schema\/person\/5b33c06860d35baa10bfb1387448ab8f","name":"creafontanar","image":{"@type":"ImageObject","inLanguage":"es-CO","@id":"https:\/\/www.crea.gov.co\/crea-fontanar\/#\/schema\/person\/image\/","url":"https:\/\/secure.gravatar.com\/avatar\/92b08ea660abf8efd6557d9154572877?s=96&d=mm&r=g","contentUrl":"https:\/\/secure.gravatar.com\/avatar\/92b08ea660abf8efd6557d9154572877?s=96&d=mm&r=g","caption":"creafontanar"},"url":"https:\/\/www.crea.gov.co\/crea-fontanar\/author\/creafontanar\/"}]}},"_links":{"self":[{"href":"https:\/\/www.crea.gov.co\/crea-fontanar\/wp-json\/wp\/v2\/posts\/877","targetHints":{"allow":["GET"]}}],"collection":[{"href":"https:\/\/www.crea.gov.co\/crea-fontanar\/wp-json\/wp\/v2\/posts"}],"about":[{"href":"https:\/\/www.crea.gov.co\/crea-fontanar\/wp-json\/wp\/v2\/types\/post"}],"author":[{"embeddable":true,"href":"https:\/\/www.crea.gov.co\/crea-fontanar\/wp-json\/wp\/v2\/users\/83"}],"replies":[{"embeddable":true,"href":"https:\/\/www.crea.gov.co\/crea-fontanar\/wp-json\/wp\/v2\/comments?post=877"}],"version-history":[{"count":2,"href":"https:\/\/www.crea.gov.co\/crea-fontanar\/wp-json\/wp\/v2\/posts\/877\/revisions"}],"predecessor-version":[{"id":891,"href":"https:\/\/www.crea.gov.co\/crea-fontanar\/wp-json\/wp\/v2\/posts\/877\/revisions\/891"}],"wp:attachment":[{"href":"https:\/\/www.crea.gov.co\/crea-fontanar\/wp-json\/wp\/v2\/media?parent=877"}],"wp:term":[{"taxonomy":"category","embeddable":true,"href":"https:\/\/www.crea.gov.co\/crea-fontanar\/wp-json\/wp\/v2\/categories?post=877"},{"taxonomy":"post_tag","embeddable":true,"href":"https:\/\/www.crea.gov.co\/crea-fontanar\/wp-json\/wp\/v2\/tags?post=877"}],"curies":[{"name":"wp","href":"https:\/\/api.w.org\/{rel}","templated":true}]}}