{"id":870,"date":"2026-03-11T16:56:20","date_gmt":"2026-03-11T21:56:20","guid":{"rendered":"https:\/\/www.crea.gov.co\/crea-fontanar\/?p=870"},"modified":"2026-03-11T16:56:20","modified_gmt":"2026-03-11T21:56:20","slug":"crea-fontanar-formacion-y-creacion-artistica","status":"publish","type":"post","link":"https:\/\/www.crea.gov.co\/crea-fontanar\/crea-fontanar-formacion-y-creacion-artistica\/","title":{"rendered":"Crea Fontanar: Formaci\u00f3n y creaci\u00f3n art\u00edstica"},"content":{"rendered":"\n<p>El Instituto Distrital de las Artes \u2013 Idartes, a trav\u00e9s de la Gerencia Crea y en articulaci\u00f3n con <br>el Centro de Desarrollo Comunitario \u2013 CDC Tibabuyes de SDIS, invita a las familias y a la <br>comunidad a participar en sus talleres gratuitos de formaci\u00f3n art\u00edstica. Estos espacios <br>permiten aprender, crear y compartir en diversas \u00e1reas culturales de Bogot\u00e1. <br><\/p>\n\n\n\n<p><strong>1. Oferta General en Crea Fontanar <\/strong><br>En este centro se ofrecen talleres para ni\u00f1os, j\u00f3venes y adultos en diversas modalidades: <br>\u2022 Artes Audiovisuales: <br>o Fotograf\u00eda (6 a 12 a\u00f1os): lunes y mi\u00e9rcoles de 15:00 a 17:00. <br>\u2022 M\u00fasica:<br>o Ensamble Instrumental (17 a 23 a\u00f1os): lunes y viernes de 15:00 a 17:00 <br>\u2022 Danza: <br>o Street Dance (14 a 18 a\u00f1os): lunes y jueves de 16:30 a 18:30. <br>\u2022 Creaci\u00f3n Literaria: <br>o Narrativa (7 a 12 a\u00f1os): martes y jueves de 16:30 a 18:30. <br>o Narrativa (40 a\u00f1os en adelante): martes y jueves de 16:30 a 18:30. <br>o C\u00f3mics (10 a 16 a\u00f1os): mi\u00e9rcoles y viernes de 16:30 a 18:30. <br>o Creaci\u00f3n Digital (10 a 16 a\u00f1os): lunes y mi\u00e9rcoles de 15:00 a 17:00. <br>o Teatro de Sala (6 a 12 a\u00f1os): lunes (15:00-17:00) y s\u00e1bados (9:00-11:00). <br>o Artes Pl\u00e1sticas &#8211; T\u00e9cnicas Mixtas (6 a 12 a\u00f1os): lunes (15:00-17:00) y s\u00e1bados (9:00-11:00).<br><\/p>\n\n\n\n<p><strong>2. Oferta Espec\u00edfica en el CDC Tibabuyes <\/strong><br>Esta oferta est\u00e1 dirigida principalmente a j\u00f3venes y adultos, con talleres realizados en las <br>instalaciones del CDC: <br>\u2022 Danza (18 a 59 a\u00f1os): martes y jueves de 9:00 a 11:00 en el Sal\u00f3n de espejos. <br>\u2022 Creaci\u00f3n Digital (18 a 59 a\u00f1os): martes y jueves de 9:00 a 11:00 en el Aula de <br>sistemas. <br>\u2022 M\u00fasica para Adultos (18 a 59 a\u00f1os): mi\u00e9rcoles de 14:00 a 16:00 y s\u00e1bados de <br>10:00 a 12:00 en el Polivalente CDC. <br>\u2022 M\u00fasica para J\u00f3venes (14 a 25 a\u00f1os): jueves y s\u00e1bados de 9:00 a 11:00 (se realiza <br>en Crea Fontanar). <\/p>\n\n\n\n<p><strong>3. Oferta Espec\u00edfica para personas mayores<\/strong><\/p>\n\n\n\n<p>\u2022 Artes Audiovisuales: Lunes 9.00am &#8211; 12.00m<\/p>\n\n\n\n<p><br><strong>Informaci\u00f3n de Inscripci\u00f3n <\/strong><br>Para participar, los interesados deben presentar los siguientes documentos: <br>1. Fotocopia del documento de identidad. <br>2. Fotocopia de un recibo p\u00fablico. <br>3. Fotocopia del certificado de EPS o Sisb\u00e9n. <br><strong>Puntos de atenci\u00f3n para inscripciones: <\/strong><br>\u2022 Crea Fontanar: lunes a viernes (8:00 a 17:00) y s\u00e1bados (8:00 a 12:00). <br><\/p>\n\n\n\n<figure class=\"wp-block-image size-large\"><img loading=\"lazy\" decoding=\"async\" width=\"681\" height=\"1024\" src=\"https:\/\/www.crea.gov.co\/crea-fontanar\/wp-content\/uploads\/sites\/24\/2026\/02\/Crea_afiche-tabloide_compartir-2-681x1024.jpg\" alt=\"\" class=\"wp-image-862\" srcset=\"https:\/\/www.crea.gov.co\/crea-fontanar\/wp-content\/uploads\/sites\/24\/2026\/02\/Crea_afiche-tabloide_compartir-2-681x1024.jpg 681w, https:\/\/www.crea.gov.co\/crea-fontanar\/wp-content\/uploads\/sites\/24\/2026\/02\/Crea_afiche-tabloide_compartir-2-200x300.jpg 200w, https:\/\/www.crea.gov.co\/crea-fontanar\/wp-content\/uploads\/sites\/24\/2026\/02\/Crea_afiche-tabloide_compartir-2-768x1155.jpg 768w, https:\/\/www.crea.gov.co\/crea-fontanar\/wp-content\/uploads\/sites\/24\/2026\/02\/Crea_afiche-tabloide_compartir-2-1022x1536.jpg 1022w, https:\/\/www.crea.gov.co\/crea-fontanar\/wp-content\/uploads\/sites\/24\/2026\/02\/Crea_afiche-tabloide_compartir-2-1362x2048.jpg 1362w, https:\/\/www.crea.gov.co\/crea-fontanar\/wp-content\/uploads\/sites\/24\/2026\/02\/Crea_afiche-tabloide_compartir-2-scaled.jpg 1703w\" sizes=\"auto, (max-width: 681px) 100vw, 681px\" \/><\/figure>\n","protected":false},"excerpt":{"rendered":"<p>El Instituto Distrital de las Artes \u2013 Idartes, a trav\u00e9s de la Gerencia Crea y en articulaci\u00f3n con el Centro de Desarrollo Comunitario \u2013 CDC Tibabuyes de SDIS, invita a las familias y a la comunidad a participar en sus talleres gratuitos de formaci\u00f3n art\u00edstica. Estos espacios permiten aprender, crear y compartir en diversas \u00e1reas [&hellip;]<\/p>\n","protected":false},"author":83,"featured_media":0,"comment_status":"open","ping_status":"open","sticky":false,"template":"","format":"standard","meta":{"footnotes":""},"categories":[1],"tags":[],"class_list":["post-870","post","type-post","status-publish","format-standard","hentry","category-sin-categoria"],"yoast_head":"<!-- This site is optimized with the Yoast SEO plugin v24.5 - https:\/\/yoast.com\/wordpress\/plugins\/seo\/ -->\n<title>Crea Fontanar: Formaci\u00f3n y creaci\u00f3n art\u00edstica - Crea Fontanar<\/title>\n<meta name=\"robots\" content=\"index, follow, max-snippet:-1, max-image-preview:large, max-video-preview:-1\" \/>\n<link rel=\"canonical\" href=\"https:\/\/www.crea.gov.co\/crea-fontanar\/crea-fontanar-formacion-y-creacion-artistica\/\" \/>\n<meta property=\"og:locale\" content=\"es_ES\" \/>\n<meta property=\"og:type\" content=\"article\" \/>\n<meta property=\"og:title\" content=\"Crea Fontanar: Formaci\u00f3n y creaci\u00f3n art\u00edstica - Crea Fontanar\" \/>\n<meta property=\"og:description\" content=\"El Instituto Distrital de las Artes \u2013 Idartes, a trav\u00e9s de la Gerencia Crea y en articulaci\u00f3n con el Centro de Desarrollo Comunitario \u2013 CDC Tibabuyes de SDIS, invita a las familias y a la comunidad a participar en sus talleres gratuitos de formaci\u00f3n art\u00edstica. Estos espacios permiten aprender, crear y compartir en diversas \u00e1reas [&hellip;]\" \/>\n<meta property=\"og:url\" content=\"https:\/\/www.crea.gov.co\/crea-fontanar\/crea-fontanar-formacion-y-creacion-artistica\/\" \/>\n<meta property=\"og:site_name\" content=\"Crea Fontanar\" \/>\n<meta property=\"article:published_time\" content=\"2026-03-11T21:56:20+00:00\" \/>\n<meta property=\"og:image\" content=\"https:\/\/www.crea.gov.co\/crea-fontanar\/wp-content\/uploads\/sites\/24\/2026\/02\/Crea_afiche-tabloide_compartir-2-scaled.jpg\" \/>\n\t<meta property=\"og:image:width\" content=\"1703\" \/>\n\t<meta property=\"og:image:height\" content=\"2560\" \/>\n\t<meta property=\"og:image:type\" content=\"image\/jpeg\" \/>\n<meta name=\"author\" content=\"creafontanar\" \/>\n<meta name=\"twitter:card\" content=\"summary_large_image\" \/>\n<meta name=\"twitter:label1\" content=\"Escrito por\" \/>\n\t<meta name=\"twitter:data1\" content=\"creafontanar\" \/>\n\t<meta name=\"twitter:label2\" content=\"Tiempo de lectura\" \/>\n\t<meta name=\"twitter:data2\" content=\"2 minutos\" \/>\n<script type=\"application\/ld+json\" class=\"yoast-schema-graph\">{\"@context\":\"https:\/\/schema.org\",\"@graph\":[{\"@type\":\"WebPage\",\"@id\":\"https:\/\/www.crea.gov.co\/crea-fontanar\/crea-fontanar-formacion-y-creacion-artistica\/\",\"url\":\"https:\/\/www.crea.gov.co\/crea-fontanar\/crea-fontanar-formacion-y-creacion-artistica\/\",\"name\":\"Crea Fontanar: Formaci\u00f3n y creaci\u00f3n art\u00edstica - Crea Fontanar\",\"isPartOf\":{\"@id\":\"https:\/\/www.crea.gov.co\/crea-fontanar\/#website\"},\"primaryImageOfPage\":{\"@id\":\"https:\/\/www.crea.gov.co\/crea-fontanar\/crea-fontanar-formacion-y-creacion-artistica\/#primaryimage\"},\"image\":{\"@id\":\"https:\/\/www.crea.gov.co\/crea-fontanar\/crea-fontanar-formacion-y-creacion-artistica\/#primaryimage\"},\"thumbnailUrl\":\"https:\/\/www.crea.gov.co\/crea-fontanar\/wp-content\/uploads\/sites\/24\/2026\/02\/Crea_afiche-tabloide_compartir-2-681x1024.jpg\",\"datePublished\":\"2026-03-11T21:56:20+00:00\",\"author\":{\"@id\":\"https:\/\/www.crea.gov.co\/crea-fontanar\/#\/schema\/person\/5b33c06860d35baa10bfb1387448ab8f\"},\"breadcrumb\":{\"@id\":\"https:\/\/www.crea.gov.co\/crea-fontanar\/crea-fontanar-formacion-y-creacion-artistica\/#breadcrumb\"},\"inLanguage\":\"es-CO\",\"potentialAction\":[{\"@type\":\"ReadAction\",\"target\":[\"https:\/\/www.crea.gov.co\/crea-fontanar\/crea-fontanar-formacion-y-creacion-artistica\/\"]}]},{\"@type\":\"ImageObject\",\"inLanguage\":\"es-CO\",\"@id\":\"https:\/\/www.crea.gov.co\/crea-fontanar\/crea-fontanar-formacion-y-creacion-artistica\/#primaryimage\",\"url\":\"https:\/\/www.crea.gov.co\/crea-fontanar\/wp-content\/uploads\/sites\/24\/2026\/02\/Crea_afiche-tabloide_compartir-2-scaled.jpg\",\"contentUrl\":\"https:\/\/www.crea.gov.co\/crea-fontanar\/wp-content\/uploads\/sites\/24\/2026\/02\/Crea_afiche-tabloide_compartir-2-scaled.jpg\",\"width\":1703,\"height\":2560},{\"@type\":\"BreadcrumbList\",\"@id\":\"https:\/\/www.crea.gov.co\/crea-fontanar\/crea-fontanar-formacion-y-creacion-artistica\/#breadcrumb\",\"itemListElement\":[{\"@type\":\"ListItem\",\"position\":1,\"name\":\"Inicio\",\"item\":\"https:\/\/www.crea.gov.co\/crea-fontanar\/\"},{\"@type\":\"ListItem\",\"position\":2,\"name\":\"Crea Fontanar: Formaci\u00f3n y creaci\u00f3n art\u00edstica\"}]},{\"@type\":\"WebSite\",\"@id\":\"https:\/\/www.crea.gov.co\/crea-fontanar\/#website\",\"url\":\"https:\/\/www.crea.gov.co\/crea-fontanar\/\",\"name\":\"Crea Fontanar\",\"description\":\"Ubicado en el CEFE del mismo nombre, la cultura se cultiva con fuerza propia, desde y para la comunidad. Este centro hace parte del compromiso por acercar una oferta art\u00edstica s\u00f3lida y constante a distintos puntos de Bogot\u00e1, generando oportunidades para el desarrollo creativo y social de quienes habitan el territorio.\",\"potentialAction\":[{\"@type\":\"SearchAction\",\"target\":{\"@type\":\"EntryPoint\",\"urlTemplate\":\"https:\/\/www.crea.gov.co\/crea-fontanar\/?s={search_term_string}\"},\"query-input\":{\"@type\":\"PropertyValueSpecification\",\"valueRequired\":true,\"valueName\":\"search_term_string\"}}],\"inLanguage\":\"es-CO\"},{\"@type\":\"Person\",\"@id\":\"https:\/\/www.crea.gov.co\/crea-fontanar\/#\/schema\/person\/5b33c06860d35baa10bfb1387448ab8f\",\"name\":\"creafontanar\",\"image\":{\"@type\":\"ImageObject\",\"inLanguage\":\"es-CO\",\"@id\":\"https:\/\/www.crea.gov.co\/crea-fontanar\/#\/schema\/person\/image\/\",\"url\":\"https:\/\/secure.gravatar.com\/avatar\/92b08ea660abf8efd6557d9154572877?s=96&d=mm&r=g\",\"contentUrl\":\"https:\/\/secure.gravatar.com\/avatar\/92b08ea660abf8efd6557d9154572877?s=96&d=mm&r=g\",\"caption\":\"creafontanar\"},\"url\":\"https:\/\/www.crea.gov.co\/crea-fontanar\/author\/creafontanar\/\"}]}<\/script>\n<!-- \/ Yoast SEO plugin. -->","yoast_head_json":{"title":"Crea Fontanar: Formaci\u00f3n y creaci\u00f3n art\u00edstica - Crea Fontanar","robots":{"index":"index","follow":"follow","max-snippet":"max-snippet:-1","max-image-preview":"max-image-preview:large","max-video-preview":"max-video-preview:-1"},"canonical":"https:\/\/www.crea.gov.co\/crea-fontanar\/crea-fontanar-formacion-y-creacion-artistica\/","og_locale":"es_ES","og_type":"article","og_title":"Crea Fontanar: Formaci\u00f3n y creaci\u00f3n art\u00edstica - Crea Fontanar","og_description":"El Instituto Distrital de las Artes \u2013 Idartes, a trav\u00e9s de la Gerencia Crea y en articulaci\u00f3n con el Centro de Desarrollo Comunitario \u2013 CDC Tibabuyes de SDIS, invita a las familias y a la comunidad a participar en sus talleres gratuitos de formaci\u00f3n art\u00edstica. Estos espacios permiten aprender, crear y compartir en diversas \u00e1reas [&hellip;]","og_url":"https:\/\/www.crea.gov.co\/crea-fontanar\/crea-fontanar-formacion-y-creacion-artistica\/","og_site_name":"Crea Fontanar","article_published_time":"2026-03-11T21:56:20+00:00","og_image":[{"width":1703,"height":2560,"url":"https:\/\/www.crea.gov.co\/crea-fontanar\/wp-content\/uploads\/sites\/24\/2026\/02\/Crea_afiche-tabloide_compartir-2-scaled.jpg","type":"image\/jpeg"}],"author":"creafontanar","twitter_card":"summary_large_image","twitter_misc":{"Escrito por":"creafontanar","Tiempo de lectura":"2 minutos"},"schema":{"@context":"https:\/\/schema.org","@graph":[{"@type":"WebPage","@id":"https:\/\/www.crea.gov.co\/crea-fontanar\/crea-fontanar-formacion-y-creacion-artistica\/","url":"https:\/\/www.crea.gov.co\/crea-fontanar\/crea-fontanar-formacion-y-creacion-artistica\/","name":"Crea Fontanar: Formaci\u00f3n y creaci\u00f3n art\u00edstica - Crea Fontanar","isPartOf":{"@id":"https:\/\/www.crea.gov.co\/crea-fontanar\/#website"},"primaryImageOfPage":{"@id":"https:\/\/www.crea.gov.co\/crea-fontanar\/crea-fontanar-formacion-y-creacion-artistica\/#primaryimage"},"image":{"@id":"https:\/\/www.crea.gov.co\/crea-fontanar\/crea-fontanar-formacion-y-creacion-artistica\/#primaryimage"},"thumbnailUrl":"https:\/\/www.crea.gov.co\/crea-fontanar\/wp-content\/uploads\/sites\/24\/2026\/02\/Crea_afiche-tabloide_compartir-2-681x1024.jpg","datePublished":"2026-03-11T21:56:20+00:00","author":{"@id":"https:\/\/www.crea.gov.co\/crea-fontanar\/#\/schema\/person\/5b33c06860d35baa10bfb1387448ab8f"},"breadcrumb":{"@id":"https:\/\/www.crea.gov.co\/crea-fontanar\/crea-fontanar-formacion-y-creacion-artistica\/#breadcrumb"},"inLanguage":"es-CO","potentialAction":[{"@type":"ReadAction","target":["https:\/\/www.crea.gov.co\/crea-fontanar\/crea-fontanar-formacion-y-creacion-artistica\/"]}]},{"@type":"ImageObject","inLanguage":"es-CO","@id":"https:\/\/www.crea.gov.co\/crea-fontanar\/crea-fontanar-formacion-y-creacion-artistica\/#primaryimage","url":"https:\/\/www.crea.gov.co\/crea-fontanar\/wp-content\/uploads\/sites\/24\/2026\/02\/Crea_afiche-tabloide_compartir-2-scaled.jpg","contentUrl":"https:\/\/www.crea.gov.co\/crea-fontanar\/wp-content\/uploads\/sites\/24\/2026\/02\/Crea_afiche-tabloide_compartir-2-scaled.jpg","width":1703,"height":2560},{"@type":"BreadcrumbList","@id":"https:\/\/www.crea.gov.co\/crea-fontanar\/crea-fontanar-formacion-y-creacion-artistica\/#breadcrumb","itemListElement":[{"@type":"ListItem","position":1,"name":"Inicio","item":"https:\/\/www.crea.gov.co\/crea-fontanar\/"},{"@type":"ListItem","position":2,"name":"Crea Fontanar: Formaci\u00f3n y creaci\u00f3n art\u00edstica"}]},{"@type":"WebSite","@id":"https:\/\/www.crea.gov.co\/crea-fontanar\/#website","url":"https:\/\/www.crea.gov.co\/crea-fontanar\/","name":"Crea Fontanar","description":"Ubicado en el CEFE del mismo nombre, la cultura se cultiva con fuerza propia, desde y para la comunidad. Este centro hace parte del compromiso por acercar una oferta art\u00edstica s\u00f3lida y constante a distintos puntos de Bogot\u00e1, generando oportunidades para el desarrollo creativo y social de quienes habitan el territorio.","potentialAction":[{"@type":"SearchAction","target":{"@type":"EntryPoint","urlTemplate":"https:\/\/www.crea.gov.co\/crea-fontanar\/?s={search_term_string}"},"query-input":{"@type":"PropertyValueSpecification","valueRequired":true,"valueName":"search_term_string"}}],"inLanguage":"es-CO"},{"@type":"Person","@id":"https:\/\/www.crea.gov.co\/crea-fontanar\/#\/schema\/person\/5b33c06860d35baa10bfb1387448ab8f","name":"creafontanar","image":{"@type":"ImageObject","inLanguage":"es-CO","@id":"https:\/\/www.crea.gov.co\/crea-fontanar\/#\/schema\/person\/image\/","url":"https:\/\/secure.gravatar.com\/avatar\/92b08ea660abf8efd6557d9154572877?s=96&d=mm&r=g","contentUrl":"https:\/\/secure.gravatar.com\/avatar\/92b08ea660abf8efd6557d9154572877?s=96&d=mm&r=g","caption":"creafontanar"},"url":"https:\/\/www.crea.gov.co\/crea-fontanar\/author\/creafontanar\/"}]}},"_links":{"self":[{"href":"https:\/\/www.crea.gov.co\/crea-fontanar\/wp-json\/wp\/v2\/posts\/870","targetHints":{"allow":["GET"]}}],"collection":[{"href":"https:\/\/www.crea.gov.co\/crea-fontanar\/wp-json\/wp\/v2\/posts"}],"about":[{"href":"https:\/\/www.crea.gov.co\/crea-fontanar\/wp-json\/wp\/v2\/types\/post"}],"author":[{"embeddable":true,"href":"https:\/\/www.crea.gov.co\/crea-fontanar\/wp-json\/wp\/v2\/users\/83"}],"replies":[{"embeddable":true,"href":"https:\/\/www.crea.gov.co\/crea-fontanar\/wp-json\/wp\/v2\/comments?post=870"}],"version-history":[{"count":2,"href":"https:\/\/www.crea.gov.co\/crea-fontanar\/wp-json\/wp\/v2\/posts\/870\/revisions"}],"predecessor-version":[{"id":875,"href":"https:\/\/www.crea.gov.co\/crea-fontanar\/wp-json\/wp\/v2\/posts\/870\/revisions\/875"}],"wp:attachment":[{"href":"https:\/\/www.crea.gov.co\/crea-fontanar\/wp-json\/wp\/v2\/media?parent=870"}],"wp:term":[{"taxonomy":"category","embeddable":true,"href":"https:\/\/www.crea.gov.co\/crea-fontanar\/wp-json\/wp\/v2\/categories?post=870"},{"taxonomy":"post_tag","embeddable":true,"href":"https:\/\/www.crea.gov.co\/crea-fontanar\/wp-json\/wp\/v2\/tags?post=870"}],"curies":[{"name":"wp","href":"https:\/\/api.w.org\/{rel}","templated":true}]}}