{"id":858,"date":"2026-02-18T16:43:05","date_gmt":"2026-02-18T21:43:05","guid":{"rendered":"https:\/\/www.crea.gov.co\/crea-fontanar\/?p=858"},"modified":"2026-02-18T16:43:05","modified_gmt":"2026-02-18T21:43:05","slug":"el-arte-se-toma-el-2026-inscribete-a-los-talleres-gratuitos-en-crea-fontanar","status":"publish","type":"post","link":"https:\/\/www.crea.gov.co\/crea-fontanar\/el-arte-se-toma-el-2026-inscribete-a-los-talleres-gratuitos-en-crea-fontanar\/","title":{"rendered":"\u00a1El arte se toma el 2026! Inscr\u00edbete a los talleres gratuitos en Crea Fontanar"},"content":{"rendered":"\n<figure class=\"wp-block-image size-large\"><img loading=\"lazy\" decoding=\"async\" width=\"681\" height=\"1024\" src=\"https:\/\/www.crea.gov.co\/crea-fontanar\/wp-content\/uploads\/sites\/24\/2026\/02\/Crea_afiche-tabloide_compartir-2-681x1024.jpg\" alt=\"\" class=\"wp-image-862\" srcset=\"https:\/\/www.crea.gov.co\/crea-fontanar\/wp-content\/uploads\/sites\/24\/2026\/02\/Crea_afiche-tabloide_compartir-2-681x1024.jpg 681w, https:\/\/www.crea.gov.co\/crea-fontanar\/wp-content\/uploads\/sites\/24\/2026\/02\/Crea_afiche-tabloide_compartir-2-200x300.jpg 200w, https:\/\/www.crea.gov.co\/crea-fontanar\/wp-content\/uploads\/sites\/24\/2026\/02\/Crea_afiche-tabloide_compartir-2-768x1155.jpg 768w, https:\/\/www.crea.gov.co\/crea-fontanar\/wp-content\/uploads\/sites\/24\/2026\/02\/Crea_afiche-tabloide_compartir-2-1022x1536.jpg 1022w, https:\/\/www.crea.gov.co\/crea-fontanar\/wp-content\/uploads\/sites\/24\/2026\/02\/Crea_afiche-tabloide_compartir-2-1362x2048.jpg 1362w, https:\/\/www.crea.gov.co\/crea-fontanar\/wp-content\/uploads\/sites\/24\/2026\/02\/Crea_afiche-tabloide_compartir-2-scaled.jpg 1703w\" sizes=\"auto, (max-width: 681px) 100vw, 681px\" \/><\/figure>\n\n\n\n<p>Transforma tu tiempo libre en talento. El Crea Fontanar abre sus puertas este nuevo a\u00f1o con una oferta diversa, gratuita y de alta calidad para ni\u00f1os, j\u00f3venes y adultos. Si buscas aprender danza, m\u00fasica, creaci\u00f3n literaria, artes pl\u00e1sticas, artes digitales, creaci\u00f3n digital o audiovisuales, \u00a1este es tu momento!<\/p>\n\n\n\n<p>Nuestra misi\u00f3n es potenciar la creatividad en la comunidad. Descubre a continuaci\u00f3n nuestras \u00e1reas y horarios para este ciclo: <\/p>\n\n\n\n<p>\ud83c\udfad Oferta de talleres 2026<\/p>\n\n\n\n<figure class=\"wp-block-image size-full\"><img loading=\"lazy\" decoding=\"async\" width=\"581\" height=\"490\" src=\"https:\/\/www.crea.gov.co\/crea-fontanar\/wp-content\/uploads\/sites\/24\/2026\/02\/Captura-de-pantalla-2026-02-18-164206.png\" alt=\"\" class=\"wp-image-867\" srcset=\"https:\/\/www.crea.gov.co\/crea-fontanar\/wp-content\/uploads\/sites\/24\/2026\/02\/Captura-de-pantalla-2026-02-18-164206.png 581w, https:\/\/www.crea.gov.co\/crea-fontanar\/wp-content\/uploads\/sites\/24\/2026\/02\/Captura-de-pantalla-2026-02-18-164206-300x253.png 300w\" sizes=\"auto, (max-width: 581px) 100vw, 581px\" \/><\/figure>\n\n\n\n<p>\ud83d\udcdd Proceso de Inscripci\u00f3n<\/p>\n\n\n\n<p>\u00a1Es muy sencillo! Solo aseg\u00farate de tener a mano los siguientes documentos en fotocopia:<\/p>\n\n\n\n<ul class=\"wp-block-list\">\n<li>Documento de identidad.<\/li>\n\n\n\n<li>Recibo de servicio p\u00fablico (lugar de residencia).<\/li>\n\n\n\n<li>Certificado de EPS vigente (no carnet).<\/li>\n<\/ul>\n\n\n\n<p>\u00bfD\u00f3nde inscribirte?<\/p>\n\n\n\n<p>Presencial: Ac\u00e9rcate al CEFE &#8211; Crea Fontanar del R\u00edo. Atendemos de lunes a viernes desde las 8:00 a.m. a 5.00pm y s\u00e1bados de 8:00 a.m. a 12.00m<\/p>\n\n\n\n<p>Recuerda: Los cupos son limitados. \u00a1Ven y haz parte de la generaci\u00f3n Crea 2026!<\/p>\n\n\n\n<p><\/p>\n","protected":false},"excerpt":{"rendered":"<p>Transforma tu tiempo libre en talento. El Crea Fontanar abre sus puertas este nuevo a\u00f1o con una oferta diversa, gratuita y de alta calidad para ni\u00f1os, j\u00f3venes y adultos. Si buscas aprender danza, m\u00fasica, creaci\u00f3n literaria, artes pl\u00e1sticas, artes digitales, creaci\u00f3n digital o audiovisuales, \u00a1este es tu momento! Nuestra misi\u00f3n es potenciar la creatividad en [&hellip;]<\/p>\n","protected":false},"author":83,"featured_media":0,"comment_status":"open","ping_status":"open","sticky":false,"template":"","format":"standard","meta":{"footnotes":""},"categories":[1],"tags":[],"class_list":["post-858","post","type-post","status-publish","format-standard","hentry","category-sin-categoria"],"yoast_head":"<!-- This site is optimized with the Yoast SEO plugin v24.5 - https:\/\/yoast.com\/wordpress\/plugins\/seo\/ -->\n<title>\u00a1El arte se toma el 2026! Inscr\u00edbete a los talleres gratuitos en Crea Fontanar - Crea Fontanar<\/title>\n<meta name=\"robots\" content=\"index, follow, max-snippet:-1, max-image-preview:large, max-video-preview:-1\" \/>\n<link rel=\"canonical\" href=\"https:\/\/www.crea.gov.co\/crea-fontanar\/el-arte-se-toma-el-2026-inscribete-a-los-talleres-gratuitos-en-crea-fontanar\/\" \/>\n<meta property=\"og:locale\" content=\"es_ES\" \/>\n<meta property=\"og:type\" content=\"article\" \/>\n<meta property=\"og:title\" content=\"\u00a1El arte se toma el 2026! Inscr\u00edbete a los talleres gratuitos en Crea Fontanar - Crea Fontanar\" \/>\n<meta property=\"og:description\" content=\"Transforma tu tiempo libre en talento. El Crea Fontanar abre sus puertas este nuevo a\u00f1o con una oferta diversa, gratuita y de alta calidad para ni\u00f1os, j\u00f3venes y adultos. Si buscas aprender danza, m\u00fasica, creaci\u00f3n literaria, artes pl\u00e1sticas, artes digitales, creaci\u00f3n digital o audiovisuales, \u00a1este es tu momento! Nuestra misi\u00f3n es potenciar la creatividad en [&hellip;]\" \/>\n<meta property=\"og:url\" content=\"https:\/\/www.crea.gov.co\/crea-fontanar\/el-arte-se-toma-el-2026-inscribete-a-los-talleres-gratuitos-en-crea-fontanar\/\" \/>\n<meta property=\"og:site_name\" content=\"Crea Fontanar\" \/>\n<meta property=\"article:published_time\" content=\"2026-02-18T21:43:05+00:00\" \/>\n<meta property=\"og:image\" content=\"https:\/\/www.crea.gov.co\/crea-fontanar\/wp-content\/uploads\/sites\/24\/2026\/02\/Crea_afiche-tabloide_compartir-2-scaled.jpg\" \/>\n\t<meta property=\"og:image:width\" content=\"1703\" \/>\n\t<meta property=\"og:image:height\" content=\"2560\" \/>\n\t<meta property=\"og:image:type\" content=\"image\/jpeg\" \/>\n<meta name=\"author\" content=\"creafontanar\" \/>\n<meta name=\"twitter:card\" content=\"summary_large_image\" \/>\n<meta name=\"twitter:label1\" content=\"Escrito por\" \/>\n\t<meta name=\"twitter:data1\" content=\"creafontanar\" \/>\n\t<meta name=\"twitter:label2\" content=\"Tiempo de lectura\" \/>\n\t<meta name=\"twitter:data2\" content=\"2 minutos\" \/>\n<script type=\"application\/ld+json\" class=\"yoast-schema-graph\">{\"@context\":\"https:\/\/schema.org\",\"@graph\":[{\"@type\":\"WebPage\",\"@id\":\"https:\/\/www.crea.gov.co\/crea-fontanar\/el-arte-se-toma-el-2026-inscribete-a-los-talleres-gratuitos-en-crea-fontanar\/\",\"url\":\"https:\/\/www.crea.gov.co\/crea-fontanar\/el-arte-se-toma-el-2026-inscribete-a-los-talleres-gratuitos-en-crea-fontanar\/\",\"name\":\"\u00a1El arte se toma el 2026! Inscr\u00edbete a los talleres gratuitos en Crea Fontanar - Crea Fontanar\",\"isPartOf\":{\"@id\":\"https:\/\/www.crea.gov.co\/crea-fontanar\/#website\"},\"primaryImageOfPage\":{\"@id\":\"https:\/\/www.crea.gov.co\/crea-fontanar\/el-arte-se-toma-el-2026-inscribete-a-los-talleres-gratuitos-en-crea-fontanar\/#primaryimage\"},\"image\":{\"@id\":\"https:\/\/www.crea.gov.co\/crea-fontanar\/el-arte-se-toma-el-2026-inscribete-a-los-talleres-gratuitos-en-crea-fontanar\/#primaryimage\"},\"thumbnailUrl\":\"https:\/\/www.crea.gov.co\/crea-fontanar\/wp-content\/uploads\/sites\/24\/2026\/02\/Crea_afiche-tabloide_compartir-2-681x1024.jpg\",\"datePublished\":\"2026-02-18T21:43:05+00:00\",\"author\":{\"@id\":\"https:\/\/www.crea.gov.co\/crea-fontanar\/#\/schema\/person\/5b33c06860d35baa10bfb1387448ab8f\"},\"breadcrumb\":{\"@id\":\"https:\/\/www.crea.gov.co\/crea-fontanar\/el-arte-se-toma-el-2026-inscribete-a-los-talleres-gratuitos-en-crea-fontanar\/#breadcrumb\"},\"inLanguage\":\"es-CO\",\"potentialAction\":[{\"@type\":\"ReadAction\",\"target\":[\"https:\/\/www.crea.gov.co\/crea-fontanar\/el-arte-se-toma-el-2026-inscribete-a-los-talleres-gratuitos-en-crea-fontanar\/\"]}]},{\"@type\":\"ImageObject\",\"inLanguage\":\"es-CO\",\"@id\":\"https:\/\/www.crea.gov.co\/crea-fontanar\/el-arte-se-toma-el-2026-inscribete-a-los-talleres-gratuitos-en-crea-fontanar\/#primaryimage\",\"url\":\"https:\/\/www.crea.gov.co\/crea-fontanar\/wp-content\/uploads\/sites\/24\/2026\/02\/Crea_afiche-tabloide_compartir-2-scaled.jpg\",\"contentUrl\":\"https:\/\/www.crea.gov.co\/crea-fontanar\/wp-content\/uploads\/sites\/24\/2026\/02\/Crea_afiche-tabloide_compartir-2-scaled.jpg\",\"width\":1703,\"height\":2560},{\"@type\":\"BreadcrumbList\",\"@id\":\"https:\/\/www.crea.gov.co\/crea-fontanar\/el-arte-se-toma-el-2026-inscribete-a-los-talleres-gratuitos-en-crea-fontanar\/#breadcrumb\",\"itemListElement\":[{\"@type\":\"ListItem\",\"position\":1,\"name\":\"Inicio\",\"item\":\"https:\/\/www.crea.gov.co\/crea-fontanar\/\"},{\"@type\":\"ListItem\",\"position\":2,\"name\":\"\u00a1El arte se toma el 2026! Inscr\u00edbete a los talleres gratuitos en Crea Fontanar\"}]},{\"@type\":\"WebSite\",\"@id\":\"https:\/\/www.crea.gov.co\/crea-fontanar\/#website\",\"url\":\"https:\/\/www.crea.gov.co\/crea-fontanar\/\",\"name\":\"Crea Fontanar\",\"description\":\"Ubicado en el CEFE del mismo nombre, la cultura se cultiva con fuerza propia, desde y para la comunidad. Este centro hace parte del compromiso por acercar una oferta art\u00edstica s\u00f3lida y constante a distintos puntos de Bogot\u00e1, generando oportunidades para el desarrollo creativo y social de quienes habitan el territorio.\",\"potentialAction\":[{\"@type\":\"SearchAction\",\"target\":{\"@type\":\"EntryPoint\",\"urlTemplate\":\"https:\/\/www.crea.gov.co\/crea-fontanar\/?s={search_term_string}\"},\"query-input\":{\"@type\":\"PropertyValueSpecification\",\"valueRequired\":true,\"valueName\":\"search_term_string\"}}],\"inLanguage\":\"es-CO\"},{\"@type\":\"Person\",\"@id\":\"https:\/\/www.crea.gov.co\/crea-fontanar\/#\/schema\/person\/5b33c06860d35baa10bfb1387448ab8f\",\"name\":\"creafontanar\",\"image\":{\"@type\":\"ImageObject\",\"inLanguage\":\"es-CO\",\"@id\":\"https:\/\/www.crea.gov.co\/crea-fontanar\/#\/schema\/person\/image\/\",\"url\":\"https:\/\/secure.gravatar.com\/avatar\/92b08ea660abf8efd6557d9154572877?s=96&d=mm&r=g\",\"contentUrl\":\"https:\/\/secure.gravatar.com\/avatar\/92b08ea660abf8efd6557d9154572877?s=96&d=mm&r=g\",\"caption\":\"creafontanar\"},\"url\":\"https:\/\/www.crea.gov.co\/crea-fontanar\/author\/creafontanar\/\"}]}<\/script>\n<!-- \/ Yoast SEO plugin. -->","yoast_head_json":{"title":"\u00a1El arte se toma el 2026! Inscr\u00edbete a los talleres gratuitos en Crea Fontanar - Crea Fontanar","robots":{"index":"index","follow":"follow","max-snippet":"max-snippet:-1","max-image-preview":"max-image-preview:large","max-video-preview":"max-video-preview:-1"},"canonical":"https:\/\/www.crea.gov.co\/crea-fontanar\/el-arte-se-toma-el-2026-inscribete-a-los-talleres-gratuitos-en-crea-fontanar\/","og_locale":"es_ES","og_type":"article","og_title":"\u00a1El arte se toma el 2026! Inscr\u00edbete a los talleres gratuitos en Crea Fontanar - Crea Fontanar","og_description":"Transforma tu tiempo libre en talento. El Crea Fontanar abre sus puertas este nuevo a\u00f1o con una oferta diversa, gratuita y de alta calidad para ni\u00f1os, j\u00f3venes y adultos. Si buscas aprender danza, m\u00fasica, creaci\u00f3n literaria, artes pl\u00e1sticas, artes digitales, creaci\u00f3n digital o audiovisuales, \u00a1este es tu momento! Nuestra misi\u00f3n es potenciar la creatividad en [&hellip;]","og_url":"https:\/\/www.crea.gov.co\/crea-fontanar\/el-arte-se-toma-el-2026-inscribete-a-los-talleres-gratuitos-en-crea-fontanar\/","og_site_name":"Crea Fontanar","article_published_time":"2026-02-18T21:43:05+00:00","og_image":[{"width":1703,"height":2560,"url":"https:\/\/www.crea.gov.co\/crea-fontanar\/wp-content\/uploads\/sites\/24\/2026\/02\/Crea_afiche-tabloide_compartir-2-scaled.jpg","type":"image\/jpeg"}],"author":"creafontanar","twitter_card":"summary_large_image","twitter_misc":{"Escrito por":"creafontanar","Tiempo de lectura":"2 minutos"},"schema":{"@context":"https:\/\/schema.org","@graph":[{"@type":"WebPage","@id":"https:\/\/www.crea.gov.co\/crea-fontanar\/el-arte-se-toma-el-2026-inscribete-a-los-talleres-gratuitos-en-crea-fontanar\/","url":"https:\/\/www.crea.gov.co\/crea-fontanar\/el-arte-se-toma-el-2026-inscribete-a-los-talleres-gratuitos-en-crea-fontanar\/","name":"\u00a1El arte se toma el 2026! Inscr\u00edbete a los talleres gratuitos en Crea Fontanar - Crea Fontanar","isPartOf":{"@id":"https:\/\/www.crea.gov.co\/crea-fontanar\/#website"},"primaryImageOfPage":{"@id":"https:\/\/www.crea.gov.co\/crea-fontanar\/el-arte-se-toma-el-2026-inscribete-a-los-talleres-gratuitos-en-crea-fontanar\/#primaryimage"},"image":{"@id":"https:\/\/www.crea.gov.co\/crea-fontanar\/el-arte-se-toma-el-2026-inscribete-a-los-talleres-gratuitos-en-crea-fontanar\/#primaryimage"},"thumbnailUrl":"https:\/\/www.crea.gov.co\/crea-fontanar\/wp-content\/uploads\/sites\/24\/2026\/02\/Crea_afiche-tabloide_compartir-2-681x1024.jpg","datePublished":"2026-02-18T21:43:05+00:00","author":{"@id":"https:\/\/www.crea.gov.co\/crea-fontanar\/#\/schema\/person\/5b33c06860d35baa10bfb1387448ab8f"},"breadcrumb":{"@id":"https:\/\/www.crea.gov.co\/crea-fontanar\/el-arte-se-toma-el-2026-inscribete-a-los-talleres-gratuitos-en-crea-fontanar\/#breadcrumb"},"inLanguage":"es-CO","potentialAction":[{"@type":"ReadAction","target":["https:\/\/www.crea.gov.co\/crea-fontanar\/el-arte-se-toma-el-2026-inscribete-a-los-talleres-gratuitos-en-crea-fontanar\/"]}]},{"@type":"ImageObject","inLanguage":"es-CO","@id":"https:\/\/www.crea.gov.co\/crea-fontanar\/el-arte-se-toma-el-2026-inscribete-a-los-talleres-gratuitos-en-crea-fontanar\/#primaryimage","url":"https:\/\/www.crea.gov.co\/crea-fontanar\/wp-content\/uploads\/sites\/24\/2026\/02\/Crea_afiche-tabloide_compartir-2-scaled.jpg","contentUrl":"https:\/\/www.crea.gov.co\/crea-fontanar\/wp-content\/uploads\/sites\/24\/2026\/02\/Crea_afiche-tabloide_compartir-2-scaled.jpg","width":1703,"height":2560},{"@type":"BreadcrumbList","@id":"https:\/\/www.crea.gov.co\/crea-fontanar\/el-arte-se-toma-el-2026-inscribete-a-los-talleres-gratuitos-en-crea-fontanar\/#breadcrumb","itemListElement":[{"@type":"ListItem","position":1,"name":"Inicio","item":"https:\/\/www.crea.gov.co\/crea-fontanar\/"},{"@type":"ListItem","position":2,"name":"\u00a1El arte se toma el 2026! Inscr\u00edbete a los talleres gratuitos en Crea Fontanar"}]},{"@type":"WebSite","@id":"https:\/\/www.crea.gov.co\/crea-fontanar\/#website","url":"https:\/\/www.crea.gov.co\/crea-fontanar\/","name":"Crea Fontanar","description":"Ubicado en el CEFE del mismo nombre, la cultura se cultiva con fuerza propia, desde y para la comunidad. Este centro hace parte del compromiso por acercar una oferta art\u00edstica s\u00f3lida y constante a distintos puntos de Bogot\u00e1, generando oportunidades para el desarrollo creativo y social de quienes habitan el territorio.","potentialAction":[{"@type":"SearchAction","target":{"@type":"EntryPoint","urlTemplate":"https:\/\/www.crea.gov.co\/crea-fontanar\/?s={search_term_string}"},"query-input":{"@type":"PropertyValueSpecification","valueRequired":true,"valueName":"search_term_string"}}],"inLanguage":"es-CO"},{"@type":"Person","@id":"https:\/\/www.crea.gov.co\/crea-fontanar\/#\/schema\/person\/5b33c06860d35baa10bfb1387448ab8f","name":"creafontanar","image":{"@type":"ImageObject","inLanguage":"es-CO","@id":"https:\/\/www.crea.gov.co\/crea-fontanar\/#\/schema\/person\/image\/","url":"https:\/\/secure.gravatar.com\/avatar\/92b08ea660abf8efd6557d9154572877?s=96&d=mm&r=g","contentUrl":"https:\/\/secure.gravatar.com\/avatar\/92b08ea660abf8efd6557d9154572877?s=96&d=mm&r=g","caption":"creafontanar"},"url":"https:\/\/www.crea.gov.co\/crea-fontanar\/author\/creafontanar\/"}]}},"_links":{"self":[{"href":"https:\/\/www.crea.gov.co\/crea-fontanar\/wp-json\/wp\/v2\/posts\/858","targetHints":{"allow":["GET"]}}],"collection":[{"href":"https:\/\/www.crea.gov.co\/crea-fontanar\/wp-json\/wp\/v2\/posts"}],"about":[{"href":"https:\/\/www.crea.gov.co\/crea-fontanar\/wp-json\/wp\/v2\/types\/post"}],"author":[{"embeddable":true,"href":"https:\/\/www.crea.gov.co\/crea-fontanar\/wp-json\/wp\/v2\/users\/83"}],"replies":[{"embeddable":true,"href":"https:\/\/www.crea.gov.co\/crea-fontanar\/wp-json\/wp\/v2\/comments?post=858"}],"version-history":[{"count":4,"href":"https:\/\/www.crea.gov.co\/crea-fontanar\/wp-json\/wp\/v2\/posts\/858\/revisions"}],"predecessor-version":[{"id":868,"href":"https:\/\/www.crea.gov.co\/crea-fontanar\/wp-json\/wp\/v2\/posts\/858\/revisions\/868"}],"wp:attachment":[{"href":"https:\/\/www.crea.gov.co\/crea-fontanar\/wp-json\/wp\/v2\/media?parent=858"}],"wp:term":[{"taxonomy":"category","embeddable":true,"href":"https:\/\/www.crea.gov.co\/crea-fontanar\/wp-json\/wp\/v2\/categories?post=858"},{"taxonomy":"post_tag","embeddable":true,"href":"https:\/\/www.crea.gov.co\/crea-fontanar\/wp-json\/wp\/v2\/tags?post=858"}],"curies":[{"name":"wp","href":"https:\/\/api.w.org\/{rel}","templated":true}]}}