{"id":846,"date":"2025-12-09T11:30:08","date_gmt":"2025-12-09T16:30:08","guid":{"rendered":"https:\/\/www.crea.gov.co\/crea-fontanar\/?p=846"},"modified":"2026-02-11T12:40:34","modified_gmt":"2026-02-11T17:40:34","slug":"a-crea-fontanar-llega-navidadescreaasi-comenzo-la-magia-decembrina-en-el-crea-fontanar-actividades-color-y-espiritu-navidenoa-crea-fontanar-llega-navidadescrea","status":"publish","type":"post","link":"https:\/\/www.crea.gov.co\/crea-fontanar\/a-crea-fontanar-llega-navidadescreaasi-comenzo-la-magia-decembrina-en-el-crea-fontanar-actividades-color-y-espiritu-navidenoa-crea-fontanar-llega-navidadescrea\/","title":{"rendered":"A Crea Fontanar llega NavidadEsCrea                  As\u00ed comenz\u00f3 la magia decembrina en el Crea Fontanar: actividades, color y esp\u00edritu navide\u00f1o Crea Fontanar llega NavidadEsCrea"},"content":{"rendered":"\n<p>El pasado <strong>viernes 5 de diciembre<\/strong>, el <strong>Crea Fontanar<\/strong> se llen\u00f3 de colores, cantos tradicionales y mucho baile. Ese d\u00eda dio inicio <strong>NavidadEs Crea<\/strong>, una programaci\u00f3n especial que se extender\u00e1 hasta el <strong>19 de noviembre<\/strong>, con experiencias comunitarias, pedag\u00f3gicas y art\u00edsticas pensadas para celebrar la temporada m\u00e1s esperada del a\u00f1o.<\/p>\n\n\n\n<p>Durante estas semanas, el espacio se transformar\u00e1 en un punto de encuentro donde el esp\u00edritu navide\u00f1o y el ambiente decembrino se viven en cada rinc\u00f3n de la ciudad. Estas son algunas de las actividades que podr\u00e1s disfrutar: <\/p>\n\n\n\n<figure class=\"wp-block-image size-large\"><img loading=\"lazy\" decoding=\"async\" width=\"1024\" height=\"576\" src=\"https:\/\/www.crea.gov.co\/crea-fontanar\/wp-content\/uploads\/sites\/24\/2025\/12\/WhatsApp-Image-2025-12-05-at-18.45.50-1024x576.jpeg\" alt=\"\" class=\"wp-image-848\" srcset=\"https:\/\/www.crea.gov.co\/crea-fontanar\/wp-content\/uploads\/sites\/24\/2025\/12\/WhatsApp-Image-2025-12-05-at-18.45.50-1024x576.jpeg 1024w, https:\/\/www.crea.gov.co\/crea-fontanar\/wp-content\/uploads\/sites\/24\/2025\/12\/WhatsApp-Image-2025-12-05-at-18.45.50-300x169.jpeg 300w, https:\/\/www.crea.gov.co\/crea-fontanar\/wp-content\/uploads\/sites\/24\/2025\/12\/WhatsApp-Image-2025-12-05-at-18.45.50-768x432.jpeg 768w, https:\/\/www.crea.gov.co\/crea-fontanar\/wp-content\/uploads\/sites\/24\/2025\/12\/WhatsApp-Image-2025-12-05-at-18.45.50-1536x864.jpeg 1536w, https:\/\/www.crea.gov.co\/crea-fontanar\/wp-content\/uploads\/sites\/24\/2025\/12\/WhatsApp-Image-2025-12-05-at-18.45.50.jpeg 1600w\" sizes=\"auto, (max-width: 1024px) 100vw, 1024px\" \/><\/figure>\n\n\n\n<h3 class=\"wp-block-heading\">\ud83c\udfa8 <strong>Creaci\u00f3n de objetos reciclables<\/strong><\/h3>\n\n\n\n<p>Un taller perfecto para quienes aman crear con sus propias manos. Aqu\u00ed aprender\u00e1s a transformar materiales como pl\u00e1stico, cart\u00f3n, vidrio o metal en objetos \u00fatiles y decorativos: portal\u00e1pices hechos con latas, macetas con botellas, joyas con anillas o incluso juguetes con cartones de huevo. Una experiencia que mezcla creatividad, ahorro y conciencia ambiental.<\/p>\n\n\n\n<h3 class=\"wp-block-heading\">\ud83d\udd8d\ufe0f <strong>\u00c1lbum Familiar: memoria y creaci\u00f3n<\/strong><\/h3>\n\n\n\n<p>Las fotograf\u00edas de celebraciones, viajes, cumplea\u00f1os y momentos especiales ser\u00e1n el punto de partida para crear nuevas im\u00e1genes y relatos. En este espacio podr\u00e1s dibujar, pintar, escribir o volver a fotografiar a esas personas que han marcado tu historia. Una invitaci\u00f3n a convertir la memoria personal en un impulso creativo.<\/p>\n\n\n\n<h3 class=\"wp-block-heading\">\ud83c\udfb6 <strong>Presentaciones del grupo vocal<\/strong><\/h3>\n\n\n\n<p>La m\u00fasica tambi\u00e9n ser\u00e1 protagonista. El grupo vocal del Crea interpretar\u00e1 repertorios que van desde villancicos cl\u00e1sicos hasta canciones modernas de la temporada. Con armon\u00edas cuidadas e instrumentos como campanas, cuerdas y vientos, las presentaciones buscan recrear una atm\u00f3sfera festiva, espiritual y profundamente comunitaria.<\/p>\n\n\n\n<p>Adem\u00e1s, el Crea Fontanar contar\u00e1 con salones de baile, los tradicionales Creaguinaldos y muchas otras actividades pensadas para que personas de todas las edades puedan compartir la alegr\u00eda de estas fechas especiales.<\/p>\n","protected":false},"excerpt":{"rendered":"<p>El pasado viernes 5 de diciembre, el Crea Fontanar se llen\u00f3 de colores, cantos tradicionales y mucho baile. Ese d\u00eda dio inicio NavidadEs Crea, una programaci\u00f3n especial que se extender\u00e1 hasta el 19 de noviembre, con experiencias comunitarias, pedag\u00f3gicas y art\u00edsticas pensadas para celebrar la temporada m\u00e1s esperada del a\u00f1o. Durante estas semanas, el espacio [&hellip;]<\/p>\n","protected":false},"author":83,"featured_media":0,"comment_status":"open","ping_status":"open","sticky":false,"template":"","format":"standard","meta":{"footnotes":""},"categories":[1],"tags":[],"class_list":["post-846","post","type-post","status-publish","format-standard","hentry","category-sin-categoria"],"yoast_head":"<!-- This site is optimized with the Yoast SEO plugin v24.5 - https:\/\/yoast.com\/wordpress\/plugins\/seo\/ -->\n<title>A Crea Fontanar llega NavidadEsCrea         As\u00ed comenz\u00f3 la magia decembrina en el Crea Fontanar: actividades, color y esp\u00edritu navide\u00f1o Crea Fontanar llega NavidadEsCrea - Crea Fontanar<\/title>\n<meta name=\"robots\" content=\"index, follow, max-snippet:-1, max-image-preview:large, max-video-preview:-1\" \/>\n<link rel=\"canonical\" href=\"https:\/\/www.crea.gov.co\/crea-fontanar\/a-crea-fontanar-llega-navidadescreaasi-comenzo-la-magia-decembrina-en-el-crea-fontanar-actividades-color-y-espiritu-navidenoa-crea-fontanar-llega-navidadescrea\/\" \/>\n<meta property=\"og:locale\" content=\"es_ES\" \/>\n<meta property=\"og:type\" content=\"article\" \/>\n<meta property=\"og:title\" content=\"A Crea Fontanar llega NavidadEsCrea         As\u00ed comenz\u00f3 la magia decembrina en el Crea Fontanar: actividades, color y esp\u00edritu navide\u00f1o Crea Fontanar llega NavidadEsCrea - Crea Fontanar\" \/>\n<meta property=\"og:description\" content=\"El pasado viernes 5 de diciembre, el Crea Fontanar se llen\u00f3 de colores, cantos tradicionales y mucho baile. Ese d\u00eda dio inicio NavidadEs Crea, una programaci\u00f3n especial que se extender\u00e1 hasta el 19 de noviembre, con experiencias comunitarias, pedag\u00f3gicas y art\u00edsticas pensadas para celebrar la temporada m\u00e1s esperada del a\u00f1o. Durante estas semanas, el espacio [&hellip;]\" \/>\n<meta property=\"og:url\" content=\"https:\/\/www.crea.gov.co\/crea-fontanar\/a-crea-fontanar-llega-navidadescreaasi-comenzo-la-magia-decembrina-en-el-crea-fontanar-actividades-color-y-espiritu-navidenoa-crea-fontanar-llega-navidadescrea\/\" \/>\n<meta property=\"og:site_name\" content=\"Crea Fontanar\" \/>\n<meta property=\"article:published_time\" content=\"2025-12-09T16:30:08+00:00\" \/>\n<meta property=\"article:modified_time\" content=\"2026-02-11T17:40:34+00:00\" \/>\n<meta property=\"og:image\" content=\"https:\/\/www.crea.gov.co\/crea-fontanar\/wp-content\/uploads\/sites\/24\/2025\/12\/WhatsApp-Image-2025-12-05-at-18.45.50.jpeg\" \/>\n\t<meta property=\"og:image:width\" content=\"1600\" \/>\n\t<meta property=\"og:image:height\" content=\"900\" \/>\n\t<meta property=\"og:image:type\" content=\"image\/jpeg\" \/>\n<meta name=\"author\" content=\"creafontanar\" \/>\n<meta name=\"twitter:card\" content=\"summary_large_image\" \/>\n<meta name=\"twitter:label1\" content=\"Escrito por\" \/>\n\t<meta name=\"twitter:data1\" content=\"creafontanar\" \/>\n\t<meta name=\"twitter:label2\" content=\"Tiempo de lectura\" \/>\n\t<meta name=\"twitter:data2\" content=\"2 minutos\" \/>\n<script type=\"application\/ld+json\" class=\"yoast-schema-graph\">{\"@context\":\"https:\/\/schema.org\",\"@graph\":[{\"@type\":\"WebPage\",\"@id\":\"https:\/\/www.crea.gov.co\/crea-fontanar\/a-crea-fontanar-llega-navidadescreaasi-comenzo-la-magia-decembrina-en-el-crea-fontanar-actividades-color-y-espiritu-navidenoa-crea-fontanar-llega-navidadescrea\/\",\"url\":\"https:\/\/www.crea.gov.co\/crea-fontanar\/a-crea-fontanar-llega-navidadescreaasi-comenzo-la-magia-decembrina-en-el-crea-fontanar-actividades-color-y-espiritu-navidenoa-crea-fontanar-llega-navidadescrea\/\",\"name\":\"A Crea Fontanar llega NavidadEsCrea As\u00ed comenz\u00f3 la magia decembrina en el Crea Fontanar: actividades, color y esp\u00edritu navide\u00f1o Crea Fontanar llega NavidadEsCrea - Crea Fontanar\",\"isPartOf\":{\"@id\":\"https:\/\/www.crea.gov.co\/crea-fontanar\/#website\"},\"primaryImageOfPage\":{\"@id\":\"https:\/\/www.crea.gov.co\/crea-fontanar\/a-crea-fontanar-llega-navidadescreaasi-comenzo-la-magia-decembrina-en-el-crea-fontanar-actividades-color-y-espiritu-navidenoa-crea-fontanar-llega-navidadescrea\/#primaryimage\"},\"image\":{\"@id\":\"https:\/\/www.crea.gov.co\/crea-fontanar\/a-crea-fontanar-llega-navidadescreaasi-comenzo-la-magia-decembrina-en-el-crea-fontanar-actividades-color-y-espiritu-navidenoa-crea-fontanar-llega-navidadescrea\/#primaryimage\"},\"thumbnailUrl\":\"https:\/\/www.crea.gov.co\/crea-fontanar\/wp-content\/uploads\/sites\/24\/2025\/12\/WhatsApp-Image-2025-12-05-at-18.45.50-1024x576.jpeg\",\"datePublished\":\"2025-12-09T16:30:08+00:00\",\"dateModified\":\"2026-02-11T17:40:34+00:00\",\"author\":{\"@id\":\"https:\/\/www.crea.gov.co\/crea-fontanar\/#\/schema\/person\/5b33c06860d35baa10bfb1387448ab8f\"},\"breadcrumb\":{\"@id\":\"https:\/\/www.crea.gov.co\/crea-fontanar\/a-crea-fontanar-llega-navidadescreaasi-comenzo-la-magia-decembrina-en-el-crea-fontanar-actividades-color-y-espiritu-navidenoa-crea-fontanar-llega-navidadescrea\/#breadcrumb\"},\"inLanguage\":\"es-CO\",\"potentialAction\":[{\"@type\":\"ReadAction\",\"target\":[\"https:\/\/www.crea.gov.co\/crea-fontanar\/a-crea-fontanar-llega-navidadescreaasi-comenzo-la-magia-decembrina-en-el-crea-fontanar-actividades-color-y-espiritu-navidenoa-crea-fontanar-llega-navidadescrea\/\"]}]},{\"@type\":\"ImageObject\",\"inLanguage\":\"es-CO\",\"@id\":\"https:\/\/www.crea.gov.co\/crea-fontanar\/a-crea-fontanar-llega-navidadescreaasi-comenzo-la-magia-decembrina-en-el-crea-fontanar-actividades-color-y-espiritu-navidenoa-crea-fontanar-llega-navidadescrea\/#primaryimage\",\"url\":\"https:\/\/www.crea.gov.co\/crea-fontanar\/wp-content\/uploads\/sites\/24\/2025\/12\/WhatsApp-Image-2025-12-05-at-18.45.50.jpeg\",\"contentUrl\":\"https:\/\/www.crea.gov.co\/crea-fontanar\/wp-content\/uploads\/sites\/24\/2025\/12\/WhatsApp-Image-2025-12-05-at-18.45.50.jpeg\",\"width\":1600,\"height\":900},{\"@type\":\"BreadcrumbList\",\"@id\":\"https:\/\/www.crea.gov.co\/crea-fontanar\/a-crea-fontanar-llega-navidadescreaasi-comenzo-la-magia-decembrina-en-el-crea-fontanar-actividades-color-y-espiritu-navidenoa-crea-fontanar-llega-navidadescrea\/#breadcrumb\",\"itemListElement\":[{\"@type\":\"ListItem\",\"position\":1,\"name\":\"Inicio\",\"item\":\"https:\/\/www.crea.gov.co\/crea-fontanar\/\"},{\"@type\":\"ListItem\",\"position\":2,\"name\":\"A Crea Fontanar llega NavidadEsCrea As\u00ed comenz\u00f3 la magia decembrina en el Crea Fontanar: actividades, color y esp\u00edritu navide\u00f1o Crea Fontanar llega NavidadEsCrea\"}]},{\"@type\":\"WebSite\",\"@id\":\"https:\/\/www.crea.gov.co\/crea-fontanar\/#website\",\"url\":\"https:\/\/www.crea.gov.co\/crea-fontanar\/\",\"name\":\"Crea Fontanar\",\"description\":\"Ubicado en el CEFE del mismo nombre, la cultura se cultiva con fuerza propia, desde y para la comunidad. Este centro hace parte del compromiso por acercar una oferta art\u00edstica s\u00f3lida y constante a distintos puntos de Bogot\u00e1, generando oportunidades para el desarrollo creativo y social de quienes habitan el territorio.\",\"potentialAction\":[{\"@type\":\"SearchAction\",\"target\":{\"@type\":\"EntryPoint\",\"urlTemplate\":\"https:\/\/www.crea.gov.co\/crea-fontanar\/?s={search_term_string}\"},\"query-input\":{\"@type\":\"PropertyValueSpecification\",\"valueRequired\":true,\"valueName\":\"search_term_string\"}}],\"inLanguage\":\"es-CO\"},{\"@type\":\"Person\",\"@id\":\"https:\/\/www.crea.gov.co\/crea-fontanar\/#\/schema\/person\/5b33c06860d35baa10bfb1387448ab8f\",\"name\":\"creafontanar\",\"image\":{\"@type\":\"ImageObject\",\"inLanguage\":\"es-CO\",\"@id\":\"https:\/\/www.crea.gov.co\/crea-fontanar\/#\/schema\/person\/image\/\",\"url\":\"https:\/\/secure.gravatar.com\/avatar\/92b08ea660abf8efd6557d9154572877?s=96&d=mm&r=g\",\"contentUrl\":\"https:\/\/secure.gravatar.com\/avatar\/92b08ea660abf8efd6557d9154572877?s=96&d=mm&r=g\",\"caption\":\"creafontanar\"},\"url\":\"https:\/\/www.crea.gov.co\/crea-fontanar\/author\/creafontanar\/\"}]}<\/script>\n<!-- \/ Yoast SEO plugin. -->","yoast_head_json":{"title":"A Crea Fontanar llega NavidadEsCrea         As\u00ed comenz\u00f3 la magia decembrina en el Crea Fontanar: actividades, color y esp\u00edritu navide\u00f1o Crea Fontanar llega NavidadEsCrea - Crea Fontanar","robots":{"index":"index","follow":"follow","max-snippet":"max-snippet:-1","max-image-preview":"max-image-preview:large","max-video-preview":"max-video-preview:-1"},"canonical":"https:\/\/www.crea.gov.co\/crea-fontanar\/a-crea-fontanar-llega-navidadescreaasi-comenzo-la-magia-decembrina-en-el-crea-fontanar-actividades-color-y-espiritu-navidenoa-crea-fontanar-llega-navidadescrea\/","og_locale":"es_ES","og_type":"article","og_title":"A Crea Fontanar llega NavidadEsCrea         As\u00ed comenz\u00f3 la magia decembrina en el Crea Fontanar: actividades, color y esp\u00edritu navide\u00f1o Crea Fontanar llega NavidadEsCrea - Crea Fontanar","og_description":"El pasado viernes 5 de diciembre, el Crea Fontanar se llen\u00f3 de colores, cantos tradicionales y mucho baile. Ese d\u00eda dio inicio NavidadEs Crea, una programaci\u00f3n especial que se extender\u00e1 hasta el 19 de noviembre, con experiencias comunitarias, pedag\u00f3gicas y art\u00edsticas pensadas para celebrar la temporada m\u00e1s esperada del a\u00f1o. Durante estas semanas, el espacio [&hellip;]","og_url":"https:\/\/www.crea.gov.co\/crea-fontanar\/a-crea-fontanar-llega-navidadescreaasi-comenzo-la-magia-decembrina-en-el-crea-fontanar-actividades-color-y-espiritu-navidenoa-crea-fontanar-llega-navidadescrea\/","og_site_name":"Crea Fontanar","article_published_time":"2025-12-09T16:30:08+00:00","article_modified_time":"2026-02-11T17:40:34+00:00","og_image":[{"width":1600,"height":900,"url":"https:\/\/www.crea.gov.co\/crea-fontanar\/wp-content\/uploads\/sites\/24\/2025\/12\/WhatsApp-Image-2025-12-05-at-18.45.50.jpeg","type":"image\/jpeg"}],"author":"creafontanar","twitter_card":"summary_large_image","twitter_misc":{"Escrito por":"creafontanar","Tiempo de lectura":"2 minutos"},"schema":{"@context":"https:\/\/schema.org","@graph":[{"@type":"WebPage","@id":"https:\/\/www.crea.gov.co\/crea-fontanar\/a-crea-fontanar-llega-navidadescreaasi-comenzo-la-magia-decembrina-en-el-crea-fontanar-actividades-color-y-espiritu-navidenoa-crea-fontanar-llega-navidadescrea\/","url":"https:\/\/www.crea.gov.co\/crea-fontanar\/a-crea-fontanar-llega-navidadescreaasi-comenzo-la-magia-decembrina-en-el-crea-fontanar-actividades-color-y-espiritu-navidenoa-crea-fontanar-llega-navidadescrea\/","name":"A Crea Fontanar llega NavidadEsCrea As\u00ed comenz\u00f3 la magia decembrina en el Crea Fontanar: actividades, color y esp\u00edritu navide\u00f1o Crea Fontanar llega NavidadEsCrea - Crea Fontanar","isPartOf":{"@id":"https:\/\/www.crea.gov.co\/crea-fontanar\/#website"},"primaryImageOfPage":{"@id":"https:\/\/www.crea.gov.co\/crea-fontanar\/a-crea-fontanar-llega-navidadescreaasi-comenzo-la-magia-decembrina-en-el-crea-fontanar-actividades-color-y-espiritu-navidenoa-crea-fontanar-llega-navidadescrea\/#primaryimage"},"image":{"@id":"https:\/\/www.crea.gov.co\/crea-fontanar\/a-crea-fontanar-llega-navidadescreaasi-comenzo-la-magia-decembrina-en-el-crea-fontanar-actividades-color-y-espiritu-navidenoa-crea-fontanar-llega-navidadescrea\/#primaryimage"},"thumbnailUrl":"https:\/\/www.crea.gov.co\/crea-fontanar\/wp-content\/uploads\/sites\/24\/2025\/12\/WhatsApp-Image-2025-12-05-at-18.45.50-1024x576.jpeg","datePublished":"2025-12-09T16:30:08+00:00","dateModified":"2026-02-11T17:40:34+00:00","author":{"@id":"https:\/\/www.crea.gov.co\/crea-fontanar\/#\/schema\/person\/5b33c06860d35baa10bfb1387448ab8f"},"breadcrumb":{"@id":"https:\/\/www.crea.gov.co\/crea-fontanar\/a-crea-fontanar-llega-navidadescreaasi-comenzo-la-magia-decembrina-en-el-crea-fontanar-actividades-color-y-espiritu-navidenoa-crea-fontanar-llega-navidadescrea\/#breadcrumb"},"inLanguage":"es-CO","potentialAction":[{"@type":"ReadAction","target":["https:\/\/www.crea.gov.co\/crea-fontanar\/a-crea-fontanar-llega-navidadescreaasi-comenzo-la-magia-decembrina-en-el-crea-fontanar-actividades-color-y-espiritu-navidenoa-crea-fontanar-llega-navidadescrea\/"]}]},{"@type":"ImageObject","inLanguage":"es-CO","@id":"https:\/\/www.crea.gov.co\/crea-fontanar\/a-crea-fontanar-llega-navidadescreaasi-comenzo-la-magia-decembrina-en-el-crea-fontanar-actividades-color-y-espiritu-navidenoa-crea-fontanar-llega-navidadescrea\/#primaryimage","url":"https:\/\/www.crea.gov.co\/crea-fontanar\/wp-content\/uploads\/sites\/24\/2025\/12\/WhatsApp-Image-2025-12-05-at-18.45.50.jpeg","contentUrl":"https:\/\/www.crea.gov.co\/crea-fontanar\/wp-content\/uploads\/sites\/24\/2025\/12\/WhatsApp-Image-2025-12-05-at-18.45.50.jpeg","width":1600,"height":900},{"@type":"BreadcrumbList","@id":"https:\/\/www.crea.gov.co\/crea-fontanar\/a-crea-fontanar-llega-navidadescreaasi-comenzo-la-magia-decembrina-en-el-crea-fontanar-actividades-color-y-espiritu-navidenoa-crea-fontanar-llega-navidadescrea\/#breadcrumb","itemListElement":[{"@type":"ListItem","position":1,"name":"Inicio","item":"https:\/\/www.crea.gov.co\/crea-fontanar\/"},{"@type":"ListItem","position":2,"name":"A Crea Fontanar llega NavidadEsCrea As\u00ed comenz\u00f3 la magia decembrina en el Crea Fontanar: actividades, color y esp\u00edritu navide\u00f1o Crea Fontanar llega NavidadEsCrea"}]},{"@type":"WebSite","@id":"https:\/\/www.crea.gov.co\/crea-fontanar\/#website","url":"https:\/\/www.crea.gov.co\/crea-fontanar\/","name":"Crea Fontanar","description":"Ubicado en el CEFE del mismo nombre, la cultura se cultiva con fuerza propia, desde y para la comunidad. Este centro hace parte del compromiso por acercar una oferta art\u00edstica s\u00f3lida y constante a distintos puntos de Bogot\u00e1, generando oportunidades para el desarrollo creativo y social de quienes habitan el territorio.","potentialAction":[{"@type":"SearchAction","target":{"@type":"EntryPoint","urlTemplate":"https:\/\/www.crea.gov.co\/crea-fontanar\/?s={search_term_string}"},"query-input":{"@type":"PropertyValueSpecification","valueRequired":true,"valueName":"search_term_string"}}],"inLanguage":"es-CO"},{"@type":"Person","@id":"https:\/\/www.crea.gov.co\/crea-fontanar\/#\/schema\/person\/5b33c06860d35baa10bfb1387448ab8f","name":"creafontanar","image":{"@type":"ImageObject","inLanguage":"es-CO","@id":"https:\/\/www.crea.gov.co\/crea-fontanar\/#\/schema\/person\/image\/","url":"https:\/\/secure.gravatar.com\/avatar\/92b08ea660abf8efd6557d9154572877?s=96&d=mm&r=g","contentUrl":"https:\/\/secure.gravatar.com\/avatar\/92b08ea660abf8efd6557d9154572877?s=96&d=mm&r=g","caption":"creafontanar"},"url":"https:\/\/www.crea.gov.co\/crea-fontanar\/author\/creafontanar\/"}]}},"_links":{"self":[{"href":"https:\/\/www.crea.gov.co\/crea-fontanar\/wp-json\/wp\/v2\/posts\/846","targetHints":{"allow":["GET"]}}],"collection":[{"href":"https:\/\/www.crea.gov.co\/crea-fontanar\/wp-json\/wp\/v2\/posts"}],"about":[{"href":"https:\/\/www.crea.gov.co\/crea-fontanar\/wp-json\/wp\/v2\/types\/post"}],"author":[{"embeddable":true,"href":"https:\/\/www.crea.gov.co\/crea-fontanar\/wp-json\/wp\/v2\/users\/83"}],"replies":[{"embeddable":true,"href":"https:\/\/www.crea.gov.co\/crea-fontanar\/wp-json\/wp\/v2\/comments?post=846"}],"version-history":[{"count":3,"href":"https:\/\/www.crea.gov.co\/crea-fontanar\/wp-json\/wp\/v2\/posts\/846\/revisions"}],"predecessor-version":[{"id":857,"href":"https:\/\/www.crea.gov.co\/crea-fontanar\/wp-json\/wp\/v2\/posts\/846\/revisions\/857"}],"wp:attachment":[{"href":"https:\/\/www.crea.gov.co\/crea-fontanar\/wp-json\/wp\/v2\/media?parent=846"}],"wp:term":[{"taxonomy":"category","embeddable":true,"href":"https:\/\/www.crea.gov.co\/crea-fontanar\/wp-json\/wp\/v2\/categories?post=846"},{"taxonomy":"post_tag","embeddable":true,"href":"https:\/\/www.crea.gov.co\/crea-fontanar\/wp-json\/wp\/v2\/tags?post=846"}],"curies":[{"name":"wp","href":"https:\/\/api.w.org\/{rel}","templated":true}]}}