{"id":820,"date":"2025-10-28T15:18:48","date_gmt":"2025-10-28T20:18:48","guid":{"rendered":"https:\/\/www.crea.gov.co\/crea-fontanar\/?p=820"},"modified":"2025-10-28T15:18:48","modified_gmt":"2025-10-28T20:18:48","slug":"teatro-al-viento","status":"publish","type":"post","link":"https:\/\/www.crea.gov.co\/crea-fontanar\/teatro-al-viento\/","title":{"rendered":"Teatro al viento"},"content":{"rendered":"\n<figure class=\"wp-block-image size-large\"><img loading=\"lazy\" decoding=\"async\" width=\"1024\" height=\"768\" src=\"https:\/\/www.crea.gov.co\/crea-fontanar\/wp-content\/uploads\/sites\/24\/2025\/10\/IC-6336-TEATRO-AL-VIENTO--1024x768.jpeg\" alt=\"\" class=\"wp-image-821\" srcset=\"https:\/\/www.crea.gov.co\/crea-fontanar\/wp-content\/uploads\/sites\/24\/2025\/10\/IC-6336-TEATRO-AL-VIENTO--1024x768.jpeg 1024w, https:\/\/www.crea.gov.co\/crea-fontanar\/wp-content\/uploads\/sites\/24\/2025\/10\/IC-6336-TEATRO-AL-VIENTO--300x225.jpeg 300w, https:\/\/www.crea.gov.co\/crea-fontanar\/wp-content\/uploads\/sites\/24\/2025\/10\/IC-6336-TEATRO-AL-VIENTO--768x576.jpeg 768w, https:\/\/www.crea.gov.co\/crea-fontanar\/wp-content\/uploads\/sites\/24\/2025\/10\/IC-6336-TEATRO-AL-VIENTO-.jpeg 1280w\" sizes=\"auto, (max-width: 1024px) 100vw, 1024px\" \/><\/figure>\n\n\n\n<p>En un maravillo encuentro entre Crea y Biblored, el s\u00e1bado 25 de octubre nuestro colectivo Teatro al viento se present\u00f3 ante la comunidad de la biblioteca del Centro Felicidad Fontanar del R\u00edo. De la mano de la artista formadora Argenis L\u00f3pez, estos peque\u00f1os gigantes de la actuaci\u00f3n nos deleitaron con el arte dram\u00e1tico.<\/p>\n\n\n\n<p><a href=\"https:\/\/youtu.be\/yf0Ruo392zY\">https:\/\/youtu.be\/yf0Ruo392zY<\/a><\/p>\n\n\n\n<p>La muestra teatral \u201cNomofobia\u201d es una creaci\u00f3n colectiva del grupo Teatro al Viento, conformado por ni\u00f1os y ni\u00f1as entre los 7 y 12 a\u00f1os, quienes a trav\u00e9s del juego esc\u00e9nico reflexionan sobre una problem\u00e1tica actual: la dependencia excesiva a los dispositivos m\u00f3viles y las redes sociales.<br>La historia presenta a dos brujas, In-Tensa y Malosita.com, quienes inventan una aplicaci\u00f3n llamada: Malositos.com para atrapar a los ni\u00f1os y convertirlos en seres sin emociones, controlados como robots.<br>Aprovech\u00e1ndose de la adicci\u00f3n al celular y del miedo a desconectarse, logran que los ni\u00f1os se alejen de sus familias, amigos, estudios y sue\u00f1os.<br>Sin embargo, dentro de este mundo digital aparece Coraz\u00f3n X, un robot infiltrada entre las fuerzas del mal que, gracias al poder del amor, logra transformar la historia. Ella recuerda a los ni\u00f1os la importancia del amor propio, el respeto, la uni\u00f3n familiar y la amistad, valores que les permiten liberarse del hechizo de la aplicaci\u00f3n y reconectarse con lo esencial de la vida.<br>Este ejercicio teatral resalta el valor del teatro como espacio de reflexi\u00f3n, juego y aprendizaje, donde los participantes no solo desarrollan sus habilidades de interpretaci\u00f3n, voz y movimiento, sino tambi\u00e9n su conciencia frente a las realidades que afectan a su generaci\u00f3n. \u201cNomofobia\u201d se convierte as\u00ed en una met\u00e1fora de esperanza y en una invitaci\u00f3n a mirar con amor y equilibrio el uso de la tecnolog\u00eda<br>en nuestras vidas.<\/p>\n","protected":false},"excerpt":{"rendered":"<p>En un maravillo encuentro entre Crea y Biblored, el s\u00e1bado 25 de octubre nuestro colectivo Teatro al viento se present\u00f3 ante la comunidad de la biblioteca del Centro Felicidad Fontanar del R\u00edo. De la mano de la artista formadora Argenis L\u00f3pez, estos peque\u00f1os gigantes de la actuaci\u00f3n nos deleitaron con el arte dram\u00e1tico. https:\/\/youtu.be\/yf0Ruo392zY La [&hellip;]<\/p>\n","protected":false},"author":83,"featured_media":821,"comment_status":"open","ping_status":"open","sticky":false,"template":"","format":"standard","meta":{"footnotes":""},"categories":[1],"tags":[],"class_list":["post-820","post","type-post","status-publish","format-standard","has-post-thumbnail","hentry","category-sin-categoria"],"yoast_head":"<!-- This site is optimized with the Yoast SEO plugin v24.5 - https:\/\/yoast.com\/wordpress\/plugins\/seo\/ -->\n<title>Teatro al viento - Crea Fontanar<\/title>\n<meta name=\"robots\" content=\"index, follow, max-snippet:-1, max-image-preview:large, max-video-preview:-1\" \/>\n<link rel=\"canonical\" href=\"https:\/\/www.crea.gov.co\/crea-fontanar\/teatro-al-viento\/\" \/>\n<meta property=\"og:locale\" content=\"es_ES\" \/>\n<meta property=\"og:type\" content=\"article\" \/>\n<meta property=\"og:title\" content=\"Teatro al viento - Crea Fontanar\" \/>\n<meta property=\"og:description\" content=\"En un maravillo encuentro entre Crea y Biblored, el s\u00e1bado 25 de octubre nuestro colectivo Teatro al viento se present\u00f3 ante la comunidad de la biblioteca del Centro Felicidad Fontanar del R\u00edo. De la mano de la artista formadora Argenis L\u00f3pez, estos peque\u00f1os gigantes de la actuaci\u00f3n nos deleitaron con el arte dram\u00e1tico. https:\/\/youtu.be\/yf0Ruo392zY La [&hellip;]\" \/>\n<meta property=\"og:url\" content=\"https:\/\/www.crea.gov.co\/crea-fontanar\/teatro-al-viento\/\" \/>\n<meta property=\"og:site_name\" content=\"Crea Fontanar\" \/>\n<meta property=\"article:published_time\" content=\"2025-10-28T20:18:48+00:00\" \/>\n<meta property=\"og:image\" content=\"https:\/\/www.crea.gov.co\/crea-fontanar\/wp-content\/uploads\/sites\/24\/2025\/10\/IC-6336-TEATRO-AL-VIENTO-.jpeg\" \/>\n\t<meta property=\"og:image:width\" content=\"1280\" \/>\n\t<meta property=\"og:image:height\" content=\"960\" \/>\n\t<meta property=\"og:image:type\" content=\"image\/jpeg\" \/>\n<meta name=\"author\" content=\"creafontanar\" \/>\n<meta name=\"twitter:card\" content=\"summary_large_image\" \/>\n<meta name=\"twitter:label1\" content=\"Escrito por\" \/>\n\t<meta name=\"twitter:data1\" content=\"creafontanar\" \/>\n\t<meta name=\"twitter:label2\" content=\"Tiempo de lectura\" \/>\n\t<meta name=\"twitter:data2\" content=\"2 minutos\" \/>\n<script type=\"application\/ld+json\" class=\"yoast-schema-graph\">{\"@context\":\"https:\/\/schema.org\",\"@graph\":[{\"@type\":\"WebPage\",\"@id\":\"https:\/\/www.crea.gov.co\/crea-fontanar\/teatro-al-viento\/\",\"url\":\"https:\/\/www.crea.gov.co\/crea-fontanar\/teatro-al-viento\/\",\"name\":\"Teatro al viento - Crea Fontanar\",\"isPartOf\":{\"@id\":\"https:\/\/www.crea.gov.co\/crea-fontanar\/#website\"},\"primaryImageOfPage\":{\"@id\":\"https:\/\/www.crea.gov.co\/crea-fontanar\/teatro-al-viento\/#primaryimage\"},\"image\":{\"@id\":\"https:\/\/www.crea.gov.co\/crea-fontanar\/teatro-al-viento\/#primaryimage\"},\"thumbnailUrl\":\"https:\/\/www.crea.gov.co\/crea-fontanar\/wp-content\/uploads\/sites\/24\/2025\/10\/IC-6336-TEATRO-AL-VIENTO-.jpeg\",\"datePublished\":\"2025-10-28T20:18:48+00:00\",\"author\":{\"@id\":\"https:\/\/www.crea.gov.co\/crea-fontanar\/#\/schema\/person\/5b33c06860d35baa10bfb1387448ab8f\"},\"breadcrumb\":{\"@id\":\"https:\/\/www.crea.gov.co\/crea-fontanar\/teatro-al-viento\/#breadcrumb\"},\"inLanguage\":\"es-CO\",\"potentialAction\":[{\"@type\":\"ReadAction\",\"target\":[\"https:\/\/www.crea.gov.co\/crea-fontanar\/teatro-al-viento\/\"]}]},{\"@type\":\"ImageObject\",\"inLanguage\":\"es-CO\",\"@id\":\"https:\/\/www.crea.gov.co\/crea-fontanar\/teatro-al-viento\/#primaryimage\",\"url\":\"https:\/\/www.crea.gov.co\/crea-fontanar\/wp-content\/uploads\/sites\/24\/2025\/10\/IC-6336-TEATRO-AL-VIENTO-.jpeg\",\"contentUrl\":\"https:\/\/www.crea.gov.co\/crea-fontanar\/wp-content\/uploads\/sites\/24\/2025\/10\/IC-6336-TEATRO-AL-VIENTO-.jpeg\",\"width\":1280,\"height\":960},{\"@type\":\"BreadcrumbList\",\"@id\":\"https:\/\/www.crea.gov.co\/crea-fontanar\/teatro-al-viento\/#breadcrumb\",\"itemListElement\":[{\"@type\":\"ListItem\",\"position\":1,\"name\":\"Inicio\",\"item\":\"https:\/\/www.crea.gov.co\/crea-fontanar\/\"},{\"@type\":\"ListItem\",\"position\":2,\"name\":\"Teatro al viento\"}]},{\"@type\":\"WebSite\",\"@id\":\"https:\/\/www.crea.gov.co\/crea-fontanar\/#website\",\"url\":\"https:\/\/www.crea.gov.co\/crea-fontanar\/\",\"name\":\"Crea Fontanar\",\"description\":\"Ubicado en el CEFE del mismo nombre, la cultura se cultiva con fuerza propia, desde y para la comunidad. Este centro hace parte del compromiso por acercar una oferta art\u00edstica s\u00f3lida y constante a distintos puntos de Bogot\u00e1, generando oportunidades para el desarrollo creativo y social de quienes habitan el territorio.\",\"potentialAction\":[{\"@type\":\"SearchAction\",\"target\":{\"@type\":\"EntryPoint\",\"urlTemplate\":\"https:\/\/www.crea.gov.co\/crea-fontanar\/?s={search_term_string}\"},\"query-input\":{\"@type\":\"PropertyValueSpecification\",\"valueRequired\":true,\"valueName\":\"search_term_string\"}}],\"inLanguage\":\"es-CO\"},{\"@type\":\"Person\",\"@id\":\"https:\/\/www.crea.gov.co\/crea-fontanar\/#\/schema\/person\/5b33c06860d35baa10bfb1387448ab8f\",\"name\":\"creafontanar\",\"image\":{\"@type\":\"ImageObject\",\"inLanguage\":\"es-CO\",\"@id\":\"https:\/\/www.crea.gov.co\/crea-fontanar\/#\/schema\/person\/image\/\",\"url\":\"https:\/\/secure.gravatar.com\/avatar\/92b08ea660abf8efd6557d9154572877?s=96&d=mm&r=g\",\"contentUrl\":\"https:\/\/secure.gravatar.com\/avatar\/92b08ea660abf8efd6557d9154572877?s=96&d=mm&r=g\",\"caption\":\"creafontanar\"},\"url\":\"https:\/\/www.crea.gov.co\/crea-fontanar\/author\/creafontanar\/\"}]}<\/script>\n<!-- \/ Yoast SEO plugin. -->","yoast_head_json":{"title":"Teatro al viento - Crea Fontanar","robots":{"index":"index","follow":"follow","max-snippet":"max-snippet:-1","max-image-preview":"max-image-preview:large","max-video-preview":"max-video-preview:-1"},"canonical":"https:\/\/www.crea.gov.co\/crea-fontanar\/teatro-al-viento\/","og_locale":"es_ES","og_type":"article","og_title":"Teatro al viento - Crea Fontanar","og_description":"En un maravillo encuentro entre Crea y Biblored, el s\u00e1bado 25 de octubre nuestro colectivo Teatro al viento se present\u00f3 ante la comunidad de la biblioteca del Centro Felicidad Fontanar del R\u00edo. De la mano de la artista formadora Argenis L\u00f3pez, estos peque\u00f1os gigantes de la actuaci\u00f3n nos deleitaron con el arte dram\u00e1tico. https:\/\/youtu.be\/yf0Ruo392zY La [&hellip;]","og_url":"https:\/\/www.crea.gov.co\/crea-fontanar\/teatro-al-viento\/","og_site_name":"Crea Fontanar","article_published_time":"2025-10-28T20:18:48+00:00","og_image":[{"width":1280,"height":960,"url":"https:\/\/www.crea.gov.co\/crea-fontanar\/wp-content\/uploads\/sites\/24\/2025\/10\/IC-6336-TEATRO-AL-VIENTO-.jpeg","type":"image\/jpeg"}],"author":"creafontanar","twitter_card":"summary_large_image","twitter_misc":{"Escrito por":"creafontanar","Tiempo de lectura":"2 minutos"},"schema":{"@context":"https:\/\/schema.org","@graph":[{"@type":"WebPage","@id":"https:\/\/www.crea.gov.co\/crea-fontanar\/teatro-al-viento\/","url":"https:\/\/www.crea.gov.co\/crea-fontanar\/teatro-al-viento\/","name":"Teatro al viento - Crea Fontanar","isPartOf":{"@id":"https:\/\/www.crea.gov.co\/crea-fontanar\/#website"},"primaryImageOfPage":{"@id":"https:\/\/www.crea.gov.co\/crea-fontanar\/teatro-al-viento\/#primaryimage"},"image":{"@id":"https:\/\/www.crea.gov.co\/crea-fontanar\/teatro-al-viento\/#primaryimage"},"thumbnailUrl":"https:\/\/www.crea.gov.co\/crea-fontanar\/wp-content\/uploads\/sites\/24\/2025\/10\/IC-6336-TEATRO-AL-VIENTO-.jpeg","datePublished":"2025-10-28T20:18:48+00:00","author":{"@id":"https:\/\/www.crea.gov.co\/crea-fontanar\/#\/schema\/person\/5b33c06860d35baa10bfb1387448ab8f"},"breadcrumb":{"@id":"https:\/\/www.crea.gov.co\/crea-fontanar\/teatro-al-viento\/#breadcrumb"},"inLanguage":"es-CO","potentialAction":[{"@type":"ReadAction","target":["https:\/\/www.crea.gov.co\/crea-fontanar\/teatro-al-viento\/"]}]},{"@type":"ImageObject","inLanguage":"es-CO","@id":"https:\/\/www.crea.gov.co\/crea-fontanar\/teatro-al-viento\/#primaryimage","url":"https:\/\/www.crea.gov.co\/crea-fontanar\/wp-content\/uploads\/sites\/24\/2025\/10\/IC-6336-TEATRO-AL-VIENTO-.jpeg","contentUrl":"https:\/\/www.crea.gov.co\/crea-fontanar\/wp-content\/uploads\/sites\/24\/2025\/10\/IC-6336-TEATRO-AL-VIENTO-.jpeg","width":1280,"height":960},{"@type":"BreadcrumbList","@id":"https:\/\/www.crea.gov.co\/crea-fontanar\/teatro-al-viento\/#breadcrumb","itemListElement":[{"@type":"ListItem","position":1,"name":"Inicio","item":"https:\/\/www.crea.gov.co\/crea-fontanar\/"},{"@type":"ListItem","position":2,"name":"Teatro al viento"}]},{"@type":"WebSite","@id":"https:\/\/www.crea.gov.co\/crea-fontanar\/#website","url":"https:\/\/www.crea.gov.co\/crea-fontanar\/","name":"Crea Fontanar","description":"Ubicado en el CEFE del mismo nombre, la cultura se cultiva con fuerza propia, desde y para la comunidad. Este centro hace parte del compromiso por acercar una oferta art\u00edstica s\u00f3lida y constante a distintos puntos de Bogot\u00e1, generando oportunidades para el desarrollo creativo y social de quienes habitan el territorio.","potentialAction":[{"@type":"SearchAction","target":{"@type":"EntryPoint","urlTemplate":"https:\/\/www.crea.gov.co\/crea-fontanar\/?s={search_term_string}"},"query-input":{"@type":"PropertyValueSpecification","valueRequired":true,"valueName":"search_term_string"}}],"inLanguage":"es-CO"},{"@type":"Person","@id":"https:\/\/www.crea.gov.co\/crea-fontanar\/#\/schema\/person\/5b33c06860d35baa10bfb1387448ab8f","name":"creafontanar","image":{"@type":"ImageObject","inLanguage":"es-CO","@id":"https:\/\/www.crea.gov.co\/crea-fontanar\/#\/schema\/person\/image\/","url":"https:\/\/secure.gravatar.com\/avatar\/92b08ea660abf8efd6557d9154572877?s=96&d=mm&r=g","contentUrl":"https:\/\/secure.gravatar.com\/avatar\/92b08ea660abf8efd6557d9154572877?s=96&d=mm&r=g","caption":"creafontanar"},"url":"https:\/\/www.crea.gov.co\/crea-fontanar\/author\/creafontanar\/"}]}},"_links":{"self":[{"href":"https:\/\/www.crea.gov.co\/crea-fontanar\/wp-json\/wp\/v2\/posts\/820","targetHints":{"allow":["GET"]}}],"collection":[{"href":"https:\/\/www.crea.gov.co\/crea-fontanar\/wp-json\/wp\/v2\/posts"}],"about":[{"href":"https:\/\/www.crea.gov.co\/crea-fontanar\/wp-json\/wp\/v2\/types\/post"}],"author":[{"embeddable":true,"href":"https:\/\/www.crea.gov.co\/crea-fontanar\/wp-json\/wp\/v2\/users\/83"}],"replies":[{"embeddable":true,"href":"https:\/\/www.crea.gov.co\/crea-fontanar\/wp-json\/wp\/v2\/comments?post=820"}],"version-history":[{"count":1,"href":"https:\/\/www.crea.gov.co\/crea-fontanar\/wp-json\/wp\/v2\/posts\/820\/revisions"}],"predecessor-version":[{"id":822,"href":"https:\/\/www.crea.gov.co\/crea-fontanar\/wp-json\/wp\/v2\/posts\/820\/revisions\/822"}],"wp:featuredmedia":[{"embeddable":true,"href":"https:\/\/www.crea.gov.co\/crea-fontanar\/wp-json\/wp\/v2\/media\/821"}],"wp:attachment":[{"href":"https:\/\/www.crea.gov.co\/crea-fontanar\/wp-json\/wp\/v2\/media?parent=820"}],"wp:term":[{"taxonomy":"category","embeddable":true,"href":"https:\/\/www.crea.gov.co\/crea-fontanar\/wp-json\/wp\/v2\/categories?post=820"},{"taxonomy":"post_tag","embeddable":true,"href":"https:\/\/www.crea.gov.co\/crea-fontanar\/wp-json\/wp\/v2\/tags?post=820"}],"curies":[{"name":"wp","href":"https:\/\/api.w.org\/{rel}","templated":true}]}}