{"id":815,"date":"2025-10-28T15:02:13","date_gmt":"2025-10-28T20:02:13","guid":{"rendered":"https:\/\/www.crea.gov.co\/crea-fontanar\/?p=815"},"modified":"2025-10-28T15:02:13","modified_gmt":"2025-10-28T20:02:13","slug":"tejiendo-vida","status":"publish","type":"post","link":"https:\/\/www.crea.gov.co\/crea-fontanar\/tejiendo-vida\/","title":{"rendered":"Tejiendo vida"},"content":{"rendered":"\n<figure class=\"wp-block-image size-large\"><img loading=\"lazy\" decoding=\"async\" width=\"1024\" height=\"576\" src=\"https:\/\/www.crea.gov.co\/crea-fontanar\/wp-content\/uploads\/sites\/24\/2025\/10\/TEATRO-1024x576.jpg\" alt=\"\" class=\"wp-image-816\" srcset=\"https:\/\/www.crea.gov.co\/crea-fontanar\/wp-content\/uploads\/sites\/24\/2025\/10\/TEATRO-1024x576.jpg 1024w, https:\/\/www.crea.gov.co\/crea-fontanar\/wp-content\/uploads\/sites\/24\/2025\/10\/TEATRO-300x169.jpg 300w, https:\/\/www.crea.gov.co\/crea-fontanar\/wp-content\/uploads\/sites\/24\/2025\/10\/TEATRO-768x432.jpg 768w, https:\/\/www.crea.gov.co\/crea-fontanar\/wp-content\/uploads\/sites\/24\/2025\/10\/TEATRO.jpg 1280w\" sizes=\"auto, (max-width: 1024px) 100vw, 1024px\" \/><\/figure>\n\n\n\n<p>Es maravillo ver c\u00f3mo el teatro y la danza se conjugan para tejer vida. Esta apuesta hecha por los artistas formadores Nicol\u00e1s Morales y Ang\u00e9lica Rodr\u00edguez es m\u00e1s que representativa. El escenario no puede ser mejor: La cl\u00ednica psiqui\u00e1trica Santo Tomas, donde el arte es la mejor medicina para el alma.<\/p>\n\n\n\n<p>La sesi\u00f3n inici\u00f3 con la adecuaci\u00f3n t\u00e9cnica del espacio, delimitando el \u00e1rea esc\u00e9nica con cinta<br>en el piso, ubicando video beam, parlante y pantalla para la proyecci\u00f3n audiovisual, adem\u00e1s<br>de disponer las sillas para los participantes, enfermeras y doctores de la cl\u00ednica, quienes se<br>integraron como observadores activos.<br><br>Se proyectaron videos de experiencias previas desarrolladas con los grupos Canarias (adulto<br>mayor femenino) y menores de edad, evidenciando los avances de cada \u00e1rea.<br>Uno de los ejercicios m\u00e1s recordados fue \u201cCaiga en la nota\u201d, una interpretaci\u00f3n cantada y<br>bailada que evoc\u00f3 recuerdos y emociones, generando un ambiente de confianza y conexi\u00f3n<br>entre los asistentes.<\/p>\n\n\n\n<p>Despu\u00e9s, el grupo de menores present\u00f3 una muestra teatral construida desde la improvisaci\u00f3n,<br>resultado de un proceso de creaci\u00f3n colectiva guiado por la premisa de \u201centradas y salidas\u201d.<br>Durante las sesiones previas, los participantes respondieron preguntas orientadoras c\u00f3mo:<br>\u00bfDe d\u00f3nde vengo?, \u00bfD\u00f3nde estoy?, \u00bfPara d\u00f3nde voy?, \u00bfA qu\u00e9 lleg\u00f3 a ese lugar? y \u00bfQu\u00e9 me<br>motiva a ingresar all\u00ed?<br>A partir de esas reflexiones, los j\u00f3venes estructuraron una escena con sonidos<br>predeterminados que potenciaron el desarrollo dram\u00e1tico y la ambientaci\u00f3n sonora.<br>La historia representaba un encuentro en un restaurante con una celebraci\u00f3n de cumplea\u00f1os<br>que se entrelazan con una situaci\u00f3n paralela en un hospital, creando un contraste entre lo<br>festivo y lo dram\u00e1tico.<br>Este ejercicio permiti\u00f3 observar c\u00f3mo los participantes lograron expresarse libremente,<br>construir sentido en grupo y ganar confianza en la exposici\u00f3n de sus emociones frente al<br>p\u00fablico.<\/p>\n\n\n\n<figure class=\"wp-block-video\"><video controls src=\"https:\/\/www.crea.gov.co\/crea-fontanar\/wp-content\/uploads\/sites\/24\/2025\/10\/TEATRO-NICOLAS-MORALES-1.mp4\"><\/video><\/figure>\n\n\n\n<p>Tras la muestra esc\u00e9nica, se dio paso a un ejercicio simb\u00f3lico de tejido social con cintas, en el<br>que participaron tanto los j\u00f3venes como el personal m\u00e9dico y de enfermer\u00eda.<br>Cada persona se conect\u00f3 con otra mediante una cinta, mencionando una cualidad de cada<br>persona. A partir de movimientos suaves, bailes hacia ambos lados y pausas marcadas por la<br>m\u00fasica, se explor\u00f3 la conciencia del cuerpo colectivo y la incidencia de cada acci\u00f3n<br>individual en el bienestar com\u00fan.<br>Este ejercicio cerr\u00f3 con una pose grupal cuando la m\u00fasica se detuvo, como s\u00edmbolo de<br>equilibrio y conexi\u00f3n entre los presentes.<br>Posteriormente, se repiti\u00f3 la experiencia con el grupo masculino de adultos. El grupo juvenil,<br>que ten\u00eda prevista una presentaci\u00f3n en vivo, decidi\u00f3 finalmente no realizarla, por lo que se<br>proyect\u00f3 el material audiovisual correspondiente al ejercicio de entradas y salidas trabajado<br>con anterioridad. Luego, el grupo masculino desarroll\u00f3 un ejercicio de improvisaci\u00f3n con el<br>prop\u00f3sito de explorar el trabajo esc\u00e9nico y fortalecer la reflexi\u00f3n en torno al respeto, la<br>empat\u00eda y la equidad de g\u00e9nero.<br>En el cierre se realiz\u00f3 una conversaci\u00f3n abierta donde los participantes expresaron sus<br>emociones y aprendizajes. Este espacio se registr\u00f3 en formato podcast, donde los j\u00f3venes<br>manifestaron sentimientos de agradecimiento, alegr\u00eda y compa\u00f1erismo.<br>Algunos reconocieron haber mejorado su confianza y comunicaci\u00f3n, mientras otros<br>mencionaron que la actividad los ayud\u00f3 a liberar tensiones emocionales.<br>La artista formadora de danza destac\u00f3 las potencialidades individuales y el compromiso del<br>grupo durante la presentaci\u00f3n, resaltando su capacidad de sobreponerse a los nervios.<br>Sin embargo, algunas participantes expresaron incomodidad ante la presencia mayoritaria de<br>hombres, indicando que ciertos comportamientos les generaron malestar. Esta situaci\u00f3n<br>deriv\u00f3 en una conversaci\u00f3n grupal donde se abordaron temas de respeto, gesti\u00f3n emocional y<br>convivencia, promoviendo la empat\u00eda y el control de las reacciones impulsivas ante el<br>conflicto.<\/p>\n","protected":false},"excerpt":{"rendered":"<p>Es maravillo ver c\u00f3mo el teatro y la danza se conjugan para tejer vida. Esta apuesta hecha por los artistas formadores Nicol\u00e1s Morales y Ang\u00e9lica Rodr\u00edguez es m\u00e1s que representativa. El escenario no puede ser mejor: La cl\u00ednica psiqui\u00e1trica Santo Tomas, donde el arte es la mejor medicina para el alma. La sesi\u00f3n inici\u00f3 con [&hellip;]<\/p>\n","protected":false},"author":83,"featured_media":816,"comment_status":"open","ping_status":"open","sticky":false,"template":"","format":"standard","meta":{"footnotes":""},"categories":[1],"tags":[],"class_list":["post-815","post","type-post","status-publish","format-standard","has-post-thumbnail","hentry","category-sin-categoria"],"yoast_head":"<!-- This site is optimized with the Yoast SEO plugin v24.5 - https:\/\/yoast.com\/wordpress\/plugins\/seo\/ -->\n<title>Tejiendo vida - Crea Fontanar<\/title>\n<meta name=\"robots\" content=\"index, follow, max-snippet:-1, max-image-preview:large, max-video-preview:-1\" \/>\n<link rel=\"canonical\" href=\"https:\/\/www.crea.gov.co\/crea-fontanar\/tejiendo-vida\/\" \/>\n<meta property=\"og:locale\" content=\"es_ES\" \/>\n<meta property=\"og:type\" content=\"article\" \/>\n<meta property=\"og:title\" content=\"Tejiendo vida - Crea Fontanar\" \/>\n<meta property=\"og:description\" content=\"Es maravillo ver c\u00f3mo el teatro y la danza se conjugan para tejer vida. Esta apuesta hecha por los artistas formadores Nicol\u00e1s Morales y Ang\u00e9lica Rodr\u00edguez es m\u00e1s que representativa. El escenario no puede ser mejor: La cl\u00ednica psiqui\u00e1trica Santo Tomas, donde el arte es la mejor medicina para el alma. La sesi\u00f3n inici\u00f3 con [&hellip;]\" \/>\n<meta property=\"og:url\" content=\"https:\/\/www.crea.gov.co\/crea-fontanar\/tejiendo-vida\/\" \/>\n<meta property=\"og:site_name\" content=\"Crea Fontanar\" \/>\n<meta property=\"article:published_time\" content=\"2025-10-28T20:02:13+00:00\" \/>\n<meta property=\"og:image\" content=\"https:\/\/www.crea.gov.co\/crea-fontanar\/wp-content\/uploads\/sites\/24\/2025\/10\/TEATRO.jpg\" \/>\n\t<meta property=\"og:image:width\" content=\"1280\" \/>\n\t<meta property=\"og:image:height\" content=\"720\" \/>\n\t<meta property=\"og:image:type\" content=\"image\/jpeg\" \/>\n<meta name=\"author\" content=\"creafontanar\" \/>\n<meta name=\"twitter:card\" content=\"summary_large_image\" \/>\n<meta name=\"twitter:label1\" content=\"Escrito por\" \/>\n\t<meta name=\"twitter:data1\" content=\"creafontanar\" \/>\n\t<meta name=\"twitter:label2\" content=\"Tiempo de lectura\" \/>\n\t<meta name=\"twitter:data2\" content=\"4 minutos\" \/>\n<script type=\"application\/ld+json\" class=\"yoast-schema-graph\">{\"@context\":\"https:\/\/schema.org\",\"@graph\":[{\"@type\":\"WebPage\",\"@id\":\"https:\/\/www.crea.gov.co\/crea-fontanar\/tejiendo-vida\/\",\"url\":\"https:\/\/www.crea.gov.co\/crea-fontanar\/tejiendo-vida\/\",\"name\":\"Tejiendo vida - Crea Fontanar\",\"isPartOf\":{\"@id\":\"https:\/\/www.crea.gov.co\/crea-fontanar\/#website\"},\"primaryImageOfPage\":{\"@id\":\"https:\/\/www.crea.gov.co\/crea-fontanar\/tejiendo-vida\/#primaryimage\"},\"image\":{\"@id\":\"https:\/\/www.crea.gov.co\/crea-fontanar\/tejiendo-vida\/#primaryimage\"},\"thumbnailUrl\":\"https:\/\/www.crea.gov.co\/crea-fontanar\/wp-content\/uploads\/sites\/24\/2025\/10\/TEATRO.jpg\",\"datePublished\":\"2025-10-28T20:02:13+00:00\",\"author\":{\"@id\":\"https:\/\/www.crea.gov.co\/crea-fontanar\/#\/schema\/person\/5b33c06860d35baa10bfb1387448ab8f\"},\"breadcrumb\":{\"@id\":\"https:\/\/www.crea.gov.co\/crea-fontanar\/tejiendo-vida\/#breadcrumb\"},\"inLanguage\":\"es-CO\",\"potentialAction\":[{\"@type\":\"ReadAction\",\"target\":[\"https:\/\/www.crea.gov.co\/crea-fontanar\/tejiendo-vida\/\"]}]},{\"@type\":\"ImageObject\",\"inLanguage\":\"es-CO\",\"@id\":\"https:\/\/www.crea.gov.co\/crea-fontanar\/tejiendo-vida\/#primaryimage\",\"url\":\"https:\/\/www.crea.gov.co\/crea-fontanar\/wp-content\/uploads\/sites\/24\/2025\/10\/TEATRO.jpg\",\"contentUrl\":\"https:\/\/www.crea.gov.co\/crea-fontanar\/wp-content\/uploads\/sites\/24\/2025\/10\/TEATRO.jpg\",\"width\":1280,\"height\":720},{\"@type\":\"BreadcrumbList\",\"@id\":\"https:\/\/www.crea.gov.co\/crea-fontanar\/tejiendo-vida\/#breadcrumb\",\"itemListElement\":[{\"@type\":\"ListItem\",\"position\":1,\"name\":\"Inicio\",\"item\":\"https:\/\/www.crea.gov.co\/crea-fontanar\/\"},{\"@type\":\"ListItem\",\"position\":2,\"name\":\"Tejiendo vida\"}]},{\"@type\":\"WebSite\",\"@id\":\"https:\/\/www.crea.gov.co\/crea-fontanar\/#website\",\"url\":\"https:\/\/www.crea.gov.co\/crea-fontanar\/\",\"name\":\"Crea Fontanar\",\"description\":\"Ubicado en el CEFE del mismo nombre, la cultura se cultiva con fuerza propia, desde y para la comunidad. Este centro hace parte del compromiso por acercar una oferta art\u00edstica s\u00f3lida y constante a distintos puntos de Bogot\u00e1, generando oportunidades para el desarrollo creativo y social de quienes habitan el territorio.\",\"potentialAction\":[{\"@type\":\"SearchAction\",\"target\":{\"@type\":\"EntryPoint\",\"urlTemplate\":\"https:\/\/www.crea.gov.co\/crea-fontanar\/?s={search_term_string}\"},\"query-input\":{\"@type\":\"PropertyValueSpecification\",\"valueRequired\":true,\"valueName\":\"search_term_string\"}}],\"inLanguage\":\"es-CO\"},{\"@type\":\"Person\",\"@id\":\"https:\/\/www.crea.gov.co\/crea-fontanar\/#\/schema\/person\/5b33c06860d35baa10bfb1387448ab8f\",\"name\":\"creafontanar\",\"image\":{\"@type\":\"ImageObject\",\"inLanguage\":\"es-CO\",\"@id\":\"https:\/\/www.crea.gov.co\/crea-fontanar\/#\/schema\/person\/image\/\",\"url\":\"https:\/\/secure.gravatar.com\/avatar\/92b08ea660abf8efd6557d9154572877?s=96&d=mm&r=g\",\"contentUrl\":\"https:\/\/secure.gravatar.com\/avatar\/92b08ea660abf8efd6557d9154572877?s=96&d=mm&r=g\",\"caption\":\"creafontanar\"},\"url\":\"https:\/\/www.crea.gov.co\/crea-fontanar\/author\/creafontanar\/\"}]}<\/script>\n<!-- \/ Yoast SEO plugin. -->","yoast_head_json":{"title":"Tejiendo vida - Crea Fontanar","robots":{"index":"index","follow":"follow","max-snippet":"max-snippet:-1","max-image-preview":"max-image-preview:large","max-video-preview":"max-video-preview:-1"},"canonical":"https:\/\/www.crea.gov.co\/crea-fontanar\/tejiendo-vida\/","og_locale":"es_ES","og_type":"article","og_title":"Tejiendo vida - Crea Fontanar","og_description":"Es maravillo ver c\u00f3mo el teatro y la danza se conjugan para tejer vida. Esta apuesta hecha por los artistas formadores Nicol\u00e1s Morales y Ang\u00e9lica Rodr\u00edguez es m\u00e1s que representativa. El escenario no puede ser mejor: La cl\u00ednica psiqui\u00e1trica Santo Tomas, donde el arte es la mejor medicina para el alma. La sesi\u00f3n inici\u00f3 con [&hellip;]","og_url":"https:\/\/www.crea.gov.co\/crea-fontanar\/tejiendo-vida\/","og_site_name":"Crea Fontanar","article_published_time":"2025-10-28T20:02:13+00:00","og_image":[{"width":1280,"height":720,"url":"https:\/\/www.crea.gov.co\/crea-fontanar\/wp-content\/uploads\/sites\/24\/2025\/10\/TEATRO.jpg","type":"image\/jpeg"}],"author":"creafontanar","twitter_card":"summary_large_image","twitter_misc":{"Escrito por":"creafontanar","Tiempo de lectura":"4 minutos"},"schema":{"@context":"https:\/\/schema.org","@graph":[{"@type":"WebPage","@id":"https:\/\/www.crea.gov.co\/crea-fontanar\/tejiendo-vida\/","url":"https:\/\/www.crea.gov.co\/crea-fontanar\/tejiendo-vida\/","name":"Tejiendo vida - Crea Fontanar","isPartOf":{"@id":"https:\/\/www.crea.gov.co\/crea-fontanar\/#website"},"primaryImageOfPage":{"@id":"https:\/\/www.crea.gov.co\/crea-fontanar\/tejiendo-vida\/#primaryimage"},"image":{"@id":"https:\/\/www.crea.gov.co\/crea-fontanar\/tejiendo-vida\/#primaryimage"},"thumbnailUrl":"https:\/\/www.crea.gov.co\/crea-fontanar\/wp-content\/uploads\/sites\/24\/2025\/10\/TEATRO.jpg","datePublished":"2025-10-28T20:02:13+00:00","author":{"@id":"https:\/\/www.crea.gov.co\/crea-fontanar\/#\/schema\/person\/5b33c06860d35baa10bfb1387448ab8f"},"breadcrumb":{"@id":"https:\/\/www.crea.gov.co\/crea-fontanar\/tejiendo-vida\/#breadcrumb"},"inLanguage":"es-CO","potentialAction":[{"@type":"ReadAction","target":["https:\/\/www.crea.gov.co\/crea-fontanar\/tejiendo-vida\/"]}]},{"@type":"ImageObject","inLanguage":"es-CO","@id":"https:\/\/www.crea.gov.co\/crea-fontanar\/tejiendo-vida\/#primaryimage","url":"https:\/\/www.crea.gov.co\/crea-fontanar\/wp-content\/uploads\/sites\/24\/2025\/10\/TEATRO.jpg","contentUrl":"https:\/\/www.crea.gov.co\/crea-fontanar\/wp-content\/uploads\/sites\/24\/2025\/10\/TEATRO.jpg","width":1280,"height":720},{"@type":"BreadcrumbList","@id":"https:\/\/www.crea.gov.co\/crea-fontanar\/tejiendo-vida\/#breadcrumb","itemListElement":[{"@type":"ListItem","position":1,"name":"Inicio","item":"https:\/\/www.crea.gov.co\/crea-fontanar\/"},{"@type":"ListItem","position":2,"name":"Tejiendo vida"}]},{"@type":"WebSite","@id":"https:\/\/www.crea.gov.co\/crea-fontanar\/#website","url":"https:\/\/www.crea.gov.co\/crea-fontanar\/","name":"Crea Fontanar","description":"Ubicado en el CEFE del mismo nombre, la cultura se cultiva con fuerza propia, desde y para la comunidad. Este centro hace parte del compromiso por acercar una oferta art\u00edstica s\u00f3lida y constante a distintos puntos de Bogot\u00e1, generando oportunidades para el desarrollo creativo y social de quienes habitan el territorio.","potentialAction":[{"@type":"SearchAction","target":{"@type":"EntryPoint","urlTemplate":"https:\/\/www.crea.gov.co\/crea-fontanar\/?s={search_term_string}"},"query-input":{"@type":"PropertyValueSpecification","valueRequired":true,"valueName":"search_term_string"}}],"inLanguage":"es-CO"},{"@type":"Person","@id":"https:\/\/www.crea.gov.co\/crea-fontanar\/#\/schema\/person\/5b33c06860d35baa10bfb1387448ab8f","name":"creafontanar","image":{"@type":"ImageObject","inLanguage":"es-CO","@id":"https:\/\/www.crea.gov.co\/crea-fontanar\/#\/schema\/person\/image\/","url":"https:\/\/secure.gravatar.com\/avatar\/92b08ea660abf8efd6557d9154572877?s=96&d=mm&r=g","contentUrl":"https:\/\/secure.gravatar.com\/avatar\/92b08ea660abf8efd6557d9154572877?s=96&d=mm&r=g","caption":"creafontanar"},"url":"https:\/\/www.crea.gov.co\/crea-fontanar\/author\/creafontanar\/"}]}},"_links":{"self":[{"href":"https:\/\/www.crea.gov.co\/crea-fontanar\/wp-json\/wp\/v2\/posts\/815","targetHints":{"allow":["GET"]}}],"collection":[{"href":"https:\/\/www.crea.gov.co\/crea-fontanar\/wp-json\/wp\/v2\/posts"}],"about":[{"href":"https:\/\/www.crea.gov.co\/crea-fontanar\/wp-json\/wp\/v2\/types\/post"}],"author":[{"embeddable":true,"href":"https:\/\/www.crea.gov.co\/crea-fontanar\/wp-json\/wp\/v2\/users\/83"}],"replies":[{"embeddable":true,"href":"https:\/\/www.crea.gov.co\/crea-fontanar\/wp-json\/wp\/v2\/comments?post=815"}],"version-history":[{"count":1,"href":"https:\/\/www.crea.gov.co\/crea-fontanar\/wp-json\/wp\/v2\/posts\/815\/revisions"}],"predecessor-version":[{"id":819,"href":"https:\/\/www.crea.gov.co\/crea-fontanar\/wp-json\/wp\/v2\/posts\/815\/revisions\/819"}],"wp:featuredmedia":[{"embeddable":true,"href":"https:\/\/www.crea.gov.co\/crea-fontanar\/wp-json\/wp\/v2\/media\/816"}],"wp:attachment":[{"href":"https:\/\/www.crea.gov.co\/crea-fontanar\/wp-json\/wp\/v2\/media?parent=815"}],"wp:term":[{"taxonomy":"category","embeddable":true,"href":"https:\/\/www.crea.gov.co\/crea-fontanar\/wp-json\/wp\/v2\/categories?post=815"},{"taxonomy":"post_tag","embeddable":true,"href":"https:\/\/www.crea.gov.co\/crea-fontanar\/wp-json\/wp\/v2\/tags?post=815"}],"curies":[{"name":"wp","href":"https:\/\/api.w.org\/{rel}","templated":true}]}}