{"id":801,"date":"2025-10-20T12:17:10","date_gmt":"2025-10-20T17:17:10","guid":{"rendered":"https:\/\/www.crea.gov.co\/crea-fontanar\/?p=801"},"modified":"2025-10-20T12:17:11","modified_gmt":"2025-10-20T17:17:11","slug":"en-mi-fin-esta-mi-comienzo-arte-y-ciudad","status":"publish","type":"post","link":"https:\/\/www.crea.gov.co\/crea-fontanar\/en-mi-fin-esta-mi-comienzo-arte-y-ciudad\/","title":{"rendered":"EN MI FIN EST\u00c1 MI COMIENZO &#8211; ARTE Y CIUDAD\u201d"},"content":{"rendered":"\n<figure class=\"wp-block-image size-large\"><img loading=\"lazy\" decoding=\"async\" width=\"819\" height=\"1024\" src=\"https:\/\/www.crea.gov.co\/crea-fontanar\/wp-content\/uploads\/sites\/24\/2025\/10\/2510_-Crea_Ecos-3_carru_agenda_5-819x1024.png\" alt=\"\" class=\"wp-image-802\" srcset=\"https:\/\/www.crea.gov.co\/crea-fontanar\/wp-content\/uploads\/sites\/24\/2025\/10\/2510_-Crea_Ecos-3_carru_agenda_5-819x1024.png 819w, https:\/\/www.crea.gov.co\/crea-fontanar\/wp-content\/uploads\/sites\/24\/2025\/10\/2510_-Crea_Ecos-3_carru_agenda_5-240x300.png 240w, https:\/\/www.crea.gov.co\/crea-fontanar\/wp-content\/uploads\/sites\/24\/2025\/10\/2510_-Crea_Ecos-3_carru_agenda_5-768x960.png 768w, https:\/\/www.crea.gov.co\/crea-fontanar\/wp-content\/uploads\/sites\/24\/2025\/10\/2510_-Crea_Ecos-3_carru_agenda_5.png 1081w\" sizes=\"auto, (max-width: 819px) 100vw, 819px\" \/><\/figure>\n\n\n\n<p>El tercer encuentro del ecosistema ECOS III, es una celebraci\u00f3n del arte que trasciende los espacios de<br>formaci\u00f3n y se despliega por diferentes escenarios de Bogot\u00e1, siendo un lienzo vivo donde se plasman<br>la l\u00ednea tem\u00e1tica que para este a\u00f1o nos cobij\u00f3 entorno a la relaci\u00f3n arte y ciudad, a trav\u00e9s de la<br>creaci\u00f3n, los aprendizajes y las vivencias art\u00edsticas nacidas en el seno del Programa. Nuestra mirada se posa en el coraz\u00f3n creativo de cada propuesta, revelando c\u00f3mo los participantes han abrazado y e inventado los lenguajes art\u00edsticos, haciendo la invitaci\u00f3n a sumergirse en un universo colectivo de expresi\u00f3n.<\/p>\n\n\n\n<p>Muy invitados todos a esta principio del final en la Cinemateca y el Planetario Distrital, este s\u00e1bado 25 de octubre. Aqu\u00ed la programaci\u00f3n:<\/p>\n\n\n\n<figure class=\"wp-block-image size-large is-resized\"><img loading=\"lazy\" decoding=\"async\" width=\"819\" height=\"1024\" src=\"https:\/\/www.crea.gov.co\/crea-fontanar\/wp-content\/uploads\/sites\/24\/2025\/10\/2510_-Crea_Ecos-3_carru_agenda_1-819x1024.png\" alt=\"\" class=\"wp-image-804\" style=\"width:840px;height:auto\" srcset=\"https:\/\/www.crea.gov.co\/crea-fontanar\/wp-content\/uploads\/sites\/24\/2025\/10\/2510_-Crea_Ecos-3_carru_agenda_1-819x1024.png 819w, https:\/\/www.crea.gov.co\/crea-fontanar\/wp-content\/uploads\/sites\/24\/2025\/10\/2510_-Crea_Ecos-3_carru_agenda_1-240x300.png 240w, https:\/\/www.crea.gov.co\/crea-fontanar\/wp-content\/uploads\/sites\/24\/2025\/10\/2510_-Crea_Ecos-3_carru_agenda_1-768x960.png 768w, https:\/\/www.crea.gov.co\/crea-fontanar\/wp-content\/uploads\/sites\/24\/2025\/10\/2510_-Crea_Ecos-3_carru_agenda_1.png 1081w\" sizes=\"auto, (max-width: 819px) 100vw, 819px\" \/><\/figure>\n\n\n\n<figure class=\"wp-block-image size-large\"><img loading=\"lazy\" decoding=\"async\" width=\"819\" height=\"1024\" src=\"https:\/\/www.crea.gov.co\/crea-fontanar\/wp-content\/uploads\/sites\/24\/2025\/10\/2510_-Crea_Ecos-3_carru_agenda_4-819x1024.png\" alt=\"\" class=\"wp-image-803\" srcset=\"https:\/\/www.crea.gov.co\/crea-fontanar\/wp-content\/uploads\/sites\/24\/2025\/10\/2510_-Crea_Ecos-3_carru_agenda_4-819x1024.png 819w, https:\/\/www.crea.gov.co\/crea-fontanar\/wp-content\/uploads\/sites\/24\/2025\/10\/2510_-Crea_Ecos-3_carru_agenda_4-240x300.png 240w, https:\/\/www.crea.gov.co\/crea-fontanar\/wp-content\/uploads\/sites\/24\/2025\/10\/2510_-Crea_Ecos-3_carru_agenda_4-768x960.png 768w, https:\/\/www.crea.gov.co\/crea-fontanar\/wp-content\/uploads\/sites\/24\/2025\/10\/2510_-Crea_Ecos-3_carru_agenda_4.png 1081w\" sizes=\"auto, (max-width: 819px) 100vw, 819px\" \/><\/figure>\n\n\n\n<figure class=\"wp-block-image size-large\"><img loading=\"lazy\" decoding=\"async\" width=\"819\" height=\"1024\" src=\"https:\/\/www.crea.gov.co\/crea-fontanar\/wp-content\/uploads\/sites\/24\/2025\/10\/2510_-Crea_Ecos-3_carru_agenda_3-819x1024.png\" alt=\"\" class=\"wp-image-805\" srcset=\"https:\/\/www.crea.gov.co\/crea-fontanar\/wp-content\/uploads\/sites\/24\/2025\/10\/2510_-Crea_Ecos-3_carru_agenda_3-819x1024.png 819w, https:\/\/www.crea.gov.co\/crea-fontanar\/wp-content\/uploads\/sites\/24\/2025\/10\/2510_-Crea_Ecos-3_carru_agenda_3-240x300.png 240w, https:\/\/www.crea.gov.co\/crea-fontanar\/wp-content\/uploads\/sites\/24\/2025\/10\/2510_-Crea_Ecos-3_carru_agenda_3-768x960.png 768w, https:\/\/www.crea.gov.co\/crea-fontanar\/wp-content\/uploads\/sites\/24\/2025\/10\/2510_-Crea_Ecos-3_carru_agenda_3.png 1081w\" sizes=\"auto, (max-width: 819px) 100vw, 819px\" \/><\/figure>\n\n\n\n<figure class=\"wp-block-image size-large\"><img loading=\"lazy\" decoding=\"async\" width=\"819\" height=\"1024\" src=\"https:\/\/www.crea.gov.co\/crea-fontanar\/wp-content\/uploads\/sites\/24\/2025\/10\/2510_-Crea_Ecos-3_carru_agenda_2-819x1024.png\" alt=\"\" class=\"wp-image-806\" srcset=\"https:\/\/www.crea.gov.co\/crea-fontanar\/wp-content\/uploads\/sites\/24\/2025\/10\/2510_-Crea_Ecos-3_carru_agenda_2-819x1024.png 819w, https:\/\/www.crea.gov.co\/crea-fontanar\/wp-content\/uploads\/sites\/24\/2025\/10\/2510_-Crea_Ecos-3_carru_agenda_2-240x300.png 240w, https:\/\/www.crea.gov.co\/crea-fontanar\/wp-content\/uploads\/sites\/24\/2025\/10\/2510_-Crea_Ecos-3_carru_agenda_2-768x960.png 768w, https:\/\/www.crea.gov.co\/crea-fontanar\/wp-content\/uploads\/sites\/24\/2025\/10\/2510_-Crea_Ecos-3_carru_agenda_2.png 1081w\" sizes=\"auto, (max-width: 819px) 100vw, 819px\" \/><\/figure>\n","protected":false},"excerpt":{"rendered":"<p>El tercer encuentro del ecosistema ECOS III, es una celebraci\u00f3n del arte que trasciende los espacios deformaci\u00f3n y se despliega por diferentes escenarios de Bogot\u00e1, siendo un lienzo vivo donde se plasmanla l\u00ednea tem\u00e1tica que para este a\u00f1o nos cobij\u00f3 entorno a la relaci\u00f3n arte y ciudad, a trav\u00e9s de lacreaci\u00f3n, los aprendizajes y las [&hellip;]<\/p>\n","protected":false},"author":83,"featured_media":802,"comment_status":"open","ping_status":"open","sticky":false,"template":"","format":"standard","meta":{"footnotes":""},"categories":[1],"tags":[],"class_list":["post-801","post","type-post","status-publish","format-standard","has-post-thumbnail","hentry","category-sin-categoria"],"yoast_head":"<!-- This site is optimized with the Yoast SEO plugin v24.5 - https:\/\/yoast.com\/wordpress\/plugins\/seo\/ -->\n<title>EN MI FIN EST\u00c1 MI COMIENZO - ARTE Y CIUDAD\u201d - Crea Fontanar<\/title>\n<meta name=\"robots\" content=\"index, follow, max-snippet:-1, max-image-preview:large, max-video-preview:-1\" \/>\n<link rel=\"canonical\" href=\"https:\/\/www.crea.gov.co\/crea-fontanar\/en-mi-fin-esta-mi-comienzo-arte-y-ciudad\/\" \/>\n<meta property=\"og:locale\" content=\"es_ES\" \/>\n<meta property=\"og:type\" content=\"article\" \/>\n<meta property=\"og:title\" content=\"EN MI FIN EST\u00c1 MI COMIENZO - ARTE Y CIUDAD\u201d - Crea Fontanar\" \/>\n<meta property=\"og:description\" content=\"El tercer encuentro del ecosistema ECOS III, es una celebraci\u00f3n del arte que trasciende los espacios deformaci\u00f3n y se despliega por diferentes escenarios de Bogot\u00e1, siendo un lienzo vivo donde se plasmanla l\u00ednea tem\u00e1tica que para este a\u00f1o nos cobij\u00f3 entorno a la relaci\u00f3n arte y ciudad, a trav\u00e9s de lacreaci\u00f3n, los aprendizajes y las [&hellip;]\" \/>\n<meta property=\"og:url\" content=\"https:\/\/www.crea.gov.co\/crea-fontanar\/en-mi-fin-esta-mi-comienzo-arte-y-ciudad\/\" \/>\n<meta property=\"og:site_name\" content=\"Crea Fontanar\" \/>\n<meta property=\"article:published_time\" content=\"2025-10-20T17:17:10+00:00\" \/>\n<meta property=\"article:modified_time\" content=\"2025-10-20T17:17:11+00:00\" \/>\n<meta property=\"og:image\" content=\"https:\/\/www.crea.gov.co\/crea-fontanar\/wp-content\/uploads\/sites\/24\/2025\/10\/2510_-Crea_Ecos-3_carru_agenda_5.png\" \/>\n\t<meta property=\"og:image:width\" content=\"1081\" \/>\n\t<meta property=\"og:image:height\" content=\"1351\" \/>\n\t<meta property=\"og:image:type\" content=\"image\/png\" \/>\n<meta name=\"author\" content=\"creafontanar\" \/>\n<meta name=\"twitter:card\" content=\"summary_large_image\" \/>\n<meta name=\"twitter:label1\" content=\"Escrito por\" \/>\n\t<meta name=\"twitter:data1\" content=\"creafontanar\" \/>\n\t<meta name=\"twitter:label2\" content=\"Tiempo de lectura\" \/>\n\t<meta name=\"twitter:data2\" content=\"2 minutos\" \/>\n<script type=\"application\/ld+json\" class=\"yoast-schema-graph\">{\"@context\":\"https:\/\/schema.org\",\"@graph\":[{\"@type\":\"WebPage\",\"@id\":\"https:\/\/www.crea.gov.co\/crea-fontanar\/en-mi-fin-esta-mi-comienzo-arte-y-ciudad\/\",\"url\":\"https:\/\/www.crea.gov.co\/crea-fontanar\/en-mi-fin-esta-mi-comienzo-arte-y-ciudad\/\",\"name\":\"EN MI FIN EST\u00c1 MI COMIENZO - ARTE Y CIUDAD\u201d - Crea Fontanar\",\"isPartOf\":{\"@id\":\"https:\/\/www.crea.gov.co\/crea-fontanar\/#website\"},\"primaryImageOfPage\":{\"@id\":\"https:\/\/www.crea.gov.co\/crea-fontanar\/en-mi-fin-esta-mi-comienzo-arte-y-ciudad\/#primaryimage\"},\"image\":{\"@id\":\"https:\/\/www.crea.gov.co\/crea-fontanar\/en-mi-fin-esta-mi-comienzo-arte-y-ciudad\/#primaryimage\"},\"thumbnailUrl\":\"https:\/\/www.crea.gov.co\/crea-fontanar\/wp-content\/uploads\/sites\/24\/2025\/10\/2510_-Crea_Ecos-3_carru_agenda_5.png\",\"datePublished\":\"2025-10-20T17:17:10+00:00\",\"dateModified\":\"2025-10-20T17:17:11+00:00\",\"author\":{\"@id\":\"https:\/\/www.crea.gov.co\/crea-fontanar\/#\/schema\/person\/5b33c06860d35baa10bfb1387448ab8f\"},\"breadcrumb\":{\"@id\":\"https:\/\/www.crea.gov.co\/crea-fontanar\/en-mi-fin-esta-mi-comienzo-arte-y-ciudad\/#breadcrumb\"},\"inLanguage\":\"es-CO\",\"potentialAction\":[{\"@type\":\"ReadAction\",\"target\":[\"https:\/\/www.crea.gov.co\/crea-fontanar\/en-mi-fin-esta-mi-comienzo-arte-y-ciudad\/\"]}]},{\"@type\":\"ImageObject\",\"inLanguage\":\"es-CO\",\"@id\":\"https:\/\/www.crea.gov.co\/crea-fontanar\/en-mi-fin-esta-mi-comienzo-arte-y-ciudad\/#primaryimage\",\"url\":\"https:\/\/www.crea.gov.co\/crea-fontanar\/wp-content\/uploads\/sites\/24\/2025\/10\/2510_-Crea_Ecos-3_carru_agenda_5.png\",\"contentUrl\":\"https:\/\/www.crea.gov.co\/crea-fontanar\/wp-content\/uploads\/sites\/24\/2025\/10\/2510_-Crea_Ecos-3_carru_agenda_5.png\",\"width\":1081,\"height\":1351},{\"@type\":\"BreadcrumbList\",\"@id\":\"https:\/\/www.crea.gov.co\/crea-fontanar\/en-mi-fin-esta-mi-comienzo-arte-y-ciudad\/#breadcrumb\",\"itemListElement\":[{\"@type\":\"ListItem\",\"position\":1,\"name\":\"Inicio\",\"item\":\"https:\/\/www.crea.gov.co\/crea-fontanar\/\"},{\"@type\":\"ListItem\",\"position\":2,\"name\":\"EN MI FIN EST\u00c1 MI COMIENZO &#8211; ARTE Y CIUDAD\u201d\"}]},{\"@type\":\"WebSite\",\"@id\":\"https:\/\/www.crea.gov.co\/crea-fontanar\/#website\",\"url\":\"https:\/\/www.crea.gov.co\/crea-fontanar\/\",\"name\":\"Crea Fontanar\",\"description\":\"Ubicado en el CEFE del mismo nombre, la cultura se cultiva con fuerza propia, desde y para la comunidad. Este centro hace parte del compromiso por acercar una oferta art\u00edstica s\u00f3lida y constante a distintos puntos de Bogot\u00e1, generando oportunidades para el desarrollo creativo y social de quienes habitan el territorio.\",\"potentialAction\":[{\"@type\":\"SearchAction\",\"target\":{\"@type\":\"EntryPoint\",\"urlTemplate\":\"https:\/\/www.crea.gov.co\/crea-fontanar\/?s={search_term_string}\"},\"query-input\":{\"@type\":\"PropertyValueSpecification\",\"valueRequired\":true,\"valueName\":\"search_term_string\"}}],\"inLanguage\":\"es-CO\"},{\"@type\":\"Person\",\"@id\":\"https:\/\/www.crea.gov.co\/crea-fontanar\/#\/schema\/person\/5b33c06860d35baa10bfb1387448ab8f\",\"name\":\"creafontanar\",\"image\":{\"@type\":\"ImageObject\",\"inLanguage\":\"es-CO\",\"@id\":\"https:\/\/www.crea.gov.co\/crea-fontanar\/#\/schema\/person\/image\/\",\"url\":\"https:\/\/secure.gravatar.com\/avatar\/92b08ea660abf8efd6557d9154572877?s=96&d=mm&r=g\",\"contentUrl\":\"https:\/\/secure.gravatar.com\/avatar\/92b08ea660abf8efd6557d9154572877?s=96&d=mm&r=g\",\"caption\":\"creafontanar\"},\"url\":\"https:\/\/www.crea.gov.co\/crea-fontanar\/author\/creafontanar\/\"}]}<\/script>\n<!-- \/ Yoast SEO plugin. -->","yoast_head_json":{"title":"EN MI FIN EST\u00c1 MI COMIENZO - ARTE Y CIUDAD\u201d - Crea Fontanar","robots":{"index":"index","follow":"follow","max-snippet":"max-snippet:-1","max-image-preview":"max-image-preview:large","max-video-preview":"max-video-preview:-1"},"canonical":"https:\/\/www.crea.gov.co\/crea-fontanar\/en-mi-fin-esta-mi-comienzo-arte-y-ciudad\/","og_locale":"es_ES","og_type":"article","og_title":"EN MI FIN EST\u00c1 MI COMIENZO - ARTE Y CIUDAD\u201d - Crea Fontanar","og_description":"El tercer encuentro del ecosistema ECOS III, es una celebraci\u00f3n del arte que trasciende los espacios deformaci\u00f3n y se despliega por diferentes escenarios de Bogot\u00e1, siendo un lienzo vivo donde se plasmanla l\u00ednea tem\u00e1tica que para este a\u00f1o nos cobij\u00f3 entorno a la relaci\u00f3n arte y ciudad, a trav\u00e9s de lacreaci\u00f3n, los aprendizajes y las [&hellip;]","og_url":"https:\/\/www.crea.gov.co\/crea-fontanar\/en-mi-fin-esta-mi-comienzo-arte-y-ciudad\/","og_site_name":"Crea Fontanar","article_published_time":"2025-10-20T17:17:10+00:00","article_modified_time":"2025-10-20T17:17:11+00:00","og_image":[{"width":1081,"height":1351,"url":"https:\/\/www.crea.gov.co\/crea-fontanar\/wp-content\/uploads\/sites\/24\/2025\/10\/2510_-Crea_Ecos-3_carru_agenda_5.png","type":"image\/png"}],"author":"creafontanar","twitter_card":"summary_large_image","twitter_misc":{"Escrito por":"creafontanar","Tiempo de lectura":"2 minutos"},"schema":{"@context":"https:\/\/schema.org","@graph":[{"@type":"WebPage","@id":"https:\/\/www.crea.gov.co\/crea-fontanar\/en-mi-fin-esta-mi-comienzo-arte-y-ciudad\/","url":"https:\/\/www.crea.gov.co\/crea-fontanar\/en-mi-fin-esta-mi-comienzo-arte-y-ciudad\/","name":"EN MI FIN EST\u00c1 MI COMIENZO - ARTE Y CIUDAD\u201d - Crea Fontanar","isPartOf":{"@id":"https:\/\/www.crea.gov.co\/crea-fontanar\/#website"},"primaryImageOfPage":{"@id":"https:\/\/www.crea.gov.co\/crea-fontanar\/en-mi-fin-esta-mi-comienzo-arte-y-ciudad\/#primaryimage"},"image":{"@id":"https:\/\/www.crea.gov.co\/crea-fontanar\/en-mi-fin-esta-mi-comienzo-arte-y-ciudad\/#primaryimage"},"thumbnailUrl":"https:\/\/www.crea.gov.co\/crea-fontanar\/wp-content\/uploads\/sites\/24\/2025\/10\/2510_-Crea_Ecos-3_carru_agenda_5.png","datePublished":"2025-10-20T17:17:10+00:00","dateModified":"2025-10-20T17:17:11+00:00","author":{"@id":"https:\/\/www.crea.gov.co\/crea-fontanar\/#\/schema\/person\/5b33c06860d35baa10bfb1387448ab8f"},"breadcrumb":{"@id":"https:\/\/www.crea.gov.co\/crea-fontanar\/en-mi-fin-esta-mi-comienzo-arte-y-ciudad\/#breadcrumb"},"inLanguage":"es-CO","potentialAction":[{"@type":"ReadAction","target":["https:\/\/www.crea.gov.co\/crea-fontanar\/en-mi-fin-esta-mi-comienzo-arte-y-ciudad\/"]}]},{"@type":"ImageObject","inLanguage":"es-CO","@id":"https:\/\/www.crea.gov.co\/crea-fontanar\/en-mi-fin-esta-mi-comienzo-arte-y-ciudad\/#primaryimage","url":"https:\/\/www.crea.gov.co\/crea-fontanar\/wp-content\/uploads\/sites\/24\/2025\/10\/2510_-Crea_Ecos-3_carru_agenda_5.png","contentUrl":"https:\/\/www.crea.gov.co\/crea-fontanar\/wp-content\/uploads\/sites\/24\/2025\/10\/2510_-Crea_Ecos-3_carru_agenda_5.png","width":1081,"height":1351},{"@type":"BreadcrumbList","@id":"https:\/\/www.crea.gov.co\/crea-fontanar\/en-mi-fin-esta-mi-comienzo-arte-y-ciudad\/#breadcrumb","itemListElement":[{"@type":"ListItem","position":1,"name":"Inicio","item":"https:\/\/www.crea.gov.co\/crea-fontanar\/"},{"@type":"ListItem","position":2,"name":"EN MI FIN EST\u00c1 MI COMIENZO &#8211; ARTE Y CIUDAD\u201d"}]},{"@type":"WebSite","@id":"https:\/\/www.crea.gov.co\/crea-fontanar\/#website","url":"https:\/\/www.crea.gov.co\/crea-fontanar\/","name":"Crea Fontanar","description":"Ubicado en el CEFE del mismo nombre, la cultura se cultiva con fuerza propia, desde y para la comunidad. Este centro hace parte del compromiso por acercar una oferta art\u00edstica s\u00f3lida y constante a distintos puntos de Bogot\u00e1, generando oportunidades para el desarrollo creativo y social de quienes habitan el territorio.","potentialAction":[{"@type":"SearchAction","target":{"@type":"EntryPoint","urlTemplate":"https:\/\/www.crea.gov.co\/crea-fontanar\/?s={search_term_string}"},"query-input":{"@type":"PropertyValueSpecification","valueRequired":true,"valueName":"search_term_string"}}],"inLanguage":"es-CO"},{"@type":"Person","@id":"https:\/\/www.crea.gov.co\/crea-fontanar\/#\/schema\/person\/5b33c06860d35baa10bfb1387448ab8f","name":"creafontanar","image":{"@type":"ImageObject","inLanguage":"es-CO","@id":"https:\/\/www.crea.gov.co\/crea-fontanar\/#\/schema\/person\/image\/","url":"https:\/\/secure.gravatar.com\/avatar\/92b08ea660abf8efd6557d9154572877?s=96&d=mm&r=g","contentUrl":"https:\/\/secure.gravatar.com\/avatar\/92b08ea660abf8efd6557d9154572877?s=96&d=mm&r=g","caption":"creafontanar"},"url":"https:\/\/www.crea.gov.co\/crea-fontanar\/author\/creafontanar\/"}]}},"_links":{"self":[{"href":"https:\/\/www.crea.gov.co\/crea-fontanar\/wp-json\/wp\/v2\/posts\/801","targetHints":{"allow":["GET"]}}],"collection":[{"href":"https:\/\/www.crea.gov.co\/crea-fontanar\/wp-json\/wp\/v2\/posts"}],"about":[{"href":"https:\/\/www.crea.gov.co\/crea-fontanar\/wp-json\/wp\/v2\/types\/post"}],"author":[{"embeddable":true,"href":"https:\/\/www.crea.gov.co\/crea-fontanar\/wp-json\/wp\/v2\/users\/83"}],"replies":[{"embeddable":true,"href":"https:\/\/www.crea.gov.co\/crea-fontanar\/wp-json\/wp\/v2\/comments?post=801"}],"version-history":[{"count":1,"href":"https:\/\/www.crea.gov.co\/crea-fontanar\/wp-json\/wp\/v2\/posts\/801\/revisions"}],"predecessor-version":[{"id":807,"href":"https:\/\/www.crea.gov.co\/crea-fontanar\/wp-json\/wp\/v2\/posts\/801\/revisions\/807"}],"wp:featuredmedia":[{"embeddable":true,"href":"https:\/\/www.crea.gov.co\/crea-fontanar\/wp-json\/wp\/v2\/media\/802"}],"wp:attachment":[{"href":"https:\/\/www.crea.gov.co\/crea-fontanar\/wp-json\/wp\/v2\/media?parent=801"}],"wp:term":[{"taxonomy":"category","embeddable":true,"href":"https:\/\/www.crea.gov.co\/crea-fontanar\/wp-json\/wp\/v2\/categories?post=801"},{"taxonomy":"post_tag","embeddable":true,"href":"https:\/\/www.crea.gov.co\/crea-fontanar\/wp-json\/wp\/v2\/tags?post=801"}],"curies":[{"name":"wp","href":"https:\/\/api.w.org\/{rel}","templated":true}]}}