{"id":782,"date":"2025-09-23T12:23:19","date_gmt":"2025-09-23T17:23:19","guid":{"rendered":"https:\/\/www.crea.gov.co\/crea-fontanar\/?p=782"},"modified":"2025-09-23T12:23:19","modified_gmt":"2025-09-23T17:23:19","slug":"nos-llego-la-hora-de-comunidades-crea","status":"publish","type":"post","link":"https:\/\/www.crea.gov.co\/crea-fontanar\/nos-llego-la-hora-de-comunidades-crea\/","title":{"rendered":"Nos lleg\u00f3 la hora de COMUNIDADES CREA"},"content":{"rendered":"\n<figure class=\"wp-block-image size-large\"><img loading=\"lazy\" decoding=\"async\" width=\"576\" height=\"1024\" src=\"https:\/\/www.crea.gov.co\/crea-fontanar\/wp-content\/uploads\/sites\/24\/2025\/09\/COMUNIDADESCREA-FONTANAR-576x1024.jpg\" alt=\"\" class=\"wp-image-783\" srcset=\"https:\/\/www.crea.gov.co\/crea-fontanar\/wp-content\/uploads\/sites\/24\/2025\/09\/COMUNIDADESCREA-FONTANAR-576x1024.jpg 576w, https:\/\/www.crea.gov.co\/crea-fontanar\/wp-content\/uploads\/sites\/24\/2025\/09\/COMUNIDADESCREA-FONTANAR-169x300.jpg 169w, https:\/\/www.crea.gov.co\/crea-fontanar\/wp-content\/uploads\/sites\/24\/2025\/09\/COMUNIDADESCREA-FONTANAR-768x1365.jpg 768w, https:\/\/www.crea.gov.co\/crea-fontanar\/wp-content\/uploads\/sites\/24\/2025\/09\/COMUNIDADESCREA-FONTANAR-864x1536.jpg 864w, https:\/\/www.crea.gov.co\/crea-fontanar\/wp-content\/uploads\/sites\/24\/2025\/09\/COMUNIDADESCREA-FONTANAR-1152x2048.jpg 1152w, https:\/\/www.crea.gov.co\/crea-fontanar\/wp-content\/uploads\/sites\/24\/2025\/09\/COMUNIDADESCREA-FONTANAR.jpg 1440w\" sizes=\"auto, (max-width: 576px) 100vw, 576px\" \/><\/figure>\n\n\n\n<p>Los esperamos en este hermoso espacios para compartir en familia y demostrar por qu\u00e9 ComunidadESCrea Fontanar. <\/p>\n\n\n\n<p>Bailaremos, cantaremos, actuaremos, dejaremos huella&#8230; Todos el s\u00e1bado 27 de septiembre a partir de las 8 de la ma\u00f1ana!!!<\/p>\n","protected":false},"excerpt":{"rendered":"<p>Los esperamos en este hermoso espacios para compartir en familia y demostrar por qu\u00e9 ComunidadESCrea Fontanar. Bailaremos, cantaremos, actuaremos, dejaremos huella&#8230; Todos el s\u00e1bado 27 de septiembre a partir de las 8 de la ma\u00f1ana!!!<\/p>\n","protected":false},"author":83,"featured_media":783,"comment_status":"open","ping_status":"open","sticky":false,"template":"","format":"standard","meta":{"footnotes":""},"categories":[1],"tags":[],"class_list":["post-782","post","type-post","status-publish","format-standard","has-post-thumbnail","hentry","category-sin-categoria"],"yoast_head":"<!-- This site is optimized with the Yoast SEO plugin v24.5 - https:\/\/yoast.com\/wordpress\/plugins\/seo\/ -->\n<title>Nos lleg\u00f3 la hora de COMUNIDADES CREA - Crea Fontanar<\/title>\n<meta name=\"robots\" content=\"index, follow, max-snippet:-1, max-image-preview:large, max-video-preview:-1\" \/>\n<link rel=\"canonical\" href=\"https:\/\/www.crea.gov.co\/crea-fontanar\/nos-llego-la-hora-de-comunidades-crea\/\" \/>\n<meta property=\"og:locale\" content=\"es_ES\" \/>\n<meta property=\"og:type\" content=\"article\" \/>\n<meta property=\"og:title\" content=\"Nos lleg\u00f3 la hora de COMUNIDADES CREA - Crea Fontanar\" \/>\n<meta property=\"og:description\" content=\"Los esperamos en este hermoso espacios para compartir en familia y demostrar por qu\u00e9 ComunidadESCrea Fontanar. Bailaremos, cantaremos, actuaremos, dejaremos huella&#8230; Todos el s\u00e1bado 27 de septiembre a partir de las 8 de la ma\u00f1ana!!!\" \/>\n<meta property=\"og:url\" content=\"https:\/\/www.crea.gov.co\/crea-fontanar\/nos-llego-la-hora-de-comunidades-crea\/\" \/>\n<meta property=\"og:site_name\" content=\"Crea Fontanar\" \/>\n<meta property=\"article:published_time\" content=\"2025-09-23T17:23:19+00:00\" \/>\n<meta property=\"og:image\" content=\"https:\/\/www.crea.gov.co\/crea-fontanar\/wp-content\/uploads\/sites\/24\/2025\/09\/COMUNIDADESCREA-FONTANAR.jpg\" \/>\n\t<meta property=\"og:image:width\" content=\"1440\" \/>\n\t<meta property=\"og:image:height\" content=\"2560\" \/>\n\t<meta property=\"og:image:type\" content=\"image\/jpeg\" \/>\n<meta name=\"author\" content=\"creafontanar\" \/>\n<meta name=\"twitter:card\" content=\"summary_large_image\" \/>\n<meta name=\"twitter:label1\" content=\"Escrito por\" \/>\n\t<meta name=\"twitter:data1\" content=\"creafontanar\" \/>\n\t<meta name=\"twitter:label2\" content=\"Tiempo de lectura\" \/>\n\t<meta name=\"twitter:data2\" content=\"1 minuto\" \/>\n<script type=\"application\/ld+json\" class=\"yoast-schema-graph\">{\"@context\":\"https:\/\/schema.org\",\"@graph\":[{\"@type\":\"WebPage\",\"@id\":\"https:\/\/www.crea.gov.co\/crea-fontanar\/nos-llego-la-hora-de-comunidades-crea\/\",\"url\":\"https:\/\/www.crea.gov.co\/crea-fontanar\/nos-llego-la-hora-de-comunidades-crea\/\",\"name\":\"Nos lleg\u00f3 la hora de COMUNIDADES CREA - Crea Fontanar\",\"isPartOf\":{\"@id\":\"https:\/\/www.crea.gov.co\/crea-fontanar\/#website\"},\"primaryImageOfPage\":{\"@id\":\"https:\/\/www.crea.gov.co\/crea-fontanar\/nos-llego-la-hora-de-comunidades-crea\/#primaryimage\"},\"image\":{\"@id\":\"https:\/\/www.crea.gov.co\/crea-fontanar\/nos-llego-la-hora-de-comunidades-crea\/#primaryimage\"},\"thumbnailUrl\":\"https:\/\/www.crea.gov.co\/crea-fontanar\/wp-content\/uploads\/sites\/24\/2025\/09\/COMUNIDADESCREA-FONTANAR.jpg\",\"datePublished\":\"2025-09-23T17:23:19+00:00\",\"author\":{\"@id\":\"https:\/\/www.crea.gov.co\/crea-fontanar\/#\/schema\/person\/5b33c06860d35baa10bfb1387448ab8f\"},\"breadcrumb\":{\"@id\":\"https:\/\/www.crea.gov.co\/crea-fontanar\/nos-llego-la-hora-de-comunidades-crea\/#breadcrumb\"},\"inLanguage\":\"es-CO\",\"potentialAction\":[{\"@type\":\"ReadAction\",\"target\":[\"https:\/\/www.crea.gov.co\/crea-fontanar\/nos-llego-la-hora-de-comunidades-crea\/\"]}]},{\"@type\":\"ImageObject\",\"inLanguage\":\"es-CO\",\"@id\":\"https:\/\/www.crea.gov.co\/crea-fontanar\/nos-llego-la-hora-de-comunidades-crea\/#primaryimage\",\"url\":\"https:\/\/www.crea.gov.co\/crea-fontanar\/wp-content\/uploads\/sites\/24\/2025\/09\/COMUNIDADESCREA-FONTANAR.jpg\",\"contentUrl\":\"https:\/\/www.crea.gov.co\/crea-fontanar\/wp-content\/uploads\/sites\/24\/2025\/09\/COMUNIDADESCREA-FONTANAR.jpg\",\"width\":1440,\"height\":2560},{\"@type\":\"BreadcrumbList\",\"@id\":\"https:\/\/www.crea.gov.co\/crea-fontanar\/nos-llego-la-hora-de-comunidades-crea\/#breadcrumb\",\"itemListElement\":[{\"@type\":\"ListItem\",\"position\":1,\"name\":\"Inicio\",\"item\":\"https:\/\/www.crea.gov.co\/crea-fontanar\/\"},{\"@type\":\"ListItem\",\"position\":2,\"name\":\"Nos lleg\u00f3 la hora de COMUNIDADES CREA\"}]},{\"@type\":\"WebSite\",\"@id\":\"https:\/\/www.crea.gov.co\/crea-fontanar\/#website\",\"url\":\"https:\/\/www.crea.gov.co\/crea-fontanar\/\",\"name\":\"Crea Fontanar\",\"description\":\"Ubicado en el CEFE del mismo nombre, la cultura se cultiva con fuerza propia, desde y para la comunidad. Este centro hace parte del compromiso por acercar una oferta art\u00edstica s\u00f3lida y constante a distintos puntos de Bogot\u00e1, generando oportunidades para el desarrollo creativo y social de quienes habitan el territorio.\",\"potentialAction\":[{\"@type\":\"SearchAction\",\"target\":{\"@type\":\"EntryPoint\",\"urlTemplate\":\"https:\/\/www.crea.gov.co\/crea-fontanar\/?s={search_term_string}\"},\"query-input\":{\"@type\":\"PropertyValueSpecification\",\"valueRequired\":true,\"valueName\":\"search_term_string\"}}],\"inLanguage\":\"es-CO\"},{\"@type\":\"Person\",\"@id\":\"https:\/\/www.crea.gov.co\/crea-fontanar\/#\/schema\/person\/5b33c06860d35baa10bfb1387448ab8f\",\"name\":\"creafontanar\",\"image\":{\"@type\":\"ImageObject\",\"inLanguage\":\"es-CO\",\"@id\":\"https:\/\/www.crea.gov.co\/crea-fontanar\/#\/schema\/person\/image\/\",\"url\":\"https:\/\/secure.gravatar.com\/avatar\/92b08ea660abf8efd6557d9154572877?s=96&d=mm&r=g\",\"contentUrl\":\"https:\/\/secure.gravatar.com\/avatar\/92b08ea660abf8efd6557d9154572877?s=96&d=mm&r=g\",\"caption\":\"creafontanar\"},\"url\":\"https:\/\/www.crea.gov.co\/crea-fontanar\/author\/creafontanar\/\"}]}<\/script>\n<!-- \/ Yoast SEO plugin. -->","yoast_head_json":{"title":"Nos lleg\u00f3 la hora de COMUNIDADES CREA - Crea Fontanar","robots":{"index":"index","follow":"follow","max-snippet":"max-snippet:-1","max-image-preview":"max-image-preview:large","max-video-preview":"max-video-preview:-1"},"canonical":"https:\/\/www.crea.gov.co\/crea-fontanar\/nos-llego-la-hora-de-comunidades-crea\/","og_locale":"es_ES","og_type":"article","og_title":"Nos lleg\u00f3 la hora de COMUNIDADES CREA - Crea Fontanar","og_description":"Los esperamos en este hermoso espacios para compartir en familia y demostrar por qu\u00e9 ComunidadESCrea Fontanar. Bailaremos, cantaremos, actuaremos, dejaremos huella&#8230; Todos el s\u00e1bado 27 de septiembre a partir de las 8 de la ma\u00f1ana!!!","og_url":"https:\/\/www.crea.gov.co\/crea-fontanar\/nos-llego-la-hora-de-comunidades-crea\/","og_site_name":"Crea Fontanar","article_published_time":"2025-09-23T17:23:19+00:00","og_image":[{"width":1440,"height":2560,"url":"https:\/\/www.crea.gov.co\/crea-fontanar\/wp-content\/uploads\/sites\/24\/2025\/09\/COMUNIDADESCREA-FONTANAR.jpg","type":"image\/jpeg"}],"author":"creafontanar","twitter_card":"summary_large_image","twitter_misc":{"Escrito por":"creafontanar","Tiempo de lectura":"1 minuto"},"schema":{"@context":"https:\/\/schema.org","@graph":[{"@type":"WebPage","@id":"https:\/\/www.crea.gov.co\/crea-fontanar\/nos-llego-la-hora-de-comunidades-crea\/","url":"https:\/\/www.crea.gov.co\/crea-fontanar\/nos-llego-la-hora-de-comunidades-crea\/","name":"Nos lleg\u00f3 la hora de COMUNIDADES CREA - Crea Fontanar","isPartOf":{"@id":"https:\/\/www.crea.gov.co\/crea-fontanar\/#website"},"primaryImageOfPage":{"@id":"https:\/\/www.crea.gov.co\/crea-fontanar\/nos-llego-la-hora-de-comunidades-crea\/#primaryimage"},"image":{"@id":"https:\/\/www.crea.gov.co\/crea-fontanar\/nos-llego-la-hora-de-comunidades-crea\/#primaryimage"},"thumbnailUrl":"https:\/\/www.crea.gov.co\/crea-fontanar\/wp-content\/uploads\/sites\/24\/2025\/09\/COMUNIDADESCREA-FONTANAR.jpg","datePublished":"2025-09-23T17:23:19+00:00","author":{"@id":"https:\/\/www.crea.gov.co\/crea-fontanar\/#\/schema\/person\/5b33c06860d35baa10bfb1387448ab8f"},"breadcrumb":{"@id":"https:\/\/www.crea.gov.co\/crea-fontanar\/nos-llego-la-hora-de-comunidades-crea\/#breadcrumb"},"inLanguage":"es-CO","potentialAction":[{"@type":"ReadAction","target":["https:\/\/www.crea.gov.co\/crea-fontanar\/nos-llego-la-hora-de-comunidades-crea\/"]}]},{"@type":"ImageObject","inLanguage":"es-CO","@id":"https:\/\/www.crea.gov.co\/crea-fontanar\/nos-llego-la-hora-de-comunidades-crea\/#primaryimage","url":"https:\/\/www.crea.gov.co\/crea-fontanar\/wp-content\/uploads\/sites\/24\/2025\/09\/COMUNIDADESCREA-FONTANAR.jpg","contentUrl":"https:\/\/www.crea.gov.co\/crea-fontanar\/wp-content\/uploads\/sites\/24\/2025\/09\/COMUNIDADESCREA-FONTANAR.jpg","width":1440,"height":2560},{"@type":"BreadcrumbList","@id":"https:\/\/www.crea.gov.co\/crea-fontanar\/nos-llego-la-hora-de-comunidades-crea\/#breadcrumb","itemListElement":[{"@type":"ListItem","position":1,"name":"Inicio","item":"https:\/\/www.crea.gov.co\/crea-fontanar\/"},{"@type":"ListItem","position":2,"name":"Nos lleg\u00f3 la hora de COMUNIDADES CREA"}]},{"@type":"WebSite","@id":"https:\/\/www.crea.gov.co\/crea-fontanar\/#website","url":"https:\/\/www.crea.gov.co\/crea-fontanar\/","name":"Crea Fontanar","description":"Ubicado en el CEFE del mismo nombre, la cultura se cultiva con fuerza propia, desde y para la comunidad. Este centro hace parte del compromiso por acercar una oferta art\u00edstica s\u00f3lida y constante a distintos puntos de Bogot\u00e1, generando oportunidades para el desarrollo creativo y social de quienes habitan el territorio.","potentialAction":[{"@type":"SearchAction","target":{"@type":"EntryPoint","urlTemplate":"https:\/\/www.crea.gov.co\/crea-fontanar\/?s={search_term_string}"},"query-input":{"@type":"PropertyValueSpecification","valueRequired":true,"valueName":"search_term_string"}}],"inLanguage":"es-CO"},{"@type":"Person","@id":"https:\/\/www.crea.gov.co\/crea-fontanar\/#\/schema\/person\/5b33c06860d35baa10bfb1387448ab8f","name":"creafontanar","image":{"@type":"ImageObject","inLanguage":"es-CO","@id":"https:\/\/www.crea.gov.co\/crea-fontanar\/#\/schema\/person\/image\/","url":"https:\/\/secure.gravatar.com\/avatar\/92b08ea660abf8efd6557d9154572877?s=96&d=mm&r=g","contentUrl":"https:\/\/secure.gravatar.com\/avatar\/92b08ea660abf8efd6557d9154572877?s=96&d=mm&r=g","caption":"creafontanar"},"url":"https:\/\/www.crea.gov.co\/crea-fontanar\/author\/creafontanar\/"}]}},"_links":{"self":[{"href":"https:\/\/www.crea.gov.co\/crea-fontanar\/wp-json\/wp\/v2\/posts\/782","targetHints":{"allow":["GET"]}}],"collection":[{"href":"https:\/\/www.crea.gov.co\/crea-fontanar\/wp-json\/wp\/v2\/posts"}],"about":[{"href":"https:\/\/www.crea.gov.co\/crea-fontanar\/wp-json\/wp\/v2\/types\/post"}],"author":[{"embeddable":true,"href":"https:\/\/www.crea.gov.co\/crea-fontanar\/wp-json\/wp\/v2\/users\/83"}],"replies":[{"embeddable":true,"href":"https:\/\/www.crea.gov.co\/crea-fontanar\/wp-json\/wp\/v2\/comments?post=782"}],"version-history":[{"count":1,"href":"https:\/\/www.crea.gov.co\/crea-fontanar\/wp-json\/wp\/v2\/posts\/782\/revisions"}],"predecessor-version":[{"id":785,"href":"https:\/\/www.crea.gov.co\/crea-fontanar\/wp-json\/wp\/v2\/posts\/782\/revisions\/785"}],"wp:featuredmedia":[{"embeddable":true,"href":"https:\/\/www.crea.gov.co\/crea-fontanar\/wp-json\/wp\/v2\/media\/783"}],"wp:attachment":[{"href":"https:\/\/www.crea.gov.co\/crea-fontanar\/wp-json\/wp\/v2\/media?parent=782"}],"wp:term":[{"taxonomy":"category","embeddable":true,"href":"https:\/\/www.crea.gov.co\/crea-fontanar\/wp-json\/wp\/v2\/categories?post=782"},{"taxonomy":"post_tag","embeddable":true,"href":"https:\/\/www.crea.gov.co\/crea-fontanar\/wp-json\/wp\/v2\/tags?post=782"}],"curies":[{"name":"wp","href":"https:\/\/api.w.org\/{rel}","templated":true}]}}