{"id":777,"date":"2025-09-09T15:55:10","date_gmt":"2025-09-09T20:55:10","guid":{"rendered":"https:\/\/www.crea.gov.co\/crea-fontanar\/?p=777"},"modified":"2025-09-09T15:55:10","modified_gmt":"2025-09-09T20:55:10","slug":"sumerceistas-en-la-radiaton","status":"publish","type":"post","link":"https:\/\/www.crea.gov.co\/crea-fontanar\/sumerceistas-en-la-radiaton\/","title":{"rendered":"Sumerce\u00edstas en la Radiat\u00f3n"},"content":{"rendered":"\n<figure class=\"wp-block-image size-large\"><img loading=\"lazy\" decoding=\"async\" width=\"768\" height=\"1024\" src=\"https:\/\/www.crea.gov.co\/crea-fontanar\/wp-content\/uploads\/sites\/24\/2025\/09\/SUMERCEISTAS-768x1024.jpeg\" alt=\"\" class=\"wp-image-779\" srcset=\"https:\/\/www.crea.gov.co\/crea-fontanar\/wp-content\/uploads\/sites\/24\/2025\/09\/SUMERCEISTAS-768x1024.jpeg 768w, https:\/\/www.crea.gov.co\/crea-fontanar\/wp-content\/uploads\/sites\/24\/2025\/09\/SUMERCEISTAS-225x300.jpeg 225w, https:\/\/www.crea.gov.co\/crea-fontanar\/wp-content\/uploads\/sites\/24\/2025\/09\/SUMERCEISTAS.jpeg 960w\" sizes=\"auto, (max-width: 768px) 100vw, 768px\" \/><\/figure>\n\n\n\n<p>Luego de reposar las emociones del texto y de favorecer la poes\u00eda escrita. Algunos participantes del laboratorio de escritura creativa &#8220;Sumerce\u00edstas&#8221; participaron de una entrevista en la programaci\u00f3n del d\u00eda jueves en la Radiaton realizada en el colegio Alberto G\u00f3mez Hurtado. En dicho espacio se logr\u00f3 disponer el di\u00e1logo para hablar sobre la literatura, su impacto en la vida de los escritores y escrituras y la relaci\u00f3n con el bienestar mental y emocional de qui\u00e9n escribe y quien lee. Se di\u00f3 lectura a algunos de los textos desarrollados en el espacio de formaci\u00f3n, pero sobre todo se comparti\u00f3 la palabra en un encuentro con los j\u00f3venes estudiantes del colegio Rep\u00fablica Dominicana. Agradecemos la posibilidad de la escucha, la conversaci\u00f3n y la juntanza provechosa para el buen \u00e1nimo. <\/p>\n\n\n\n<p>Sumerce\u00edstas es un grupo de gran tradici\u00f3n en Crea Fontanar, orientado por el artista formador \u00d3scar Casta\u00f1eda. Un grupo unido por la pasi\u00f3n hacia la literatura y el compartir.<\/p>\n\n\n\n<figure class=\"wp-block-image size-large\"><img loading=\"lazy\" decoding=\"async\" width=\"1024\" height=\"576\" src=\"https:\/\/www.crea.gov.co\/crea-fontanar\/wp-content\/uploads\/sites\/24\/2025\/09\/STIGMA-1-1024x576.jpeg\" alt=\"\" class=\"wp-image-780\" srcset=\"https:\/\/www.crea.gov.co\/crea-fontanar\/wp-content\/uploads\/sites\/24\/2025\/09\/STIGMA-1-1024x576.jpeg 1024w, https:\/\/www.crea.gov.co\/crea-fontanar\/wp-content\/uploads\/sites\/24\/2025\/09\/STIGMA-1-300x169.jpeg 300w, https:\/\/www.crea.gov.co\/crea-fontanar\/wp-content\/uploads\/sites\/24\/2025\/09\/STIGMA-1-768x432.jpeg 768w, https:\/\/www.crea.gov.co\/crea-fontanar\/wp-content\/uploads\/sites\/24\/2025\/09\/STIGMA-1-1536x864.jpeg 1536w, https:\/\/www.crea.gov.co\/crea-fontanar\/wp-content\/uploads\/sites\/24\/2025\/09\/STIGMA-1.jpeg 1599w\" sizes=\"auto, (max-width: 1024px) 100vw, 1024px\" \/><\/figure>\n\n\n\n<p>En el evento tambi\u00e9n el grupo de Teatro STIGMA, del Crea La Campi\u00f1a, de la mano del artista formador William N\u00fa\u00f1ez, con la obra Mariana Pineda, de Federico Garc\u00eda Lorca.<\/p>\n\n\n\n<p>Grandes obras para grandes p\u00fablicos.<\/p>\n","protected":false},"excerpt":{"rendered":"<p>Luego de reposar las emociones del texto y de favorecer la poes\u00eda escrita. Algunos participantes del laboratorio de escritura creativa &#8220;Sumerce\u00edstas&#8221; participaron de una entrevista en la programaci\u00f3n del d\u00eda jueves en la Radiaton realizada en el colegio Alberto G\u00f3mez Hurtado. En dicho espacio se logr\u00f3 disponer el di\u00e1logo para hablar sobre la literatura, su [&hellip;]<\/p>\n","protected":false},"author":83,"featured_media":779,"comment_status":"open","ping_status":"open","sticky":false,"template":"","format":"standard","meta":{"footnotes":""},"categories":[1],"tags":[],"class_list":["post-777","post","type-post","status-publish","format-standard","has-post-thumbnail","hentry","category-sin-categoria"],"yoast_head":"<!-- This site is optimized with the Yoast SEO plugin v24.5 - https:\/\/yoast.com\/wordpress\/plugins\/seo\/ -->\n<title>Sumerce\u00edstas en la Radiat\u00f3n - Crea Fontanar<\/title>\n<meta name=\"robots\" content=\"index, follow, max-snippet:-1, max-image-preview:large, max-video-preview:-1\" \/>\n<link rel=\"canonical\" href=\"https:\/\/www.crea.gov.co\/crea-fontanar\/sumerceistas-en-la-radiaton\/\" \/>\n<meta property=\"og:locale\" content=\"es_ES\" \/>\n<meta property=\"og:type\" content=\"article\" \/>\n<meta property=\"og:title\" content=\"Sumerce\u00edstas en la Radiat\u00f3n - Crea Fontanar\" \/>\n<meta property=\"og:description\" content=\"Luego de reposar las emociones del texto y de favorecer la poes\u00eda escrita. Algunos participantes del laboratorio de escritura creativa &#8220;Sumerce\u00edstas&#8221; participaron de una entrevista en la programaci\u00f3n del d\u00eda jueves en la Radiaton realizada en el colegio Alberto G\u00f3mez Hurtado. En dicho espacio se logr\u00f3 disponer el di\u00e1logo para hablar sobre la literatura, su [&hellip;]\" \/>\n<meta property=\"og:url\" content=\"https:\/\/www.crea.gov.co\/crea-fontanar\/sumerceistas-en-la-radiaton\/\" \/>\n<meta property=\"og:site_name\" content=\"Crea Fontanar\" \/>\n<meta property=\"article:published_time\" content=\"2025-09-09T20:55:10+00:00\" \/>\n<meta property=\"og:image\" content=\"https:\/\/www.crea.gov.co\/crea-fontanar\/wp-content\/uploads\/sites\/24\/2025\/09\/SUMERCEISTAS.jpeg\" \/>\n\t<meta property=\"og:image:width\" content=\"960\" \/>\n\t<meta property=\"og:image:height\" content=\"1280\" \/>\n\t<meta property=\"og:image:type\" content=\"image\/jpeg\" \/>\n<meta name=\"author\" content=\"creafontanar\" \/>\n<meta name=\"twitter:card\" content=\"summary_large_image\" \/>\n<meta name=\"twitter:label1\" content=\"Escrito por\" \/>\n\t<meta name=\"twitter:data1\" content=\"creafontanar\" \/>\n\t<meta name=\"twitter:label2\" content=\"Tiempo de lectura\" \/>\n\t<meta name=\"twitter:data2\" content=\"2 minutos\" \/>\n<script type=\"application\/ld+json\" class=\"yoast-schema-graph\">{\"@context\":\"https:\/\/schema.org\",\"@graph\":[{\"@type\":\"WebPage\",\"@id\":\"https:\/\/www.crea.gov.co\/crea-fontanar\/sumerceistas-en-la-radiaton\/\",\"url\":\"https:\/\/www.crea.gov.co\/crea-fontanar\/sumerceistas-en-la-radiaton\/\",\"name\":\"Sumerce\u00edstas en la Radiat\u00f3n - Crea Fontanar\",\"isPartOf\":{\"@id\":\"https:\/\/www.crea.gov.co\/crea-fontanar\/#website\"},\"primaryImageOfPage\":{\"@id\":\"https:\/\/www.crea.gov.co\/crea-fontanar\/sumerceistas-en-la-radiaton\/#primaryimage\"},\"image\":{\"@id\":\"https:\/\/www.crea.gov.co\/crea-fontanar\/sumerceistas-en-la-radiaton\/#primaryimage\"},\"thumbnailUrl\":\"https:\/\/www.crea.gov.co\/crea-fontanar\/wp-content\/uploads\/sites\/24\/2025\/09\/SUMERCEISTAS.jpeg\",\"datePublished\":\"2025-09-09T20:55:10+00:00\",\"author\":{\"@id\":\"https:\/\/www.crea.gov.co\/crea-fontanar\/#\/schema\/person\/5b33c06860d35baa10bfb1387448ab8f\"},\"breadcrumb\":{\"@id\":\"https:\/\/www.crea.gov.co\/crea-fontanar\/sumerceistas-en-la-radiaton\/#breadcrumb\"},\"inLanguage\":\"es-CO\",\"potentialAction\":[{\"@type\":\"ReadAction\",\"target\":[\"https:\/\/www.crea.gov.co\/crea-fontanar\/sumerceistas-en-la-radiaton\/\"]}]},{\"@type\":\"ImageObject\",\"inLanguage\":\"es-CO\",\"@id\":\"https:\/\/www.crea.gov.co\/crea-fontanar\/sumerceistas-en-la-radiaton\/#primaryimage\",\"url\":\"https:\/\/www.crea.gov.co\/crea-fontanar\/wp-content\/uploads\/sites\/24\/2025\/09\/SUMERCEISTAS.jpeg\",\"contentUrl\":\"https:\/\/www.crea.gov.co\/crea-fontanar\/wp-content\/uploads\/sites\/24\/2025\/09\/SUMERCEISTAS.jpeg\",\"width\":960,\"height\":1280},{\"@type\":\"BreadcrumbList\",\"@id\":\"https:\/\/www.crea.gov.co\/crea-fontanar\/sumerceistas-en-la-radiaton\/#breadcrumb\",\"itemListElement\":[{\"@type\":\"ListItem\",\"position\":1,\"name\":\"Inicio\",\"item\":\"https:\/\/www.crea.gov.co\/crea-fontanar\/\"},{\"@type\":\"ListItem\",\"position\":2,\"name\":\"Sumerce\u00edstas en la Radiat\u00f3n\"}]},{\"@type\":\"WebSite\",\"@id\":\"https:\/\/www.crea.gov.co\/crea-fontanar\/#website\",\"url\":\"https:\/\/www.crea.gov.co\/crea-fontanar\/\",\"name\":\"Crea Fontanar\",\"description\":\"Ubicado en el CEFE del mismo nombre, la cultura se cultiva con fuerza propia, desde y para la comunidad. Este centro hace parte del compromiso por acercar una oferta art\u00edstica s\u00f3lida y constante a distintos puntos de Bogot\u00e1, generando oportunidades para el desarrollo creativo y social de quienes habitan el territorio.\",\"potentialAction\":[{\"@type\":\"SearchAction\",\"target\":{\"@type\":\"EntryPoint\",\"urlTemplate\":\"https:\/\/www.crea.gov.co\/crea-fontanar\/?s={search_term_string}\"},\"query-input\":{\"@type\":\"PropertyValueSpecification\",\"valueRequired\":true,\"valueName\":\"search_term_string\"}}],\"inLanguage\":\"es-CO\"},{\"@type\":\"Person\",\"@id\":\"https:\/\/www.crea.gov.co\/crea-fontanar\/#\/schema\/person\/5b33c06860d35baa10bfb1387448ab8f\",\"name\":\"creafontanar\",\"image\":{\"@type\":\"ImageObject\",\"inLanguage\":\"es-CO\",\"@id\":\"https:\/\/www.crea.gov.co\/crea-fontanar\/#\/schema\/person\/image\/\",\"url\":\"https:\/\/secure.gravatar.com\/avatar\/92b08ea660abf8efd6557d9154572877?s=96&d=mm&r=g\",\"contentUrl\":\"https:\/\/secure.gravatar.com\/avatar\/92b08ea660abf8efd6557d9154572877?s=96&d=mm&r=g\",\"caption\":\"creafontanar\"},\"url\":\"https:\/\/www.crea.gov.co\/crea-fontanar\/author\/creafontanar\/\"}]}<\/script>\n<!-- \/ Yoast SEO plugin. -->","yoast_head_json":{"title":"Sumerce\u00edstas en la Radiat\u00f3n - Crea Fontanar","robots":{"index":"index","follow":"follow","max-snippet":"max-snippet:-1","max-image-preview":"max-image-preview:large","max-video-preview":"max-video-preview:-1"},"canonical":"https:\/\/www.crea.gov.co\/crea-fontanar\/sumerceistas-en-la-radiaton\/","og_locale":"es_ES","og_type":"article","og_title":"Sumerce\u00edstas en la Radiat\u00f3n - Crea Fontanar","og_description":"Luego de reposar las emociones del texto y de favorecer la poes\u00eda escrita. Algunos participantes del laboratorio de escritura creativa &#8220;Sumerce\u00edstas&#8221; participaron de una entrevista en la programaci\u00f3n del d\u00eda jueves en la Radiaton realizada en el colegio Alberto G\u00f3mez Hurtado. En dicho espacio se logr\u00f3 disponer el di\u00e1logo para hablar sobre la literatura, su [&hellip;]","og_url":"https:\/\/www.crea.gov.co\/crea-fontanar\/sumerceistas-en-la-radiaton\/","og_site_name":"Crea Fontanar","article_published_time":"2025-09-09T20:55:10+00:00","og_image":[{"width":960,"height":1280,"url":"https:\/\/www.crea.gov.co\/crea-fontanar\/wp-content\/uploads\/sites\/24\/2025\/09\/SUMERCEISTAS.jpeg","type":"image\/jpeg"}],"author":"creafontanar","twitter_card":"summary_large_image","twitter_misc":{"Escrito por":"creafontanar","Tiempo de lectura":"2 minutos"},"schema":{"@context":"https:\/\/schema.org","@graph":[{"@type":"WebPage","@id":"https:\/\/www.crea.gov.co\/crea-fontanar\/sumerceistas-en-la-radiaton\/","url":"https:\/\/www.crea.gov.co\/crea-fontanar\/sumerceistas-en-la-radiaton\/","name":"Sumerce\u00edstas en la Radiat\u00f3n - Crea Fontanar","isPartOf":{"@id":"https:\/\/www.crea.gov.co\/crea-fontanar\/#website"},"primaryImageOfPage":{"@id":"https:\/\/www.crea.gov.co\/crea-fontanar\/sumerceistas-en-la-radiaton\/#primaryimage"},"image":{"@id":"https:\/\/www.crea.gov.co\/crea-fontanar\/sumerceistas-en-la-radiaton\/#primaryimage"},"thumbnailUrl":"https:\/\/www.crea.gov.co\/crea-fontanar\/wp-content\/uploads\/sites\/24\/2025\/09\/SUMERCEISTAS.jpeg","datePublished":"2025-09-09T20:55:10+00:00","author":{"@id":"https:\/\/www.crea.gov.co\/crea-fontanar\/#\/schema\/person\/5b33c06860d35baa10bfb1387448ab8f"},"breadcrumb":{"@id":"https:\/\/www.crea.gov.co\/crea-fontanar\/sumerceistas-en-la-radiaton\/#breadcrumb"},"inLanguage":"es-CO","potentialAction":[{"@type":"ReadAction","target":["https:\/\/www.crea.gov.co\/crea-fontanar\/sumerceistas-en-la-radiaton\/"]}]},{"@type":"ImageObject","inLanguage":"es-CO","@id":"https:\/\/www.crea.gov.co\/crea-fontanar\/sumerceistas-en-la-radiaton\/#primaryimage","url":"https:\/\/www.crea.gov.co\/crea-fontanar\/wp-content\/uploads\/sites\/24\/2025\/09\/SUMERCEISTAS.jpeg","contentUrl":"https:\/\/www.crea.gov.co\/crea-fontanar\/wp-content\/uploads\/sites\/24\/2025\/09\/SUMERCEISTAS.jpeg","width":960,"height":1280},{"@type":"BreadcrumbList","@id":"https:\/\/www.crea.gov.co\/crea-fontanar\/sumerceistas-en-la-radiaton\/#breadcrumb","itemListElement":[{"@type":"ListItem","position":1,"name":"Inicio","item":"https:\/\/www.crea.gov.co\/crea-fontanar\/"},{"@type":"ListItem","position":2,"name":"Sumerce\u00edstas en la Radiat\u00f3n"}]},{"@type":"WebSite","@id":"https:\/\/www.crea.gov.co\/crea-fontanar\/#website","url":"https:\/\/www.crea.gov.co\/crea-fontanar\/","name":"Crea Fontanar","description":"Ubicado en el CEFE del mismo nombre, la cultura se cultiva con fuerza propia, desde y para la comunidad. Este centro hace parte del compromiso por acercar una oferta art\u00edstica s\u00f3lida y constante a distintos puntos de Bogot\u00e1, generando oportunidades para el desarrollo creativo y social de quienes habitan el territorio.","potentialAction":[{"@type":"SearchAction","target":{"@type":"EntryPoint","urlTemplate":"https:\/\/www.crea.gov.co\/crea-fontanar\/?s={search_term_string}"},"query-input":{"@type":"PropertyValueSpecification","valueRequired":true,"valueName":"search_term_string"}}],"inLanguage":"es-CO"},{"@type":"Person","@id":"https:\/\/www.crea.gov.co\/crea-fontanar\/#\/schema\/person\/5b33c06860d35baa10bfb1387448ab8f","name":"creafontanar","image":{"@type":"ImageObject","inLanguage":"es-CO","@id":"https:\/\/www.crea.gov.co\/crea-fontanar\/#\/schema\/person\/image\/","url":"https:\/\/secure.gravatar.com\/avatar\/92b08ea660abf8efd6557d9154572877?s=96&d=mm&r=g","contentUrl":"https:\/\/secure.gravatar.com\/avatar\/92b08ea660abf8efd6557d9154572877?s=96&d=mm&r=g","caption":"creafontanar"},"url":"https:\/\/www.crea.gov.co\/crea-fontanar\/author\/creafontanar\/"}]}},"_links":{"self":[{"href":"https:\/\/www.crea.gov.co\/crea-fontanar\/wp-json\/wp\/v2\/posts\/777","targetHints":{"allow":["GET"]}}],"collection":[{"href":"https:\/\/www.crea.gov.co\/crea-fontanar\/wp-json\/wp\/v2\/posts"}],"about":[{"href":"https:\/\/www.crea.gov.co\/crea-fontanar\/wp-json\/wp\/v2\/types\/post"}],"author":[{"embeddable":true,"href":"https:\/\/www.crea.gov.co\/crea-fontanar\/wp-json\/wp\/v2\/users\/83"}],"replies":[{"embeddable":true,"href":"https:\/\/www.crea.gov.co\/crea-fontanar\/wp-json\/wp\/v2\/comments?post=777"}],"version-history":[{"count":1,"href":"https:\/\/www.crea.gov.co\/crea-fontanar\/wp-json\/wp\/v2\/posts\/777\/revisions"}],"predecessor-version":[{"id":781,"href":"https:\/\/www.crea.gov.co\/crea-fontanar\/wp-json\/wp\/v2\/posts\/777\/revisions\/781"}],"wp:featuredmedia":[{"embeddable":true,"href":"https:\/\/www.crea.gov.co\/crea-fontanar\/wp-json\/wp\/v2\/media\/779"}],"wp:attachment":[{"href":"https:\/\/www.crea.gov.co\/crea-fontanar\/wp-json\/wp\/v2\/media?parent=777"}],"wp:term":[{"taxonomy":"category","embeddable":true,"href":"https:\/\/www.crea.gov.co\/crea-fontanar\/wp-json\/wp\/v2\/categories?post=777"},{"taxonomy":"post_tag","embeddable":true,"href":"https:\/\/www.crea.gov.co\/crea-fontanar\/wp-json\/wp\/v2\/tags?post=777"}],"curies":[{"name":"wp","href":"https:\/\/api.w.org\/{rel}","templated":true}]}}