{"id":773,"date":"2025-09-05T16:47:26","date_gmt":"2025-09-05T21:47:26","guid":{"rendered":"https:\/\/www.crea.gov.co\/crea-fontanar\/?p=773"},"modified":"2025-09-05T16:47:27","modified_gmt":"2025-09-05T21:47:27","slug":"nuevas-convocatorias-para-mas-cultura-local","status":"publish","type":"post","link":"https:\/\/www.crea.gov.co\/crea-fontanar\/nuevas-convocatorias-para-mas-cultura-local\/","title":{"rendered":"Nuevas convocatorias para M\u00e1s Cultura Local"},"content":{"rendered":"\n<figure class=\"wp-block-image size-large\"><img loading=\"lazy\" decoding=\"async\" width=\"1024\" height=\"768\" src=\"https:\/\/www.crea.gov.co\/crea-fontanar\/wp-content\/uploads\/sites\/24\/2025\/09\/Festival-de-Teatro-lambeLambe-09-1024x768.jpg\" alt=\"\" class=\"wp-image-774\" srcset=\"https:\/\/www.crea.gov.co\/crea-fontanar\/wp-content\/uploads\/sites\/24\/2025\/09\/Festival-de-Teatro-lambeLambe-09-1024x768.jpg 1024w, https:\/\/www.crea.gov.co\/crea-fontanar\/wp-content\/uploads\/sites\/24\/2025\/09\/Festival-de-Teatro-lambeLambe-09-300x225.jpg 300w, https:\/\/www.crea.gov.co\/crea-fontanar\/wp-content\/uploads\/sites\/24\/2025\/09\/Festival-de-Teatro-lambeLambe-09-768x576.jpg 768w, https:\/\/www.crea.gov.co\/crea-fontanar\/wp-content\/uploads\/sites\/24\/2025\/09\/Festival-de-Teatro-lambeLambe-09-1536x1152.jpg 1536w, https:\/\/www.crea.gov.co\/crea-fontanar\/wp-content\/uploads\/sites\/24\/2025\/09\/Festival-de-Teatro-lambeLambe-09-2048x1536.jpg 2048w\" sizes=\"auto, (max-width: 1024px) 100vw, 1024px\" \/><\/figure>\n\n\n\n<p>Con una inversi\u00f3n de m\u00e1s de 15 mil millones de pesos, el segundo semestre de<br>2025 llega cargado de buenas noticias, para los agentes art\u00edsticos y culturales de<br>Bogot\u00e1.<\/p>\n\n\n\n<p>El Instituto Distrital de las Artes \u2013 Idartes en<br>alianza con los Fondos de Desarrollo Local, contin\u00faa avanzando en el prop\u00f3sito de<br>promover la transformaci\u00f3n social, econ\u00f3mica y comunitaria de las localidades de Bogot\u00e1,<br>a trav\u00e9s del arte y la cultura, mediante el programa M\u00e1s Cultura Local.<br>Desde el 4 de septiembre la plataforma sicon.scrd.gov.co se encuentra habilitada, para<br>que los ciudadanos interesados ingresen y se inscriban a una de las 35 convocatorias<br>ofertadas.<br>Con una inversi\u00f3n de m\u00e1s de&nbsp;15 mil millones de pesos, se otorgar\u00e1n 570 est\u00edmulos<br>econ\u00f3micos en Usaqu\u00e9n, Chapinero, San Crist\u00f3bal, Usme, Tunjuelito, Bosa, Kennedy,<br>Fontib\u00f3n, Engativ\u00e1, Suba, Barrios Unidos, Teusaquillo, Antonio Nari\u00f1o, Puente Aranda,<br>Rafael Uribe Uribe y Ciudad Bol\u00edvar; localidades en las que tiene presencia Idartes, con<br>M\u00e1s Cultura Local.<br>Adicionalmente, quienes est\u00e9n interesados en postularse como jurados expertos, para<br>evaluar las propuestas y elegir las mejores, podr\u00e1n acceder a uno de los 105<br>reconocimientos que se han destinado para tal fin.<br>La invitaci\u00f3n est\u00e1 abierta a todas las personas que desean contribuir a la transformaci\u00f3n<br>de Bogot\u00e1, a trav\u00e9s del fortalecimiento y desarrollo de sus proyectos art\u00edsticos y<br>culturales.<\/p>\n\n\n\n<p>Para acceder a las convocatorias hay dos rutas disponibles:<br>\u25cf Ingresando a sicon.scrd.gov.co. En el men\u00fa seleccione la opci\u00f3n \u2018Consulta las<br>convocatorias de est\u00edmulos 2025\u2019 posteriormente, en \u2018Tipo de programa\u2019; elija M\u00e1s<br>Cultura Local. Tenga en cuenta que las nuevas convocatorias aparecen con la<br>etiqueta \u2018Convocatoria publicada\u2019.<br><a href=\"https:\/\/www.idartes.gov.co\/es\/mas-cultura-local\/convocatorias-segundo-semestre\">\u25cf Ingresando a este enlace Convocatorias 2025 | M\u00e1s Cultura Local<\/a><\/p>\n\n\n\n<figure class=\"wp-block-image size-large\"><img loading=\"lazy\" decoding=\"async\" width=\"1024\" height=\"683\" src=\"https:\/\/www.crea.gov.co\/crea-fontanar\/wp-content\/uploads\/sites\/24\/2025\/09\/Humo-Corporacion-08-1024x683.jpg\" alt=\"\" class=\"wp-image-775\" srcset=\"https:\/\/www.crea.gov.co\/crea-fontanar\/wp-content\/uploads\/sites\/24\/2025\/09\/Humo-Corporacion-08-1024x683.jpg 1024w, https:\/\/www.crea.gov.co\/crea-fontanar\/wp-content\/uploads\/sites\/24\/2025\/09\/Humo-Corporacion-08-300x200.jpg 300w, https:\/\/www.crea.gov.co\/crea-fontanar\/wp-content\/uploads\/sites\/24\/2025\/09\/Humo-Corporacion-08-768x512.jpg 768w, https:\/\/www.crea.gov.co\/crea-fontanar\/wp-content\/uploads\/sites\/24\/2025\/09\/Humo-Corporacion-08-1536x1024.jpg 1536w, https:\/\/www.crea.gov.co\/crea-fontanar\/wp-content\/uploads\/sites\/24\/2025\/09\/Humo-Corporacion-08-2048x1365.jpg 2048w\" sizes=\"auto, (max-width: 1024px) 100vw, 1024px\" \/><\/figure>\n\n\n\n<p>Acerca del programa<br>Este programa distrital, que inici\u00f3 desde el a\u00f1o 2020, ha promovido la transformaci\u00f3n<br>social y cultural de los territorios a trav\u00e9s del impulso de pr\u00e1cticas, iniciativas y proyectos<br>culturales.<br>En esta nueva versi\u00f3n 2025, liderada por la Secretar\u00eda de Cultura, Recreaci\u00f3n y Deporte,<br>el Instituto Distrital de las Artes -Idartes-, la Fundaci\u00f3n Gilberto Alzate Avenda\u00f1o \u2013FUGA-,<br>y la Secretar\u00eda de Gobierno y sus 20 Fondos de Desarrollo Local, se invertir\u00e1n m\u00e1s de 30<br>mil millones de pesos, a trav\u00e9s de sus 3 componentes, para seguir fortaleciendo los<br>procesos culturales de cada una de las localidades de Bogot\u00e1.<br>Entre los componentes mencionados se encuentran los siguientes: Componente A:<br>Iniciativas priorizadas a trav\u00e9s de presupuestos participativos, acuerdos locales o<br>concertaciones con grupos de inter\u00e9s; Componente B: Convocatorias p\u00fablicas que<br>otorgan est\u00edmulos a los diferentes agentes art\u00edsticos y culturales; y componente C, dirigido<br>a fortalecer y promover las conexiones culturales de los agentes, nuevo en esta versi\u00f3n.<\/p>\n\n\n\n<p>La&nbsp;Secretar\u00eda de Cultura, Recreaci\u00f3n y Deporte &#8211; SCRD, tiene a su cargo el<br>componente A del programa, el componente B para la localidad de Sumapaz y el<br>componente C; el&nbsp;Instituto Distrital de las Artes &#8211; Idartes tiene a su cargo el<br>componente B para las localidades de Usaqu\u00e9n, Chapinero, San Crist\u00f3bal, Usme,<br>Tunjuelito, Bosa, Kennedy, Fontib\u00f3n, Engativ\u00e1, Suba, Barrios Unidos, Teusaquillo,<br>Antonio Nari\u00f1o, Puente Aranda, Rafael Uribe Uribe y Ciudad Bol\u00edvar y&nbsp;la Fundaci\u00f3n<br>Gilberto Alzate Avenda\u00f1o &#8211; FUGA, tiene a su cargo las localidades de Los M\u00e1rtires,<br>Santa Fe y La Candelaria, en el Componente B. Cabe resaltar que las 3 entidades<br>trabajan en alianza con la Secretar\u00eda Distrital de Gobierno&nbsp;y los 20 Fondos de<br>Desarrollo Local.<\/p>\n\n\n\n<p>Para conocer m\u00e1s informaci\u00f3n sobre el programa acceda <a href=\"https:\/\/culturarecreacionydeporte.gov.co\/es\/principal\/noticias\/nueva-version-de-mas-cultura-local-impulso-sostenibilidad\">https:\/\/culturarecreacionydeporte.gov.co\/es\/principal\/noticias\/nueva-version-de-mas-cultura-local-impulso-sostenibilidad<\/a><\/p>\n\n\n\n<p><\/p>\n","protected":false},"excerpt":{"rendered":"<p>Con una inversi\u00f3n de m\u00e1s de 15 mil millones de pesos, el segundo semestre de2025 llega cargado de buenas noticias, para los agentes art\u00edsticos y culturales deBogot\u00e1. El Instituto Distrital de las Artes \u2013 Idartes enalianza con los Fondos de Desarrollo Local, contin\u00faa avanzando en el prop\u00f3sito depromover la transformaci\u00f3n social, econ\u00f3mica y comunitaria de [&hellip;]<\/p>\n","protected":false},"author":83,"featured_media":774,"comment_status":"open","ping_status":"open","sticky":false,"template":"","format":"standard","meta":{"footnotes":""},"categories":[1],"tags":[],"class_list":["post-773","post","type-post","status-publish","format-standard","has-post-thumbnail","hentry","category-sin-categoria"],"yoast_head":"<!-- This site is optimized with the Yoast SEO plugin v24.5 - https:\/\/yoast.com\/wordpress\/plugins\/seo\/ -->\n<title>Nuevas convocatorias para M\u00e1s Cultura Local - Crea Fontanar<\/title>\n<meta name=\"robots\" content=\"index, follow, max-snippet:-1, max-image-preview:large, max-video-preview:-1\" \/>\n<link rel=\"canonical\" href=\"https:\/\/www.crea.gov.co\/crea-fontanar\/nuevas-convocatorias-para-mas-cultura-local\/\" \/>\n<meta property=\"og:locale\" content=\"es_ES\" \/>\n<meta property=\"og:type\" content=\"article\" \/>\n<meta property=\"og:title\" content=\"Nuevas convocatorias para M\u00e1s Cultura Local - Crea Fontanar\" \/>\n<meta property=\"og:description\" content=\"Con una inversi\u00f3n de m\u00e1s de 15 mil millones de pesos, el segundo semestre de2025 llega cargado de buenas noticias, para los agentes art\u00edsticos y culturales deBogot\u00e1. El Instituto Distrital de las Artes \u2013 Idartes enalianza con los Fondos de Desarrollo Local, contin\u00faa avanzando en el prop\u00f3sito depromover la transformaci\u00f3n social, econ\u00f3mica y comunitaria de [&hellip;]\" \/>\n<meta property=\"og:url\" content=\"https:\/\/www.crea.gov.co\/crea-fontanar\/nuevas-convocatorias-para-mas-cultura-local\/\" \/>\n<meta property=\"og:site_name\" content=\"Crea Fontanar\" \/>\n<meta property=\"article:published_time\" content=\"2025-09-05T21:47:26+00:00\" \/>\n<meta property=\"article:modified_time\" content=\"2025-09-05T21:47:27+00:00\" \/>\n<meta property=\"og:image\" content=\"https:\/\/www.crea.gov.co\/crea-fontanar\/wp-content\/uploads\/sites\/24\/2025\/09\/Festival-de-Teatro-lambeLambe-09.jpg\" \/>\n\t<meta property=\"og:image:width\" content=\"2400\" \/>\n\t<meta property=\"og:image:height\" content=\"1800\" \/>\n\t<meta property=\"og:image:type\" content=\"image\/jpeg\" \/>\n<meta name=\"author\" content=\"creafontanar\" \/>\n<meta name=\"twitter:card\" content=\"summary_large_image\" \/>\n<meta name=\"twitter:label1\" content=\"Escrito por\" \/>\n\t<meta name=\"twitter:data1\" content=\"creafontanar\" \/>\n\t<meta name=\"twitter:label2\" content=\"Tiempo de lectura\" \/>\n\t<meta name=\"twitter:data2\" content=\"4 minutos\" \/>\n<script type=\"application\/ld+json\" class=\"yoast-schema-graph\">{\"@context\":\"https:\/\/schema.org\",\"@graph\":[{\"@type\":\"WebPage\",\"@id\":\"https:\/\/www.crea.gov.co\/crea-fontanar\/nuevas-convocatorias-para-mas-cultura-local\/\",\"url\":\"https:\/\/www.crea.gov.co\/crea-fontanar\/nuevas-convocatorias-para-mas-cultura-local\/\",\"name\":\"Nuevas convocatorias para M\u00e1s Cultura Local - Crea Fontanar\",\"isPartOf\":{\"@id\":\"https:\/\/www.crea.gov.co\/crea-fontanar\/#website\"},\"primaryImageOfPage\":{\"@id\":\"https:\/\/www.crea.gov.co\/crea-fontanar\/nuevas-convocatorias-para-mas-cultura-local\/#primaryimage\"},\"image\":{\"@id\":\"https:\/\/www.crea.gov.co\/crea-fontanar\/nuevas-convocatorias-para-mas-cultura-local\/#primaryimage\"},\"thumbnailUrl\":\"https:\/\/www.crea.gov.co\/crea-fontanar\/wp-content\/uploads\/sites\/24\/2025\/09\/Festival-de-Teatro-lambeLambe-09.jpg\",\"datePublished\":\"2025-09-05T21:47:26+00:00\",\"dateModified\":\"2025-09-05T21:47:27+00:00\",\"author\":{\"@id\":\"https:\/\/www.crea.gov.co\/crea-fontanar\/#\/schema\/person\/5b33c06860d35baa10bfb1387448ab8f\"},\"breadcrumb\":{\"@id\":\"https:\/\/www.crea.gov.co\/crea-fontanar\/nuevas-convocatorias-para-mas-cultura-local\/#breadcrumb\"},\"inLanguage\":\"es-CO\",\"potentialAction\":[{\"@type\":\"ReadAction\",\"target\":[\"https:\/\/www.crea.gov.co\/crea-fontanar\/nuevas-convocatorias-para-mas-cultura-local\/\"]}]},{\"@type\":\"ImageObject\",\"inLanguage\":\"es-CO\",\"@id\":\"https:\/\/www.crea.gov.co\/crea-fontanar\/nuevas-convocatorias-para-mas-cultura-local\/#primaryimage\",\"url\":\"https:\/\/www.crea.gov.co\/crea-fontanar\/wp-content\/uploads\/sites\/24\/2025\/09\/Festival-de-Teatro-lambeLambe-09.jpg\",\"contentUrl\":\"https:\/\/www.crea.gov.co\/crea-fontanar\/wp-content\/uploads\/sites\/24\/2025\/09\/Festival-de-Teatro-lambeLambe-09.jpg\",\"width\":2400,\"height\":1800},{\"@type\":\"BreadcrumbList\",\"@id\":\"https:\/\/www.crea.gov.co\/crea-fontanar\/nuevas-convocatorias-para-mas-cultura-local\/#breadcrumb\",\"itemListElement\":[{\"@type\":\"ListItem\",\"position\":1,\"name\":\"Inicio\",\"item\":\"https:\/\/www.crea.gov.co\/crea-fontanar\/\"},{\"@type\":\"ListItem\",\"position\":2,\"name\":\"Nuevas convocatorias para M\u00e1s Cultura Local\"}]},{\"@type\":\"WebSite\",\"@id\":\"https:\/\/www.crea.gov.co\/crea-fontanar\/#website\",\"url\":\"https:\/\/www.crea.gov.co\/crea-fontanar\/\",\"name\":\"Crea Fontanar\",\"description\":\"Ubicado en el CEFE del mismo nombre, la cultura se cultiva con fuerza propia, desde y para la comunidad. Este centro hace parte del compromiso por acercar una oferta art\u00edstica s\u00f3lida y constante a distintos puntos de Bogot\u00e1, generando oportunidades para el desarrollo creativo y social de quienes habitan el territorio.\",\"potentialAction\":[{\"@type\":\"SearchAction\",\"target\":{\"@type\":\"EntryPoint\",\"urlTemplate\":\"https:\/\/www.crea.gov.co\/crea-fontanar\/?s={search_term_string}\"},\"query-input\":{\"@type\":\"PropertyValueSpecification\",\"valueRequired\":true,\"valueName\":\"search_term_string\"}}],\"inLanguage\":\"es-CO\"},{\"@type\":\"Person\",\"@id\":\"https:\/\/www.crea.gov.co\/crea-fontanar\/#\/schema\/person\/5b33c06860d35baa10bfb1387448ab8f\",\"name\":\"creafontanar\",\"image\":{\"@type\":\"ImageObject\",\"inLanguage\":\"es-CO\",\"@id\":\"https:\/\/www.crea.gov.co\/crea-fontanar\/#\/schema\/person\/image\/\",\"url\":\"https:\/\/secure.gravatar.com\/avatar\/92b08ea660abf8efd6557d9154572877?s=96&d=mm&r=g\",\"contentUrl\":\"https:\/\/secure.gravatar.com\/avatar\/92b08ea660abf8efd6557d9154572877?s=96&d=mm&r=g\",\"caption\":\"creafontanar\"},\"url\":\"https:\/\/www.crea.gov.co\/crea-fontanar\/author\/creafontanar\/\"}]}<\/script>\n<!-- \/ Yoast SEO plugin. -->","yoast_head_json":{"title":"Nuevas convocatorias para M\u00e1s Cultura Local - Crea Fontanar","robots":{"index":"index","follow":"follow","max-snippet":"max-snippet:-1","max-image-preview":"max-image-preview:large","max-video-preview":"max-video-preview:-1"},"canonical":"https:\/\/www.crea.gov.co\/crea-fontanar\/nuevas-convocatorias-para-mas-cultura-local\/","og_locale":"es_ES","og_type":"article","og_title":"Nuevas convocatorias para M\u00e1s Cultura Local - Crea Fontanar","og_description":"Con una inversi\u00f3n de m\u00e1s de 15 mil millones de pesos, el segundo semestre de2025 llega cargado de buenas noticias, para los agentes art\u00edsticos y culturales deBogot\u00e1. El Instituto Distrital de las Artes \u2013 Idartes enalianza con los Fondos de Desarrollo Local, contin\u00faa avanzando en el prop\u00f3sito depromover la transformaci\u00f3n social, econ\u00f3mica y comunitaria de [&hellip;]","og_url":"https:\/\/www.crea.gov.co\/crea-fontanar\/nuevas-convocatorias-para-mas-cultura-local\/","og_site_name":"Crea Fontanar","article_published_time":"2025-09-05T21:47:26+00:00","article_modified_time":"2025-09-05T21:47:27+00:00","og_image":[{"width":2400,"height":1800,"url":"https:\/\/www.crea.gov.co\/crea-fontanar\/wp-content\/uploads\/sites\/24\/2025\/09\/Festival-de-Teatro-lambeLambe-09.jpg","type":"image\/jpeg"}],"author":"creafontanar","twitter_card":"summary_large_image","twitter_misc":{"Escrito por":"creafontanar","Tiempo de lectura":"4 minutos"},"schema":{"@context":"https:\/\/schema.org","@graph":[{"@type":"WebPage","@id":"https:\/\/www.crea.gov.co\/crea-fontanar\/nuevas-convocatorias-para-mas-cultura-local\/","url":"https:\/\/www.crea.gov.co\/crea-fontanar\/nuevas-convocatorias-para-mas-cultura-local\/","name":"Nuevas convocatorias para M\u00e1s Cultura Local - Crea Fontanar","isPartOf":{"@id":"https:\/\/www.crea.gov.co\/crea-fontanar\/#website"},"primaryImageOfPage":{"@id":"https:\/\/www.crea.gov.co\/crea-fontanar\/nuevas-convocatorias-para-mas-cultura-local\/#primaryimage"},"image":{"@id":"https:\/\/www.crea.gov.co\/crea-fontanar\/nuevas-convocatorias-para-mas-cultura-local\/#primaryimage"},"thumbnailUrl":"https:\/\/www.crea.gov.co\/crea-fontanar\/wp-content\/uploads\/sites\/24\/2025\/09\/Festival-de-Teatro-lambeLambe-09.jpg","datePublished":"2025-09-05T21:47:26+00:00","dateModified":"2025-09-05T21:47:27+00:00","author":{"@id":"https:\/\/www.crea.gov.co\/crea-fontanar\/#\/schema\/person\/5b33c06860d35baa10bfb1387448ab8f"},"breadcrumb":{"@id":"https:\/\/www.crea.gov.co\/crea-fontanar\/nuevas-convocatorias-para-mas-cultura-local\/#breadcrumb"},"inLanguage":"es-CO","potentialAction":[{"@type":"ReadAction","target":["https:\/\/www.crea.gov.co\/crea-fontanar\/nuevas-convocatorias-para-mas-cultura-local\/"]}]},{"@type":"ImageObject","inLanguage":"es-CO","@id":"https:\/\/www.crea.gov.co\/crea-fontanar\/nuevas-convocatorias-para-mas-cultura-local\/#primaryimage","url":"https:\/\/www.crea.gov.co\/crea-fontanar\/wp-content\/uploads\/sites\/24\/2025\/09\/Festival-de-Teatro-lambeLambe-09.jpg","contentUrl":"https:\/\/www.crea.gov.co\/crea-fontanar\/wp-content\/uploads\/sites\/24\/2025\/09\/Festival-de-Teatro-lambeLambe-09.jpg","width":2400,"height":1800},{"@type":"BreadcrumbList","@id":"https:\/\/www.crea.gov.co\/crea-fontanar\/nuevas-convocatorias-para-mas-cultura-local\/#breadcrumb","itemListElement":[{"@type":"ListItem","position":1,"name":"Inicio","item":"https:\/\/www.crea.gov.co\/crea-fontanar\/"},{"@type":"ListItem","position":2,"name":"Nuevas convocatorias para M\u00e1s Cultura Local"}]},{"@type":"WebSite","@id":"https:\/\/www.crea.gov.co\/crea-fontanar\/#website","url":"https:\/\/www.crea.gov.co\/crea-fontanar\/","name":"Crea Fontanar","description":"Ubicado en el CEFE del mismo nombre, la cultura se cultiva con fuerza propia, desde y para la comunidad. Este centro hace parte del compromiso por acercar una oferta art\u00edstica s\u00f3lida y constante a distintos puntos de Bogot\u00e1, generando oportunidades para el desarrollo creativo y social de quienes habitan el territorio.","potentialAction":[{"@type":"SearchAction","target":{"@type":"EntryPoint","urlTemplate":"https:\/\/www.crea.gov.co\/crea-fontanar\/?s={search_term_string}"},"query-input":{"@type":"PropertyValueSpecification","valueRequired":true,"valueName":"search_term_string"}}],"inLanguage":"es-CO"},{"@type":"Person","@id":"https:\/\/www.crea.gov.co\/crea-fontanar\/#\/schema\/person\/5b33c06860d35baa10bfb1387448ab8f","name":"creafontanar","image":{"@type":"ImageObject","inLanguage":"es-CO","@id":"https:\/\/www.crea.gov.co\/crea-fontanar\/#\/schema\/person\/image\/","url":"https:\/\/secure.gravatar.com\/avatar\/92b08ea660abf8efd6557d9154572877?s=96&d=mm&r=g","contentUrl":"https:\/\/secure.gravatar.com\/avatar\/92b08ea660abf8efd6557d9154572877?s=96&d=mm&r=g","caption":"creafontanar"},"url":"https:\/\/www.crea.gov.co\/crea-fontanar\/author\/creafontanar\/"}]}},"_links":{"self":[{"href":"https:\/\/www.crea.gov.co\/crea-fontanar\/wp-json\/wp\/v2\/posts\/773","targetHints":{"allow":["GET"]}}],"collection":[{"href":"https:\/\/www.crea.gov.co\/crea-fontanar\/wp-json\/wp\/v2\/posts"}],"about":[{"href":"https:\/\/www.crea.gov.co\/crea-fontanar\/wp-json\/wp\/v2\/types\/post"}],"author":[{"embeddable":true,"href":"https:\/\/www.crea.gov.co\/crea-fontanar\/wp-json\/wp\/v2\/users\/83"}],"replies":[{"embeddable":true,"href":"https:\/\/www.crea.gov.co\/crea-fontanar\/wp-json\/wp\/v2\/comments?post=773"}],"version-history":[{"count":1,"href":"https:\/\/www.crea.gov.co\/crea-fontanar\/wp-json\/wp\/v2\/posts\/773\/revisions"}],"predecessor-version":[{"id":776,"href":"https:\/\/www.crea.gov.co\/crea-fontanar\/wp-json\/wp\/v2\/posts\/773\/revisions\/776"}],"wp:featuredmedia":[{"embeddable":true,"href":"https:\/\/www.crea.gov.co\/crea-fontanar\/wp-json\/wp\/v2\/media\/774"}],"wp:attachment":[{"href":"https:\/\/www.crea.gov.co\/crea-fontanar\/wp-json\/wp\/v2\/media?parent=773"}],"wp:term":[{"taxonomy":"category","embeddable":true,"href":"https:\/\/www.crea.gov.co\/crea-fontanar\/wp-json\/wp\/v2\/categories?post=773"},{"taxonomy":"post_tag","embeddable":true,"href":"https:\/\/www.crea.gov.co\/crea-fontanar\/wp-json\/wp\/v2\/tags?post=773"}],"curies":[{"name":"wp","href":"https:\/\/api.w.org\/{rel}","templated":true}]}}