{"id":739,"date":"2025-08-10T17:37:05","date_gmt":"2025-08-10T22:37:05","guid":{"rendered":"https:\/\/www.crea.gov.co\/crea-fontanar\/?p=739"},"modified":"2025-08-10T17:56:15","modified_gmt":"2025-08-10T22:56:15","slug":"crea-fontanar-se-mueve-con-la-magia-del-arte","status":"publish","type":"post","link":"https:\/\/www.crea.gov.co\/crea-fontanar\/crea-fontanar-se-mueve-con-la-magia-del-arte\/","title":{"rendered":"CREA FONTANAR SE MUEVE CON LA MAGIA DEL ARTE"},"content":{"rendered":"\n<figure class=\"wp-block-image size-large\"><img loading=\"lazy\" decoding=\"async\" width=\"819\" height=\"1024\" src=\"https:\/\/www.crea.gov.co\/crea-fontanar\/wp-content\/uploads\/sites\/24\/2025\/08\/Crea_movimiento_2025_3_futuro_1-819x1024.png\" alt=\"\" class=\"wp-image-740\" srcset=\"https:\/\/www.crea.gov.co\/crea-fontanar\/wp-content\/uploads\/sites\/24\/2025\/08\/Crea_movimiento_2025_3_futuro_1-819x1024.png 819w, https:\/\/www.crea.gov.co\/crea-fontanar\/wp-content\/uploads\/sites\/24\/2025\/08\/Crea_movimiento_2025_3_futuro_1-240x300.png 240w, https:\/\/www.crea.gov.co\/crea-fontanar\/wp-content\/uploads\/sites\/24\/2025\/08\/Crea_movimiento_2025_3_futuro_1-768x960.png 768w, https:\/\/www.crea.gov.co\/crea-fontanar\/wp-content\/uploads\/sites\/24\/2025\/08\/Crea_movimiento_2025_3_futuro_1.png 1081w\" sizes=\"auto, (max-width: 819px) 100vw, 819px\" \/><\/figure>\n\n\n\n<p>\u201cCon <strong>Crea en Movimiento<\/strong> reafirmamos que el arte no tiene por qu\u00e9 quedarse entre cuatro paredes. Salimos al parque, al barrio, a la calle, para crear con otros, para encontrarnos de nuevas maneras. El arte transforma, sobre todo, cuando se cruza con la vida cotidiana\u201d, afirma Mar\u00eda Claudia Parias, directora de Idartes.<\/p>\n\n\n\n<p>Ser\u00e1n cuatro jornadas que tendr\u00e1n lugar en diferentes puntos cardinales de la ciudad y conectar\u00e1 con las caracter\u00edsticas del territorio. El recorrido comenzar\u00e1 el s\u00e1bado 9 de agosto en el Parque Metropolitano Timiza, en el sur de Bogot\u00e1, con una jornada dedicada a la tradici\u00f3n y las ra\u00edces. Luego, el s\u00e1bado 16 de agosto, la cita ser\u00e1 en el Parque Marruecos, en el oriente, donde el eje ser\u00e1 la naturaleza y el bienestar. El s\u00e1bado 23 de agosto, en el norte, el Parque Andaluc\u00eda ser\u00e1 escenario de la jornada <em>Una br\u00fajula al futuro<\/em>, y el ciclo cerrar\u00e1 el domingo 31 de agosto en el occidente, con diversidad y comunidad como enfoque, en el Parque Villa Luz.<\/p>\n\n\n\n<p>Crea Fontanar llega al parque Andaluc\u00eda  con movimiento, uniendo esfuerzos para invitarles a disfrutar un gran espect\u00e1culo Art\u00edstico en el gran evento Crea en Movimiento.<\/p>\n\n\n\n<p>EST\u00c1N CORDIALMENTE INVITADOS  A DISFRUTAR UNA JORNADA DE ARTE Y CREATIVIDAD.<\/p>\n\n\n\n<p><strong>PARQUE ANDALUC\u00cdA<\/strong>.<\/p>\n\n\n\n<p>CALLE 189 N\u00b0 11-35<\/p>\n\n\n\n<p>DE 10: AM A 3: 00M<\/p>\n\n\n\n<p><\/p>\n\n\n\n<p><\/p>\n","protected":false},"excerpt":{"rendered":"<p>\u201cCon Crea en Movimiento reafirmamos que el arte no tiene por qu\u00e9 quedarse entre cuatro paredes. Salimos al parque, al barrio, a la calle, para crear con otros, para encontrarnos de nuevas maneras. El arte transforma, sobre todo, cuando se cruza con la vida cotidiana\u201d, afirma Mar\u00eda Claudia Parias, directora de Idartes. Ser\u00e1n cuatro jornadas [&hellip;]<\/p>\n","protected":false},"author":83,"featured_media":740,"comment_status":"open","ping_status":"open","sticky":false,"template":"","format":"standard","meta":{"footnotes":""},"categories":[1],"tags":[],"class_list":["post-739","post","type-post","status-publish","format-standard","has-post-thumbnail","hentry","category-sin-categoria"],"yoast_head":"<!-- This site is optimized with the Yoast SEO plugin v24.5 - https:\/\/yoast.com\/wordpress\/plugins\/seo\/ -->\n<title>CREA FONTANAR SE MUEVE CON LA MAGIA DEL ARTE - Crea Fontanar<\/title>\n<meta name=\"robots\" content=\"index, follow, max-snippet:-1, max-image-preview:large, max-video-preview:-1\" \/>\n<link rel=\"canonical\" href=\"https:\/\/www.crea.gov.co\/crea-fontanar\/crea-fontanar-se-mueve-con-la-magia-del-arte\/\" \/>\n<meta property=\"og:locale\" content=\"es_ES\" \/>\n<meta property=\"og:type\" content=\"article\" \/>\n<meta property=\"og:title\" content=\"CREA FONTANAR SE MUEVE CON LA MAGIA DEL ARTE - Crea Fontanar\" \/>\n<meta property=\"og:description\" content=\"\u201cCon Crea en Movimiento reafirmamos que el arte no tiene por qu\u00e9 quedarse entre cuatro paredes. Salimos al parque, al barrio, a la calle, para crear con otros, para encontrarnos de nuevas maneras. El arte transforma, sobre todo, cuando se cruza con la vida cotidiana\u201d, afirma Mar\u00eda Claudia Parias, directora de Idartes. Ser\u00e1n cuatro jornadas [&hellip;]\" \/>\n<meta property=\"og:url\" content=\"https:\/\/www.crea.gov.co\/crea-fontanar\/crea-fontanar-se-mueve-con-la-magia-del-arte\/\" \/>\n<meta property=\"og:site_name\" content=\"Crea Fontanar\" \/>\n<meta property=\"article:published_time\" content=\"2025-08-10T22:37:05+00:00\" \/>\n<meta property=\"article:modified_time\" content=\"2025-08-10T22:56:15+00:00\" \/>\n<meta property=\"og:image\" content=\"https:\/\/www.crea.gov.co\/crea-fontanar\/wp-content\/uploads\/sites\/24\/2025\/08\/Crea_movimiento_2025_3_futuro_1.png\" \/>\n\t<meta property=\"og:image:width\" content=\"1081\" \/>\n\t<meta property=\"og:image:height\" content=\"1351\" \/>\n\t<meta property=\"og:image:type\" content=\"image\/png\" \/>\n<meta name=\"author\" content=\"creafontanar\" \/>\n<meta name=\"twitter:card\" content=\"summary_large_image\" \/>\n<meta name=\"twitter:label1\" content=\"Escrito por\" \/>\n\t<meta name=\"twitter:data1\" content=\"creafontanar\" \/>\n\t<meta name=\"twitter:label2\" content=\"Tiempo de lectura\" \/>\n\t<meta name=\"twitter:data2\" content=\"2 minutos\" \/>\n<script type=\"application\/ld+json\" class=\"yoast-schema-graph\">{\"@context\":\"https:\/\/schema.org\",\"@graph\":[{\"@type\":\"WebPage\",\"@id\":\"https:\/\/www.crea.gov.co\/crea-fontanar\/crea-fontanar-se-mueve-con-la-magia-del-arte\/\",\"url\":\"https:\/\/www.crea.gov.co\/crea-fontanar\/crea-fontanar-se-mueve-con-la-magia-del-arte\/\",\"name\":\"CREA FONTANAR SE MUEVE CON LA MAGIA DEL ARTE - Crea Fontanar\",\"isPartOf\":{\"@id\":\"https:\/\/www.crea.gov.co\/crea-fontanar\/#website\"},\"primaryImageOfPage\":{\"@id\":\"https:\/\/www.crea.gov.co\/crea-fontanar\/crea-fontanar-se-mueve-con-la-magia-del-arte\/#primaryimage\"},\"image\":{\"@id\":\"https:\/\/www.crea.gov.co\/crea-fontanar\/crea-fontanar-se-mueve-con-la-magia-del-arte\/#primaryimage\"},\"thumbnailUrl\":\"https:\/\/www.crea.gov.co\/crea-fontanar\/wp-content\/uploads\/sites\/24\/2025\/08\/Crea_movimiento_2025_3_futuro_1.png\",\"datePublished\":\"2025-08-10T22:37:05+00:00\",\"dateModified\":\"2025-08-10T22:56:15+00:00\",\"author\":{\"@id\":\"https:\/\/www.crea.gov.co\/crea-fontanar\/#\/schema\/person\/5b33c06860d35baa10bfb1387448ab8f\"},\"breadcrumb\":{\"@id\":\"https:\/\/www.crea.gov.co\/crea-fontanar\/crea-fontanar-se-mueve-con-la-magia-del-arte\/#breadcrumb\"},\"inLanguage\":\"es-CO\",\"potentialAction\":[{\"@type\":\"ReadAction\",\"target\":[\"https:\/\/www.crea.gov.co\/crea-fontanar\/crea-fontanar-se-mueve-con-la-magia-del-arte\/\"]}]},{\"@type\":\"ImageObject\",\"inLanguage\":\"es-CO\",\"@id\":\"https:\/\/www.crea.gov.co\/crea-fontanar\/crea-fontanar-se-mueve-con-la-magia-del-arte\/#primaryimage\",\"url\":\"https:\/\/www.crea.gov.co\/crea-fontanar\/wp-content\/uploads\/sites\/24\/2025\/08\/Crea_movimiento_2025_3_futuro_1.png\",\"contentUrl\":\"https:\/\/www.crea.gov.co\/crea-fontanar\/wp-content\/uploads\/sites\/24\/2025\/08\/Crea_movimiento_2025_3_futuro_1.png\",\"width\":1081,\"height\":1351},{\"@type\":\"BreadcrumbList\",\"@id\":\"https:\/\/www.crea.gov.co\/crea-fontanar\/crea-fontanar-se-mueve-con-la-magia-del-arte\/#breadcrumb\",\"itemListElement\":[{\"@type\":\"ListItem\",\"position\":1,\"name\":\"Inicio\",\"item\":\"https:\/\/www.crea.gov.co\/crea-fontanar\/\"},{\"@type\":\"ListItem\",\"position\":2,\"name\":\"CREA FONTANAR SE MUEVE CON LA MAGIA DEL ARTE\"}]},{\"@type\":\"WebSite\",\"@id\":\"https:\/\/www.crea.gov.co\/crea-fontanar\/#website\",\"url\":\"https:\/\/www.crea.gov.co\/crea-fontanar\/\",\"name\":\"Crea Fontanar\",\"description\":\"Ubicado en el CEFE del mismo nombre, la cultura se cultiva con fuerza propia, desde y para la comunidad. Este centro hace parte del compromiso por acercar una oferta art\u00edstica s\u00f3lida y constante a distintos puntos de Bogot\u00e1, generando oportunidades para el desarrollo creativo y social de quienes habitan el territorio.\",\"potentialAction\":[{\"@type\":\"SearchAction\",\"target\":{\"@type\":\"EntryPoint\",\"urlTemplate\":\"https:\/\/www.crea.gov.co\/crea-fontanar\/?s={search_term_string}\"},\"query-input\":{\"@type\":\"PropertyValueSpecification\",\"valueRequired\":true,\"valueName\":\"search_term_string\"}}],\"inLanguage\":\"es-CO\"},{\"@type\":\"Person\",\"@id\":\"https:\/\/www.crea.gov.co\/crea-fontanar\/#\/schema\/person\/5b33c06860d35baa10bfb1387448ab8f\",\"name\":\"creafontanar\",\"image\":{\"@type\":\"ImageObject\",\"inLanguage\":\"es-CO\",\"@id\":\"https:\/\/www.crea.gov.co\/crea-fontanar\/#\/schema\/person\/image\/\",\"url\":\"https:\/\/secure.gravatar.com\/avatar\/92b08ea660abf8efd6557d9154572877?s=96&d=mm&r=g\",\"contentUrl\":\"https:\/\/secure.gravatar.com\/avatar\/92b08ea660abf8efd6557d9154572877?s=96&d=mm&r=g\",\"caption\":\"creafontanar\"},\"url\":\"https:\/\/www.crea.gov.co\/crea-fontanar\/author\/creafontanar\/\"}]}<\/script>\n<!-- \/ Yoast SEO plugin. -->","yoast_head_json":{"title":"CREA FONTANAR SE MUEVE CON LA MAGIA DEL ARTE - Crea Fontanar","robots":{"index":"index","follow":"follow","max-snippet":"max-snippet:-1","max-image-preview":"max-image-preview:large","max-video-preview":"max-video-preview:-1"},"canonical":"https:\/\/www.crea.gov.co\/crea-fontanar\/crea-fontanar-se-mueve-con-la-magia-del-arte\/","og_locale":"es_ES","og_type":"article","og_title":"CREA FONTANAR SE MUEVE CON LA MAGIA DEL ARTE - Crea Fontanar","og_description":"\u201cCon Crea en Movimiento reafirmamos que el arte no tiene por qu\u00e9 quedarse entre cuatro paredes. Salimos al parque, al barrio, a la calle, para crear con otros, para encontrarnos de nuevas maneras. El arte transforma, sobre todo, cuando se cruza con la vida cotidiana\u201d, afirma Mar\u00eda Claudia Parias, directora de Idartes. Ser\u00e1n cuatro jornadas [&hellip;]","og_url":"https:\/\/www.crea.gov.co\/crea-fontanar\/crea-fontanar-se-mueve-con-la-magia-del-arte\/","og_site_name":"Crea Fontanar","article_published_time":"2025-08-10T22:37:05+00:00","article_modified_time":"2025-08-10T22:56:15+00:00","og_image":[{"width":1081,"height":1351,"url":"https:\/\/www.crea.gov.co\/crea-fontanar\/wp-content\/uploads\/sites\/24\/2025\/08\/Crea_movimiento_2025_3_futuro_1.png","type":"image\/png"}],"author":"creafontanar","twitter_card":"summary_large_image","twitter_misc":{"Escrito por":"creafontanar","Tiempo de lectura":"2 minutos"},"schema":{"@context":"https:\/\/schema.org","@graph":[{"@type":"WebPage","@id":"https:\/\/www.crea.gov.co\/crea-fontanar\/crea-fontanar-se-mueve-con-la-magia-del-arte\/","url":"https:\/\/www.crea.gov.co\/crea-fontanar\/crea-fontanar-se-mueve-con-la-magia-del-arte\/","name":"CREA FONTANAR SE MUEVE CON LA MAGIA DEL ARTE - Crea Fontanar","isPartOf":{"@id":"https:\/\/www.crea.gov.co\/crea-fontanar\/#website"},"primaryImageOfPage":{"@id":"https:\/\/www.crea.gov.co\/crea-fontanar\/crea-fontanar-se-mueve-con-la-magia-del-arte\/#primaryimage"},"image":{"@id":"https:\/\/www.crea.gov.co\/crea-fontanar\/crea-fontanar-se-mueve-con-la-magia-del-arte\/#primaryimage"},"thumbnailUrl":"https:\/\/www.crea.gov.co\/crea-fontanar\/wp-content\/uploads\/sites\/24\/2025\/08\/Crea_movimiento_2025_3_futuro_1.png","datePublished":"2025-08-10T22:37:05+00:00","dateModified":"2025-08-10T22:56:15+00:00","author":{"@id":"https:\/\/www.crea.gov.co\/crea-fontanar\/#\/schema\/person\/5b33c06860d35baa10bfb1387448ab8f"},"breadcrumb":{"@id":"https:\/\/www.crea.gov.co\/crea-fontanar\/crea-fontanar-se-mueve-con-la-magia-del-arte\/#breadcrumb"},"inLanguage":"es-CO","potentialAction":[{"@type":"ReadAction","target":["https:\/\/www.crea.gov.co\/crea-fontanar\/crea-fontanar-se-mueve-con-la-magia-del-arte\/"]}]},{"@type":"ImageObject","inLanguage":"es-CO","@id":"https:\/\/www.crea.gov.co\/crea-fontanar\/crea-fontanar-se-mueve-con-la-magia-del-arte\/#primaryimage","url":"https:\/\/www.crea.gov.co\/crea-fontanar\/wp-content\/uploads\/sites\/24\/2025\/08\/Crea_movimiento_2025_3_futuro_1.png","contentUrl":"https:\/\/www.crea.gov.co\/crea-fontanar\/wp-content\/uploads\/sites\/24\/2025\/08\/Crea_movimiento_2025_3_futuro_1.png","width":1081,"height":1351},{"@type":"BreadcrumbList","@id":"https:\/\/www.crea.gov.co\/crea-fontanar\/crea-fontanar-se-mueve-con-la-magia-del-arte\/#breadcrumb","itemListElement":[{"@type":"ListItem","position":1,"name":"Inicio","item":"https:\/\/www.crea.gov.co\/crea-fontanar\/"},{"@type":"ListItem","position":2,"name":"CREA FONTANAR SE MUEVE CON LA MAGIA DEL ARTE"}]},{"@type":"WebSite","@id":"https:\/\/www.crea.gov.co\/crea-fontanar\/#website","url":"https:\/\/www.crea.gov.co\/crea-fontanar\/","name":"Crea Fontanar","description":"Ubicado en el CEFE del mismo nombre, la cultura se cultiva con fuerza propia, desde y para la comunidad. Este centro hace parte del compromiso por acercar una oferta art\u00edstica s\u00f3lida y constante a distintos puntos de Bogot\u00e1, generando oportunidades para el desarrollo creativo y social de quienes habitan el territorio.","potentialAction":[{"@type":"SearchAction","target":{"@type":"EntryPoint","urlTemplate":"https:\/\/www.crea.gov.co\/crea-fontanar\/?s={search_term_string}"},"query-input":{"@type":"PropertyValueSpecification","valueRequired":true,"valueName":"search_term_string"}}],"inLanguage":"es-CO"},{"@type":"Person","@id":"https:\/\/www.crea.gov.co\/crea-fontanar\/#\/schema\/person\/5b33c06860d35baa10bfb1387448ab8f","name":"creafontanar","image":{"@type":"ImageObject","inLanguage":"es-CO","@id":"https:\/\/www.crea.gov.co\/crea-fontanar\/#\/schema\/person\/image\/","url":"https:\/\/secure.gravatar.com\/avatar\/92b08ea660abf8efd6557d9154572877?s=96&d=mm&r=g","contentUrl":"https:\/\/secure.gravatar.com\/avatar\/92b08ea660abf8efd6557d9154572877?s=96&d=mm&r=g","caption":"creafontanar"},"url":"https:\/\/www.crea.gov.co\/crea-fontanar\/author\/creafontanar\/"}]}},"_links":{"self":[{"href":"https:\/\/www.crea.gov.co\/crea-fontanar\/wp-json\/wp\/v2\/posts\/739","targetHints":{"allow":["GET"]}}],"collection":[{"href":"https:\/\/www.crea.gov.co\/crea-fontanar\/wp-json\/wp\/v2\/posts"}],"about":[{"href":"https:\/\/www.crea.gov.co\/crea-fontanar\/wp-json\/wp\/v2\/types\/post"}],"author":[{"embeddable":true,"href":"https:\/\/www.crea.gov.co\/crea-fontanar\/wp-json\/wp\/v2\/users\/83"}],"replies":[{"embeddable":true,"href":"https:\/\/www.crea.gov.co\/crea-fontanar\/wp-json\/wp\/v2\/comments?post=739"}],"version-history":[{"count":1,"href":"https:\/\/www.crea.gov.co\/crea-fontanar\/wp-json\/wp\/v2\/posts\/739\/revisions"}],"predecessor-version":[{"id":741,"href":"https:\/\/www.crea.gov.co\/crea-fontanar\/wp-json\/wp\/v2\/posts\/739\/revisions\/741"}],"wp:featuredmedia":[{"embeddable":true,"href":"https:\/\/www.crea.gov.co\/crea-fontanar\/wp-json\/wp\/v2\/media\/740"}],"wp:attachment":[{"href":"https:\/\/www.crea.gov.co\/crea-fontanar\/wp-json\/wp\/v2\/media?parent=739"}],"wp:term":[{"taxonomy":"category","embeddable":true,"href":"https:\/\/www.crea.gov.co\/crea-fontanar\/wp-json\/wp\/v2\/categories?post=739"},{"taxonomy":"post_tag","embeddable":true,"href":"https:\/\/www.crea.gov.co\/crea-fontanar\/wp-json\/wp\/v2\/tags?post=739"}],"curies":[{"name":"wp","href":"https:\/\/api.w.org\/{rel}","templated":true}]}}