{"id":727,"date":"2025-07-31T23:31:22","date_gmt":"2025-08-01T04:31:22","guid":{"rendered":"https:\/\/www.crea.gov.co\/crea-fontanar\/?p=727"},"modified":"2025-07-31T23:31:22","modified_gmt":"2025-08-01T04:31:22","slug":"potencia-tu-talento-en-crea-fontanar-a-traves-de-talleres-de-literatura-audiovisuales-y-teatro","status":"publish","type":"post","link":"https:\/\/www.crea.gov.co\/crea-fontanar\/potencia-tu-talento-en-crea-fontanar-a-traves-de-talleres-de-literatura-audiovisuales-y-teatro\/","title":{"rendered":"Potencia Tu Talento en Crea Fontanar a trav\u00e9s de talleres  de Literatura, Audiovisuales y Teatro"},"content":{"rendered":"\n<figure class=\"wp-block-image size-large\"><img loading=\"lazy\" decoding=\"async\" width=\"1024\" height=\"576\" src=\"https:\/\/www.crea.gov.co\/crea-fontanar\/wp-content\/uploads\/sites\/24\/2025\/07\/FOTO-TEATRO-1-1024x576.jpeg\" alt=\"\" class=\"wp-image-728\" srcset=\"https:\/\/www.crea.gov.co\/crea-fontanar\/wp-content\/uploads\/sites\/24\/2025\/07\/FOTO-TEATRO-1-1024x576.jpeg 1024w, https:\/\/www.crea.gov.co\/crea-fontanar\/wp-content\/uploads\/sites\/24\/2025\/07\/FOTO-TEATRO-1-300x169.jpeg 300w, https:\/\/www.crea.gov.co\/crea-fontanar\/wp-content\/uploads\/sites\/24\/2025\/07\/FOTO-TEATRO-1-768x432.jpeg 768w, https:\/\/www.crea.gov.co\/crea-fontanar\/wp-content\/uploads\/sites\/24\/2025\/07\/FOTO-TEATRO-1.jpeg 1280w\" sizes=\"auto, (max-width: 1024px) 100vw, 1024px\" \/><\/figure>\n\n\n\n<p>Crea fontanar tiene el gusto de invitarles a disfrutar de los talleres de:<\/p>\n\n\n\n<ul class=\"wp-block-list\">\n<li><strong>Creaci\u00f3n Literaria:<\/strong>  Ofrecer talleres de &#8220;G\u00e9neros literarios &#8211; Narrativa&#8221;, enfocados en la apropiaci\u00f3n de herramientas b\u00e1sicas para la creaci\u00f3n de cuento,oralidad y reflexi\u00f3n de obras literarias..<\/li>\n\n\n\n<li><strong>Audiovisuales:<\/strong> En el \u00e1rea de audiovisuales se incluyen temas como creaci\u00f3n de historias para la pantalla, manejo de herramientas ofim\u00e1ticas y  fotograf\u00eda<\/li>\n\n\n\n<li><strong>Teatro:<\/strong> Ofrece talleres en teatro permitiendo a sus participantes la expresi\u00f3n corporal y mental&#8221; dirigidos a diferentes edades (ni\u00f1os, j\u00f3venes y adultos), sin necesidad de experiencia previa.<\/li>\n<\/ul>\n\n\n\n<p><strong>Para inscribirse y obtener informaci\u00f3n actualizada:<\/strong><\/p>\n\n\n\n<p><strong>Acercarse al Centro Crea Fontanar:<\/strong> Ubicado en Carrera 141B # 145 \u2013 99, Localidad Suba. All\u00ed se pueden realizar pre-inscripciones y obtener informaci\u00f3n detallada sobre los talleres, horarios y requisitos<\/p>\n\n\n\n<p>Te esperamos<\/p>\n","protected":false},"excerpt":{"rendered":"<p>Crea fontanar tiene el gusto de invitarles a disfrutar de los talleres de: Para inscribirse y obtener informaci\u00f3n actualizada: Acercarse al Centro Crea Fontanar: Ubicado en Carrera 141B # 145 \u2013 99, Localidad Suba. All\u00ed se pueden realizar pre-inscripciones y obtener informaci\u00f3n detallada sobre los talleres, horarios y requisitos Te esperamos<\/p>\n","protected":false},"author":83,"featured_media":684,"comment_status":"open","ping_status":"open","sticky":false,"template":"","format":"standard","meta":{"footnotes":""},"categories":[1],"tags":[],"class_list":["post-727","post","type-post","status-publish","format-standard","has-post-thumbnail","hentry","category-sin-categoria"],"yoast_head":"<!-- This site is optimized with the Yoast SEO plugin v24.5 - https:\/\/yoast.com\/wordpress\/plugins\/seo\/ -->\n<title>Potencia Tu Talento en Crea Fontanar a trav\u00e9s de talleres de Literatura, Audiovisuales y Teatro - Crea Fontanar<\/title>\n<meta name=\"robots\" content=\"index, follow, max-snippet:-1, max-image-preview:large, max-video-preview:-1\" \/>\n<link rel=\"canonical\" href=\"https:\/\/www.crea.gov.co\/crea-fontanar\/potencia-tu-talento-en-crea-fontanar-a-traves-de-talleres-de-literatura-audiovisuales-y-teatro\/\" \/>\n<meta property=\"og:locale\" content=\"es_ES\" \/>\n<meta property=\"og:type\" content=\"article\" \/>\n<meta property=\"og:title\" content=\"Potencia Tu Talento en Crea Fontanar a trav\u00e9s de talleres de Literatura, Audiovisuales y Teatro - Crea Fontanar\" \/>\n<meta property=\"og:description\" content=\"Crea fontanar tiene el gusto de invitarles a disfrutar de los talleres de: Para inscribirse y obtener informaci\u00f3n actualizada: Acercarse al Centro Crea Fontanar: Ubicado en Carrera 141B # 145 \u2013 99, Localidad Suba. All\u00ed se pueden realizar pre-inscripciones y obtener informaci\u00f3n detallada sobre los talleres, horarios y requisitos Te esperamos\" \/>\n<meta property=\"og:url\" content=\"https:\/\/www.crea.gov.co\/crea-fontanar\/potencia-tu-talento-en-crea-fontanar-a-traves-de-talleres-de-literatura-audiovisuales-y-teatro\/\" \/>\n<meta property=\"og:site_name\" content=\"Crea Fontanar\" \/>\n<meta property=\"article:published_time\" content=\"2025-08-01T04:31:22+00:00\" \/>\n<meta property=\"og:image\" content=\"https:\/\/www.crea.gov.co\/crea-fontanar\/wp-content\/uploads\/sites\/24\/2025\/04\/FOTO-TEATRO.jpeg\" \/>\n\t<meta property=\"og:image:width\" content=\"1280\" \/>\n\t<meta property=\"og:image:height\" content=\"720\" \/>\n\t<meta property=\"og:image:type\" content=\"image\/jpeg\" \/>\n<meta name=\"author\" content=\"creafontanar\" \/>\n<meta name=\"twitter:card\" content=\"summary_large_image\" \/>\n<meta name=\"twitter:label1\" content=\"Escrito por\" \/>\n\t<meta name=\"twitter:data1\" content=\"creafontanar\" \/>\n\t<meta name=\"twitter:label2\" content=\"Tiempo de lectura\" \/>\n\t<meta name=\"twitter:data2\" content=\"1 minuto\" \/>\n<script type=\"application\/ld+json\" class=\"yoast-schema-graph\">{\"@context\":\"https:\/\/schema.org\",\"@graph\":[{\"@type\":\"WebPage\",\"@id\":\"https:\/\/www.crea.gov.co\/crea-fontanar\/potencia-tu-talento-en-crea-fontanar-a-traves-de-talleres-de-literatura-audiovisuales-y-teatro\/\",\"url\":\"https:\/\/www.crea.gov.co\/crea-fontanar\/potencia-tu-talento-en-crea-fontanar-a-traves-de-talleres-de-literatura-audiovisuales-y-teatro\/\",\"name\":\"Potencia Tu Talento en Crea Fontanar a trav\u00e9s de talleres de Literatura, Audiovisuales y Teatro - Crea Fontanar\",\"isPartOf\":{\"@id\":\"https:\/\/www.crea.gov.co\/crea-fontanar\/#website\"},\"primaryImageOfPage\":{\"@id\":\"https:\/\/www.crea.gov.co\/crea-fontanar\/potencia-tu-talento-en-crea-fontanar-a-traves-de-talleres-de-literatura-audiovisuales-y-teatro\/#primaryimage\"},\"image\":{\"@id\":\"https:\/\/www.crea.gov.co\/crea-fontanar\/potencia-tu-talento-en-crea-fontanar-a-traves-de-talleres-de-literatura-audiovisuales-y-teatro\/#primaryimage\"},\"thumbnailUrl\":\"https:\/\/www.crea.gov.co\/crea-fontanar\/wp-content\/uploads\/sites\/24\/2025\/04\/FOTO-TEATRO.jpeg\",\"datePublished\":\"2025-08-01T04:31:22+00:00\",\"author\":{\"@id\":\"https:\/\/www.crea.gov.co\/crea-fontanar\/#\/schema\/person\/5b33c06860d35baa10bfb1387448ab8f\"},\"breadcrumb\":{\"@id\":\"https:\/\/www.crea.gov.co\/crea-fontanar\/potencia-tu-talento-en-crea-fontanar-a-traves-de-talleres-de-literatura-audiovisuales-y-teatro\/#breadcrumb\"},\"inLanguage\":\"es-CO\",\"potentialAction\":[{\"@type\":\"ReadAction\",\"target\":[\"https:\/\/www.crea.gov.co\/crea-fontanar\/potencia-tu-talento-en-crea-fontanar-a-traves-de-talleres-de-literatura-audiovisuales-y-teatro\/\"]}]},{\"@type\":\"ImageObject\",\"inLanguage\":\"es-CO\",\"@id\":\"https:\/\/www.crea.gov.co\/crea-fontanar\/potencia-tu-talento-en-crea-fontanar-a-traves-de-talleres-de-literatura-audiovisuales-y-teatro\/#primaryimage\",\"url\":\"https:\/\/www.crea.gov.co\/crea-fontanar\/wp-content\/uploads\/sites\/24\/2025\/04\/FOTO-TEATRO.jpeg\",\"contentUrl\":\"https:\/\/www.crea.gov.co\/crea-fontanar\/wp-content\/uploads\/sites\/24\/2025\/04\/FOTO-TEATRO.jpeg\",\"width\":1280,\"height\":720},{\"@type\":\"BreadcrumbList\",\"@id\":\"https:\/\/www.crea.gov.co\/crea-fontanar\/potencia-tu-talento-en-crea-fontanar-a-traves-de-talleres-de-literatura-audiovisuales-y-teatro\/#breadcrumb\",\"itemListElement\":[{\"@type\":\"ListItem\",\"position\":1,\"name\":\"Inicio\",\"item\":\"https:\/\/www.crea.gov.co\/crea-fontanar\/\"},{\"@type\":\"ListItem\",\"position\":2,\"name\":\"Potencia Tu Talento en Crea Fontanar a trav\u00e9s de talleres de Literatura, Audiovisuales y Teatro\"}]},{\"@type\":\"WebSite\",\"@id\":\"https:\/\/www.crea.gov.co\/crea-fontanar\/#website\",\"url\":\"https:\/\/www.crea.gov.co\/crea-fontanar\/\",\"name\":\"Crea Fontanar\",\"description\":\"Ubicado en el CEFE del mismo nombre, la cultura se cultiva con fuerza propia, desde y para la comunidad. Este centro hace parte del compromiso por acercar una oferta art\u00edstica s\u00f3lida y constante a distintos puntos de Bogot\u00e1, generando oportunidades para el desarrollo creativo y social de quienes habitan el territorio.\",\"potentialAction\":[{\"@type\":\"SearchAction\",\"target\":{\"@type\":\"EntryPoint\",\"urlTemplate\":\"https:\/\/www.crea.gov.co\/crea-fontanar\/?s={search_term_string}\"},\"query-input\":{\"@type\":\"PropertyValueSpecification\",\"valueRequired\":true,\"valueName\":\"search_term_string\"}}],\"inLanguage\":\"es-CO\"},{\"@type\":\"Person\",\"@id\":\"https:\/\/www.crea.gov.co\/crea-fontanar\/#\/schema\/person\/5b33c06860d35baa10bfb1387448ab8f\",\"name\":\"creafontanar\",\"image\":{\"@type\":\"ImageObject\",\"inLanguage\":\"es-CO\",\"@id\":\"https:\/\/www.crea.gov.co\/crea-fontanar\/#\/schema\/person\/image\/\",\"url\":\"https:\/\/secure.gravatar.com\/avatar\/92b08ea660abf8efd6557d9154572877?s=96&d=mm&r=g\",\"contentUrl\":\"https:\/\/secure.gravatar.com\/avatar\/92b08ea660abf8efd6557d9154572877?s=96&d=mm&r=g\",\"caption\":\"creafontanar\"},\"url\":\"https:\/\/www.crea.gov.co\/crea-fontanar\/author\/creafontanar\/\"}]}<\/script>\n<!-- \/ Yoast SEO plugin. -->","yoast_head_json":{"title":"Potencia Tu Talento en Crea Fontanar a trav\u00e9s de talleres de Literatura, Audiovisuales y Teatro - Crea Fontanar","robots":{"index":"index","follow":"follow","max-snippet":"max-snippet:-1","max-image-preview":"max-image-preview:large","max-video-preview":"max-video-preview:-1"},"canonical":"https:\/\/www.crea.gov.co\/crea-fontanar\/potencia-tu-talento-en-crea-fontanar-a-traves-de-talleres-de-literatura-audiovisuales-y-teatro\/","og_locale":"es_ES","og_type":"article","og_title":"Potencia Tu Talento en Crea Fontanar a trav\u00e9s de talleres de Literatura, Audiovisuales y Teatro - Crea Fontanar","og_description":"Crea fontanar tiene el gusto de invitarles a disfrutar de los talleres de: Para inscribirse y obtener informaci\u00f3n actualizada: Acercarse al Centro Crea Fontanar: Ubicado en Carrera 141B # 145 \u2013 99, Localidad Suba. All\u00ed se pueden realizar pre-inscripciones y obtener informaci\u00f3n detallada sobre los talleres, horarios y requisitos Te esperamos","og_url":"https:\/\/www.crea.gov.co\/crea-fontanar\/potencia-tu-talento-en-crea-fontanar-a-traves-de-talleres-de-literatura-audiovisuales-y-teatro\/","og_site_name":"Crea Fontanar","article_published_time":"2025-08-01T04:31:22+00:00","og_image":[{"width":1280,"height":720,"url":"https:\/\/www.crea.gov.co\/crea-fontanar\/wp-content\/uploads\/sites\/24\/2025\/04\/FOTO-TEATRO.jpeg","type":"image\/jpeg"}],"author":"creafontanar","twitter_card":"summary_large_image","twitter_misc":{"Escrito por":"creafontanar","Tiempo de lectura":"1 minuto"},"schema":{"@context":"https:\/\/schema.org","@graph":[{"@type":"WebPage","@id":"https:\/\/www.crea.gov.co\/crea-fontanar\/potencia-tu-talento-en-crea-fontanar-a-traves-de-talleres-de-literatura-audiovisuales-y-teatro\/","url":"https:\/\/www.crea.gov.co\/crea-fontanar\/potencia-tu-talento-en-crea-fontanar-a-traves-de-talleres-de-literatura-audiovisuales-y-teatro\/","name":"Potencia Tu Talento en Crea Fontanar a trav\u00e9s de talleres de Literatura, Audiovisuales y Teatro - Crea Fontanar","isPartOf":{"@id":"https:\/\/www.crea.gov.co\/crea-fontanar\/#website"},"primaryImageOfPage":{"@id":"https:\/\/www.crea.gov.co\/crea-fontanar\/potencia-tu-talento-en-crea-fontanar-a-traves-de-talleres-de-literatura-audiovisuales-y-teatro\/#primaryimage"},"image":{"@id":"https:\/\/www.crea.gov.co\/crea-fontanar\/potencia-tu-talento-en-crea-fontanar-a-traves-de-talleres-de-literatura-audiovisuales-y-teatro\/#primaryimage"},"thumbnailUrl":"https:\/\/www.crea.gov.co\/crea-fontanar\/wp-content\/uploads\/sites\/24\/2025\/04\/FOTO-TEATRO.jpeg","datePublished":"2025-08-01T04:31:22+00:00","author":{"@id":"https:\/\/www.crea.gov.co\/crea-fontanar\/#\/schema\/person\/5b33c06860d35baa10bfb1387448ab8f"},"breadcrumb":{"@id":"https:\/\/www.crea.gov.co\/crea-fontanar\/potencia-tu-talento-en-crea-fontanar-a-traves-de-talleres-de-literatura-audiovisuales-y-teatro\/#breadcrumb"},"inLanguage":"es-CO","potentialAction":[{"@type":"ReadAction","target":["https:\/\/www.crea.gov.co\/crea-fontanar\/potencia-tu-talento-en-crea-fontanar-a-traves-de-talleres-de-literatura-audiovisuales-y-teatro\/"]}]},{"@type":"ImageObject","inLanguage":"es-CO","@id":"https:\/\/www.crea.gov.co\/crea-fontanar\/potencia-tu-talento-en-crea-fontanar-a-traves-de-talleres-de-literatura-audiovisuales-y-teatro\/#primaryimage","url":"https:\/\/www.crea.gov.co\/crea-fontanar\/wp-content\/uploads\/sites\/24\/2025\/04\/FOTO-TEATRO.jpeg","contentUrl":"https:\/\/www.crea.gov.co\/crea-fontanar\/wp-content\/uploads\/sites\/24\/2025\/04\/FOTO-TEATRO.jpeg","width":1280,"height":720},{"@type":"BreadcrumbList","@id":"https:\/\/www.crea.gov.co\/crea-fontanar\/potencia-tu-talento-en-crea-fontanar-a-traves-de-talleres-de-literatura-audiovisuales-y-teatro\/#breadcrumb","itemListElement":[{"@type":"ListItem","position":1,"name":"Inicio","item":"https:\/\/www.crea.gov.co\/crea-fontanar\/"},{"@type":"ListItem","position":2,"name":"Potencia Tu Talento en Crea Fontanar a trav\u00e9s de talleres de Literatura, Audiovisuales y Teatro"}]},{"@type":"WebSite","@id":"https:\/\/www.crea.gov.co\/crea-fontanar\/#website","url":"https:\/\/www.crea.gov.co\/crea-fontanar\/","name":"Crea Fontanar","description":"Ubicado en el CEFE del mismo nombre, la cultura se cultiva con fuerza propia, desde y para la comunidad. Este centro hace parte del compromiso por acercar una oferta art\u00edstica s\u00f3lida y constante a distintos puntos de Bogot\u00e1, generando oportunidades para el desarrollo creativo y social de quienes habitan el territorio.","potentialAction":[{"@type":"SearchAction","target":{"@type":"EntryPoint","urlTemplate":"https:\/\/www.crea.gov.co\/crea-fontanar\/?s={search_term_string}"},"query-input":{"@type":"PropertyValueSpecification","valueRequired":true,"valueName":"search_term_string"}}],"inLanguage":"es-CO"},{"@type":"Person","@id":"https:\/\/www.crea.gov.co\/crea-fontanar\/#\/schema\/person\/5b33c06860d35baa10bfb1387448ab8f","name":"creafontanar","image":{"@type":"ImageObject","inLanguage":"es-CO","@id":"https:\/\/www.crea.gov.co\/crea-fontanar\/#\/schema\/person\/image\/","url":"https:\/\/secure.gravatar.com\/avatar\/92b08ea660abf8efd6557d9154572877?s=96&d=mm&r=g","contentUrl":"https:\/\/secure.gravatar.com\/avatar\/92b08ea660abf8efd6557d9154572877?s=96&d=mm&r=g","caption":"creafontanar"},"url":"https:\/\/www.crea.gov.co\/crea-fontanar\/author\/creafontanar\/"}]}},"_links":{"self":[{"href":"https:\/\/www.crea.gov.co\/crea-fontanar\/wp-json\/wp\/v2\/posts\/727","targetHints":{"allow":["GET"]}}],"collection":[{"href":"https:\/\/www.crea.gov.co\/crea-fontanar\/wp-json\/wp\/v2\/posts"}],"about":[{"href":"https:\/\/www.crea.gov.co\/crea-fontanar\/wp-json\/wp\/v2\/types\/post"}],"author":[{"embeddable":true,"href":"https:\/\/www.crea.gov.co\/crea-fontanar\/wp-json\/wp\/v2\/users\/83"}],"replies":[{"embeddable":true,"href":"https:\/\/www.crea.gov.co\/crea-fontanar\/wp-json\/wp\/v2\/comments?post=727"}],"version-history":[{"count":1,"href":"https:\/\/www.crea.gov.co\/crea-fontanar\/wp-json\/wp\/v2\/posts\/727\/revisions"}],"predecessor-version":[{"id":729,"href":"https:\/\/www.crea.gov.co\/crea-fontanar\/wp-json\/wp\/v2\/posts\/727\/revisions\/729"}],"wp:featuredmedia":[{"embeddable":true,"href":"https:\/\/www.crea.gov.co\/crea-fontanar\/wp-json\/wp\/v2\/media\/684"}],"wp:attachment":[{"href":"https:\/\/www.crea.gov.co\/crea-fontanar\/wp-json\/wp\/v2\/media?parent=727"}],"wp:term":[{"taxonomy":"category","embeddable":true,"href":"https:\/\/www.crea.gov.co\/crea-fontanar\/wp-json\/wp\/v2\/categories?post=727"},{"taxonomy":"post_tag","embeddable":true,"href":"https:\/\/www.crea.gov.co\/crea-fontanar\/wp-json\/wp\/v2\/tags?post=727"}],"curies":[{"name":"wp","href":"https:\/\/api.w.org\/{rel}","templated":true}]}}