{"id":700,"date":"2025-05-21T10:50:40","date_gmt":"2025-05-21T15:50:40","guid":{"rendered":"https:\/\/www.crea.gov.co\/crea-fontanar\/?p=700"},"modified":"2025-05-21T10:51:59","modified_gmt":"2025-05-21T15:51:59","slug":"nuevos-talleres-de-formacion-artistica-en-el-crea-fontanar","status":"publish","type":"post","link":"https:\/\/www.crea.gov.co\/crea-fontanar\/nuevos-talleres-de-formacion-artistica-en-el-crea-fontanar\/","title":{"rendered":"Nuevos talleres de formaci\u00f3n art\u00edstica en el Crea Fontanar"},"content":{"rendered":"\n<p>Informamos a nuestra comunidad que tenemos nuevas noticias de talleres de formaci\u00f3n art\u00edstica en el Crea Fontanar. <\/p>\n\n\n\n<p>Estos nuevos talleres de trayecto corto potenciaran tus habilidades en M\u00fasica, Artes Pl\u00e1sticas o Teatro. Acercarte al Crea Fontanar para recibir m\u00e1s informaci\u00f3n o comunicate a nuestros tel\u00e9fonos 6013795750 ext. 5260-5261.<\/p>\n\n\n\n<p>Te esperamos. <\/p>\n\n\n\n<figure class=\"wp-block-gallery has-nested-images columns-default is-cropped wp-block-gallery-1 is-layout-flex wp-block-gallery-is-layout-flex\">\n<figure class=\"wp-block-image size-large is-style-default\"><img loading=\"lazy\" decoding=\"async\" width=\"1024\" height=\"1024\" data-id=\"703\" src=\"https:\/\/www.crea.gov.co\/crea-fontanar\/wp-content\/uploads\/sites\/24\/2025\/05\/MUSICA-CREA-FONTANAR-1_page-0001-1024x1024.jpg\" alt=\"\" class=\"wp-image-703\" srcset=\"https:\/\/www.crea.gov.co\/crea-fontanar\/wp-content\/uploads\/sites\/24\/2025\/05\/MUSICA-CREA-FONTANAR-1_page-0001-1024x1024.jpg 1024w, https:\/\/www.crea.gov.co\/crea-fontanar\/wp-content\/uploads\/sites\/24\/2025\/05\/MUSICA-CREA-FONTANAR-1_page-0001-300x300.jpg 300w, https:\/\/www.crea.gov.co\/crea-fontanar\/wp-content\/uploads\/sites\/24\/2025\/05\/MUSICA-CREA-FONTANAR-1_page-0001-150x150.jpg 150w, https:\/\/www.crea.gov.co\/crea-fontanar\/wp-content\/uploads\/sites\/24\/2025\/05\/MUSICA-CREA-FONTANAR-1_page-0001-768x768.jpg 768w, https:\/\/www.crea.gov.co\/crea-fontanar\/wp-content\/uploads\/sites\/24\/2025\/05\/MUSICA-CREA-FONTANAR-1_page-0001.jpg 1477w\" sizes=\"auto, (max-width: 1024px) 100vw, 1024px\" \/><\/figure>\n<\/figure>\n\n\n\n<figure class=\"wp-block-image size-large\"><img loading=\"lazy\" decoding=\"async\" width=\"1024\" height=\"1024\" src=\"https:\/\/www.crea.gov.co\/crea-fontanar\/wp-content\/uploads\/sites\/24\/2025\/05\/TEATRO-CREA-FONTANAR-1024x1024.jpg\" alt=\"\" class=\"wp-image-704\" srcset=\"https:\/\/www.crea.gov.co\/crea-fontanar\/wp-content\/uploads\/sites\/24\/2025\/05\/TEATRO-CREA-FONTANAR-1024x1024.jpg 1024w, https:\/\/www.crea.gov.co\/crea-fontanar\/wp-content\/uploads\/sites\/24\/2025\/05\/TEATRO-CREA-FONTANAR-300x300.jpg 300w, https:\/\/www.crea.gov.co\/crea-fontanar\/wp-content\/uploads\/sites\/24\/2025\/05\/TEATRO-CREA-FONTANAR-150x150.jpg 150w, https:\/\/www.crea.gov.co\/crea-fontanar\/wp-content\/uploads\/sites\/24\/2025\/05\/TEATRO-CREA-FONTANAR-768x768.jpg 768w, https:\/\/www.crea.gov.co\/crea-fontanar\/wp-content\/uploads\/sites\/24\/2025\/05\/TEATRO-CREA-FONTANAR-1536x1536.jpg 1536w, https:\/\/www.crea.gov.co\/crea-fontanar\/wp-content\/uploads\/sites\/24\/2025\/05\/TEATRO-CREA-FONTANAR-2048x2048.jpg 2048w\" sizes=\"auto, (max-width: 1024px) 100vw, 1024px\" \/><\/figure>\n\n\n\n<figure class=\"wp-block-image size-large\"><img loading=\"lazy\" decoding=\"async\" width=\"1024\" height=\"1024\" src=\"https:\/\/www.crea.gov.co\/crea-fontanar\/wp-content\/uploads\/sites\/24\/2025\/05\/ARTES-PLASTICAS-CREA-FONTANAR-1024x1024.jpg\" alt=\"\" class=\"wp-image-706\" srcset=\"https:\/\/www.crea.gov.co\/crea-fontanar\/wp-content\/uploads\/sites\/24\/2025\/05\/ARTES-PLASTICAS-CREA-FONTANAR-1024x1024.jpg 1024w, https:\/\/www.crea.gov.co\/crea-fontanar\/wp-content\/uploads\/sites\/24\/2025\/05\/ARTES-PLASTICAS-CREA-FONTANAR-300x300.jpg 300w, https:\/\/www.crea.gov.co\/crea-fontanar\/wp-content\/uploads\/sites\/24\/2025\/05\/ARTES-PLASTICAS-CREA-FONTANAR-150x150.jpg 150w, https:\/\/www.crea.gov.co\/crea-fontanar\/wp-content\/uploads\/sites\/24\/2025\/05\/ARTES-PLASTICAS-CREA-FONTANAR-768x768.jpg 768w, https:\/\/www.crea.gov.co\/crea-fontanar\/wp-content\/uploads\/sites\/24\/2025\/05\/ARTES-PLASTICAS-CREA-FONTANAR-1536x1536.jpg 1536w, https:\/\/www.crea.gov.co\/crea-fontanar\/wp-content\/uploads\/sites\/24\/2025\/05\/ARTES-PLASTICAS-CREA-FONTANAR-2048x2048.jpg 2048w\" sizes=\"auto, (max-width: 1024px) 100vw, 1024px\" \/><\/figure>\n","protected":false},"excerpt":{"rendered":"<p>Informamos a nuestra comunidad que tenemos nuevas noticias de talleres de formaci\u00f3n art\u00edstica en el Crea Fontanar. Estos nuevos talleres de trayecto corto potenciaran tus habilidades en M\u00fasica, Artes Pl\u00e1sticas o Teatro. Acercarte al Crea Fontanar para recibir m\u00e1s informaci\u00f3n o comunicate a nuestros tel\u00e9fonos 6013795750 ext. 5260-5261. Te esperamos.<\/p>\n","protected":false},"author":83,"featured_media":0,"comment_status":"open","ping_status":"open","sticky":false,"template":"","format":"standard","meta":{"footnotes":""},"categories":[1],"tags":[],"class_list":["post-700","post","type-post","status-publish","format-standard","hentry","category-sin-categoria"],"yoast_head":"<!-- This site is optimized with the Yoast SEO plugin v24.5 - https:\/\/yoast.com\/wordpress\/plugins\/seo\/ -->\n<title>Nuevos talleres de formaci\u00f3n art\u00edstica en el Crea Fontanar - Crea Fontanar<\/title>\n<meta name=\"robots\" content=\"index, follow, max-snippet:-1, max-image-preview:large, max-video-preview:-1\" \/>\n<link rel=\"canonical\" href=\"https:\/\/www.crea.gov.co\/crea-fontanar\/nuevos-talleres-de-formacion-artistica-en-el-crea-fontanar\/\" \/>\n<meta property=\"og:locale\" content=\"es_ES\" \/>\n<meta property=\"og:type\" content=\"article\" \/>\n<meta property=\"og:title\" content=\"Nuevos talleres de formaci\u00f3n art\u00edstica en el Crea Fontanar - Crea Fontanar\" \/>\n<meta property=\"og:description\" content=\"Informamos a nuestra comunidad que tenemos nuevas noticias de talleres de formaci\u00f3n art\u00edstica en el Crea Fontanar. Estos nuevos talleres de trayecto corto potenciaran tus habilidades en M\u00fasica, Artes Pl\u00e1sticas o Teatro. Acercarte al Crea Fontanar para recibir m\u00e1s informaci\u00f3n o comunicate a nuestros tel\u00e9fonos 6013795750 ext. 5260-5261. Te esperamos.\" \/>\n<meta property=\"og:url\" content=\"https:\/\/www.crea.gov.co\/crea-fontanar\/nuevos-talleres-de-formacion-artistica-en-el-crea-fontanar\/\" \/>\n<meta property=\"og:site_name\" content=\"Crea Fontanar\" \/>\n<meta property=\"article:published_time\" content=\"2025-05-21T15:50:40+00:00\" \/>\n<meta property=\"article:modified_time\" content=\"2025-05-21T15:51:59+00:00\" \/>\n<meta property=\"og:image\" content=\"https:\/\/www.crea.gov.co\/crea-fontanar\/wp-content\/uploads\/sites\/24\/2025\/05\/MUSICA-CREA-FONTANAR-1_page-0001.jpg\" \/>\n\t<meta property=\"og:image:width\" content=\"1477\" \/>\n\t<meta property=\"og:image:height\" content=\"1477\" \/>\n\t<meta property=\"og:image:type\" content=\"image\/jpeg\" \/>\n<meta name=\"author\" content=\"creafontanar\" \/>\n<meta name=\"twitter:card\" content=\"summary_large_image\" \/>\n<meta name=\"twitter:label1\" content=\"Escrito por\" \/>\n\t<meta name=\"twitter:data1\" content=\"creafontanar\" \/>\n\t<meta name=\"twitter:label2\" content=\"Tiempo de lectura\" \/>\n\t<meta name=\"twitter:data2\" content=\"1 minuto\" \/>\n<script type=\"application\/ld+json\" class=\"yoast-schema-graph\">{\"@context\":\"https:\/\/schema.org\",\"@graph\":[{\"@type\":\"WebPage\",\"@id\":\"https:\/\/www.crea.gov.co\/crea-fontanar\/nuevos-talleres-de-formacion-artistica-en-el-crea-fontanar\/\",\"url\":\"https:\/\/www.crea.gov.co\/crea-fontanar\/nuevos-talleres-de-formacion-artistica-en-el-crea-fontanar\/\",\"name\":\"Nuevos talleres de formaci\u00f3n art\u00edstica en el Crea Fontanar - Crea Fontanar\",\"isPartOf\":{\"@id\":\"https:\/\/www.crea.gov.co\/crea-fontanar\/#website\"},\"primaryImageOfPage\":{\"@id\":\"https:\/\/www.crea.gov.co\/crea-fontanar\/nuevos-talleres-de-formacion-artistica-en-el-crea-fontanar\/#primaryimage\"},\"image\":{\"@id\":\"https:\/\/www.crea.gov.co\/crea-fontanar\/nuevos-talleres-de-formacion-artistica-en-el-crea-fontanar\/#primaryimage\"},\"thumbnailUrl\":\"https:\/\/www.crea.gov.co\/crea-fontanar\/wp-content\/uploads\/sites\/24\/2025\/05\/MUSICA-CREA-FONTANAR-1_page-0001-1024x1024.jpg\",\"datePublished\":\"2025-05-21T15:50:40+00:00\",\"dateModified\":\"2025-05-21T15:51:59+00:00\",\"author\":{\"@id\":\"https:\/\/www.crea.gov.co\/crea-fontanar\/#\/schema\/person\/5b33c06860d35baa10bfb1387448ab8f\"},\"breadcrumb\":{\"@id\":\"https:\/\/www.crea.gov.co\/crea-fontanar\/nuevos-talleres-de-formacion-artistica-en-el-crea-fontanar\/#breadcrumb\"},\"inLanguage\":\"es-CO\",\"potentialAction\":[{\"@type\":\"ReadAction\",\"target\":[\"https:\/\/www.crea.gov.co\/crea-fontanar\/nuevos-talleres-de-formacion-artistica-en-el-crea-fontanar\/\"]}]},{\"@type\":\"ImageObject\",\"inLanguage\":\"es-CO\",\"@id\":\"https:\/\/www.crea.gov.co\/crea-fontanar\/nuevos-talleres-de-formacion-artistica-en-el-crea-fontanar\/#primaryimage\",\"url\":\"https:\/\/www.crea.gov.co\/crea-fontanar\/wp-content\/uploads\/sites\/24\/2025\/05\/MUSICA-CREA-FONTANAR-1_page-0001.jpg\",\"contentUrl\":\"https:\/\/www.crea.gov.co\/crea-fontanar\/wp-content\/uploads\/sites\/24\/2025\/05\/MUSICA-CREA-FONTANAR-1_page-0001.jpg\",\"width\":1477,\"height\":1477},{\"@type\":\"BreadcrumbList\",\"@id\":\"https:\/\/www.crea.gov.co\/crea-fontanar\/nuevos-talleres-de-formacion-artistica-en-el-crea-fontanar\/#breadcrumb\",\"itemListElement\":[{\"@type\":\"ListItem\",\"position\":1,\"name\":\"Inicio\",\"item\":\"https:\/\/www.crea.gov.co\/crea-fontanar\/\"},{\"@type\":\"ListItem\",\"position\":2,\"name\":\"Nuevos talleres de formaci\u00f3n art\u00edstica en el Crea Fontanar\"}]},{\"@type\":\"WebSite\",\"@id\":\"https:\/\/www.crea.gov.co\/crea-fontanar\/#website\",\"url\":\"https:\/\/www.crea.gov.co\/crea-fontanar\/\",\"name\":\"Crea Fontanar\",\"description\":\"Ubicado en el CEFE del mismo nombre, la cultura se cultiva con fuerza propia, desde y para la comunidad. Este centro hace parte del compromiso por acercar una oferta art\u00edstica s\u00f3lida y constante a distintos puntos de Bogot\u00e1, generando oportunidades para el desarrollo creativo y social de quienes habitan el territorio.\",\"potentialAction\":[{\"@type\":\"SearchAction\",\"target\":{\"@type\":\"EntryPoint\",\"urlTemplate\":\"https:\/\/www.crea.gov.co\/crea-fontanar\/?s={search_term_string}\"},\"query-input\":{\"@type\":\"PropertyValueSpecification\",\"valueRequired\":true,\"valueName\":\"search_term_string\"}}],\"inLanguage\":\"es-CO\"},{\"@type\":\"Person\",\"@id\":\"https:\/\/www.crea.gov.co\/crea-fontanar\/#\/schema\/person\/5b33c06860d35baa10bfb1387448ab8f\",\"name\":\"creafontanar\",\"image\":{\"@type\":\"ImageObject\",\"inLanguage\":\"es-CO\",\"@id\":\"https:\/\/www.crea.gov.co\/crea-fontanar\/#\/schema\/person\/image\/\",\"url\":\"https:\/\/secure.gravatar.com\/avatar\/92b08ea660abf8efd6557d9154572877?s=96&d=mm&r=g\",\"contentUrl\":\"https:\/\/secure.gravatar.com\/avatar\/92b08ea660abf8efd6557d9154572877?s=96&d=mm&r=g\",\"caption\":\"creafontanar\"},\"url\":\"https:\/\/www.crea.gov.co\/crea-fontanar\/author\/creafontanar\/\"}]}<\/script>\n<!-- \/ Yoast SEO plugin. -->","yoast_head_json":{"title":"Nuevos talleres de formaci\u00f3n art\u00edstica en el Crea Fontanar - Crea Fontanar","robots":{"index":"index","follow":"follow","max-snippet":"max-snippet:-1","max-image-preview":"max-image-preview:large","max-video-preview":"max-video-preview:-1"},"canonical":"https:\/\/www.crea.gov.co\/crea-fontanar\/nuevos-talleres-de-formacion-artistica-en-el-crea-fontanar\/","og_locale":"es_ES","og_type":"article","og_title":"Nuevos talleres de formaci\u00f3n art\u00edstica en el Crea Fontanar - Crea Fontanar","og_description":"Informamos a nuestra comunidad que tenemos nuevas noticias de talleres de formaci\u00f3n art\u00edstica en el Crea Fontanar. Estos nuevos talleres de trayecto corto potenciaran tus habilidades en M\u00fasica, Artes Pl\u00e1sticas o Teatro. Acercarte al Crea Fontanar para recibir m\u00e1s informaci\u00f3n o comunicate a nuestros tel\u00e9fonos 6013795750 ext. 5260-5261. Te esperamos.","og_url":"https:\/\/www.crea.gov.co\/crea-fontanar\/nuevos-talleres-de-formacion-artistica-en-el-crea-fontanar\/","og_site_name":"Crea Fontanar","article_published_time":"2025-05-21T15:50:40+00:00","article_modified_time":"2025-05-21T15:51:59+00:00","og_image":[{"width":1477,"height":1477,"url":"https:\/\/www.crea.gov.co\/crea-fontanar\/wp-content\/uploads\/sites\/24\/2025\/05\/MUSICA-CREA-FONTANAR-1_page-0001.jpg","type":"image\/jpeg"}],"author":"creafontanar","twitter_card":"summary_large_image","twitter_misc":{"Escrito por":"creafontanar","Tiempo de lectura":"1 minuto"},"schema":{"@context":"https:\/\/schema.org","@graph":[{"@type":"WebPage","@id":"https:\/\/www.crea.gov.co\/crea-fontanar\/nuevos-talleres-de-formacion-artistica-en-el-crea-fontanar\/","url":"https:\/\/www.crea.gov.co\/crea-fontanar\/nuevos-talleres-de-formacion-artistica-en-el-crea-fontanar\/","name":"Nuevos talleres de formaci\u00f3n art\u00edstica en el Crea Fontanar - Crea Fontanar","isPartOf":{"@id":"https:\/\/www.crea.gov.co\/crea-fontanar\/#website"},"primaryImageOfPage":{"@id":"https:\/\/www.crea.gov.co\/crea-fontanar\/nuevos-talleres-de-formacion-artistica-en-el-crea-fontanar\/#primaryimage"},"image":{"@id":"https:\/\/www.crea.gov.co\/crea-fontanar\/nuevos-talleres-de-formacion-artistica-en-el-crea-fontanar\/#primaryimage"},"thumbnailUrl":"https:\/\/www.crea.gov.co\/crea-fontanar\/wp-content\/uploads\/sites\/24\/2025\/05\/MUSICA-CREA-FONTANAR-1_page-0001-1024x1024.jpg","datePublished":"2025-05-21T15:50:40+00:00","dateModified":"2025-05-21T15:51:59+00:00","author":{"@id":"https:\/\/www.crea.gov.co\/crea-fontanar\/#\/schema\/person\/5b33c06860d35baa10bfb1387448ab8f"},"breadcrumb":{"@id":"https:\/\/www.crea.gov.co\/crea-fontanar\/nuevos-talleres-de-formacion-artistica-en-el-crea-fontanar\/#breadcrumb"},"inLanguage":"es-CO","potentialAction":[{"@type":"ReadAction","target":["https:\/\/www.crea.gov.co\/crea-fontanar\/nuevos-talleres-de-formacion-artistica-en-el-crea-fontanar\/"]}]},{"@type":"ImageObject","inLanguage":"es-CO","@id":"https:\/\/www.crea.gov.co\/crea-fontanar\/nuevos-talleres-de-formacion-artistica-en-el-crea-fontanar\/#primaryimage","url":"https:\/\/www.crea.gov.co\/crea-fontanar\/wp-content\/uploads\/sites\/24\/2025\/05\/MUSICA-CREA-FONTANAR-1_page-0001.jpg","contentUrl":"https:\/\/www.crea.gov.co\/crea-fontanar\/wp-content\/uploads\/sites\/24\/2025\/05\/MUSICA-CREA-FONTANAR-1_page-0001.jpg","width":1477,"height":1477},{"@type":"BreadcrumbList","@id":"https:\/\/www.crea.gov.co\/crea-fontanar\/nuevos-talleres-de-formacion-artistica-en-el-crea-fontanar\/#breadcrumb","itemListElement":[{"@type":"ListItem","position":1,"name":"Inicio","item":"https:\/\/www.crea.gov.co\/crea-fontanar\/"},{"@type":"ListItem","position":2,"name":"Nuevos talleres de formaci\u00f3n art\u00edstica en el Crea Fontanar"}]},{"@type":"WebSite","@id":"https:\/\/www.crea.gov.co\/crea-fontanar\/#website","url":"https:\/\/www.crea.gov.co\/crea-fontanar\/","name":"Crea Fontanar","description":"Ubicado en el CEFE del mismo nombre, la cultura se cultiva con fuerza propia, desde y para la comunidad. Este centro hace parte del compromiso por acercar una oferta art\u00edstica s\u00f3lida y constante a distintos puntos de Bogot\u00e1, generando oportunidades para el desarrollo creativo y social de quienes habitan el territorio.","potentialAction":[{"@type":"SearchAction","target":{"@type":"EntryPoint","urlTemplate":"https:\/\/www.crea.gov.co\/crea-fontanar\/?s={search_term_string}"},"query-input":{"@type":"PropertyValueSpecification","valueRequired":true,"valueName":"search_term_string"}}],"inLanguage":"es-CO"},{"@type":"Person","@id":"https:\/\/www.crea.gov.co\/crea-fontanar\/#\/schema\/person\/5b33c06860d35baa10bfb1387448ab8f","name":"creafontanar","image":{"@type":"ImageObject","inLanguage":"es-CO","@id":"https:\/\/www.crea.gov.co\/crea-fontanar\/#\/schema\/person\/image\/","url":"https:\/\/secure.gravatar.com\/avatar\/92b08ea660abf8efd6557d9154572877?s=96&d=mm&r=g","contentUrl":"https:\/\/secure.gravatar.com\/avatar\/92b08ea660abf8efd6557d9154572877?s=96&d=mm&r=g","caption":"creafontanar"},"url":"https:\/\/www.crea.gov.co\/crea-fontanar\/author\/creafontanar\/"}]}},"_links":{"self":[{"href":"https:\/\/www.crea.gov.co\/crea-fontanar\/wp-json\/wp\/v2\/posts\/700","targetHints":{"allow":["GET"]}}],"collection":[{"href":"https:\/\/www.crea.gov.co\/crea-fontanar\/wp-json\/wp\/v2\/posts"}],"about":[{"href":"https:\/\/www.crea.gov.co\/crea-fontanar\/wp-json\/wp\/v2\/types\/post"}],"author":[{"embeddable":true,"href":"https:\/\/www.crea.gov.co\/crea-fontanar\/wp-json\/wp\/v2\/users\/83"}],"replies":[{"embeddable":true,"href":"https:\/\/www.crea.gov.co\/crea-fontanar\/wp-json\/wp\/v2\/comments?post=700"}],"version-history":[{"count":2,"href":"https:\/\/www.crea.gov.co\/crea-fontanar\/wp-json\/wp\/v2\/posts\/700\/revisions"}],"predecessor-version":[{"id":708,"href":"https:\/\/www.crea.gov.co\/crea-fontanar\/wp-json\/wp\/v2\/posts\/700\/revisions\/708"}],"wp:attachment":[{"href":"https:\/\/www.crea.gov.co\/crea-fontanar\/wp-json\/wp\/v2\/media?parent=700"}],"wp:term":[{"taxonomy":"category","embeddable":true,"href":"https:\/\/www.crea.gov.co\/crea-fontanar\/wp-json\/wp\/v2\/categories?post=700"},{"taxonomy":"post_tag","embeddable":true,"href":"https:\/\/www.crea.gov.co\/crea-fontanar\/wp-json\/wp\/v2\/tags?post=700"}],"curies":[{"name":"wp","href":"https:\/\/api.w.org\/{rel}","templated":true}]}}