{"id":635,"date":"2026-02-19T18:06:12","date_gmt":"2026-02-19T23:06:12","guid":{"rendered":"https:\/\/www.crea.gov.co\/crea-fontanar\/?p=635"},"modified":"2026-02-19T18:07:19","modified_gmt":"2026-02-19T23:07:19","slug":"idartes-abre-inscripciones-a-los-talleres-de-profundizacion-y-exploracion-de-la-escritura-creativa-2026","status":"publish","type":"post","link":"https:\/\/www.crea.gov.co\/crea-fontanar\/idartes-abre-inscripciones-a-los-talleres-de-profundizacion-y-exploracion-de-la-escritura-creativa-2026\/","title":{"rendered":"Idartes abre inscripciones a los Talleres de profundizaci\u00f3n y exploraci\u00f3n de la escritura creativa 2026"},"content":{"rendered":"\n<figure class=\"wp-block-image size-large\"><img loading=\"lazy\" decoding=\"async\" width=\"819\" height=\"1024\" src=\"https:\/\/www.crea.gov.co\/crea-fontanar\/wp-content\/uploads\/sites\/24\/2026\/02\/literatura-819x1024.jpeg\" alt=\"\" class=\"wp-image-871\" srcset=\"https:\/\/www.crea.gov.co\/crea-fontanar\/wp-content\/uploads\/sites\/24\/2026\/02\/literatura-819x1024.jpeg 819w, https:\/\/www.crea.gov.co\/crea-fontanar\/wp-content\/uploads\/sites\/24\/2026\/02\/literatura-240x300.jpeg 240w, https:\/\/www.crea.gov.co\/crea-fontanar\/wp-content\/uploads\/sites\/24\/2026\/02\/literatura-768x960.jpeg 768w, https:\/\/www.crea.gov.co\/crea-fontanar\/wp-content\/uploads\/sites\/24\/2026\/02\/literatura.jpeg 1080w\" sizes=\"auto, (max-width: 819px) 100vw, 819px\" \/><\/figure>\n\n\n\n<p>Las inscripciones est\u00e1n abiertas hasta el 11 de marzo de 2026. Los talleres ser\u00e1n guiados por personas expertas nacionales e internacionales en cada \u00e1rea de la escritura creativa.<br><br>Bogot\u00e1 D.C., 11 de febrero de 2026. El Instituto Distrital de las Artes \u2013 Idartes invita a personas mayores de 18 a\u00f1os interesadas en la creaci\u00f3n literaria a participar en los Talleres de profundizaci\u00f3n y exploraci\u00f3n de la escritura creativa 2026, del programa Escrituras de Bogot\u00e1. <br><br>Los talleres buscan fortalecer las competencias de quienes ya han tenido experiencias previas en escritura de ficci\u00f3n, poes\u00eda, narrativa gr\u00e1fica y otros lenguajes  que no se identifican con un g\u00e9nero literario espec\u00edfico, as\u00ed como ofrecer herramientas para la creaci\u00f3n editorial a escritoras y escritores m\u00e1s all\u00e1 del libro tradicional.<br><br>Estos ser\u00e1n dirigidos por personas expertas nacionales e internacionales reconocidos en cada \u00e1rea, que guiar\u00e1n a los participantes en el desarrollo de sus proyectos literarios y compartir\u00e1n herramientas profesionales para explorar, profundizar y consolidar sus procesos de escritura o creaci\u00f3n editorial.<br><br>Este a\u00f1o se ofrecer\u00e1n siete (7) talleres:<br><br>Taller de profundizaci\u00f3n en narrativa de ficci\u00f3n 1, con Andrea Salgado.<br><br>Taller de profundizaci\u00f3n en narrativa de ficci\u00f3n 2, con Laura Ortiz.<br><br>Taller de profundizaci\u00f3n en registros po\u00e9ticos 1, con Sara Uribe.<br><br>Taller de profundizaci\u00f3n en registros po\u00e9ticos 2, con John F. Galindo.<br><br>Taller de profundizaci\u00f3n en escrituras h\u00edbridas, con Camila Charry Noriega.<br><br>Taller de profundizaci\u00f3n en narrativas gr\u00e1ficas, con Bef (Bernardo Fern\u00e1ndez).<br><br>Taller de exploraci\u00f3n en creaci\u00f3n de objetos editoriales, con Catalina Salazar (Rapi\u00f1a), de La Maleta Fanzinera, y Daniel Pinz\u00f3n Lizarazo, de Narraci\u00f3n Gr\u00e1fica.<br><br>Cada taller contar\u00e1 con quince (15) sesiones de tres (3) horas semanales, en total cuarenta y cinco (45) horas de formaci\u00f3n. Los talleres se dictar\u00e1n entre abril y julio de 2026, de manera presencial o virtual seg\u00fan el taller, y no tendr\u00e1n ning\u00fan costo.<br><br>Las inscripciones est\u00e1n abiertas desde el 11 de febrero hasta el 11 de marzo de 2026, a las 6:00 p.m, a trav\u00e9s de la plataforma de Invitaciones Culturales. Los interesados deben registrarse  y presentar un proyecto creativo, junto con la documentaci\u00f3n requerida. Cada participante solo podr\u00e1 inscribirse en un taller y se seleccionar\u00e1n un m\u00e1ximo de 25 personas por taller.<br><br>El proceso de evaluaci\u00f3n estar\u00e1 a cargo de un comit\u00e9 mixto conformado por catorce jurados internos del Idartes y siete jurados externos ad honorem. El listado de seleccionados se publicar\u00e1 el 7 de abril de 2026.<br><br>Cada participante seleccionado recibir\u00e1 certificado de participaci\u00f3n al completar al menos el 80 % de las sesiones.<br><br>Conozca m\u00e1s sobre el programa Escrituras de Bogot\u00e1 en: https:\/\/idartesencasa.gov.co\/escrituras-de-bogota <br><\/p>\n","protected":false},"excerpt":{"rendered":"<p>Las inscripciones est\u00e1n abiertas hasta el 11 de marzo de 2026. Los talleres ser\u00e1n guiados por personas expertas nacionales e internacionales en cada \u00e1rea de la escritura creativa. Bogot\u00e1 D.C., 11 de febrero de 2026. El Instituto Distrital de las Artes \u2013 Idartes invita a personas mayores de 18 a\u00f1os interesadas en la creaci\u00f3n literaria [&hellip;]<\/p>\n","protected":false},"author":83,"featured_media":0,"comment_status":"open","ping_status":"open","sticky":false,"template":"","format":"standard","meta":{"footnotes":""},"categories":[1],"tags":[],"class_list":["post-635","post","type-post","status-publish","format-standard","hentry","category-sin-categoria"],"yoast_head":"<!-- This site is optimized with the Yoast SEO plugin v24.5 - https:\/\/yoast.com\/wordpress\/plugins\/seo\/ -->\n<title>Idartes abre inscripciones a los Talleres de profundizaci\u00f3n y exploraci\u00f3n de la escritura creativa 2026 - Crea Fontanar<\/title>\n<meta name=\"robots\" content=\"index, follow, max-snippet:-1, max-image-preview:large, max-video-preview:-1\" \/>\n<link rel=\"canonical\" href=\"https:\/\/www.crea.gov.co\/crea-fontanar\/idartes-abre-inscripciones-a-los-talleres-de-profundizacion-y-exploracion-de-la-escritura-creativa-2026\/\" \/>\n<meta property=\"og:locale\" content=\"es_ES\" \/>\n<meta property=\"og:type\" content=\"article\" \/>\n<meta property=\"og:title\" content=\"Idartes abre inscripciones a los Talleres de profundizaci\u00f3n y exploraci\u00f3n de la escritura creativa 2026 - Crea Fontanar\" \/>\n<meta property=\"og:description\" content=\"Las inscripciones est\u00e1n abiertas hasta el 11 de marzo de 2026. Los talleres ser\u00e1n guiados por personas expertas nacionales e internacionales en cada \u00e1rea de la escritura creativa. Bogot\u00e1 D.C., 11 de febrero de 2026. El Instituto Distrital de las Artes \u2013 Idartes invita a personas mayores de 18 a\u00f1os interesadas en la creaci\u00f3n literaria [&hellip;]\" \/>\n<meta property=\"og:url\" content=\"https:\/\/www.crea.gov.co\/crea-fontanar\/idartes-abre-inscripciones-a-los-talleres-de-profundizacion-y-exploracion-de-la-escritura-creativa-2026\/\" \/>\n<meta property=\"og:site_name\" content=\"Crea Fontanar\" \/>\n<meta property=\"article:published_time\" content=\"2026-02-19T23:06:12+00:00\" \/>\n<meta property=\"article:modified_time\" content=\"2026-02-19T23:07:19+00:00\" \/>\n<meta property=\"og:image\" content=\"https:\/\/www.crea.gov.co\/crea-fontanar\/wp-content\/uploads\/sites\/24\/2026\/02\/literatura.jpeg\" \/>\n\t<meta property=\"og:image:width\" content=\"1080\" \/>\n\t<meta property=\"og:image:height\" content=\"1350\" \/>\n\t<meta property=\"og:image:type\" content=\"image\/jpeg\" \/>\n<meta name=\"author\" content=\"creafontanar\" \/>\n<meta name=\"twitter:card\" content=\"summary_large_image\" \/>\n<meta name=\"twitter:label1\" content=\"Escrito por\" \/>\n\t<meta name=\"twitter:data1\" content=\"creafontanar\" \/>\n\t<meta name=\"twitter:label2\" content=\"Tiempo de lectura\" \/>\n\t<meta name=\"twitter:data2\" content=\"3 minutos\" \/>\n<script type=\"application\/ld+json\" class=\"yoast-schema-graph\">{\"@context\":\"https:\/\/schema.org\",\"@graph\":[{\"@type\":\"WebPage\",\"@id\":\"https:\/\/www.crea.gov.co\/crea-fontanar\/idartes-abre-inscripciones-a-los-talleres-de-profundizacion-y-exploracion-de-la-escritura-creativa-2026\/\",\"url\":\"https:\/\/www.crea.gov.co\/crea-fontanar\/idartes-abre-inscripciones-a-los-talleres-de-profundizacion-y-exploracion-de-la-escritura-creativa-2026\/\",\"name\":\"Idartes abre inscripciones a los Talleres de profundizaci\u00f3n y exploraci\u00f3n de la escritura creativa 2026 - Crea Fontanar\",\"isPartOf\":{\"@id\":\"https:\/\/www.crea.gov.co\/crea-fontanar\/#website\"},\"primaryImageOfPage\":{\"@id\":\"https:\/\/www.crea.gov.co\/crea-fontanar\/idartes-abre-inscripciones-a-los-talleres-de-profundizacion-y-exploracion-de-la-escritura-creativa-2026\/#primaryimage\"},\"image\":{\"@id\":\"https:\/\/www.crea.gov.co\/crea-fontanar\/idartes-abre-inscripciones-a-los-talleres-de-profundizacion-y-exploracion-de-la-escritura-creativa-2026\/#primaryimage\"},\"thumbnailUrl\":\"https:\/\/www.crea.gov.co\/crea-fontanar\/wp-content\/uploads\/sites\/24\/2026\/02\/literatura-819x1024.jpeg\",\"datePublished\":\"2026-02-19T23:06:12+00:00\",\"dateModified\":\"2026-02-19T23:07:19+00:00\",\"author\":{\"@id\":\"https:\/\/www.crea.gov.co\/crea-fontanar\/#\/schema\/person\/5b33c06860d35baa10bfb1387448ab8f\"},\"breadcrumb\":{\"@id\":\"https:\/\/www.crea.gov.co\/crea-fontanar\/idartes-abre-inscripciones-a-los-talleres-de-profundizacion-y-exploracion-de-la-escritura-creativa-2026\/#breadcrumb\"},\"inLanguage\":\"es-CO\",\"potentialAction\":[{\"@type\":\"ReadAction\",\"target\":[\"https:\/\/www.crea.gov.co\/crea-fontanar\/idartes-abre-inscripciones-a-los-talleres-de-profundizacion-y-exploracion-de-la-escritura-creativa-2026\/\"]}]},{\"@type\":\"ImageObject\",\"inLanguage\":\"es-CO\",\"@id\":\"https:\/\/www.crea.gov.co\/crea-fontanar\/idartes-abre-inscripciones-a-los-talleres-de-profundizacion-y-exploracion-de-la-escritura-creativa-2026\/#primaryimage\",\"url\":\"https:\/\/www.crea.gov.co\/crea-fontanar\/wp-content\/uploads\/sites\/24\/2026\/02\/literatura.jpeg\",\"contentUrl\":\"https:\/\/www.crea.gov.co\/crea-fontanar\/wp-content\/uploads\/sites\/24\/2026\/02\/literatura.jpeg\",\"width\":1080,\"height\":1350},{\"@type\":\"BreadcrumbList\",\"@id\":\"https:\/\/www.crea.gov.co\/crea-fontanar\/idartes-abre-inscripciones-a-los-talleres-de-profundizacion-y-exploracion-de-la-escritura-creativa-2026\/#breadcrumb\",\"itemListElement\":[{\"@type\":\"ListItem\",\"position\":1,\"name\":\"Inicio\",\"item\":\"https:\/\/www.crea.gov.co\/crea-fontanar\/\"},{\"@type\":\"ListItem\",\"position\":2,\"name\":\"Idartes abre inscripciones a los Talleres de profundizaci\u00f3n y exploraci\u00f3n de la escritura creativa 2026\"}]},{\"@type\":\"WebSite\",\"@id\":\"https:\/\/www.crea.gov.co\/crea-fontanar\/#website\",\"url\":\"https:\/\/www.crea.gov.co\/crea-fontanar\/\",\"name\":\"Crea Fontanar\",\"description\":\"Ubicado en el CEFE del mismo nombre, la cultura se cultiva con fuerza propia, desde y para la comunidad. Este centro hace parte del compromiso por acercar una oferta art\u00edstica s\u00f3lida y constante a distintos puntos de Bogot\u00e1, generando oportunidades para el desarrollo creativo y social de quienes habitan el territorio.\",\"potentialAction\":[{\"@type\":\"SearchAction\",\"target\":{\"@type\":\"EntryPoint\",\"urlTemplate\":\"https:\/\/www.crea.gov.co\/crea-fontanar\/?s={search_term_string}\"},\"query-input\":{\"@type\":\"PropertyValueSpecification\",\"valueRequired\":true,\"valueName\":\"search_term_string\"}}],\"inLanguage\":\"es-CO\"},{\"@type\":\"Person\",\"@id\":\"https:\/\/www.crea.gov.co\/crea-fontanar\/#\/schema\/person\/5b33c06860d35baa10bfb1387448ab8f\",\"name\":\"creafontanar\",\"image\":{\"@type\":\"ImageObject\",\"inLanguage\":\"es-CO\",\"@id\":\"https:\/\/www.crea.gov.co\/crea-fontanar\/#\/schema\/person\/image\/\",\"url\":\"https:\/\/secure.gravatar.com\/avatar\/92b08ea660abf8efd6557d9154572877?s=96&d=mm&r=g\",\"contentUrl\":\"https:\/\/secure.gravatar.com\/avatar\/92b08ea660abf8efd6557d9154572877?s=96&d=mm&r=g\",\"caption\":\"creafontanar\"},\"url\":\"https:\/\/www.crea.gov.co\/crea-fontanar\/author\/creafontanar\/\"}]}<\/script>\n<!-- \/ Yoast SEO plugin. -->","yoast_head_json":{"title":"Idartes abre inscripciones a los Talleres de profundizaci\u00f3n y exploraci\u00f3n de la escritura creativa 2026 - Crea Fontanar","robots":{"index":"index","follow":"follow","max-snippet":"max-snippet:-1","max-image-preview":"max-image-preview:large","max-video-preview":"max-video-preview:-1"},"canonical":"https:\/\/www.crea.gov.co\/crea-fontanar\/idartes-abre-inscripciones-a-los-talleres-de-profundizacion-y-exploracion-de-la-escritura-creativa-2026\/","og_locale":"es_ES","og_type":"article","og_title":"Idartes abre inscripciones a los Talleres de profundizaci\u00f3n y exploraci\u00f3n de la escritura creativa 2026 - Crea Fontanar","og_description":"Las inscripciones est\u00e1n abiertas hasta el 11 de marzo de 2026. Los talleres ser\u00e1n guiados por personas expertas nacionales e internacionales en cada \u00e1rea de la escritura creativa. Bogot\u00e1 D.C., 11 de febrero de 2026. El Instituto Distrital de las Artes \u2013 Idartes invita a personas mayores de 18 a\u00f1os interesadas en la creaci\u00f3n literaria [&hellip;]","og_url":"https:\/\/www.crea.gov.co\/crea-fontanar\/idartes-abre-inscripciones-a-los-talleres-de-profundizacion-y-exploracion-de-la-escritura-creativa-2026\/","og_site_name":"Crea Fontanar","article_published_time":"2026-02-19T23:06:12+00:00","article_modified_time":"2026-02-19T23:07:19+00:00","og_image":[{"width":1080,"height":1350,"url":"https:\/\/www.crea.gov.co\/crea-fontanar\/wp-content\/uploads\/sites\/24\/2026\/02\/literatura.jpeg","type":"image\/jpeg"}],"author":"creafontanar","twitter_card":"summary_large_image","twitter_misc":{"Escrito por":"creafontanar","Tiempo de lectura":"3 minutos"},"schema":{"@context":"https:\/\/schema.org","@graph":[{"@type":"WebPage","@id":"https:\/\/www.crea.gov.co\/crea-fontanar\/idartes-abre-inscripciones-a-los-talleres-de-profundizacion-y-exploracion-de-la-escritura-creativa-2026\/","url":"https:\/\/www.crea.gov.co\/crea-fontanar\/idartes-abre-inscripciones-a-los-talleres-de-profundizacion-y-exploracion-de-la-escritura-creativa-2026\/","name":"Idartes abre inscripciones a los Talleres de profundizaci\u00f3n y exploraci\u00f3n de la escritura creativa 2026 - Crea Fontanar","isPartOf":{"@id":"https:\/\/www.crea.gov.co\/crea-fontanar\/#website"},"primaryImageOfPage":{"@id":"https:\/\/www.crea.gov.co\/crea-fontanar\/idartes-abre-inscripciones-a-los-talleres-de-profundizacion-y-exploracion-de-la-escritura-creativa-2026\/#primaryimage"},"image":{"@id":"https:\/\/www.crea.gov.co\/crea-fontanar\/idartes-abre-inscripciones-a-los-talleres-de-profundizacion-y-exploracion-de-la-escritura-creativa-2026\/#primaryimage"},"thumbnailUrl":"https:\/\/www.crea.gov.co\/crea-fontanar\/wp-content\/uploads\/sites\/24\/2026\/02\/literatura-819x1024.jpeg","datePublished":"2026-02-19T23:06:12+00:00","dateModified":"2026-02-19T23:07:19+00:00","author":{"@id":"https:\/\/www.crea.gov.co\/crea-fontanar\/#\/schema\/person\/5b33c06860d35baa10bfb1387448ab8f"},"breadcrumb":{"@id":"https:\/\/www.crea.gov.co\/crea-fontanar\/idartes-abre-inscripciones-a-los-talleres-de-profundizacion-y-exploracion-de-la-escritura-creativa-2026\/#breadcrumb"},"inLanguage":"es-CO","potentialAction":[{"@type":"ReadAction","target":["https:\/\/www.crea.gov.co\/crea-fontanar\/idartes-abre-inscripciones-a-los-talleres-de-profundizacion-y-exploracion-de-la-escritura-creativa-2026\/"]}]},{"@type":"ImageObject","inLanguage":"es-CO","@id":"https:\/\/www.crea.gov.co\/crea-fontanar\/idartes-abre-inscripciones-a-los-talleres-de-profundizacion-y-exploracion-de-la-escritura-creativa-2026\/#primaryimage","url":"https:\/\/www.crea.gov.co\/crea-fontanar\/wp-content\/uploads\/sites\/24\/2026\/02\/literatura.jpeg","contentUrl":"https:\/\/www.crea.gov.co\/crea-fontanar\/wp-content\/uploads\/sites\/24\/2026\/02\/literatura.jpeg","width":1080,"height":1350},{"@type":"BreadcrumbList","@id":"https:\/\/www.crea.gov.co\/crea-fontanar\/idartes-abre-inscripciones-a-los-talleres-de-profundizacion-y-exploracion-de-la-escritura-creativa-2026\/#breadcrumb","itemListElement":[{"@type":"ListItem","position":1,"name":"Inicio","item":"https:\/\/www.crea.gov.co\/crea-fontanar\/"},{"@type":"ListItem","position":2,"name":"Idartes abre inscripciones a los Talleres de profundizaci\u00f3n y exploraci\u00f3n de la escritura creativa 2026"}]},{"@type":"WebSite","@id":"https:\/\/www.crea.gov.co\/crea-fontanar\/#website","url":"https:\/\/www.crea.gov.co\/crea-fontanar\/","name":"Crea Fontanar","description":"Ubicado en el CEFE del mismo nombre, la cultura se cultiva con fuerza propia, desde y para la comunidad. Este centro hace parte del compromiso por acercar una oferta art\u00edstica s\u00f3lida y constante a distintos puntos de Bogot\u00e1, generando oportunidades para el desarrollo creativo y social de quienes habitan el territorio.","potentialAction":[{"@type":"SearchAction","target":{"@type":"EntryPoint","urlTemplate":"https:\/\/www.crea.gov.co\/crea-fontanar\/?s={search_term_string}"},"query-input":{"@type":"PropertyValueSpecification","valueRequired":true,"valueName":"search_term_string"}}],"inLanguage":"es-CO"},{"@type":"Person","@id":"https:\/\/www.crea.gov.co\/crea-fontanar\/#\/schema\/person\/5b33c06860d35baa10bfb1387448ab8f","name":"creafontanar","image":{"@type":"ImageObject","inLanguage":"es-CO","@id":"https:\/\/www.crea.gov.co\/crea-fontanar\/#\/schema\/person\/image\/","url":"https:\/\/secure.gravatar.com\/avatar\/92b08ea660abf8efd6557d9154572877?s=96&d=mm&r=g","contentUrl":"https:\/\/secure.gravatar.com\/avatar\/92b08ea660abf8efd6557d9154572877?s=96&d=mm&r=g","caption":"creafontanar"},"url":"https:\/\/www.crea.gov.co\/crea-fontanar\/author\/creafontanar\/"}]}},"_links":{"self":[{"href":"https:\/\/www.crea.gov.co\/crea-fontanar\/wp-json\/wp\/v2\/posts\/635","targetHints":{"allow":["GET"]}}],"collection":[{"href":"https:\/\/www.crea.gov.co\/crea-fontanar\/wp-json\/wp\/v2\/posts"}],"about":[{"href":"https:\/\/www.crea.gov.co\/crea-fontanar\/wp-json\/wp\/v2\/types\/post"}],"author":[{"embeddable":true,"href":"https:\/\/www.crea.gov.co\/crea-fontanar\/wp-json\/wp\/v2\/users\/83"}],"replies":[{"embeddable":true,"href":"https:\/\/www.crea.gov.co\/crea-fontanar\/wp-json\/wp\/v2\/comments?post=635"}],"version-history":[{"count":2,"href":"https:\/\/www.crea.gov.co\/crea-fontanar\/wp-json\/wp\/v2\/posts\/635\/revisions"}],"predecessor-version":[{"id":872,"href":"https:\/\/www.crea.gov.co\/crea-fontanar\/wp-json\/wp\/v2\/posts\/635\/revisions\/872"}],"wp:attachment":[{"href":"https:\/\/www.crea.gov.co\/crea-fontanar\/wp-json\/wp\/v2\/media?parent=635"}],"wp:term":[{"taxonomy":"category","embeddable":true,"href":"https:\/\/www.crea.gov.co\/crea-fontanar\/wp-json\/wp\/v2\/categories?post=635"},{"taxonomy":"post_tag","embeddable":true,"href":"https:\/\/www.crea.gov.co\/crea-fontanar\/wp-json\/wp\/v2\/tags?post=635"}],"curies":[{"name":"wp","href":"https:\/\/api.w.org\/{rel}","templated":true}]}}