{"id":551,"date":"2024-05-21T17:31:28","date_gmt":"2024-05-21T22:31:28","guid":{"rendered":"https:\/\/www.crea.gov.co\/crea-fontanar\/?p=551"},"modified":"2024-05-21T17:31:29","modified_gmt":"2024-05-21T22:31:29","slug":"ecosistemas-crea-en-fontanar","status":"publish","type":"post","link":"https:\/\/www.crea.gov.co\/crea-fontanar\/ecosistemas-crea-en-fontanar\/","title":{"rendered":"ECOSISTEMAS CREA EN FONTANAR!"},"content":{"rendered":"\n<p>Desde el lunes 20 hasta el s\u00e1bado 25 del 2024, el Crea fontanar abre sus puertas para la realizaci\u00f3n del Ecosistema Crea, que tiene como objetivo crear ambientes propicios para la visibilizaci\u00f3n y la reflexi\u00f3n de los procesos de creaci\u00f3n y formaci\u00f3n integral, a partir de las pr\u00e1cticas y los lenguajes art\u00edsticos. El primer encuentro del Ecosistema Crea se llev\u00f3 a cabo \u00e9ste lunes con los grupos de audiovisuales y danzas, donde chicas y chicos compartieron y se divirtieron creando arte!<\/p>\n","protected":false},"excerpt":{"rendered":"<p>Desde el lunes 20 hasta el s\u00e1bado 25 del 2024, el Crea fontanar abre sus puertas para la realizaci\u00f3n del Ecosistema Crea, que tiene como objetivo crear ambientes propicios para la visibilizaci\u00f3n y la reflexi\u00f3n de los procesos de creaci\u00f3n y formaci\u00f3n integral, a partir de las pr\u00e1cticas y los lenguajes art\u00edsticos. El primer encuentro [&hellip;]<\/p>\n","protected":false},"author":39,"featured_media":552,"comment_status":"open","ping_status":"open","sticky":false,"template":"","format":"standard","meta":{"footnotes":""},"categories":[1],"tags":[],"class_list":["post-551","post","type-post","status-publish","format-standard","has-post-thumbnail","hentry","category-sin-categoria"],"yoast_head":"<!-- This site is optimized with the Yoast SEO plugin v24.5 - https:\/\/yoast.com\/wordpress\/plugins\/seo\/ -->\n<title>ECOSISTEMAS CREA EN FONTANAR! - Crea Fontanar<\/title>\n<meta name=\"robots\" content=\"index, follow, max-snippet:-1, max-image-preview:large, max-video-preview:-1\" \/>\n<link rel=\"canonical\" href=\"https:\/\/www.crea.gov.co\/crea-fontanar\/ecosistemas-crea-en-fontanar\/\" \/>\n<meta property=\"og:locale\" content=\"es_ES\" \/>\n<meta property=\"og:type\" content=\"article\" \/>\n<meta property=\"og:title\" content=\"ECOSISTEMAS CREA EN FONTANAR! - Crea Fontanar\" \/>\n<meta property=\"og:description\" content=\"Desde el lunes 20 hasta el s\u00e1bado 25 del 2024, el Crea fontanar abre sus puertas para la realizaci\u00f3n del Ecosistema Crea, que tiene como objetivo crear ambientes propicios para la visibilizaci\u00f3n y la reflexi\u00f3n de los procesos de creaci\u00f3n y formaci\u00f3n integral, a partir de las pr\u00e1cticas y los lenguajes art\u00edsticos. El primer encuentro [&hellip;]\" \/>\n<meta property=\"og:url\" content=\"https:\/\/www.crea.gov.co\/crea-fontanar\/ecosistemas-crea-en-fontanar\/\" \/>\n<meta property=\"og:site_name\" content=\"Crea Fontanar\" \/>\n<meta property=\"article:published_time\" content=\"2024-05-21T22:31:28+00:00\" \/>\n<meta property=\"article:modified_time\" content=\"2024-05-21T22:31:29+00:00\" \/>\n<meta property=\"og:image\" content=\"https:\/\/www.crea.gov.co\/crea-fontanar\/wp-content\/uploads\/sites\/24\/2024\/05\/IMG_20240520_154538086-1-scaled.jpg\" \/>\n\t<meta property=\"og:image:width\" content=\"2560\" \/>\n\t<meta property=\"og:image:height\" content=\"1920\" \/>\n\t<meta property=\"og:image:type\" content=\"image\/jpeg\" \/>\n<meta name=\"author\" content=\"jennytrujillo\" \/>\n<meta name=\"twitter:card\" content=\"summary_large_image\" \/>\n<meta name=\"twitter:label1\" content=\"Escrito por\" \/>\n\t<meta name=\"twitter:data1\" content=\"jennytrujillo\" \/>\n\t<meta name=\"twitter:label2\" content=\"Tiempo de lectura\" \/>\n\t<meta name=\"twitter:data2\" content=\"1 minuto\" \/>\n<script type=\"application\/ld+json\" class=\"yoast-schema-graph\">{\"@context\":\"https:\/\/schema.org\",\"@graph\":[{\"@type\":\"WebPage\",\"@id\":\"https:\/\/www.crea.gov.co\/crea-fontanar\/ecosistemas-crea-en-fontanar\/\",\"url\":\"https:\/\/www.crea.gov.co\/crea-fontanar\/ecosistemas-crea-en-fontanar\/\",\"name\":\"ECOSISTEMAS CREA EN FONTANAR! - Crea Fontanar\",\"isPartOf\":{\"@id\":\"https:\/\/www.crea.gov.co\/crea-fontanar\/#website\"},\"primaryImageOfPage\":{\"@id\":\"https:\/\/www.crea.gov.co\/crea-fontanar\/ecosistemas-crea-en-fontanar\/#primaryimage\"},\"image\":{\"@id\":\"https:\/\/www.crea.gov.co\/crea-fontanar\/ecosistemas-crea-en-fontanar\/#primaryimage\"},\"thumbnailUrl\":\"https:\/\/www.crea.gov.co\/crea-fontanar\/wp-content\/uploads\/sites\/24\/2024\/05\/IMG_20240520_154538086-1-scaled.jpg\",\"datePublished\":\"2024-05-21T22:31:28+00:00\",\"dateModified\":\"2024-05-21T22:31:29+00:00\",\"author\":{\"@id\":\"https:\/\/www.crea.gov.co\/crea-fontanar\/#\/schema\/person\/6525432537260de83c5a0fe737539c72\"},\"breadcrumb\":{\"@id\":\"https:\/\/www.crea.gov.co\/crea-fontanar\/ecosistemas-crea-en-fontanar\/#breadcrumb\"},\"inLanguage\":\"es-CO\",\"potentialAction\":[{\"@type\":\"ReadAction\",\"target\":[\"https:\/\/www.crea.gov.co\/crea-fontanar\/ecosistemas-crea-en-fontanar\/\"]}]},{\"@type\":\"ImageObject\",\"inLanguage\":\"es-CO\",\"@id\":\"https:\/\/www.crea.gov.co\/crea-fontanar\/ecosistemas-crea-en-fontanar\/#primaryimage\",\"url\":\"https:\/\/www.crea.gov.co\/crea-fontanar\/wp-content\/uploads\/sites\/24\/2024\/05\/IMG_20240520_154538086-1-scaled.jpg\",\"contentUrl\":\"https:\/\/www.crea.gov.co\/crea-fontanar\/wp-content\/uploads\/sites\/24\/2024\/05\/IMG_20240520_154538086-1-scaled.jpg\",\"width\":2560,\"height\":1920},{\"@type\":\"BreadcrumbList\",\"@id\":\"https:\/\/www.crea.gov.co\/crea-fontanar\/ecosistemas-crea-en-fontanar\/#breadcrumb\",\"itemListElement\":[{\"@type\":\"ListItem\",\"position\":1,\"name\":\"Inicio\",\"item\":\"https:\/\/www.crea.gov.co\/crea-fontanar\/\"},{\"@type\":\"ListItem\",\"position\":2,\"name\":\"ECOSISTEMAS CREA EN FONTANAR!\"}]},{\"@type\":\"WebSite\",\"@id\":\"https:\/\/www.crea.gov.co\/crea-fontanar\/#website\",\"url\":\"https:\/\/www.crea.gov.co\/crea-fontanar\/\",\"name\":\"Crea Fontanar\",\"description\":\"Ubicado en el CEFE del mismo nombre, la cultura se cultiva con fuerza propia, desde y para la comunidad. Este centro hace parte del compromiso por acercar una oferta art\u00edstica s\u00f3lida y constante a distintos puntos de Bogot\u00e1, generando oportunidades para el desarrollo creativo y social de quienes habitan el territorio.\",\"potentialAction\":[{\"@type\":\"SearchAction\",\"target\":{\"@type\":\"EntryPoint\",\"urlTemplate\":\"https:\/\/www.crea.gov.co\/crea-fontanar\/?s={search_term_string}\"},\"query-input\":{\"@type\":\"PropertyValueSpecification\",\"valueRequired\":true,\"valueName\":\"search_term_string\"}}],\"inLanguage\":\"es-CO\"},{\"@type\":\"Person\",\"@id\":\"https:\/\/www.crea.gov.co\/crea-fontanar\/#\/schema\/person\/6525432537260de83c5a0fe737539c72\",\"name\":\"jennytrujillo\",\"image\":{\"@type\":\"ImageObject\",\"inLanguage\":\"es-CO\",\"@id\":\"https:\/\/www.crea.gov.co\/crea-fontanar\/#\/schema\/person\/image\/\",\"url\":\"https:\/\/secure.gravatar.com\/avatar\/acfa4527e96531ec995b9c7175f18f49?s=96&d=mm&r=g\",\"contentUrl\":\"https:\/\/secure.gravatar.com\/avatar\/acfa4527e96531ec995b9c7175f18f49?s=96&d=mm&r=g\",\"caption\":\"jennytrujillo\"},\"url\":\"https:\/\/www.crea.gov.co\/crea-fontanar\/author\/jennytrujillo\/\"}]}<\/script>\n<!-- \/ Yoast SEO plugin. -->","yoast_head_json":{"title":"ECOSISTEMAS CREA EN FONTANAR! - Crea Fontanar","robots":{"index":"index","follow":"follow","max-snippet":"max-snippet:-1","max-image-preview":"max-image-preview:large","max-video-preview":"max-video-preview:-1"},"canonical":"https:\/\/www.crea.gov.co\/crea-fontanar\/ecosistemas-crea-en-fontanar\/","og_locale":"es_ES","og_type":"article","og_title":"ECOSISTEMAS CREA EN FONTANAR! - Crea Fontanar","og_description":"Desde el lunes 20 hasta el s\u00e1bado 25 del 2024, el Crea fontanar abre sus puertas para la realizaci\u00f3n del Ecosistema Crea, que tiene como objetivo crear ambientes propicios para la visibilizaci\u00f3n y la reflexi\u00f3n de los procesos de creaci\u00f3n y formaci\u00f3n integral, a partir de las pr\u00e1cticas y los lenguajes art\u00edsticos. El primer encuentro [&hellip;]","og_url":"https:\/\/www.crea.gov.co\/crea-fontanar\/ecosistemas-crea-en-fontanar\/","og_site_name":"Crea Fontanar","article_published_time":"2024-05-21T22:31:28+00:00","article_modified_time":"2024-05-21T22:31:29+00:00","og_image":[{"width":2560,"height":1920,"url":"https:\/\/www.crea.gov.co\/crea-fontanar\/wp-content\/uploads\/sites\/24\/2024\/05\/IMG_20240520_154538086-1-scaled.jpg","type":"image\/jpeg"}],"author":"jennytrujillo","twitter_card":"summary_large_image","twitter_misc":{"Escrito por":"jennytrujillo","Tiempo de lectura":"1 minuto"},"schema":{"@context":"https:\/\/schema.org","@graph":[{"@type":"WebPage","@id":"https:\/\/www.crea.gov.co\/crea-fontanar\/ecosistemas-crea-en-fontanar\/","url":"https:\/\/www.crea.gov.co\/crea-fontanar\/ecosistemas-crea-en-fontanar\/","name":"ECOSISTEMAS CREA EN FONTANAR! - Crea Fontanar","isPartOf":{"@id":"https:\/\/www.crea.gov.co\/crea-fontanar\/#website"},"primaryImageOfPage":{"@id":"https:\/\/www.crea.gov.co\/crea-fontanar\/ecosistemas-crea-en-fontanar\/#primaryimage"},"image":{"@id":"https:\/\/www.crea.gov.co\/crea-fontanar\/ecosistemas-crea-en-fontanar\/#primaryimage"},"thumbnailUrl":"https:\/\/www.crea.gov.co\/crea-fontanar\/wp-content\/uploads\/sites\/24\/2024\/05\/IMG_20240520_154538086-1-scaled.jpg","datePublished":"2024-05-21T22:31:28+00:00","dateModified":"2024-05-21T22:31:29+00:00","author":{"@id":"https:\/\/www.crea.gov.co\/crea-fontanar\/#\/schema\/person\/6525432537260de83c5a0fe737539c72"},"breadcrumb":{"@id":"https:\/\/www.crea.gov.co\/crea-fontanar\/ecosistemas-crea-en-fontanar\/#breadcrumb"},"inLanguage":"es-CO","potentialAction":[{"@type":"ReadAction","target":["https:\/\/www.crea.gov.co\/crea-fontanar\/ecosistemas-crea-en-fontanar\/"]}]},{"@type":"ImageObject","inLanguage":"es-CO","@id":"https:\/\/www.crea.gov.co\/crea-fontanar\/ecosistemas-crea-en-fontanar\/#primaryimage","url":"https:\/\/www.crea.gov.co\/crea-fontanar\/wp-content\/uploads\/sites\/24\/2024\/05\/IMG_20240520_154538086-1-scaled.jpg","contentUrl":"https:\/\/www.crea.gov.co\/crea-fontanar\/wp-content\/uploads\/sites\/24\/2024\/05\/IMG_20240520_154538086-1-scaled.jpg","width":2560,"height":1920},{"@type":"BreadcrumbList","@id":"https:\/\/www.crea.gov.co\/crea-fontanar\/ecosistemas-crea-en-fontanar\/#breadcrumb","itemListElement":[{"@type":"ListItem","position":1,"name":"Inicio","item":"https:\/\/www.crea.gov.co\/crea-fontanar\/"},{"@type":"ListItem","position":2,"name":"ECOSISTEMAS CREA EN FONTANAR!"}]},{"@type":"WebSite","@id":"https:\/\/www.crea.gov.co\/crea-fontanar\/#website","url":"https:\/\/www.crea.gov.co\/crea-fontanar\/","name":"Crea Fontanar","description":"Ubicado en el CEFE del mismo nombre, la cultura se cultiva con fuerza propia, desde y para la comunidad. Este centro hace parte del compromiso por acercar una oferta art\u00edstica s\u00f3lida y constante a distintos puntos de Bogot\u00e1, generando oportunidades para el desarrollo creativo y social de quienes habitan el territorio.","potentialAction":[{"@type":"SearchAction","target":{"@type":"EntryPoint","urlTemplate":"https:\/\/www.crea.gov.co\/crea-fontanar\/?s={search_term_string}"},"query-input":{"@type":"PropertyValueSpecification","valueRequired":true,"valueName":"search_term_string"}}],"inLanguage":"es-CO"},{"@type":"Person","@id":"https:\/\/www.crea.gov.co\/crea-fontanar\/#\/schema\/person\/6525432537260de83c5a0fe737539c72","name":"jennytrujillo","image":{"@type":"ImageObject","inLanguage":"es-CO","@id":"https:\/\/www.crea.gov.co\/crea-fontanar\/#\/schema\/person\/image\/","url":"https:\/\/secure.gravatar.com\/avatar\/acfa4527e96531ec995b9c7175f18f49?s=96&d=mm&r=g","contentUrl":"https:\/\/secure.gravatar.com\/avatar\/acfa4527e96531ec995b9c7175f18f49?s=96&d=mm&r=g","caption":"jennytrujillo"},"url":"https:\/\/www.crea.gov.co\/crea-fontanar\/author\/jennytrujillo\/"}]}},"_links":{"self":[{"href":"https:\/\/www.crea.gov.co\/crea-fontanar\/wp-json\/wp\/v2\/posts\/551","targetHints":{"allow":["GET"]}}],"collection":[{"href":"https:\/\/www.crea.gov.co\/crea-fontanar\/wp-json\/wp\/v2\/posts"}],"about":[{"href":"https:\/\/www.crea.gov.co\/crea-fontanar\/wp-json\/wp\/v2\/types\/post"}],"author":[{"embeddable":true,"href":"https:\/\/www.crea.gov.co\/crea-fontanar\/wp-json\/wp\/v2\/users\/39"}],"replies":[{"embeddable":true,"href":"https:\/\/www.crea.gov.co\/crea-fontanar\/wp-json\/wp\/v2\/comments?post=551"}],"version-history":[{"count":1,"href":"https:\/\/www.crea.gov.co\/crea-fontanar\/wp-json\/wp\/v2\/posts\/551\/revisions"}],"predecessor-version":[{"id":553,"href":"https:\/\/www.crea.gov.co\/crea-fontanar\/wp-json\/wp\/v2\/posts\/551\/revisions\/553"}],"wp:featuredmedia":[{"embeddable":true,"href":"https:\/\/www.crea.gov.co\/crea-fontanar\/wp-json\/wp\/v2\/media\/552"}],"wp:attachment":[{"href":"https:\/\/www.crea.gov.co\/crea-fontanar\/wp-json\/wp\/v2\/media?parent=551"}],"wp:term":[{"taxonomy":"category","embeddable":true,"href":"https:\/\/www.crea.gov.co\/crea-fontanar\/wp-json\/wp\/v2\/categories?post=551"},{"taxonomy":"post_tag","embeddable":true,"href":"https:\/\/www.crea.gov.co\/crea-fontanar\/wp-json\/wp\/v2\/tags?post=551"}],"curies":[{"name":"wp","href":"https:\/\/api.w.org\/{rel}","templated":true}]}}