{"id":521,"date":"2023-12-12T14:25:10","date_gmt":"2023-12-12T19:25:10","guid":{"rendered":"https:\/\/www.crea.gov.co\/crea-fontanar\/?p=521"},"modified":"2023-12-12T14:25:59","modified_gmt":"2023-12-12T19:25:59","slug":"nos-reencontraremos-en-el-2024","status":"publish","type":"post","link":"https:\/\/www.crea.gov.co\/crea-fontanar\/nos-reencontraremos-en-el-2024\/","title":{"rendered":"NOS RE-ENCONTRAREMOS EN EL 2024!"},"content":{"rendered":"\n<p>Desde el Crea Fontanar les decimos: \u00a1Que los logros de este a\u00f1o sean s\u00f3lo las semillas para ser plantadas y que se cosechen con enorme \u00e9xito en los a\u00f1os venideros. \u00a1Feliz Navidad, felices fiestas y mucha prosperidad en el 2024! Esperamos retornar en febrero del 2024!<\/p>\n","protected":false},"excerpt":{"rendered":"<p>Desde el Crea Fontanar les decimos: \u00a1Que los logros de este a\u00f1o sean s\u00f3lo las semillas para ser plantadas y que se cosechen con enorme \u00e9xito en los a\u00f1os venideros. \u00a1Feliz Navidad, felices fiestas y mucha prosperidad en el 2024! Esperamos retornar en febrero del 2024!<\/p>\n","protected":false},"author":39,"featured_media":0,"comment_status":"open","ping_status":"open","sticky":false,"template":"","format":"standard","meta":{"footnotes":""},"categories":[1],"tags":[],"class_list":["post-521","post","type-post","status-publish","format-standard","hentry","category-sin-categoria"],"yoast_head":"<!-- This site is optimized with the Yoast SEO plugin v24.5 - https:\/\/yoast.com\/wordpress\/plugins\/seo\/ -->\n<title>NOS RE-ENCONTRAREMOS EN EL 2024! - Crea Fontanar<\/title>\n<meta name=\"robots\" content=\"index, follow, max-snippet:-1, max-image-preview:large, max-video-preview:-1\" \/>\n<link rel=\"canonical\" href=\"https:\/\/www.crea.gov.co\/crea-fontanar\/nos-reencontraremos-en-el-2024\/\" \/>\n<meta property=\"og:locale\" content=\"es_ES\" \/>\n<meta property=\"og:type\" content=\"article\" \/>\n<meta property=\"og:title\" content=\"NOS RE-ENCONTRAREMOS EN EL 2024! - Crea Fontanar\" \/>\n<meta property=\"og:description\" content=\"Desde el Crea Fontanar les decimos: \u00a1Que los logros de este a\u00f1o sean s\u00f3lo las semillas para ser plantadas y que se cosechen con enorme \u00e9xito en los a\u00f1os venideros. \u00a1Feliz Navidad, felices fiestas y mucha prosperidad en el 2024! Esperamos retornar en febrero del 2024!\" \/>\n<meta property=\"og:url\" content=\"https:\/\/www.crea.gov.co\/crea-fontanar\/nos-reencontraremos-en-el-2024\/\" \/>\n<meta property=\"og:site_name\" content=\"Crea Fontanar\" \/>\n<meta property=\"article:published_time\" content=\"2023-12-12T19:25:10+00:00\" \/>\n<meta property=\"article:modified_time\" content=\"2023-12-12T19:25:59+00:00\" \/>\n<meta name=\"author\" content=\"jennytrujillo\" \/>\n<meta name=\"twitter:card\" content=\"summary_large_image\" \/>\n<meta name=\"twitter:label1\" content=\"Escrito por\" \/>\n\t<meta name=\"twitter:data1\" content=\"jennytrujillo\" \/>\n\t<meta name=\"twitter:label2\" content=\"Tiempo de lectura\" \/>\n\t<meta name=\"twitter:data2\" content=\"1 minuto\" \/>\n<script type=\"application\/ld+json\" class=\"yoast-schema-graph\">{\"@context\":\"https:\/\/schema.org\",\"@graph\":[{\"@type\":\"WebPage\",\"@id\":\"https:\/\/www.crea.gov.co\/crea-fontanar\/nos-reencontraremos-en-el-2024\/\",\"url\":\"https:\/\/www.crea.gov.co\/crea-fontanar\/nos-reencontraremos-en-el-2024\/\",\"name\":\"NOS RE-ENCONTRAREMOS EN EL 2024! - Crea Fontanar\",\"isPartOf\":{\"@id\":\"https:\/\/www.crea.gov.co\/crea-fontanar\/#website\"},\"datePublished\":\"2023-12-12T19:25:10+00:00\",\"dateModified\":\"2023-12-12T19:25:59+00:00\",\"author\":{\"@id\":\"https:\/\/www.crea.gov.co\/crea-fontanar\/#\/schema\/person\/6525432537260de83c5a0fe737539c72\"},\"breadcrumb\":{\"@id\":\"https:\/\/www.crea.gov.co\/crea-fontanar\/nos-reencontraremos-en-el-2024\/#breadcrumb\"},\"inLanguage\":\"es-CO\",\"potentialAction\":[{\"@type\":\"ReadAction\",\"target\":[\"https:\/\/www.crea.gov.co\/crea-fontanar\/nos-reencontraremos-en-el-2024\/\"]}]},{\"@type\":\"BreadcrumbList\",\"@id\":\"https:\/\/www.crea.gov.co\/crea-fontanar\/nos-reencontraremos-en-el-2024\/#breadcrumb\",\"itemListElement\":[{\"@type\":\"ListItem\",\"position\":1,\"name\":\"Inicio\",\"item\":\"https:\/\/www.crea.gov.co\/crea-fontanar\/\"},{\"@type\":\"ListItem\",\"position\":2,\"name\":\"NOS RE-ENCONTRAREMOS EN EL 2024!\"}]},{\"@type\":\"WebSite\",\"@id\":\"https:\/\/www.crea.gov.co\/crea-fontanar\/#website\",\"url\":\"https:\/\/www.crea.gov.co\/crea-fontanar\/\",\"name\":\"Crea Fontanar\",\"description\":\"Ubicado en el CEFE del mismo nombre, la cultura se cultiva con fuerza propia, desde y para la comunidad. Este centro hace parte del compromiso por acercar una oferta art\u00edstica s\u00f3lida y constante a distintos puntos de Bogot\u00e1, generando oportunidades para el desarrollo creativo y social de quienes habitan el territorio.\",\"potentialAction\":[{\"@type\":\"SearchAction\",\"target\":{\"@type\":\"EntryPoint\",\"urlTemplate\":\"https:\/\/www.crea.gov.co\/crea-fontanar\/?s={search_term_string}\"},\"query-input\":{\"@type\":\"PropertyValueSpecification\",\"valueRequired\":true,\"valueName\":\"search_term_string\"}}],\"inLanguage\":\"es-CO\"},{\"@type\":\"Person\",\"@id\":\"https:\/\/www.crea.gov.co\/crea-fontanar\/#\/schema\/person\/6525432537260de83c5a0fe737539c72\",\"name\":\"jennytrujillo\",\"image\":{\"@type\":\"ImageObject\",\"inLanguage\":\"es-CO\",\"@id\":\"https:\/\/www.crea.gov.co\/crea-fontanar\/#\/schema\/person\/image\/\",\"url\":\"https:\/\/secure.gravatar.com\/avatar\/acfa4527e96531ec995b9c7175f18f49?s=96&d=mm&r=g\",\"contentUrl\":\"https:\/\/secure.gravatar.com\/avatar\/acfa4527e96531ec995b9c7175f18f49?s=96&d=mm&r=g\",\"caption\":\"jennytrujillo\"},\"url\":\"https:\/\/www.crea.gov.co\/crea-fontanar\/author\/jennytrujillo\/\"}]}<\/script>\n<!-- \/ Yoast SEO plugin. -->","yoast_head_json":{"title":"NOS RE-ENCONTRAREMOS EN EL 2024! - Crea Fontanar","robots":{"index":"index","follow":"follow","max-snippet":"max-snippet:-1","max-image-preview":"max-image-preview:large","max-video-preview":"max-video-preview:-1"},"canonical":"https:\/\/www.crea.gov.co\/crea-fontanar\/nos-reencontraremos-en-el-2024\/","og_locale":"es_ES","og_type":"article","og_title":"NOS RE-ENCONTRAREMOS EN EL 2024! - Crea Fontanar","og_description":"Desde el Crea Fontanar les decimos: \u00a1Que los logros de este a\u00f1o sean s\u00f3lo las semillas para ser plantadas y que se cosechen con enorme \u00e9xito en los a\u00f1os venideros. \u00a1Feliz Navidad, felices fiestas y mucha prosperidad en el 2024! Esperamos retornar en febrero del 2024!","og_url":"https:\/\/www.crea.gov.co\/crea-fontanar\/nos-reencontraremos-en-el-2024\/","og_site_name":"Crea Fontanar","article_published_time":"2023-12-12T19:25:10+00:00","article_modified_time":"2023-12-12T19:25:59+00:00","author":"jennytrujillo","twitter_card":"summary_large_image","twitter_misc":{"Escrito por":"jennytrujillo","Tiempo de lectura":"1 minuto"},"schema":{"@context":"https:\/\/schema.org","@graph":[{"@type":"WebPage","@id":"https:\/\/www.crea.gov.co\/crea-fontanar\/nos-reencontraremos-en-el-2024\/","url":"https:\/\/www.crea.gov.co\/crea-fontanar\/nos-reencontraremos-en-el-2024\/","name":"NOS RE-ENCONTRAREMOS EN EL 2024! - Crea Fontanar","isPartOf":{"@id":"https:\/\/www.crea.gov.co\/crea-fontanar\/#website"},"datePublished":"2023-12-12T19:25:10+00:00","dateModified":"2023-12-12T19:25:59+00:00","author":{"@id":"https:\/\/www.crea.gov.co\/crea-fontanar\/#\/schema\/person\/6525432537260de83c5a0fe737539c72"},"breadcrumb":{"@id":"https:\/\/www.crea.gov.co\/crea-fontanar\/nos-reencontraremos-en-el-2024\/#breadcrumb"},"inLanguage":"es-CO","potentialAction":[{"@type":"ReadAction","target":["https:\/\/www.crea.gov.co\/crea-fontanar\/nos-reencontraremos-en-el-2024\/"]}]},{"@type":"BreadcrumbList","@id":"https:\/\/www.crea.gov.co\/crea-fontanar\/nos-reencontraremos-en-el-2024\/#breadcrumb","itemListElement":[{"@type":"ListItem","position":1,"name":"Inicio","item":"https:\/\/www.crea.gov.co\/crea-fontanar\/"},{"@type":"ListItem","position":2,"name":"NOS RE-ENCONTRAREMOS EN EL 2024!"}]},{"@type":"WebSite","@id":"https:\/\/www.crea.gov.co\/crea-fontanar\/#website","url":"https:\/\/www.crea.gov.co\/crea-fontanar\/","name":"Crea Fontanar","description":"Ubicado en el CEFE del mismo nombre, la cultura se cultiva con fuerza propia, desde y para la comunidad. Este centro hace parte del compromiso por acercar una oferta art\u00edstica s\u00f3lida y constante a distintos puntos de Bogot\u00e1, generando oportunidades para el desarrollo creativo y social de quienes habitan el territorio.","potentialAction":[{"@type":"SearchAction","target":{"@type":"EntryPoint","urlTemplate":"https:\/\/www.crea.gov.co\/crea-fontanar\/?s={search_term_string}"},"query-input":{"@type":"PropertyValueSpecification","valueRequired":true,"valueName":"search_term_string"}}],"inLanguage":"es-CO"},{"@type":"Person","@id":"https:\/\/www.crea.gov.co\/crea-fontanar\/#\/schema\/person\/6525432537260de83c5a0fe737539c72","name":"jennytrujillo","image":{"@type":"ImageObject","inLanguage":"es-CO","@id":"https:\/\/www.crea.gov.co\/crea-fontanar\/#\/schema\/person\/image\/","url":"https:\/\/secure.gravatar.com\/avatar\/acfa4527e96531ec995b9c7175f18f49?s=96&d=mm&r=g","contentUrl":"https:\/\/secure.gravatar.com\/avatar\/acfa4527e96531ec995b9c7175f18f49?s=96&d=mm&r=g","caption":"jennytrujillo"},"url":"https:\/\/www.crea.gov.co\/crea-fontanar\/author\/jennytrujillo\/"}]}},"_links":{"self":[{"href":"https:\/\/www.crea.gov.co\/crea-fontanar\/wp-json\/wp\/v2\/posts\/521","targetHints":{"allow":["GET"]}}],"collection":[{"href":"https:\/\/www.crea.gov.co\/crea-fontanar\/wp-json\/wp\/v2\/posts"}],"about":[{"href":"https:\/\/www.crea.gov.co\/crea-fontanar\/wp-json\/wp\/v2\/types\/post"}],"author":[{"embeddable":true,"href":"https:\/\/www.crea.gov.co\/crea-fontanar\/wp-json\/wp\/v2\/users\/39"}],"replies":[{"embeddable":true,"href":"https:\/\/www.crea.gov.co\/crea-fontanar\/wp-json\/wp\/v2\/comments?post=521"}],"version-history":[{"count":2,"href":"https:\/\/www.crea.gov.co\/crea-fontanar\/wp-json\/wp\/v2\/posts\/521\/revisions"}],"predecessor-version":[{"id":523,"href":"https:\/\/www.crea.gov.co\/crea-fontanar\/wp-json\/wp\/v2\/posts\/521\/revisions\/523"}],"wp:attachment":[{"href":"https:\/\/www.crea.gov.co\/crea-fontanar\/wp-json\/wp\/v2\/media?parent=521"}],"wp:term":[{"taxonomy":"category","embeddable":true,"href":"https:\/\/www.crea.gov.co\/crea-fontanar\/wp-json\/wp\/v2\/categories?post=521"},{"taxonomy":"post_tag","embeddable":true,"href":"https:\/\/www.crea.gov.co\/crea-fontanar\/wp-json\/wp\/v2\/tags?post=521"}],"curies":[{"name":"wp","href":"https:\/\/api.w.org\/{rel}","templated":true}]}}