{"id":249,"date":"2023-05-17T17:43:34","date_gmt":"2023-05-17T22:43:34","guid":{"rendered":"https:\/\/www.crea.gov.co\/crea-fontanar\/?p=249"},"modified":"2023-05-17T17:44:38","modified_gmt":"2023-05-17T22:44:38","slug":"simulacro-de-evacuacion-en-crea-fontanar","status":"publish","type":"post","link":"https:\/\/www.crea.gov.co\/crea-fontanar\/simulacro-de-evacuacion-en-crea-fontanar\/","title":{"rendered":"SIMULACRO DE EVACUACI\u00d3N EN CREA FONTANAR"},"content":{"rendered":"\n<p>El pasado 10 de mayo se realiz\u00f3 el simulacro de evaci\u00f3n en Crea Fontar, de la mano de las diferentes entidades del CEFE Fontanar del R\u00edo, como Instituto Distrital de Recreaci\u00f3n y Deporte -IDRD-, Manzana del Cuidado, Bibliored y Colegio La Toscana, sede B jornada ma\u00f1ana, para el cual nos preparamos ante culaquier eventualiad y lo realizamos de manera organizada y sin ning\u00fan contratiempo, sensibilizando a nuestros usuarios ante una posible emergencia!<\/p>\n","protected":false},"excerpt":{"rendered":"<p>El pasado 10 de mayo se realiz\u00f3 el simulacro de evaci\u00f3n en Crea Fontar, de la mano de las diferentes entidades del CEFE Fontanar del R\u00edo, como Instituto Distrital de Recreaci\u00f3n y Deporte -IDRD-, Manzana del Cuidado, Bibliored y Colegio La Toscana, sede B jornada ma\u00f1ana, para el cual nos preparamos ante culaquier eventualiad y [&hellip;]<\/p>\n","protected":false},"author":39,"featured_media":252,"comment_status":"open","ping_status":"open","sticky":false,"template":"","format":"standard","meta":{"footnotes":""},"categories":[1],"tags":[],"class_list":["post-249","post","type-post","status-publish","format-standard","has-post-thumbnail","hentry","category-sin-categoria"],"yoast_head":"<!-- This site is optimized with the Yoast SEO plugin v24.5 - https:\/\/yoast.com\/wordpress\/plugins\/seo\/ -->\n<title>SIMULACRO DE EVACUACI\u00d3N EN CREA FONTANAR - Crea Fontanar<\/title>\n<meta name=\"robots\" content=\"index, follow, max-snippet:-1, max-image-preview:large, max-video-preview:-1\" \/>\n<link rel=\"canonical\" href=\"https:\/\/www.crea.gov.co\/crea-fontanar\/simulacro-de-evacuacion-en-crea-fontanar\/\" \/>\n<meta property=\"og:locale\" content=\"es_ES\" \/>\n<meta property=\"og:type\" content=\"article\" \/>\n<meta property=\"og:title\" content=\"SIMULACRO DE EVACUACI\u00d3N EN CREA FONTANAR - Crea Fontanar\" \/>\n<meta property=\"og:description\" content=\"El pasado 10 de mayo se realiz\u00f3 el simulacro de evaci\u00f3n en Crea Fontar, de la mano de las diferentes entidades del CEFE Fontanar del R\u00edo, como Instituto Distrital de Recreaci\u00f3n y Deporte -IDRD-, Manzana del Cuidado, Bibliored y Colegio La Toscana, sede B jornada ma\u00f1ana, para el cual nos preparamos ante culaquier eventualiad y [&hellip;]\" \/>\n<meta property=\"og:url\" content=\"https:\/\/www.crea.gov.co\/crea-fontanar\/simulacro-de-evacuacion-en-crea-fontanar\/\" \/>\n<meta property=\"og:site_name\" content=\"Crea Fontanar\" \/>\n<meta property=\"article:published_time\" content=\"2023-05-17T22:43:34+00:00\" \/>\n<meta property=\"article:modified_time\" content=\"2023-05-17T22:44:38+00:00\" \/>\n<meta property=\"og:image\" content=\"https:\/\/www.crea.gov.co\/crea-fontanar\/wp-content\/uploads\/sites\/24\/2023\/05\/IMG_20230510_130657259-scaled.jpg\" \/>\n\t<meta property=\"og:image:width\" content=\"2560\" \/>\n\t<meta property=\"og:image:height\" content=\"1920\" \/>\n\t<meta property=\"og:image:type\" content=\"image\/jpeg\" \/>\n<meta name=\"author\" content=\"jennytrujillo\" \/>\n<meta name=\"twitter:card\" content=\"summary_large_image\" \/>\n<meta name=\"twitter:label1\" content=\"Escrito por\" \/>\n\t<meta name=\"twitter:data1\" content=\"jennytrujillo\" \/>\n\t<meta name=\"twitter:label2\" content=\"Tiempo de lectura\" \/>\n\t<meta name=\"twitter:data2\" content=\"1 minuto\" \/>\n<script type=\"application\/ld+json\" class=\"yoast-schema-graph\">{\"@context\":\"https:\/\/schema.org\",\"@graph\":[{\"@type\":\"WebPage\",\"@id\":\"https:\/\/www.crea.gov.co\/crea-fontanar\/simulacro-de-evacuacion-en-crea-fontanar\/\",\"url\":\"https:\/\/www.crea.gov.co\/crea-fontanar\/simulacro-de-evacuacion-en-crea-fontanar\/\",\"name\":\"SIMULACRO DE EVACUACI\u00d3N EN CREA FONTANAR - Crea Fontanar\",\"isPartOf\":{\"@id\":\"https:\/\/www.crea.gov.co\/crea-fontanar\/#website\"},\"primaryImageOfPage\":{\"@id\":\"https:\/\/www.crea.gov.co\/crea-fontanar\/simulacro-de-evacuacion-en-crea-fontanar\/#primaryimage\"},\"image\":{\"@id\":\"https:\/\/www.crea.gov.co\/crea-fontanar\/simulacro-de-evacuacion-en-crea-fontanar\/#primaryimage\"},\"thumbnailUrl\":\"https:\/\/www.crea.gov.co\/crea-fontanar\/wp-content\/uploads\/sites\/24\/2023\/05\/IMG_20230510_130657259-scaled.jpg\",\"datePublished\":\"2023-05-17T22:43:34+00:00\",\"dateModified\":\"2023-05-17T22:44:38+00:00\",\"author\":{\"@id\":\"https:\/\/www.crea.gov.co\/crea-fontanar\/#\/schema\/person\/6525432537260de83c5a0fe737539c72\"},\"breadcrumb\":{\"@id\":\"https:\/\/www.crea.gov.co\/crea-fontanar\/simulacro-de-evacuacion-en-crea-fontanar\/#breadcrumb\"},\"inLanguage\":\"es-CO\",\"potentialAction\":[{\"@type\":\"ReadAction\",\"target\":[\"https:\/\/www.crea.gov.co\/crea-fontanar\/simulacro-de-evacuacion-en-crea-fontanar\/\"]}]},{\"@type\":\"ImageObject\",\"inLanguage\":\"es-CO\",\"@id\":\"https:\/\/www.crea.gov.co\/crea-fontanar\/simulacro-de-evacuacion-en-crea-fontanar\/#primaryimage\",\"url\":\"https:\/\/www.crea.gov.co\/crea-fontanar\/wp-content\/uploads\/sites\/24\/2023\/05\/IMG_20230510_130657259-scaled.jpg\",\"contentUrl\":\"https:\/\/www.crea.gov.co\/crea-fontanar\/wp-content\/uploads\/sites\/24\/2023\/05\/IMG_20230510_130657259-scaled.jpg\",\"width\":2560,\"height\":1920},{\"@type\":\"BreadcrumbList\",\"@id\":\"https:\/\/www.crea.gov.co\/crea-fontanar\/simulacro-de-evacuacion-en-crea-fontanar\/#breadcrumb\",\"itemListElement\":[{\"@type\":\"ListItem\",\"position\":1,\"name\":\"Inicio\",\"item\":\"https:\/\/www.crea.gov.co\/crea-fontanar\/\"},{\"@type\":\"ListItem\",\"position\":2,\"name\":\"SIMULACRO DE EVACUACI\u00d3N EN CREA FONTANAR\"}]},{\"@type\":\"WebSite\",\"@id\":\"https:\/\/www.crea.gov.co\/crea-fontanar\/#website\",\"url\":\"https:\/\/www.crea.gov.co\/crea-fontanar\/\",\"name\":\"Crea Fontanar\",\"description\":\"Ubicado en el CEFE del mismo nombre, la cultura se cultiva con fuerza propia, desde y para la comunidad. Este centro hace parte del compromiso por acercar una oferta art\u00edstica s\u00f3lida y constante a distintos puntos de Bogot\u00e1, generando oportunidades para el desarrollo creativo y social de quienes habitan el territorio.\",\"potentialAction\":[{\"@type\":\"SearchAction\",\"target\":{\"@type\":\"EntryPoint\",\"urlTemplate\":\"https:\/\/www.crea.gov.co\/crea-fontanar\/?s={search_term_string}\"},\"query-input\":{\"@type\":\"PropertyValueSpecification\",\"valueRequired\":true,\"valueName\":\"search_term_string\"}}],\"inLanguage\":\"es-CO\"},{\"@type\":\"Person\",\"@id\":\"https:\/\/www.crea.gov.co\/crea-fontanar\/#\/schema\/person\/6525432537260de83c5a0fe737539c72\",\"name\":\"jennytrujillo\",\"image\":{\"@type\":\"ImageObject\",\"inLanguage\":\"es-CO\",\"@id\":\"https:\/\/www.crea.gov.co\/crea-fontanar\/#\/schema\/person\/image\/\",\"url\":\"https:\/\/secure.gravatar.com\/avatar\/acfa4527e96531ec995b9c7175f18f49?s=96&d=mm&r=g\",\"contentUrl\":\"https:\/\/secure.gravatar.com\/avatar\/acfa4527e96531ec995b9c7175f18f49?s=96&d=mm&r=g\",\"caption\":\"jennytrujillo\"},\"url\":\"https:\/\/www.crea.gov.co\/crea-fontanar\/author\/jennytrujillo\/\"}]}<\/script>\n<!-- \/ Yoast SEO plugin. -->","yoast_head_json":{"title":"SIMULACRO DE EVACUACI\u00d3N EN CREA FONTANAR - Crea Fontanar","robots":{"index":"index","follow":"follow","max-snippet":"max-snippet:-1","max-image-preview":"max-image-preview:large","max-video-preview":"max-video-preview:-1"},"canonical":"https:\/\/www.crea.gov.co\/crea-fontanar\/simulacro-de-evacuacion-en-crea-fontanar\/","og_locale":"es_ES","og_type":"article","og_title":"SIMULACRO DE EVACUACI\u00d3N EN CREA FONTANAR - Crea Fontanar","og_description":"El pasado 10 de mayo se realiz\u00f3 el simulacro de evaci\u00f3n en Crea Fontar, de la mano de las diferentes entidades del CEFE Fontanar del R\u00edo, como Instituto Distrital de Recreaci\u00f3n y Deporte -IDRD-, Manzana del Cuidado, Bibliored y Colegio La Toscana, sede B jornada ma\u00f1ana, para el cual nos preparamos ante culaquier eventualiad y [&hellip;]","og_url":"https:\/\/www.crea.gov.co\/crea-fontanar\/simulacro-de-evacuacion-en-crea-fontanar\/","og_site_name":"Crea Fontanar","article_published_time":"2023-05-17T22:43:34+00:00","article_modified_time":"2023-05-17T22:44:38+00:00","og_image":[{"width":2560,"height":1920,"url":"https:\/\/www.crea.gov.co\/crea-fontanar\/wp-content\/uploads\/sites\/24\/2023\/05\/IMG_20230510_130657259-scaled.jpg","type":"image\/jpeg"}],"author":"jennytrujillo","twitter_card":"summary_large_image","twitter_misc":{"Escrito por":"jennytrujillo","Tiempo de lectura":"1 minuto"},"schema":{"@context":"https:\/\/schema.org","@graph":[{"@type":"WebPage","@id":"https:\/\/www.crea.gov.co\/crea-fontanar\/simulacro-de-evacuacion-en-crea-fontanar\/","url":"https:\/\/www.crea.gov.co\/crea-fontanar\/simulacro-de-evacuacion-en-crea-fontanar\/","name":"SIMULACRO DE EVACUACI\u00d3N EN CREA FONTANAR - Crea Fontanar","isPartOf":{"@id":"https:\/\/www.crea.gov.co\/crea-fontanar\/#website"},"primaryImageOfPage":{"@id":"https:\/\/www.crea.gov.co\/crea-fontanar\/simulacro-de-evacuacion-en-crea-fontanar\/#primaryimage"},"image":{"@id":"https:\/\/www.crea.gov.co\/crea-fontanar\/simulacro-de-evacuacion-en-crea-fontanar\/#primaryimage"},"thumbnailUrl":"https:\/\/www.crea.gov.co\/crea-fontanar\/wp-content\/uploads\/sites\/24\/2023\/05\/IMG_20230510_130657259-scaled.jpg","datePublished":"2023-05-17T22:43:34+00:00","dateModified":"2023-05-17T22:44:38+00:00","author":{"@id":"https:\/\/www.crea.gov.co\/crea-fontanar\/#\/schema\/person\/6525432537260de83c5a0fe737539c72"},"breadcrumb":{"@id":"https:\/\/www.crea.gov.co\/crea-fontanar\/simulacro-de-evacuacion-en-crea-fontanar\/#breadcrumb"},"inLanguage":"es-CO","potentialAction":[{"@type":"ReadAction","target":["https:\/\/www.crea.gov.co\/crea-fontanar\/simulacro-de-evacuacion-en-crea-fontanar\/"]}]},{"@type":"ImageObject","inLanguage":"es-CO","@id":"https:\/\/www.crea.gov.co\/crea-fontanar\/simulacro-de-evacuacion-en-crea-fontanar\/#primaryimage","url":"https:\/\/www.crea.gov.co\/crea-fontanar\/wp-content\/uploads\/sites\/24\/2023\/05\/IMG_20230510_130657259-scaled.jpg","contentUrl":"https:\/\/www.crea.gov.co\/crea-fontanar\/wp-content\/uploads\/sites\/24\/2023\/05\/IMG_20230510_130657259-scaled.jpg","width":2560,"height":1920},{"@type":"BreadcrumbList","@id":"https:\/\/www.crea.gov.co\/crea-fontanar\/simulacro-de-evacuacion-en-crea-fontanar\/#breadcrumb","itemListElement":[{"@type":"ListItem","position":1,"name":"Inicio","item":"https:\/\/www.crea.gov.co\/crea-fontanar\/"},{"@type":"ListItem","position":2,"name":"SIMULACRO DE EVACUACI\u00d3N EN CREA FONTANAR"}]},{"@type":"WebSite","@id":"https:\/\/www.crea.gov.co\/crea-fontanar\/#website","url":"https:\/\/www.crea.gov.co\/crea-fontanar\/","name":"Crea Fontanar","description":"Ubicado en el CEFE del mismo nombre, la cultura se cultiva con fuerza propia, desde y para la comunidad. Este centro hace parte del compromiso por acercar una oferta art\u00edstica s\u00f3lida y constante a distintos puntos de Bogot\u00e1, generando oportunidades para el desarrollo creativo y social de quienes habitan el territorio.","potentialAction":[{"@type":"SearchAction","target":{"@type":"EntryPoint","urlTemplate":"https:\/\/www.crea.gov.co\/crea-fontanar\/?s={search_term_string}"},"query-input":{"@type":"PropertyValueSpecification","valueRequired":true,"valueName":"search_term_string"}}],"inLanguage":"es-CO"},{"@type":"Person","@id":"https:\/\/www.crea.gov.co\/crea-fontanar\/#\/schema\/person\/6525432537260de83c5a0fe737539c72","name":"jennytrujillo","image":{"@type":"ImageObject","inLanguage":"es-CO","@id":"https:\/\/www.crea.gov.co\/crea-fontanar\/#\/schema\/person\/image\/","url":"https:\/\/secure.gravatar.com\/avatar\/acfa4527e96531ec995b9c7175f18f49?s=96&d=mm&r=g","contentUrl":"https:\/\/secure.gravatar.com\/avatar\/acfa4527e96531ec995b9c7175f18f49?s=96&d=mm&r=g","caption":"jennytrujillo"},"url":"https:\/\/www.crea.gov.co\/crea-fontanar\/author\/jennytrujillo\/"}]}},"_links":{"self":[{"href":"https:\/\/www.crea.gov.co\/crea-fontanar\/wp-json\/wp\/v2\/posts\/249","targetHints":{"allow":["GET"]}}],"collection":[{"href":"https:\/\/www.crea.gov.co\/crea-fontanar\/wp-json\/wp\/v2\/posts"}],"about":[{"href":"https:\/\/www.crea.gov.co\/crea-fontanar\/wp-json\/wp\/v2\/types\/post"}],"author":[{"embeddable":true,"href":"https:\/\/www.crea.gov.co\/crea-fontanar\/wp-json\/wp\/v2\/users\/39"}],"replies":[{"embeddable":true,"href":"https:\/\/www.crea.gov.co\/crea-fontanar\/wp-json\/wp\/v2\/comments?post=249"}],"version-history":[{"count":2,"href":"https:\/\/www.crea.gov.co\/crea-fontanar\/wp-json\/wp\/v2\/posts\/249\/revisions"}],"predecessor-version":[{"id":256,"href":"https:\/\/www.crea.gov.co\/crea-fontanar\/wp-json\/wp\/v2\/posts\/249\/revisions\/256"}],"wp:featuredmedia":[{"embeddable":true,"href":"https:\/\/www.crea.gov.co\/crea-fontanar\/wp-json\/wp\/v2\/media\/252"}],"wp:attachment":[{"href":"https:\/\/www.crea.gov.co\/crea-fontanar\/wp-json\/wp\/v2\/media?parent=249"}],"wp:term":[{"taxonomy":"category","embeddable":true,"href":"https:\/\/www.crea.gov.co\/crea-fontanar\/wp-json\/wp\/v2\/categories?post=249"},{"taxonomy":"post_tag","embeddable":true,"href":"https:\/\/www.crea.gov.co\/crea-fontanar\/wp-json\/wp\/v2\/tags?post=249"}],"curies":[{"name":"wp","href":"https:\/\/api.w.org\/{rel}","templated":true}]}}