{"id":850,"date":"2025-08-29T12:01:52","date_gmt":"2025-08-29T17:01:52","guid":{"rendered":"https:\/\/www.crea.gov.co\/crea-entre-nubes\/?p=850"},"modified":"2025-09-03T10:42:43","modified_gmt":"2025-09-03T15:42:43","slug":"%f0%9f%8c%bf-un-recorrido-que-nos-acerco-al-corazon-del-parque-entre-nubes-%f0%9f%8c%bf","status":"publish","type":"post","link":"https:\/\/www.crea.gov.co\/crea-entre-nubes\/%f0%9f%8c%bf-un-recorrido-que-nos-acerco-al-corazon-del-parque-entre-nubes-%f0%9f%8c%bf\/","title":{"rendered":"\ud83d\udc9a Entre monta\u00f1as y memorias: un encuentro en el Parque Entre Nubes \ud83c\udf31\u2728"},"content":{"rendered":"\n<p>En el mes julio vivimos una experiencia que fue mucho m\u00e1s que un recorrido: fue un viaje al coraz\u00f3n de nuestro territorio, organizado por la zona 4 del programa Crea.<\/p>\n\n\n\n<p>Partimos desde el Aula Ambiental de la Manzana del Cuidado de Juan Rey, donde el equipo se reuni\u00f3 para abrir la jornada con un c\u00edrculo de palabras. All\u00ed, entre memorias y expectativas, se traz\u00f3 el mapa de lo que estaba por venir: un di\u00e1logo profundo con la naturaleza y con la ancestralidad muisca que a\u00fan habita en estas monta\u00f1as y que buscamos revivir.<\/p>\n\n\n\n<p>El camino nos recibi\u00f3 con llovizna y tierra h\u00fameda, como si la monta\u00f1a misma quisiera probar nuestra disposici\u00f3n a escucharla y recorrerla. Paso a paso, entre risas y silencios, dos grupos de formadores, territoriales y participantes del programa Crea, avanzaron descubriendo peque\u00f1os milagros de la vida: una salamandra que se dej\u00f3 ver t\u00edmidamente, un camale\u00f3n de p\u00e1ramo camuflado en la vegetaci\u00f3n. Cada hallazgo fue un regalo, una invitaci\u00f3n a detenerse y sentir.<\/p>\n\n\n\n<p>Este fortalecimiento organizado por la zona 4 fue un recordatorio de que el arte no solo sucede en los salones, tambi\u00e9n se teje en los caminos, en la tierra h\u00fameda y en los paisajes que nos inspiran. Fue un d\u00eda para aprender, para agradecer y, sobre todo, para volver a enamorarnos de nuestro territorio. \ud83c\udf31\ud83d\udc9a\u2728<\/p>\n\n\n\n<h4 class=\"wp-block-heading\"><mark class=\"has-inline-color has-vivid-green-cyan-color\">Una memoria de nuestro caminar<\/mark><\/h4>\n\n\n\n<figure class=\"wp-block-gallery has-nested-images columns-default is-cropped wp-block-gallery-1 is-layout-flex wp-block-gallery-is-layout-flex\">\n<figure class=\"wp-block-image size-large\"><img loading=\"lazy\" decoding=\"async\" width=\"1024\" height=\"768\" data-id=\"856\" src=\"https:\/\/www.crea.gov.co\/crea-entre-nubes\/wp-content\/uploads\/sites\/25\/2025\/08\/IMG_2120-1024x768.jpg\" alt=\"\" class=\"wp-image-856\" srcset=\"https:\/\/www.crea.gov.co\/crea-entre-nubes\/wp-content\/uploads\/sites\/25\/2025\/08\/IMG_2120-1024x768.jpg 1024w, https:\/\/www.crea.gov.co\/crea-entre-nubes\/wp-content\/uploads\/sites\/25\/2025\/08\/IMG_2120-300x225.jpg 300w, https:\/\/www.crea.gov.co\/crea-entre-nubes\/wp-content\/uploads\/sites\/25\/2025\/08\/IMG_2120-768x576.jpg 768w, https:\/\/www.crea.gov.co\/crea-entre-nubes\/wp-content\/uploads\/sites\/25\/2025\/08\/IMG_2120-1536x1152.jpg 1536w, https:\/\/www.crea.gov.co\/crea-entre-nubes\/wp-content\/uploads\/sites\/25\/2025\/08\/IMG_2120-2048x1536.jpg 2048w\" sizes=\"auto, (max-width: 1024px) 100vw, 1024px\" \/><\/figure>\n\n\n\n<figure class=\"wp-block-image size-large\"><img loading=\"lazy\" decoding=\"async\" width=\"1024\" height=\"768\" data-id=\"857\" src=\"https:\/\/www.crea.gov.co\/crea-entre-nubes\/wp-content\/uploads\/sites\/25\/2025\/08\/IMG_2122-1024x768.jpg\" alt=\"\" class=\"wp-image-857\" srcset=\"https:\/\/www.crea.gov.co\/crea-entre-nubes\/wp-content\/uploads\/sites\/25\/2025\/08\/IMG_2122-1024x768.jpg 1024w, https:\/\/www.crea.gov.co\/crea-entre-nubes\/wp-content\/uploads\/sites\/25\/2025\/08\/IMG_2122-300x225.jpg 300w, https:\/\/www.crea.gov.co\/crea-entre-nubes\/wp-content\/uploads\/sites\/25\/2025\/08\/IMG_2122-768x576.jpg 768w, https:\/\/www.crea.gov.co\/crea-entre-nubes\/wp-content\/uploads\/sites\/25\/2025\/08\/IMG_2122-1536x1152.jpg 1536w, https:\/\/www.crea.gov.co\/crea-entre-nubes\/wp-content\/uploads\/sites\/25\/2025\/08\/IMG_2122-2048x1536.jpg 2048w\" sizes=\"auto, (max-width: 1024px) 100vw, 1024px\" \/><\/figure>\n\n\n\n<figure class=\"wp-block-image size-large\"><img loading=\"lazy\" decoding=\"async\" width=\"768\" height=\"1024\" data-id=\"860\" src=\"https:\/\/www.crea.gov.co\/crea-entre-nubes\/wp-content\/uploads\/sites\/25\/2025\/08\/IMG_2124-768x1024.jpg\" alt=\"\" class=\"wp-image-860\" srcset=\"https:\/\/www.crea.gov.co\/crea-entre-nubes\/wp-content\/uploads\/sites\/25\/2025\/08\/IMG_2124-768x1024.jpg 768w, https:\/\/www.crea.gov.co\/crea-entre-nubes\/wp-content\/uploads\/sites\/25\/2025\/08\/IMG_2124-225x300.jpg 225w, https:\/\/www.crea.gov.co\/crea-entre-nubes\/wp-content\/uploads\/sites\/25\/2025\/08\/IMG_2124-1152x1536.jpg 1152w, https:\/\/www.crea.gov.co\/crea-entre-nubes\/wp-content\/uploads\/sites\/25\/2025\/08\/IMG_2124-1536x2048.jpg 1536w, https:\/\/www.crea.gov.co\/crea-entre-nubes\/wp-content\/uploads\/sites\/25\/2025\/08\/IMG_2124-scaled.jpg 1920w\" sizes=\"auto, (max-width: 768px) 100vw, 768px\" \/><\/figure>\n\n\n\n<figure class=\"wp-block-image size-large\"><img loading=\"lazy\" decoding=\"async\" width=\"1024\" height=\"768\" data-id=\"859\" src=\"https:\/\/www.crea.gov.co\/crea-entre-nubes\/wp-content\/uploads\/sites\/25\/2025\/08\/IMG_2128-1024x768.jpg\" alt=\"\" class=\"wp-image-859\" srcset=\"https:\/\/www.crea.gov.co\/crea-entre-nubes\/wp-content\/uploads\/sites\/25\/2025\/08\/IMG_2128-1024x768.jpg 1024w, https:\/\/www.crea.gov.co\/crea-entre-nubes\/wp-content\/uploads\/sites\/25\/2025\/08\/IMG_2128-300x225.jpg 300w, https:\/\/www.crea.gov.co\/crea-entre-nubes\/wp-content\/uploads\/sites\/25\/2025\/08\/IMG_2128-768x576.jpg 768w, https:\/\/www.crea.gov.co\/crea-entre-nubes\/wp-content\/uploads\/sites\/25\/2025\/08\/IMG_2128-1536x1152.jpg 1536w, https:\/\/www.crea.gov.co\/crea-entre-nubes\/wp-content\/uploads\/sites\/25\/2025\/08\/IMG_2128-2048x1536.jpg 2048w\" sizes=\"auto, (max-width: 1024px) 100vw, 1024px\" \/><\/figure>\n\n\n\n<figure class=\"wp-block-image size-large\"><img loading=\"lazy\" decoding=\"async\" width=\"1024\" height=\"768\" data-id=\"855\" src=\"https:\/\/www.crea.gov.co\/crea-entre-nubes\/wp-content\/uploads\/sites\/25\/2025\/08\/IMG_2129-1024x768.jpg\" alt=\"\" class=\"wp-image-855\" srcset=\"https:\/\/www.crea.gov.co\/crea-entre-nubes\/wp-content\/uploads\/sites\/25\/2025\/08\/IMG_2129-1024x768.jpg 1024w, https:\/\/www.crea.gov.co\/crea-entre-nubes\/wp-content\/uploads\/sites\/25\/2025\/08\/IMG_2129-300x225.jpg 300w, https:\/\/www.crea.gov.co\/crea-entre-nubes\/wp-content\/uploads\/sites\/25\/2025\/08\/IMG_2129-768x576.jpg 768w, https:\/\/www.crea.gov.co\/crea-entre-nubes\/wp-content\/uploads\/sites\/25\/2025\/08\/IMG_2129-1536x1152.jpg 1536w, https:\/\/www.crea.gov.co\/crea-entre-nubes\/wp-content\/uploads\/sites\/25\/2025\/08\/IMG_2129-2048x1536.jpg 2048w\" sizes=\"auto, (max-width: 1024px) 100vw, 1024px\" \/><\/figure>\n\n\n\n<figure class=\"wp-block-image size-large\"><img loading=\"lazy\" decoding=\"async\" width=\"1024\" height=\"768\" data-id=\"858\" src=\"https:\/\/www.crea.gov.co\/crea-entre-nubes\/wp-content\/uploads\/sites\/25\/2025\/08\/IMG_2134-1024x768.jpg\" alt=\"\" class=\"wp-image-858\" srcset=\"https:\/\/www.crea.gov.co\/crea-entre-nubes\/wp-content\/uploads\/sites\/25\/2025\/08\/IMG_2134-1024x768.jpg 1024w, https:\/\/www.crea.gov.co\/crea-entre-nubes\/wp-content\/uploads\/sites\/25\/2025\/08\/IMG_2134-300x225.jpg 300w, https:\/\/www.crea.gov.co\/crea-entre-nubes\/wp-content\/uploads\/sites\/25\/2025\/08\/IMG_2134-768x576.jpg 768w, https:\/\/www.crea.gov.co\/crea-entre-nubes\/wp-content\/uploads\/sites\/25\/2025\/08\/IMG_2134-1536x1152.jpg 1536w, https:\/\/www.crea.gov.co\/crea-entre-nubes\/wp-content\/uploads\/sites\/25\/2025\/08\/IMG_2134-2048x1536.jpg 2048w\" sizes=\"auto, (max-width: 1024px) 100vw, 1024px\" \/><\/figure>\n<\/figure>\n\n\n\n<figure class=\"wp-block-gallery has-nested-images columns-default is-cropped wp-block-gallery-2 is-layout-flex wp-block-gallery-is-layout-flex\">\n<figure class=\"wp-block-image size-large\"><img loading=\"lazy\" decoding=\"async\" width=\"1024\" height=\"768\" data-id=\"885\" src=\"https:\/\/www.crea.gov.co\/crea-entre-nubes\/wp-content\/uploads\/sites\/25\/2025\/08\/IMG_2128-1-1024x768.jpg\" alt=\"\" class=\"wp-image-885\" srcset=\"https:\/\/www.crea.gov.co\/crea-entre-nubes\/wp-content\/uploads\/sites\/25\/2025\/08\/IMG_2128-1-1024x768.jpg 1024w, https:\/\/www.crea.gov.co\/crea-entre-nubes\/wp-content\/uploads\/sites\/25\/2025\/08\/IMG_2128-1-300x225.jpg 300w, https:\/\/www.crea.gov.co\/crea-entre-nubes\/wp-content\/uploads\/sites\/25\/2025\/08\/IMG_2128-1-768x576.jpg 768w, https:\/\/www.crea.gov.co\/crea-entre-nubes\/wp-content\/uploads\/sites\/25\/2025\/08\/IMG_2128-1-1536x1152.jpg 1536w, https:\/\/www.crea.gov.co\/crea-entre-nubes\/wp-content\/uploads\/sites\/25\/2025\/08\/IMG_2128-1-2048x1536.jpg 2048w\" sizes=\"auto, (max-width: 1024px) 100vw, 1024px\" \/><\/figure>\n\n\n\n<figure class=\"wp-block-image size-large\"><img loading=\"lazy\" decoding=\"async\" width=\"1024\" height=\"768\" data-id=\"884\" src=\"https:\/\/www.crea.gov.co\/crea-entre-nubes\/wp-content\/uploads\/sites\/25\/2025\/08\/IMG_2129-1-1024x768.jpg\" alt=\"\" class=\"wp-image-884\" srcset=\"https:\/\/www.crea.gov.co\/crea-entre-nubes\/wp-content\/uploads\/sites\/25\/2025\/08\/IMG_2129-1-1024x768.jpg 1024w, https:\/\/www.crea.gov.co\/crea-entre-nubes\/wp-content\/uploads\/sites\/25\/2025\/08\/IMG_2129-1-300x225.jpg 300w, https:\/\/www.crea.gov.co\/crea-entre-nubes\/wp-content\/uploads\/sites\/25\/2025\/08\/IMG_2129-1-768x576.jpg 768w, https:\/\/www.crea.gov.co\/crea-entre-nubes\/wp-content\/uploads\/sites\/25\/2025\/08\/IMG_2129-1-1536x1152.jpg 1536w, https:\/\/www.crea.gov.co\/crea-entre-nubes\/wp-content\/uploads\/sites\/25\/2025\/08\/IMG_2129-1-2048x1536.jpg 2048w\" sizes=\"auto, (max-width: 1024px) 100vw, 1024px\" \/><\/figure>\n\n\n\n<figure class=\"wp-block-image size-large\"><img loading=\"lazy\" decoding=\"async\" width=\"768\" height=\"1024\" data-id=\"886\" src=\"https:\/\/www.crea.gov.co\/crea-entre-nubes\/wp-content\/uploads\/sites\/25\/2025\/08\/IMG_2130-768x1024.jpg\" alt=\"\" class=\"wp-image-886\" srcset=\"https:\/\/www.crea.gov.co\/crea-entre-nubes\/wp-content\/uploads\/sites\/25\/2025\/08\/IMG_2130-768x1024.jpg 768w, https:\/\/www.crea.gov.co\/crea-entre-nubes\/wp-content\/uploads\/sites\/25\/2025\/08\/IMG_2130-225x300.jpg 225w, https:\/\/www.crea.gov.co\/crea-entre-nubes\/wp-content\/uploads\/sites\/25\/2025\/08\/IMG_2130-1152x1536.jpg 1152w, https:\/\/www.crea.gov.co\/crea-entre-nubes\/wp-content\/uploads\/sites\/25\/2025\/08\/IMG_2130-1536x2048.jpg 1536w, https:\/\/www.crea.gov.co\/crea-entre-nubes\/wp-content\/uploads\/sites\/25\/2025\/08\/IMG_2130-scaled.jpg 1920w\" sizes=\"auto, (max-width: 768px) 100vw, 768px\" \/><\/figure>\n\n\n\n<figure class=\"wp-block-image size-large\"><img loading=\"lazy\" decoding=\"async\" width=\"1024\" height=\"768\" data-id=\"887\" src=\"https:\/\/www.crea.gov.co\/crea-entre-nubes\/wp-content\/uploads\/sites\/25\/2025\/08\/IMG_2136-1-1024x768.jpg\" alt=\"\" class=\"wp-image-887\" srcset=\"https:\/\/www.crea.gov.co\/crea-entre-nubes\/wp-content\/uploads\/sites\/25\/2025\/08\/IMG_2136-1-1024x768.jpg 1024w, https:\/\/www.crea.gov.co\/crea-entre-nubes\/wp-content\/uploads\/sites\/25\/2025\/08\/IMG_2136-1-300x225.jpg 300w, https:\/\/www.crea.gov.co\/crea-entre-nubes\/wp-content\/uploads\/sites\/25\/2025\/08\/IMG_2136-1-768x576.jpg 768w, https:\/\/www.crea.gov.co\/crea-entre-nubes\/wp-content\/uploads\/sites\/25\/2025\/08\/IMG_2136-1-1536x1152.jpg 1536w, https:\/\/www.crea.gov.co\/crea-entre-nubes\/wp-content\/uploads\/sites\/25\/2025\/08\/IMG_2136-1-2048x1536.jpg 2048w\" sizes=\"auto, (max-width: 1024px) 100vw, 1024px\" \/><\/figure>\n\n\n\n<figure class=\"wp-block-image size-large\"><img loading=\"lazy\" decoding=\"async\" width=\"1024\" height=\"768\" data-id=\"889\" src=\"https:\/\/www.crea.gov.co\/crea-entre-nubes\/wp-content\/uploads\/sites\/25\/2025\/08\/IMG_2140-2-1024x768.jpg\" alt=\"\" class=\"wp-image-889\" srcset=\"https:\/\/www.crea.gov.co\/crea-entre-nubes\/wp-content\/uploads\/sites\/25\/2025\/08\/IMG_2140-2-1024x768.jpg 1024w, https:\/\/www.crea.gov.co\/crea-entre-nubes\/wp-content\/uploads\/sites\/25\/2025\/08\/IMG_2140-2-300x225.jpg 300w, https:\/\/www.crea.gov.co\/crea-entre-nubes\/wp-content\/uploads\/sites\/25\/2025\/08\/IMG_2140-2-768x576.jpg 768w, https:\/\/www.crea.gov.co\/crea-entre-nubes\/wp-content\/uploads\/sites\/25\/2025\/08\/IMG_2140-2-1536x1152.jpg 1536w, https:\/\/www.crea.gov.co\/crea-entre-nubes\/wp-content\/uploads\/sites\/25\/2025\/08\/IMG_2140-2-2048x1536.jpg 2048w\" sizes=\"auto, (max-width: 1024px) 100vw, 1024px\" \/><\/figure>\n\n\n\n<figure class=\"wp-block-image size-large\"><img loading=\"lazy\" decoding=\"async\" width=\"1024\" height=\"768\" data-id=\"888\" src=\"https:\/\/www.crea.gov.co\/crea-entre-nubes\/wp-content\/uploads\/sites\/25\/2025\/08\/IMG_2141-1-1024x768.jpg\" alt=\"\" class=\"wp-image-888\" srcset=\"https:\/\/www.crea.gov.co\/crea-entre-nubes\/wp-content\/uploads\/sites\/25\/2025\/08\/IMG_2141-1-1024x768.jpg 1024w, https:\/\/www.crea.gov.co\/crea-entre-nubes\/wp-content\/uploads\/sites\/25\/2025\/08\/IMG_2141-1-300x225.jpg 300w, https:\/\/www.crea.gov.co\/crea-entre-nubes\/wp-content\/uploads\/sites\/25\/2025\/08\/IMG_2141-1-768x576.jpg 768w, https:\/\/www.crea.gov.co\/crea-entre-nubes\/wp-content\/uploads\/sites\/25\/2025\/08\/IMG_2141-1-1536x1152.jpg 1536w, https:\/\/www.crea.gov.co\/crea-entre-nubes\/wp-content\/uploads\/sites\/25\/2025\/08\/IMG_2141-1-2048x1536.jpg 2048w\" sizes=\"auto, (max-width: 1024px) 100vw, 1024px\" \/><\/figure>\n\n\n\n<figure class=\"wp-block-image size-large\"><img loading=\"lazy\" decoding=\"async\" width=\"1024\" height=\"768\" data-id=\"890\" src=\"https:\/\/www.crea.gov.co\/crea-entre-nubes\/wp-content\/uploads\/sites\/25\/2025\/08\/IMG_2144-1-1024x768.jpg\" alt=\"\" class=\"wp-image-890\" srcset=\"https:\/\/www.crea.gov.co\/crea-entre-nubes\/wp-content\/uploads\/sites\/25\/2025\/08\/IMG_2144-1-1024x768.jpg 1024w, https:\/\/www.crea.gov.co\/crea-entre-nubes\/wp-content\/uploads\/sites\/25\/2025\/08\/IMG_2144-1-300x225.jpg 300w, https:\/\/www.crea.gov.co\/crea-entre-nubes\/wp-content\/uploads\/sites\/25\/2025\/08\/IMG_2144-1-768x576.jpg 768w, https:\/\/www.crea.gov.co\/crea-entre-nubes\/wp-content\/uploads\/sites\/25\/2025\/08\/IMG_2144-1-1536x1152.jpg 1536w, https:\/\/www.crea.gov.co\/crea-entre-nubes\/wp-content\/uploads\/sites\/25\/2025\/08\/IMG_2144-1-2048x1536.jpg 2048w\" sizes=\"auto, (max-width: 1024px) 100vw, 1024px\" \/><\/figure>\n<\/figure>\n\n\n\n<figure class=\"wp-block-gallery has-nested-images columns-default is-cropped wp-block-gallery-3 is-layout-flex wp-block-gallery-is-layout-flex\">\n<figure class=\"wp-block-image size-large\"><img loading=\"lazy\" decoding=\"async\" width=\"1024\" height=\"768\" data-id=\"896\" src=\"https:\/\/www.crea.gov.co\/crea-entre-nubes\/wp-content\/uploads\/sites\/25\/2025\/08\/IMG_2146-1-1024x768.jpg\" alt=\"\" class=\"wp-image-896\" srcset=\"https:\/\/www.crea.gov.co\/crea-entre-nubes\/wp-content\/uploads\/sites\/25\/2025\/08\/IMG_2146-1-1024x768.jpg 1024w, https:\/\/www.crea.gov.co\/crea-entre-nubes\/wp-content\/uploads\/sites\/25\/2025\/08\/IMG_2146-1-300x225.jpg 300w, https:\/\/www.crea.gov.co\/crea-entre-nubes\/wp-content\/uploads\/sites\/25\/2025\/08\/IMG_2146-1-768x576.jpg 768w, https:\/\/www.crea.gov.co\/crea-entre-nubes\/wp-content\/uploads\/sites\/25\/2025\/08\/IMG_2146-1-1536x1152.jpg 1536w, https:\/\/www.crea.gov.co\/crea-entre-nubes\/wp-content\/uploads\/sites\/25\/2025\/08\/IMG_2146-1-2048x1536.jpg 2048w\" sizes=\"auto, (max-width: 1024px) 100vw, 1024px\" \/><\/figure>\n\n\n\n<figure class=\"wp-block-image size-large\"><img loading=\"lazy\" decoding=\"async\" width=\"1024\" height=\"768\" data-id=\"894\" src=\"https:\/\/www.crea.gov.co\/crea-entre-nubes\/wp-content\/uploads\/sites\/25\/2025\/08\/IMG_2149-1024x768.jpg\" alt=\"\" class=\"wp-image-894\" srcset=\"https:\/\/www.crea.gov.co\/crea-entre-nubes\/wp-content\/uploads\/sites\/25\/2025\/08\/IMG_2149-1024x768.jpg 1024w, https:\/\/www.crea.gov.co\/crea-entre-nubes\/wp-content\/uploads\/sites\/25\/2025\/08\/IMG_2149-300x225.jpg 300w, https:\/\/www.crea.gov.co\/crea-entre-nubes\/wp-content\/uploads\/sites\/25\/2025\/08\/IMG_2149-768x576.jpg 768w, https:\/\/www.crea.gov.co\/crea-entre-nubes\/wp-content\/uploads\/sites\/25\/2025\/08\/IMG_2149-1536x1152.jpg 1536w, https:\/\/www.crea.gov.co\/crea-entre-nubes\/wp-content\/uploads\/sites\/25\/2025\/08\/IMG_2149-2048x1536.jpg 2048w\" sizes=\"auto, (max-width: 1024px) 100vw, 1024px\" \/><\/figure>\n\n\n\n<figure class=\"wp-block-image size-large\"><img loading=\"lazy\" decoding=\"async\" width=\"576\" height=\"1024\" data-id=\"895\" src=\"https:\/\/www.crea.gov.co\/crea-entre-nubes\/wp-content\/uploads\/sites\/25\/2025\/08\/IMG_2154-1-576x1024.jpg\" alt=\"\" class=\"wp-image-895\" srcset=\"https:\/\/www.crea.gov.co\/crea-entre-nubes\/wp-content\/uploads\/sites\/25\/2025\/08\/IMG_2154-1-576x1024.jpg 576w, https:\/\/www.crea.gov.co\/crea-entre-nubes\/wp-content\/uploads\/sites\/25\/2025\/08\/IMG_2154-1-169x300.jpg 169w, https:\/\/www.crea.gov.co\/crea-entre-nubes\/wp-content\/uploads\/sites\/25\/2025\/08\/IMG_2154-1-768x1365.jpg 768w, https:\/\/www.crea.gov.co\/crea-entre-nubes\/wp-content\/uploads\/sites\/25\/2025\/08\/IMG_2154-1-864x1536.jpg 864w, https:\/\/www.crea.gov.co\/crea-entre-nubes\/wp-content\/uploads\/sites\/25\/2025\/08\/IMG_2154-1-1152x2048.jpg 1152w, https:\/\/www.crea.gov.co\/crea-entre-nubes\/wp-content\/uploads\/sites\/25\/2025\/08\/IMG_2154-1-scaled.jpg 1440w\" sizes=\"auto, (max-width: 576px) 100vw, 576px\" \/><\/figure>\n\n\n\n<figure class=\"wp-block-image size-large\"><img loading=\"lazy\" decoding=\"async\" width=\"768\" height=\"1024\" data-id=\"897\" src=\"https:\/\/www.crea.gov.co\/crea-entre-nubes\/wp-content\/uploads\/sites\/25\/2025\/08\/IMG_2158-1-768x1024.jpg\" alt=\"\" class=\"wp-image-897\" srcset=\"https:\/\/www.crea.gov.co\/crea-entre-nubes\/wp-content\/uploads\/sites\/25\/2025\/08\/IMG_2158-1-768x1024.jpg 768w, https:\/\/www.crea.gov.co\/crea-entre-nubes\/wp-content\/uploads\/sites\/25\/2025\/08\/IMG_2158-1-225x300.jpg 225w, https:\/\/www.crea.gov.co\/crea-entre-nubes\/wp-content\/uploads\/sites\/25\/2025\/08\/IMG_2158-1-1152x1536.jpg 1152w, https:\/\/www.crea.gov.co\/crea-entre-nubes\/wp-content\/uploads\/sites\/25\/2025\/08\/IMG_2158-1-1536x2048.jpg 1536w, https:\/\/www.crea.gov.co\/crea-entre-nubes\/wp-content\/uploads\/sites\/25\/2025\/08\/IMG_2158-1-scaled.jpg 1920w\" sizes=\"auto, (max-width: 768px) 100vw, 768px\" \/><\/figure>\n\n\n\n<figure class=\"wp-block-image size-large\"><img loading=\"lazy\" decoding=\"async\" width=\"768\" height=\"1024\" data-id=\"898\" src=\"https:\/\/www.crea.gov.co\/crea-entre-nubes\/wp-content\/uploads\/sites\/25\/2025\/08\/IMG_2160-768x1024.jpg\" alt=\"\" class=\"wp-image-898\" srcset=\"https:\/\/www.crea.gov.co\/crea-entre-nubes\/wp-content\/uploads\/sites\/25\/2025\/08\/IMG_2160-768x1024.jpg 768w, https:\/\/www.crea.gov.co\/crea-entre-nubes\/wp-content\/uploads\/sites\/25\/2025\/08\/IMG_2160-225x300.jpg 225w, https:\/\/www.crea.gov.co\/crea-entre-nubes\/wp-content\/uploads\/sites\/25\/2025\/08\/IMG_2160-1152x1536.jpg 1152w, https:\/\/www.crea.gov.co\/crea-entre-nubes\/wp-content\/uploads\/sites\/25\/2025\/08\/IMG_2160-1536x2048.jpg 1536w, https:\/\/www.crea.gov.co\/crea-entre-nubes\/wp-content\/uploads\/sites\/25\/2025\/08\/IMG_2160-scaled.jpg 1920w\" sizes=\"auto, (max-width: 768px) 100vw, 768px\" \/><\/figure>\n\n\n\n<figure class=\"wp-block-image size-large\"><img loading=\"lazy\" decoding=\"async\" width=\"768\" height=\"1024\" data-id=\"907\" src=\"https:\/\/www.crea.gov.co\/crea-entre-nubes\/wp-content\/uploads\/sites\/25\/2025\/08\/IMG_2161-768x1024.jpg\" alt=\"\" class=\"wp-image-907\" srcset=\"https:\/\/www.crea.gov.co\/crea-entre-nubes\/wp-content\/uploads\/sites\/25\/2025\/08\/IMG_2161-768x1024.jpg 768w, https:\/\/www.crea.gov.co\/crea-entre-nubes\/wp-content\/uploads\/sites\/25\/2025\/08\/IMG_2161-225x300.jpg 225w, https:\/\/www.crea.gov.co\/crea-entre-nubes\/wp-content\/uploads\/sites\/25\/2025\/08\/IMG_2161-1152x1536.jpg 1152w, https:\/\/www.crea.gov.co\/crea-entre-nubes\/wp-content\/uploads\/sites\/25\/2025\/08\/IMG_2161-1536x2048.jpg 1536w, https:\/\/www.crea.gov.co\/crea-entre-nubes\/wp-content\/uploads\/sites\/25\/2025\/08\/IMG_2161-scaled.jpg 1920w\" sizes=\"auto, (max-width: 768px) 100vw, 768px\" \/><\/figure>\n\n\n\n<figure class=\"wp-block-image size-large\"><img loading=\"lazy\" decoding=\"async\" width=\"1024\" height=\"461\" data-id=\"905\" src=\"https:\/\/www.crea.gov.co\/crea-entre-nubes\/wp-content\/uploads\/sites\/25\/2025\/08\/WhatsApp-Image-2025-07-10-at-15.09.01-2-1024x461.jpeg\" alt=\"\" class=\"wp-image-905\" srcset=\"https:\/\/www.crea.gov.co\/crea-entre-nubes\/wp-content\/uploads\/sites\/25\/2025\/08\/WhatsApp-Image-2025-07-10-at-15.09.01-2-1024x461.jpeg 1024w, https:\/\/www.crea.gov.co\/crea-entre-nubes\/wp-content\/uploads\/sites\/25\/2025\/08\/WhatsApp-Image-2025-07-10-at-15.09.01-2-300x135.jpeg 300w, https:\/\/www.crea.gov.co\/crea-entre-nubes\/wp-content\/uploads\/sites\/25\/2025\/08\/WhatsApp-Image-2025-07-10-at-15.09.01-2-768x346.jpeg 768w, https:\/\/www.crea.gov.co\/crea-entre-nubes\/wp-content\/uploads\/sites\/25\/2025\/08\/WhatsApp-Image-2025-07-10-at-15.09.01-2.jpeg 1280w\" sizes=\"auto, (max-width: 1024px) 100vw, 1024px\" \/><\/figure>\n\n\n\n<figure class=\"wp-block-image size-large\"><img loading=\"lazy\" decoding=\"async\" width=\"576\" height=\"1024\" data-id=\"912\" src=\"https:\/\/www.crea.gov.co\/crea-entre-nubes\/wp-content\/uploads\/sites\/25\/2025\/08\/IMG_2162-1-576x1024.jpg\" alt=\"\" class=\"wp-image-912\" srcset=\"https:\/\/www.crea.gov.co\/crea-entre-nubes\/wp-content\/uploads\/sites\/25\/2025\/08\/IMG_2162-1-576x1024.jpg 576w, https:\/\/www.crea.gov.co\/crea-entre-nubes\/wp-content\/uploads\/sites\/25\/2025\/08\/IMG_2162-1-169x300.jpg 169w, https:\/\/www.crea.gov.co\/crea-entre-nubes\/wp-content\/uploads\/sites\/25\/2025\/08\/IMG_2162-1-768x1365.jpg 768w, https:\/\/www.crea.gov.co\/crea-entre-nubes\/wp-content\/uploads\/sites\/25\/2025\/08\/IMG_2162-1-864x1536.jpg 864w, https:\/\/www.crea.gov.co\/crea-entre-nubes\/wp-content\/uploads\/sites\/25\/2025\/08\/IMG_2162-1-1152x2048.jpg 1152w, https:\/\/www.crea.gov.co\/crea-entre-nubes\/wp-content\/uploads\/sites\/25\/2025\/08\/IMG_2162-1-scaled.jpg 1440w\" sizes=\"auto, (max-width: 576px) 100vw, 576px\" \/><\/figure>\n\n\n\n<figure class=\"wp-block-image size-large\"><img loading=\"lazy\" decoding=\"async\" width=\"1024\" height=\"768\" data-id=\"913\" src=\"https:\/\/www.crea.gov.co\/crea-entre-nubes\/wp-content\/uploads\/sites\/25\/2025\/08\/IMG_2164-1024x768.jpg\" alt=\"\" class=\"wp-image-913\" srcset=\"https:\/\/www.crea.gov.co\/crea-entre-nubes\/wp-content\/uploads\/sites\/25\/2025\/08\/IMG_2164-1024x768.jpg 1024w, https:\/\/www.crea.gov.co\/crea-entre-nubes\/wp-content\/uploads\/sites\/25\/2025\/08\/IMG_2164-300x225.jpg 300w, https:\/\/www.crea.gov.co\/crea-entre-nubes\/wp-content\/uploads\/sites\/25\/2025\/08\/IMG_2164-768x576.jpg 768w, https:\/\/www.crea.gov.co\/crea-entre-nubes\/wp-content\/uploads\/sites\/25\/2025\/08\/IMG_2164-1536x1152.jpg 1536w, https:\/\/www.crea.gov.co\/crea-entre-nubes\/wp-content\/uploads\/sites\/25\/2025\/08\/IMG_2164-2048x1536.jpg 2048w\" sizes=\"auto, (max-width: 1024px) 100vw, 1024px\" \/><\/figure>\n\n\n\n<figure class=\"wp-block-image size-large\"><img loading=\"lazy\" decoding=\"async\" width=\"461\" height=\"1024\" data-id=\"899\" src=\"https:\/\/www.crea.gov.co\/crea-entre-nubes\/wp-content\/uploads\/sites\/25\/2025\/08\/WhatsApp-Image-2025-07-10-at-15.08.58-1-1-461x1024.jpeg\" alt=\"\" class=\"wp-image-899\" srcset=\"https:\/\/www.crea.gov.co\/crea-entre-nubes\/wp-content\/uploads\/sites\/25\/2025\/08\/WhatsApp-Image-2025-07-10-at-15.08.58-1-1-461x1024.jpeg 461w, https:\/\/www.crea.gov.co\/crea-entre-nubes\/wp-content\/uploads\/sites\/25\/2025\/08\/WhatsApp-Image-2025-07-10-at-15.08.58-1-1-135x300.jpeg 135w, https:\/\/www.crea.gov.co\/crea-entre-nubes\/wp-content\/uploads\/sites\/25\/2025\/08\/WhatsApp-Image-2025-07-10-at-15.08.58-1-1.jpeg 576w\" sizes=\"auto, (max-width: 461px) 100vw, 461px\" \/><\/figure>\n\n\n\n<figure class=\"wp-block-image size-large\"><img loading=\"lazy\" decoding=\"async\" width=\"461\" height=\"1024\" data-id=\"900\" src=\"https:\/\/www.crea.gov.co\/crea-entre-nubes\/wp-content\/uploads\/sites\/25\/2025\/08\/WhatsApp-Image-2025-07-10-at-15.08.59-1-461x1024.jpeg\" alt=\"\" class=\"wp-image-900\" srcset=\"https:\/\/www.crea.gov.co\/crea-entre-nubes\/wp-content\/uploads\/sites\/25\/2025\/08\/WhatsApp-Image-2025-07-10-at-15.08.59-1-461x1024.jpeg 461w, https:\/\/www.crea.gov.co\/crea-entre-nubes\/wp-content\/uploads\/sites\/25\/2025\/08\/WhatsApp-Image-2025-07-10-at-15.08.59-1-135x300.jpeg 135w, https:\/\/www.crea.gov.co\/crea-entre-nubes\/wp-content\/uploads\/sites\/25\/2025\/08\/WhatsApp-Image-2025-07-10-at-15.08.59-1.jpeg 576w\" sizes=\"auto, (max-width: 461px) 100vw, 461px\" \/><\/figure>\n\n\n\n<figure class=\"wp-block-image size-large\"><img loading=\"lazy\" decoding=\"async\" width=\"1024\" height=\"768\" data-id=\"901\" src=\"https:\/\/www.crea.gov.co\/crea-entre-nubes\/wp-content\/uploads\/sites\/25\/2025\/08\/WhatsApp-Image-2025-07-10-at-15.09.00-1-1-1024x768.jpeg\" alt=\"\" class=\"wp-image-901\" srcset=\"https:\/\/www.crea.gov.co\/crea-entre-nubes\/wp-content\/uploads\/sites\/25\/2025\/08\/WhatsApp-Image-2025-07-10-at-15.09.00-1-1-1024x768.jpeg 1024w, https:\/\/www.crea.gov.co\/crea-entre-nubes\/wp-content\/uploads\/sites\/25\/2025\/08\/WhatsApp-Image-2025-07-10-at-15.09.00-1-1-300x225.jpeg 300w, https:\/\/www.crea.gov.co\/crea-entre-nubes\/wp-content\/uploads\/sites\/25\/2025\/08\/WhatsApp-Image-2025-07-10-at-15.09.00-1-1-768x576.jpeg 768w, https:\/\/www.crea.gov.co\/crea-entre-nubes\/wp-content\/uploads\/sites\/25\/2025\/08\/WhatsApp-Image-2025-07-10-at-15.09.00-1-1.jpeg 1032w\" sizes=\"auto, (max-width: 1024px) 100vw, 1024px\" \/><\/figure>\n\n\n\n<figure class=\"wp-block-image size-large\"><img loading=\"lazy\" decoding=\"async\" width=\"1024\" height=\"461\" data-id=\"902\" src=\"https:\/\/www.crea.gov.co\/crea-entre-nubes\/wp-content\/uploads\/sites\/25\/2025\/08\/WhatsApp-Image-2025-07-10-at-15.09.00-2-1-1024x461.jpeg\" alt=\"\" class=\"wp-image-902\" srcset=\"https:\/\/www.crea.gov.co\/crea-entre-nubes\/wp-content\/uploads\/sites\/25\/2025\/08\/WhatsApp-Image-2025-07-10-at-15.09.00-2-1-1024x461.jpeg 1024w, https:\/\/www.crea.gov.co\/crea-entre-nubes\/wp-content\/uploads\/sites\/25\/2025\/08\/WhatsApp-Image-2025-07-10-at-15.09.00-2-1-300x135.jpeg 300w, https:\/\/www.crea.gov.co\/crea-entre-nubes\/wp-content\/uploads\/sites\/25\/2025\/08\/WhatsApp-Image-2025-07-10-at-15.09.00-2-1-768x346.jpeg 768w, https:\/\/www.crea.gov.co\/crea-entre-nubes\/wp-content\/uploads\/sites\/25\/2025\/08\/WhatsApp-Image-2025-07-10-at-15.09.00-2-1.jpeg 1280w\" sizes=\"auto, (max-width: 1024px) 100vw, 1024px\" \/><\/figure>\n\n\n\n<figure class=\"wp-block-image size-large\"><img loading=\"lazy\" decoding=\"async\" width=\"461\" height=\"1024\" data-id=\"904\" src=\"https:\/\/www.crea.gov.co\/crea-entre-nubes\/wp-content\/uploads\/sites\/25\/2025\/08\/WhatsApp-Image-2025-07-10-at-15.09.00-3-1-461x1024.jpeg\" alt=\"\" class=\"wp-image-904\" srcset=\"https:\/\/www.crea.gov.co\/crea-entre-nubes\/wp-content\/uploads\/sites\/25\/2025\/08\/WhatsApp-Image-2025-07-10-at-15.09.00-3-1-461x1024.jpeg 461w, https:\/\/www.crea.gov.co\/crea-entre-nubes\/wp-content\/uploads\/sites\/25\/2025\/08\/WhatsApp-Image-2025-07-10-at-15.09.00-3-1-135x300.jpeg 135w, https:\/\/www.crea.gov.co\/crea-entre-nubes\/wp-content\/uploads\/sites\/25\/2025\/08\/WhatsApp-Image-2025-07-10-at-15.09.00-3-1.jpeg 576w\" sizes=\"auto, (max-width: 461px) 100vw, 461px\" \/><\/figure>\n\n\n\n<figure class=\"wp-block-image size-large\"><img loading=\"lazy\" decoding=\"async\" width=\"1024\" height=\"461\" data-id=\"903\" src=\"https:\/\/www.crea.gov.co\/crea-entre-nubes\/wp-content\/uploads\/sites\/25\/2025\/08\/WhatsApp-Image-2025-07-10-at-15.09.01-1-1-1024x461.jpeg\" alt=\"\" class=\"wp-image-903\" srcset=\"https:\/\/www.crea.gov.co\/crea-entre-nubes\/wp-content\/uploads\/sites\/25\/2025\/08\/WhatsApp-Image-2025-07-10-at-15.09.01-1-1-1024x461.jpeg 1024w, https:\/\/www.crea.gov.co\/crea-entre-nubes\/wp-content\/uploads\/sites\/25\/2025\/08\/WhatsApp-Image-2025-07-10-at-15.09.01-1-1-300x135.jpeg 300w, https:\/\/www.crea.gov.co\/crea-entre-nubes\/wp-content\/uploads\/sites\/25\/2025\/08\/WhatsApp-Image-2025-07-10-at-15.09.01-1-1-768x346.jpeg 768w, https:\/\/www.crea.gov.co\/crea-entre-nubes\/wp-content\/uploads\/sites\/25\/2025\/08\/WhatsApp-Image-2025-07-10-at-15.09.01-1-1.jpeg 1280w\" sizes=\"auto, (max-width: 1024px) 100vw, 1024px\" \/><\/figure>\n\n\n\n<figure class=\"wp-block-image size-large\"><img loading=\"lazy\" decoding=\"async\" width=\"768\" height=\"1024\" data-id=\"906\" src=\"https:\/\/www.crea.gov.co\/crea-entre-nubes\/wp-content\/uploads\/sites\/25\/2025\/08\/WhatsApp-Image-2025-07-10-at-15.09.01-3-768x1024.jpeg\" alt=\"\" class=\"wp-image-906\" srcset=\"https:\/\/www.crea.gov.co\/crea-entre-nubes\/wp-content\/uploads\/sites\/25\/2025\/08\/WhatsApp-Image-2025-07-10-at-15.09.01-3-768x1024.jpeg 768w, https:\/\/www.crea.gov.co\/crea-entre-nubes\/wp-content\/uploads\/sites\/25\/2025\/08\/WhatsApp-Image-2025-07-10-at-15.09.01-3-225x300.jpeg 225w, https:\/\/www.crea.gov.co\/crea-entre-nubes\/wp-content\/uploads\/sites\/25\/2025\/08\/WhatsApp-Image-2025-07-10-at-15.09.01-3.jpeg 774w\" sizes=\"auto, (max-width: 768px) 100vw, 768px\" \/><\/figure>\n\n\n\n<figure class=\"wp-block-image size-large\"><img loading=\"lazy\" decoding=\"async\" width=\"1024\" height=\"768\" data-id=\"908\" src=\"https:\/\/www.crea.gov.co\/crea-entre-nubes\/wp-content\/uploads\/sites\/25\/2025\/08\/WhatsApp-Image-2025-07-10-at-15.09.06-1-1-1024x768.jpeg\" alt=\"\" class=\"wp-image-908\" srcset=\"https:\/\/www.crea.gov.co\/crea-entre-nubes\/wp-content\/uploads\/sites\/25\/2025\/08\/WhatsApp-Image-2025-07-10-at-15.09.06-1-1-1024x768.jpeg 1024w, https:\/\/www.crea.gov.co\/crea-entre-nubes\/wp-content\/uploads\/sites\/25\/2025\/08\/WhatsApp-Image-2025-07-10-at-15.09.06-1-1-300x225.jpeg 300w, https:\/\/www.crea.gov.co\/crea-entre-nubes\/wp-content\/uploads\/sites\/25\/2025\/08\/WhatsApp-Image-2025-07-10-at-15.09.06-1-1-768x576.jpeg 768w, https:\/\/www.crea.gov.co\/crea-entre-nubes\/wp-content\/uploads\/sites\/25\/2025\/08\/WhatsApp-Image-2025-07-10-at-15.09.06-1-1-1536x1152.jpeg 1536w, https:\/\/www.crea.gov.co\/crea-entre-nubes\/wp-content\/uploads\/sites\/25\/2025\/08\/WhatsApp-Image-2025-07-10-at-15.09.06-1-1.jpeg 1600w\" sizes=\"auto, (max-width: 1024px) 100vw, 1024px\" \/><\/figure>\n\n\n\n<figure class=\"wp-block-image size-large\"><img loading=\"lazy\" decoding=\"async\" width=\"1024\" height=\"768\" data-id=\"909\" src=\"https:\/\/www.crea.gov.co\/crea-entre-nubes\/wp-content\/uploads\/sites\/25\/2025\/08\/WhatsApp-Image-2025-07-10-at-15.09.06-2-1-1024x768.jpeg\" alt=\"\" class=\"wp-image-909\" srcset=\"https:\/\/www.crea.gov.co\/crea-entre-nubes\/wp-content\/uploads\/sites\/25\/2025\/08\/WhatsApp-Image-2025-07-10-at-15.09.06-2-1-1024x768.jpeg 1024w, https:\/\/www.crea.gov.co\/crea-entre-nubes\/wp-content\/uploads\/sites\/25\/2025\/08\/WhatsApp-Image-2025-07-10-at-15.09.06-2-1-300x225.jpeg 300w, https:\/\/www.crea.gov.co\/crea-entre-nubes\/wp-content\/uploads\/sites\/25\/2025\/08\/WhatsApp-Image-2025-07-10-at-15.09.06-2-1-768x576.jpeg 768w, https:\/\/www.crea.gov.co\/crea-entre-nubes\/wp-content\/uploads\/sites\/25\/2025\/08\/WhatsApp-Image-2025-07-10-at-15.09.06-2-1-1536x1152.jpeg 1536w, https:\/\/www.crea.gov.co\/crea-entre-nubes\/wp-content\/uploads\/sites\/25\/2025\/08\/WhatsApp-Image-2025-07-10-at-15.09.06-2-1.jpeg 1600w\" sizes=\"auto, (max-width: 1024px) 100vw, 1024px\" \/><\/figure>\n\n\n\n<figure class=\"wp-block-image size-large\"><img loading=\"lazy\" decoding=\"async\" width=\"768\" height=\"1024\" data-id=\"910\" src=\"https:\/\/www.crea.gov.co\/crea-entre-nubes\/wp-content\/uploads\/sites\/25\/2025\/08\/WhatsApp-Image-2025-07-10-at-15.09.06-4-1-768x1024.jpeg\" alt=\"\" class=\"wp-image-910\" srcset=\"https:\/\/www.crea.gov.co\/crea-entre-nubes\/wp-content\/uploads\/sites\/25\/2025\/08\/WhatsApp-Image-2025-07-10-at-15.09.06-4-1-768x1024.jpeg 768w, https:\/\/www.crea.gov.co\/crea-entre-nubes\/wp-content\/uploads\/sites\/25\/2025\/08\/WhatsApp-Image-2025-07-10-at-15.09.06-4-1-225x300.jpeg 225w, https:\/\/www.crea.gov.co\/crea-entre-nubes\/wp-content\/uploads\/sites\/25\/2025\/08\/WhatsApp-Image-2025-07-10-at-15.09.06-4-1-1152x1536.jpeg 1152w, https:\/\/www.crea.gov.co\/crea-entre-nubes\/wp-content\/uploads\/sites\/25\/2025\/08\/WhatsApp-Image-2025-07-10-at-15.09.06-4-1.jpeg 1200w\" sizes=\"auto, (max-width: 768px) 100vw, 768px\" \/><\/figure>\n\n\n\n<figure class=\"wp-block-image size-large\"><img loading=\"lazy\" decoding=\"async\" width=\"1024\" height=\"768\" data-id=\"911\" src=\"https:\/\/www.crea.gov.co\/crea-entre-nubes\/wp-content\/uploads\/sites\/25\/2025\/08\/WhatsApp-Image-2025-07-10-at-15.09.06-3-1024x768.jpeg\" alt=\"\" class=\"wp-image-911\" srcset=\"https:\/\/www.crea.gov.co\/crea-entre-nubes\/wp-content\/uploads\/sites\/25\/2025\/08\/WhatsApp-Image-2025-07-10-at-15.09.06-3-1024x768.jpeg 1024w, https:\/\/www.crea.gov.co\/crea-entre-nubes\/wp-content\/uploads\/sites\/25\/2025\/08\/WhatsApp-Image-2025-07-10-at-15.09.06-3-300x225.jpeg 300w, https:\/\/www.crea.gov.co\/crea-entre-nubes\/wp-content\/uploads\/sites\/25\/2025\/08\/WhatsApp-Image-2025-07-10-at-15.09.06-3-768x576.jpeg 768w, https:\/\/www.crea.gov.co\/crea-entre-nubes\/wp-content\/uploads\/sites\/25\/2025\/08\/WhatsApp-Image-2025-07-10-at-15.09.06-3-1536x1152.jpeg 1536w, https:\/\/www.crea.gov.co\/crea-entre-nubes\/wp-content\/uploads\/sites\/25\/2025\/08\/WhatsApp-Image-2025-07-10-at-15.09.06-3.jpeg 1600w\" sizes=\"auto, (max-width: 1024px) 100vw, 1024px\" \/><\/figure>\n<\/figure>\n","protected":false},"excerpt":{"rendered":"<p>En el mes julio vivimos una experiencia que fue mucho m\u00e1s que un recorrido: fue un viaje al coraz\u00f3n de nuestro territorio, organizado por la zona 4 del programa Crea. Partimos desde el Aula Ambiental de la Manzana del Cuidado de Juan Rey, donde el equipo se reuni\u00f3 para abrir la jornada con un c\u00edrculo [&hellip;]<\/p>\n","protected":false},"author":94,"featured_media":853,"comment_status":"open","ping_status":"open","sticky":false,"template":"","format":"standard","meta":{"footnotes":""},"categories":[1],"tags":[],"class_list":["post-850","post","type-post","status-publish","format-standard","has-post-thumbnail","hentry","category-sin-categoria"],"yoast_head":"<!-- This site is optimized with the Yoast SEO plugin v24.5 - https:\/\/yoast.com\/wordpress\/plugins\/seo\/ -->\n<title>\ud83d\udc9a Entre monta\u00f1as y memorias: un encuentro en el Parque Entre Nubes \ud83c\udf31\u2728 - Crea Entre Nubes<\/title>\n<meta name=\"robots\" content=\"index, follow, max-snippet:-1, max-image-preview:large, max-video-preview:-1\" \/>\n<link rel=\"canonical\" href=\"https:\/\/www.crea.gov.co\/crea-entre-nubes\/\ud83c\udf3f-un-recorrido-que-nos-acerco-al-corazon-del-parque-entre-nubes-\ud83c\udf3f\/\" \/>\n<meta property=\"og:locale\" content=\"es_ES\" \/>\n<meta property=\"og:type\" content=\"article\" \/>\n<meta property=\"og:title\" content=\"\ud83d\udc9a Entre monta\u00f1as y memorias: un encuentro en el Parque Entre Nubes \ud83c\udf31\u2728 - Crea Entre Nubes\" \/>\n<meta property=\"og:description\" content=\"En el mes julio vivimos una experiencia que fue mucho m\u00e1s que un recorrido: fue un viaje al coraz\u00f3n de nuestro territorio, organizado por la zona 4 del programa Crea. Partimos desde el Aula Ambiental de la Manzana del Cuidado de Juan Rey, donde el equipo se reuni\u00f3 para abrir la jornada con un c\u00edrculo [&hellip;]\" \/>\n<meta property=\"og:url\" content=\"https:\/\/www.crea.gov.co\/crea-entre-nubes\/\ud83c\udf3f-un-recorrido-que-nos-acerco-al-corazon-del-parque-entre-nubes-\ud83c\udf3f\/\" \/>\n<meta property=\"og:site_name\" content=\"Crea Entre Nubes\" \/>\n<meta property=\"article:published_time\" content=\"2025-08-29T17:01:52+00:00\" \/>\n<meta property=\"article:modified_time\" content=\"2025-09-03T15:42:43+00:00\" \/>\n<meta property=\"og:image\" content=\"https:\/\/www.crea.gov.co\/crea-entre-nubes\/wp-content\/uploads\/sites\/25\/2025\/08\/WhatsApp-Image-2025-07-10-at-15.09.06-1.jpeg\" \/>\n\t<meta property=\"og:image:width\" content=\"1600\" \/>\n\t<meta property=\"og:image:height\" content=\"1200\" \/>\n\t<meta property=\"og:image:type\" content=\"image\/jpeg\" \/>\n<meta name=\"author\" content=\"creaentrenubes\" \/>\n<meta name=\"twitter:card\" content=\"summary_large_image\" \/>\n<meta name=\"twitter:label1\" content=\"Escrito por\" \/>\n\t<meta name=\"twitter:data1\" content=\"creaentrenubes\" \/>\n\t<meta name=\"twitter:label2\" content=\"Tiempo de lectura\" \/>\n\t<meta name=\"twitter:data2\" content=\"8 minutos\" \/>\n<script type=\"application\/ld+json\" class=\"yoast-schema-graph\">{\"@context\":\"https:\/\/schema.org\",\"@graph\":[{\"@type\":\"Article\",\"@id\":\"https:\/\/www.crea.gov.co\/crea-entre-nubes\/%f0%9f%8c%bf-un-recorrido-que-nos-acerco-al-corazon-del-parque-entre-nubes-%f0%9f%8c%bf\/#article\",\"isPartOf\":{\"@id\":\"https:\/\/www.crea.gov.co\/crea-entre-nubes\/%f0%9f%8c%bf-un-recorrido-que-nos-acerco-al-corazon-del-parque-entre-nubes-%f0%9f%8c%bf\/\"},\"author\":{\"name\":\"creaentrenubes\",\"@id\":\"https:\/\/www.crea.gov.co\/crea-entre-nubes\/#\/schema\/person\/3efe1d884b013f5468a5c0e8bf210fb5\"},\"headline\":\"\ud83d\udc9a Entre monta\u00f1as y memorias: un encuentro en el Parque Entre Nubes \ud83c\udf31\u2728\",\"datePublished\":\"2025-08-29T17:01:52+00:00\",\"dateModified\":\"2025-09-03T15:42:43+00:00\",\"mainEntityOfPage\":{\"@id\":\"https:\/\/www.crea.gov.co\/crea-entre-nubes\/%f0%9f%8c%bf-un-recorrido-que-nos-acerco-al-corazon-del-parque-entre-nubes-%f0%9f%8c%bf\/\"},\"wordCount\":252,\"commentCount\":0,\"publisher\":{\"@id\":\"https:\/\/www.crea.gov.co\/crea-entre-nubes\/#organization\"},\"image\":{\"@id\":\"https:\/\/www.crea.gov.co\/crea-entre-nubes\/%f0%9f%8c%bf-un-recorrido-que-nos-acerco-al-corazon-del-parque-entre-nubes-%f0%9f%8c%bf\/#primaryimage\"},\"thumbnailUrl\":\"https:\/\/www.crea.gov.co\/crea-entre-nubes\/wp-content\/uploads\/sites\/25\/2025\/08\/WhatsApp-Image-2025-07-10-at-15.09.06-1.jpeg\",\"inLanguage\":\"es-CO\",\"potentialAction\":[{\"@type\":\"CommentAction\",\"name\":\"Comment\",\"target\":[\"https:\/\/www.crea.gov.co\/crea-entre-nubes\/%f0%9f%8c%bf-un-recorrido-que-nos-acerco-al-corazon-del-parque-entre-nubes-%f0%9f%8c%bf\/#respond\"]}]},{\"@type\":\"WebPage\",\"@id\":\"https:\/\/www.crea.gov.co\/crea-entre-nubes\/%f0%9f%8c%bf-un-recorrido-que-nos-acerco-al-corazon-del-parque-entre-nubes-%f0%9f%8c%bf\/\",\"url\":\"https:\/\/www.crea.gov.co\/crea-entre-nubes\/%f0%9f%8c%bf-un-recorrido-que-nos-acerco-al-corazon-del-parque-entre-nubes-%f0%9f%8c%bf\/\",\"name\":\"\ud83d\udc9a Entre monta\u00f1as y memorias: un encuentro en el Parque Entre Nubes \ud83c\udf31\u2728 - Crea Entre Nubes\",\"isPartOf\":{\"@id\":\"https:\/\/www.crea.gov.co\/crea-entre-nubes\/#website\"},\"primaryImageOfPage\":{\"@id\":\"https:\/\/www.crea.gov.co\/crea-entre-nubes\/%f0%9f%8c%bf-un-recorrido-que-nos-acerco-al-corazon-del-parque-entre-nubes-%f0%9f%8c%bf\/#primaryimage\"},\"image\":{\"@id\":\"https:\/\/www.crea.gov.co\/crea-entre-nubes\/%f0%9f%8c%bf-un-recorrido-que-nos-acerco-al-corazon-del-parque-entre-nubes-%f0%9f%8c%bf\/#primaryimage\"},\"thumbnailUrl\":\"https:\/\/www.crea.gov.co\/crea-entre-nubes\/wp-content\/uploads\/sites\/25\/2025\/08\/WhatsApp-Image-2025-07-10-at-15.09.06-1.jpeg\",\"datePublished\":\"2025-08-29T17:01:52+00:00\",\"dateModified\":\"2025-09-03T15:42:43+00:00\",\"breadcrumb\":{\"@id\":\"https:\/\/www.crea.gov.co\/crea-entre-nubes\/%f0%9f%8c%bf-un-recorrido-que-nos-acerco-al-corazon-del-parque-entre-nubes-%f0%9f%8c%bf\/#breadcrumb\"},\"inLanguage\":\"es-CO\",\"potentialAction\":[{\"@type\":\"ReadAction\",\"target\":[\"https:\/\/www.crea.gov.co\/crea-entre-nubes\/%f0%9f%8c%bf-un-recorrido-que-nos-acerco-al-corazon-del-parque-entre-nubes-%f0%9f%8c%bf\/\"]}]},{\"@type\":\"ImageObject\",\"inLanguage\":\"es-CO\",\"@id\":\"https:\/\/www.crea.gov.co\/crea-entre-nubes\/%f0%9f%8c%bf-un-recorrido-que-nos-acerco-al-corazon-del-parque-entre-nubes-%f0%9f%8c%bf\/#primaryimage\",\"url\":\"https:\/\/www.crea.gov.co\/crea-entre-nubes\/wp-content\/uploads\/sites\/25\/2025\/08\/WhatsApp-Image-2025-07-10-at-15.09.06-1.jpeg\",\"contentUrl\":\"https:\/\/www.crea.gov.co\/crea-entre-nubes\/wp-content\/uploads\/sites\/25\/2025\/08\/WhatsApp-Image-2025-07-10-at-15.09.06-1.jpeg\",\"width\":1600,\"height\":1200},{\"@type\":\"BreadcrumbList\",\"@id\":\"https:\/\/www.crea.gov.co\/crea-entre-nubes\/%f0%9f%8c%bf-un-recorrido-que-nos-acerco-al-corazon-del-parque-entre-nubes-%f0%9f%8c%bf\/#breadcrumb\",\"itemListElement\":[{\"@type\":\"ListItem\",\"position\":1,\"name\":\"Inicio\",\"item\":\"https:\/\/www.crea.gov.co\/crea-entre-nubes\/\"},{\"@type\":\"ListItem\",\"position\":2,\"name\":\"\ud83d\udc9a Entre monta\u00f1as y memorias: un encuentro en el Parque Entre Nubes \ud83c\udf31\u2728\"}]},{\"@type\":\"WebSite\",\"@id\":\"https:\/\/www.crea.gov.co\/crea-entre-nubes\/#website\",\"url\":\"https:\/\/www.crea.gov.co\/crea-entre-nubes\/\",\"name\":\"Crea Entre Nubes\",\"description\":\"Este centro de formaci\u00f3n art\u00edstica lleva los lenguajes del arte a lo alto, a un territorio donde la monta\u00f1a se siente cerca y la bruma acompa\u00f1a los d\u00edas. Entre Nubes no es solo un nombre: es una forma de mirar el mundo desde la tranquilidad y la conexi\u00f3n con la naturaleza, valorando la vida en las laderas como espacio para crear, imaginar y compartir. Aqu\u00ed, las monta\u00f1as se convierten en escenarios para nuevas experiencias y encuentros art\u00edsticos.\",\"publisher\":{\"@id\":\"https:\/\/www.crea.gov.co\/crea-entre-nubes\/#organization\"},\"potentialAction\":[{\"@type\":\"SearchAction\",\"target\":{\"@type\":\"EntryPoint\",\"urlTemplate\":\"https:\/\/www.crea.gov.co\/crea-entre-nubes\/?s={search_term_string}\"},\"query-input\":{\"@type\":\"PropertyValueSpecification\",\"valueRequired\":true,\"valueName\":\"search_term_string\"}}],\"inLanguage\":\"es-CO\"},{\"@type\":\"Organization\",\"@id\":\"https:\/\/www.crea.gov.co\/crea-entre-nubes\/#organization\",\"name\":\"Crea Entre Nubes\",\"url\":\"https:\/\/www.crea.gov.co\/crea-entre-nubes\/\",\"logo\":{\"@type\":\"ImageObject\",\"inLanguage\":\"es-CO\",\"@id\":\"https:\/\/www.crea.gov.co\/crea-entre-nubes\/#\/schema\/logo\/image\/\",\"url\":\"https:\/\/www.crea.gov.co\/crea-entre-nubes\/wp-content\/uploads\/sites\/25\/2024\/08\/Captura-de-pantalla-2024-08-31-a-las-00.22.04.png\",\"contentUrl\":\"https:\/\/www.crea.gov.co\/crea-entre-nubes\/wp-content\/uploads\/sites\/25\/2024\/08\/Captura-de-pantalla-2024-08-31-a-las-00.22.04.png\",\"width\":518,\"height\":302,\"caption\":\"Crea Entre Nubes\"},\"image\":{\"@id\":\"https:\/\/www.crea.gov.co\/crea-entre-nubes\/#\/schema\/logo\/image\/\"}},{\"@type\":\"Person\",\"@id\":\"https:\/\/www.crea.gov.co\/crea-entre-nubes\/#\/schema\/person\/3efe1d884b013f5468a5c0e8bf210fb5\",\"name\":\"creaentrenubes\",\"image\":{\"@type\":\"ImageObject\",\"inLanguage\":\"es-CO\",\"@id\":\"https:\/\/www.crea.gov.co\/crea-entre-nubes\/#\/schema\/person\/image\/\",\"url\":\"https:\/\/secure.gravatar.com\/avatar\/eba2c4e3040233e7af829c3ee688fab6?s=96&d=mm&r=g\",\"contentUrl\":\"https:\/\/secure.gravatar.com\/avatar\/eba2c4e3040233e7af829c3ee688fab6?s=96&d=mm&r=g\",\"caption\":\"creaentrenubes\"},\"url\":\"https:\/\/www.crea.gov.co\/crea-entre-nubes\/author\/creaentrenubes\/\"}]}<\/script>\n<!-- \/ Yoast SEO plugin. -->","yoast_head_json":{"title":"\ud83d\udc9a Entre monta\u00f1as y memorias: un encuentro en el Parque Entre Nubes \ud83c\udf31\u2728 - Crea Entre Nubes","robots":{"index":"index","follow":"follow","max-snippet":"max-snippet:-1","max-image-preview":"max-image-preview:large","max-video-preview":"max-video-preview:-1"},"canonical":"https:\/\/www.crea.gov.co\/crea-entre-nubes\/\ud83c\udf3f-un-recorrido-que-nos-acerco-al-corazon-del-parque-entre-nubes-\ud83c\udf3f\/","og_locale":"es_ES","og_type":"article","og_title":"\ud83d\udc9a Entre monta\u00f1as y memorias: un encuentro en el Parque Entre Nubes \ud83c\udf31\u2728 - Crea Entre Nubes","og_description":"En el mes julio vivimos una experiencia que fue mucho m\u00e1s que un recorrido: fue un viaje al coraz\u00f3n de nuestro territorio, organizado por la zona 4 del programa Crea. Partimos desde el Aula Ambiental de la Manzana del Cuidado de Juan Rey, donde el equipo se reuni\u00f3 para abrir la jornada con un c\u00edrculo [&hellip;]","og_url":"https:\/\/www.crea.gov.co\/crea-entre-nubes\/\ud83c\udf3f-un-recorrido-que-nos-acerco-al-corazon-del-parque-entre-nubes-\ud83c\udf3f\/","og_site_name":"Crea Entre Nubes","article_published_time":"2025-08-29T17:01:52+00:00","article_modified_time":"2025-09-03T15:42:43+00:00","og_image":[{"width":1600,"height":1200,"url":"https:\/\/www.crea.gov.co\/crea-entre-nubes\/wp-content\/uploads\/sites\/25\/2025\/08\/WhatsApp-Image-2025-07-10-at-15.09.06-1.jpeg","type":"image\/jpeg"}],"author":"creaentrenubes","twitter_card":"summary_large_image","twitter_misc":{"Escrito por":"creaentrenubes","Tiempo de lectura":"8 minutos"},"schema":{"@context":"https:\/\/schema.org","@graph":[{"@type":"Article","@id":"https:\/\/www.crea.gov.co\/crea-entre-nubes\/%f0%9f%8c%bf-un-recorrido-que-nos-acerco-al-corazon-del-parque-entre-nubes-%f0%9f%8c%bf\/#article","isPartOf":{"@id":"https:\/\/www.crea.gov.co\/crea-entre-nubes\/%f0%9f%8c%bf-un-recorrido-que-nos-acerco-al-corazon-del-parque-entre-nubes-%f0%9f%8c%bf\/"},"author":{"name":"creaentrenubes","@id":"https:\/\/www.crea.gov.co\/crea-entre-nubes\/#\/schema\/person\/3efe1d884b013f5468a5c0e8bf210fb5"},"headline":"\ud83d\udc9a Entre monta\u00f1as y memorias: un encuentro en el Parque Entre Nubes \ud83c\udf31\u2728","datePublished":"2025-08-29T17:01:52+00:00","dateModified":"2025-09-03T15:42:43+00:00","mainEntityOfPage":{"@id":"https:\/\/www.crea.gov.co\/crea-entre-nubes\/%f0%9f%8c%bf-un-recorrido-que-nos-acerco-al-corazon-del-parque-entre-nubes-%f0%9f%8c%bf\/"},"wordCount":252,"commentCount":0,"publisher":{"@id":"https:\/\/www.crea.gov.co\/crea-entre-nubes\/#organization"},"image":{"@id":"https:\/\/www.crea.gov.co\/crea-entre-nubes\/%f0%9f%8c%bf-un-recorrido-que-nos-acerco-al-corazon-del-parque-entre-nubes-%f0%9f%8c%bf\/#primaryimage"},"thumbnailUrl":"https:\/\/www.crea.gov.co\/crea-entre-nubes\/wp-content\/uploads\/sites\/25\/2025\/08\/WhatsApp-Image-2025-07-10-at-15.09.06-1.jpeg","inLanguage":"es-CO","potentialAction":[{"@type":"CommentAction","name":"Comment","target":["https:\/\/www.crea.gov.co\/crea-entre-nubes\/%f0%9f%8c%bf-un-recorrido-que-nos-acerco-al-corazon-del-parque-entre-nubes-%f0%9f%8c%bf\/#respond"]}]},{"@type":"WebPage","@id":"https:\/\/www.crea.gov.co\/crea-entre-nubes\/%f0%9f%8c%bf-un-recorrido-que-nos-acerco-al-corazon-del-parque-entre-nubes-%f0%9f%8c%bf\/","url":"https:\/\/www.crea.gov.co\/crea-entre-nubes\/%f0%9f%8c%bf-un-recorrido-que-nos-acerco-al-corazon-del-parque-entre-nubes-%f0%9f%8c%bf\/","name":"\ud83d\udc9a Entre monta\u00f1as y memorias: un encuentro en el Parque Entre Nubes \ud83c\udf31\u2728 - Crea Entre Nubes","isPartOf":{"@id":"https:\/\/www.crea.gov.co\/crea-entre-nubes\/#website"},"primaryImageOfPage":{"@id":"https:\/\/www.crea.gov.co\/crea-entre-nubes\/%f0%9f%8c%bf-un-recorrido-que-nos-acerco-al-corazon-del-parque-entre-nubes-%f0%9f%8c%bf\/#primaryimage"},"image":{"@id":"https:\/\/www.crea.gov.co\/crea-entre-nubes\/%f0%9f%8c%bf-un-recorrido-que-nos-acerco-al-corazon-del-parque-entre-nubes-%f0%9f%8c%bf\/#primaryimage"},"thumbnailUrl":"https:\/\/www.crea.gov.co\/crea-entre-nubes\/wp-content\/uploads\/sites\/25\/2025\/08\/WhatsApp-Image-2025-07-10-at-15.09.06-1.jpeg","datePublished":"2025-08-29T17:01:52+00:00","dateModified":"2025-09-03T15:42:43+00:00","breadcrumb":{"@id":"https:\/\/www.crea.gov.co\/crea-entre-nubes\/%f0%9f%8c%bf-un-recorrido-que-nos-acerco-al-corazon-del-parque-entre-nubes-%f0%9f%8c%bf\/#breadcrumb"},"inLanguage":"es-CO","potentialAction":[{"@type":"ReadAction","target":["https:\/\/www.crea.gov.co\/crea-entre-nubes\/%f0%9f%8c%bf-un-recorrido-que-nos-acerco-al-corazon-del-parque-entre-nubes-%f0%9f%8c%bf\/"]}]},{"@type":"ImageObject","inLanguage":"es-CO","@id":"https:\/\/www.crea.gov.co\/crea-entre-nubes\/%f0%9f%8c%bf-un-recorrido-que-nos-acerco-al-corazon-del-parque-entre-nubes-%f0%9f%8c%bf\/#primaryimage","url":"https:\/\/www.crea.gov.co\/crea-entre-nubes\/wp-content\/uploads\/sites\/25\/2025\/08\/WhatsApp-Image-2025-07-10-at-15.09.06-1.jpeg","contentUrl":"https:\/\/www.crea.gov.co\/crea-entre-nubes\/wp-content\/uploads\/sites\/25\/2025\/08\/WhatsApp-Image-2025-07-10-at-15.09.06-1.jpeg","width":1600,"height":1200},{"@type":"BreadcrumbList","@id":"https:\/\/www.crea.gov.co\/crea-entre-nubes\/%f0%9f%8c%bf-un-recorrido-que-nos-acerco-al-corazon-del-parque-entre-nubes-%f0%9f%8c%bf\/#breadcrumb","itemListElement":[{"@type":"ListItem","position":1,"name":"Inicio","item":"https:\/\/www.crea.gov.co\/crea-entre-nubes\/"},{"@type":"ListItem","position":2,"name":"\ud83d\udc9a Entre monta\u00f1as y memorias: un encuentro en el Parque Entre Nubes \ud83c\udf31\u2728"}]},{"@type":"WebSite","@id":"https:\/\/www.crea.gov.co\/crea-entre-nubes\/#website","url":"https:\/\/www.crea.gov.co\/crea-entre-nubes\/","name":"Crea Entre Nubes","description":"Este centro de formaci\u00f3n art\u00edstica lleva los lenguajes del arte a lo alto, a un territorio donde la monta\u00f1a se siente cerca y la bruma acompa\u00f1a los d\u00edas. Entre Nubes no es solo un nombre: es una forma de mirar el mundo desde la tranquilidad y la conexi\u00f3n con la naturaleza, valorando la vida en las laderas como espacio para crear, imaginar y compartir. Aqu\u00ed, las monta\u00f1as se convierten en escenarios para nuevas experiencias y encuentros art\u00edsticos.","publisher":{"@id":"https:\/\/www.crea.gov.co\/crea-entre-nubes\/#organization"},"potentialAction":[{"@type":"SearchAction","target":{"@type":"EntryPoint","urlTemplate":"https:\/\/www.crea.gov.co\/crea-entre-nubes\/?s={search_term_string}"},"query-input":{"@type":"PropertyValueSpecification","valueRequired":true,"valueName":"search_term_string"}}],"inLanguage":"es-CO"},{"@type":"Organization","@id":"https:\/\/www.crea.gov.co\/crea-entre-nubes\/#organization","name":"Crea Entre Nubes","url":"https:\/\/www.crea.gov.co\/crea-entre-nubes\/","logo":{"@type":"ImageObject","inLanguage":"es-CO","@id":"https:\/\/www.crea.gov.co\/crea-entre-nubes\/#\/schema\/logo\/image\/","url":"https:\/\/www.crea.gov.co\/crea-entre-nubes\/wp-content\/uploads\/sites\/25\/2024\/08\/Captura-de-pantalla-2024-08-31-a-las-00.22.04.png","contentUrl":"https:\/\/www.crea.gov.co\/crea-entre-nubes\/wp-content\/uploads\/sites\/25\/2024\/08\/Captura-de-pantalla-2024-08-31-a-las-00.22.04.png","width":518,"height":302,"caption":"Crea Entre Nubes"},"image":{"@id":"https:\/\/www.crea.gov.co\/crea-entre-nubes\/#\/schema\/logo\/image\/"}},{"@type":"Person","@id":"https:\/\/www.crea.gov.co\/crea-entre-nubes\/#\/schema\/person\/3efe1d884b013f5468a5c0e8bf210fb5","name":"creaentrenubes","image":{"@type":"ImageObject","inLanguage":"es-CO","@id":"https:\/\/www.crea.gov.co\/crea-entre-nubes\/#\/schema\/person\/image\/","url":"https:\/\/secure.gravatar.com\/avatar\/eba2c4e3040233e7af829c3ee688fab6?s=96&d=mm&r=g","contentUrl":"https:\/\/secure.gravatar.com\/avatar\/eba2c4e3040233e7af829c3ee688fab6?s=96&d=mm&r=g","caption":"creaentrenubes"},"url":"https:\/\/www.crea.gov.co\/crea-entre-nubes\/author\/creaentrenubes\/"}]}},"_links":{"self":[{"href":"https:\/\/www.crea.gov.co\/crea-entre-nubes\/wp-json\/wp\/v2\/posts\/850","targetHints":{"allow":["GET"]}}],"collection":[{"href":"https:\/\/www.crea.gov.co\/crea-entre-nubes\/wp-json\/wp\/v2\/posts"}],"about":[{"href":"https:\/\/www.crea.gov.co\/crea-entre-nubes\/wp-json\/wp\/v2\/types\/post"}],"author":[{"embeddable":true,"href":"https:\/\/www.crea.gov.co\/crea-entre-nubes\/wp-json\/wp\/v2\/users\/94"}],"replies":[{"embeddable":true,"href":"https:\/\/www.crea.gov.co\/crea-entre-nubes\/wp-json\/wp\/v2\/comments?post=850"}],"version-history":[{"count":6,"href":"https:\/\/www.crea.gov.co\/crea-entre-nubes\/wp-json\/wp\/v2\/posts\/850\/revisions"}],"predecessor-version":[{"id":918,"href":"https:\/\/www.crea.gov.co\/crea-entre-nubes\/wp-json\/wp\/v2\/posts\/850\/revisions\/918"}],"wp:featuredmedia":[{"embeddable":true,"href":"https:\/\/www.crea.gov.co\/crea-entre-nubes\/wp-json\/wp\/v2\/media\/853"}],"wp:attachment":[{"href":"https:\/\/www.crea.gov.co\/crea-entre-nubes\/wp-json\/wp\/v2\/media?parent=850"}],"wp:term":[{"taxonomy":"category","embeddable":true,"href":"https:\/\/www.crea.gov.co\/crea-entre-nubes\/wp-json\/wp\/v2\/categories?post=850"},{"taxonomy":"post_tag","embeddable":true,"href":"https:\/\/www.crea.gov.co\/crea-entre-nubes\/wp-json\/wp\/v2\/tags?post=850"}],"curies":[{"name":"wp","href":"https:\/\/api.w.org\/{rel}","templated":true}]}}