{"id":685,"date":"2025-04-23T12:13:48","date_gmt":"2025-04-23T17:13:48","guid":{"rendered":"https:\/\/www.crea.gov.co\/crea-entre-nubes\/?p=685"},"modified":"2025-04-23T17:13:45","modified_gmt":"2025-04-23T22:13:45","slug":"%f0%9f%93%a3-tu-voz-orienta-la-brujula-cultural-2038","status":"publish","type":"post","link":"https:\/\/www.crea.gov.co\/crea-entre-nubes\/%f0%9f%93%a3-tu-voz-orienta-la-brujula-cultural-2038\/","title":{"rendered":"\ud83d\udce3 \u00a1Tu voz orienta la Br\u00fajula Cultural 2038!"},"content":{"rendered":"\n<h2 class=\"wp-block-heading\">Participa en los Encuentros Nodales del Plan de Cultura de Bogot\u00e1 2038<\/h2>\n\n\n\n<p>La Secretar\u00eda de Cultura, Recreaci\u00f3n y Deporte te invita al Segundo Encuentro Nodal de la Zona Suroriental, un espacio de di\u00e1logo y construcci\u00f3n colectiva donde t\u00fa, como ciudadano, ciudadana o agente cultural de Usme, San Crist\u00f3bal, Rafael Uribe Uribe o Antonio Nari\u00f1o, puedes aportar tu experiencia, tus ideas y tu visi\u00f3n para el futuro cultural de Bogot\u00e1.<\/p>\n\n\n\n<p class=\"has-text-align-center\"><em>\ud83e\udde9Estos encuentros hacen parte del proceso de actualizaci\u00f3n y fortalecimiento de la Br\u00fajula Cultural 2038, el nuevo Plan de Cultura de Bogot\u00e1.<\/em><\/p>\n\n\n<div class=\"wp-block-image\">\n<figure class=\"aligncenter size-large\"><img loading=\"lazy\" decoding=\"async\" width=\"819\" height=\"1024\" src=\"https:\/\/www.crea.gov.co\/crea-entre-nubes\/wp-content\/uploads\/sites\/25\/2025\/04\/WhatsApp-Image-2025-04-22-at-14.37.24-819x1024.jpeg\" alt=\"\" class=\"wp-image-686\" srcset=\"https:\/\/www.crea.gov.co\/crea-entre-nubes\/wp-content\/uploads\/sites\/25\/2025\/04\/WhatsApp-Image-2025-04-22-at-14.37.24-819x1024.jpeg 819w, https:\/\/www.crea.gov.co\/crea-entre-nubes\/wp-content\/uploads\/sites\/25\/2025\/04\/WhatsApp-Image-2025-04-22-at-14.37.24-240x300.jpeg 240w, https:\/\/www.crea.gov.co\/crea-entre-nubes\/wp-content\/uploads\/sites\/25\/2025\/04\/WhatsApp-Image-2025-04-22-at-14.37.24-768x960.jpeg 768w, https:\/\/www.crea.gov.co\/crea-entre-nubes\/wp-content\/uploads\/sites\/25\/2025\/04\/WhatsApp-Image-2025-04-22-at-14.37.24.jpeg 1081w\" sizes=\"auto, (max-width: 819px) 100vw, 819px\" \/><\/figure><\/div>\n\n\n<p class=\"has-text-align-center\"><strong>\ud83d\udccd Segundo Encuentro Nodal \u2013 Zona Suroriental<br>\ud83d\uddd3 S\u00e1bado 3 de mayo<br>\ud83d\udccc Biblioteca Carlos E. Restrepo\u2013 Transversal 21 A # 19-54 Sur<br>\ud83d\udd58 Hora: 9:00 a.m. a 12:00 m<\/strong><\/p>\n\n\n\n<p class=\"has-text-align-center\"><mark class=\"has-inline-color has-luminous-vivid-orange-color\">\u00a1Construyamos juntos una Bogot\u00e1 donde todas las culturas, todos los sujetos y todos los territorios cuenten!<\/mark><\/p>\n\n\n\n<p><\/p>\n","protected":false},"excerpt":{"rendered":"<p>Participa en los Encuentros Nodales del Plan de Cultura de Bogot\u00e1 2038 La Secretar\u00eda de Cultura, Recreaci\u00f3n y Deporte te invita al Segundo Encuentro Nodal de la Zona Suroriental, un espacio de di\u00e1logo y construcci\u00f3n colectiva donde t\u00fa, como ciudadano, ciudadana o agente cultural de Usme, San Crist\u00f3bal, Rafael Uribe Uribe o Antonio Nari\u00f1o, puedes [&hellip;]<\/p>\n","protected":false},"author":94,"featured_media":686,"comment_status":"open","ping_status":"open","sticky":false,"template":"","format":"standard","meta":{"footnotes":""},"categories":[1],"tags":[],"class_list":["post-685","post","type-post","status-publish","format-standard","has-post-thumbnail","hentry","category-sin-categoria"],"yoast_head":"<!-- This site is optimized with the Yoast SEO plugin v24.5 - https:\/\/yoast.com\/wordpress\/plugins\/seo\/ -->\n<title>\ud83d\udce3 \u00a1Tu voz orienta la Br\u00fajula Cultural 2038! - Crea Entre Nubes<\/title>\n<meta name=\"robots\" content=\"index, follow, max-snippet:-1, max-image-preview:large, max-video-preview:-1\" \/>\n<link rel=\"canonical\" href=\"https:\/\/www.crea.gov.co\/crea-entre-nubes\/\ud83d\udce3-tu-voz-orienta-la-brujula-cultural-2038\/\" \/>\n<meta property=\"og:locale\" content=\"es_ES\" \/>\n<meta property=\"og:type\" content=\"article\" \/>\n<meta property=\"og:title\" content=\"\ud83d\udce3 \u00a1Tu voz orienta la Br\u00fajula Cultural 2038! - Crea Entre Nubes\" \/>\n<meta property=\"og:description\" content=\"Participa en los Encuentros Nodales del Plan de Cultura de Bogot\u00e1 2038 La Secretar\u00eda de Cultura, Recreaci\u00f3n y Deporte te invita al Segundo Encuentro Nodal de la Zona Suroriental, un espacio de di\u00e1logo y construcci\u00f3n colectiva donde t\u00fa, como ciudadano, ciudadana o agente cultural de Usme, San Crist\u00f3bal, Rafael Uribe Uribe o Antonio Nari\u00f1o, puedes [&hellip;]\" \/>\n<meta property=\"og:url\" content=\"https:\/\/www.crea.gov.co\/crea-entre-nubes\/\ud83d\udce3-tu-voz-orienta-la-brujula-cultural-2038\/\" \/>\n<meta property=\"og:site_name\" content=\"Crea Entre Nubes\" \/>\n<meta property=\"article:published_time\" content=\"2025-04-23T17:13:48+00:00\" \/>\n<meta property=\"article:modified_time\" content=\"2025-04-23T22:13:45+00:00\" \/>\n<meta property=\"og:image\" content=\"https:\/\/www.crea.gov.co\/crea-entre-nubes\/wp-content\/uploads\/sites\/25\/2025\/04\/WhatsApp-Image-2025-04-22-at-14.37.24.jpeg\" \/>\n\t<meta property=\"og:image:width\" content=\"1081\" \/>\n\t<meta property=\"og:image:height\" content=\"1351\" \/>\n\t<meta property=\"og:image:type\" content=\"image\/jpeg\" \/>\n<meta name=\"author\" content=\"creaentrenubes\" \/>\n<meta name=\"twitter:card\" content=\"summary_large_image\" \/>\n<meta name=\"twitter:label1\" content=\"Escrito por\" \/>\n\t<meta name=\"twitter:data1\" content=\"creaentrenubes\" \/>\n\t<meta name=\"twitter:label2\" content=\"Tiempo de lectura\" \/>\n\t<meta name=\"twitter:data2\" content=\"2 minutos\" \/>\n<script type=\"application\/ld+json\" class=\"yoast-schema-graph\">{\"@context\":\"https:\/\/schema.org\",\"@graph\":[{\"@type\":\"Article\",\"@id\":\"https:\/\/www.crea.gov.co\/crea-entre-nubes\/%f0%9f%93%a3-tu-voz-orienta-la-brujula-cultural-2038\/#article\",\"isPartOf\":{\"@id\":\"https:\/\/www.crea.gov.co\/crea-entre-nubes\/%f0%9f%93%a3-tu-voz-orienta-la-brujula-cultural-2038\/\"},\"author\":{\"name\":\"creaentrenubes\",\"@id\":\"https:\/\/www.crea.gov.co\/crea-entre-nubes\/#\/schema\/person\/3efe1d884b013f5468a5c0e8bf210fb5\"},\"headline\":\"\ud83d\udce3 \u00a1Tu voz orienta la Br\u00fajula Cultural 2038!\",\"datePublished\":\"2025-04-23T17:13:48+00:00\",\"dateModified\":\"2025-04-23T22:13:45+00:00\",\"mainEntityOfPage\":{\"@id\":\"https:\/\/www.crea.gov.co\/crea-entre-nubes\/%f0%9f%93%a3-tu-voz-orienta-la-brujula-cultural-2038\/\"},\"wordCount\":143,\"commentCount\":0,\"publisher\":{\"@id\":\"https:\/\/www.crea.gov.co\/crea-entre-nubes\/#organization\"},\"image\":{\"@id\":\"https:\/\/www.crea.gov.co\/crea-entre-nubes\/%f0%9f%93%a3-tu-voz-orienta-la-brujula-cultural-2038\/#primaryimage\"},\"thumbnailUrl\":\"https:\/\/www.crea.gov.co\/crea-entre-nubes\/wp-content\/uploads\/sites\/25\/2025\/04\/WhatsApp-Image-2025-04-22-at-14.37.24.jpeg\",\"inLanguage\":\"es-CO\",\"potentialAction\":[{\"@type\":\"CommentAction\",\"name\":\"Comment\",\"target\":[\"https:\/\/www.crea.gov.co\/crea-entre-nubes\/%f0%9f%93%a3-tu-voz-orienta-la-brujula-cultural-2038\/#respond\"]}]},{\"@type\":\"WebPage\",\"@id\":\"https:\/\/www.crea.gov.co\/crea-entre-nubes\/%f0%9f%93%a3-tu-voz-orienta-la-brujula-cultural-2038\/\",\"url\":\"https:\/\/www.crea.gov.co\/crea-entre-nubes\/%f0%9f%93%a3-tu-voz-orienta-la-brujula-cultural-2038\/\",\"name\":\"\ud83d\udce3 \u00a1Tu voz orienta la Br\u00fajula Cultural 2038! - Crea Entre Nubes\",\"isPartOf\":{\"@id\":\"https:\/\/www.crea.gov.co\/crea-entre-nubes\/#website\"},\"primaryImageOfPage\":{\"@id\":\"https:\/\/www.crea.gov.co\/crea-entre-nubes\/%f0%9f%93%a3-tu-voz-orienta-la-brujula-cultural-2038\/#primaryimage\"},\"image\":{\"@id\":\"https:\/\/www.crea.gov.co\/crea-entre-nubes\/%f0%9f%93%a3-tu-voz-orienta-la-brujula-cultural-2038\/#primaryimage\"},\"thumbnailUrl\":\"https:\/\/www.crea.gov.co\/crea-entre-nubes\/wp-content\/uploads\/sites\/25\/2025\/04\/WhatsApp-Image-2025-04-22-at-14.37.24.jpeg\",\"datePublished\":\"2025-04-23T17:13:48+00:00\",\"dateModified\":\"2025-04-23T22:13:45+00:00\",\"breadcrumb\":{\"@id\":\"https:\/\/www.crea.gov.co\/crea-entre-nubes\/%f0%9f%93%a3-tu-voz-orienta-la-brujula-cultural-2038\/#breadcrumb\"},\"inLanguage\":\"es-CO\",\"potentialAction\":[{\"@type\":\"ReadAction\",\"target\":[\"https:\/\/www.crea.gov.co\/crea-entre-nubes\/%f0%9f%93%a3-tu-voz-orienta-la-brujula-cultural-2038\/\"]}]},{\"@type\":\"ImageObject\",\"inLanguage\":\"es-CO\",\"@id\":\"https:\/\/www.crea.gov.co\/crea-entre-nubes\/%f0%9f%93%a3-tu-voz-orienta-la-brujula-cultural-2038\/#primaryimage\",\"url\":\"https:\/\/www.crea.gov.co\/crea-entre-nubes\/wp-content\/uploads\/sites\/25\/2025\/04\/WhatsApp-Image-2025-04-22-at-14.37.24.jpeg\",\"contentUrl\":\"https:\/\/www.crea.gov.co\/crea-entre-nubes\/wp-content\/uploads\/sites\/25\/2025\/04\/WhatsApp-Image-2025-04-22-at-14.37.24.jpeg\",\"width\":1081,\"height\":1351},{\"@type\":\"BreadcrumbList\",\"@id\":\"https:\/\/www.crea.gov.co\/crea-entre-nubes\/%f0%9f%93%a3-tu-voz-orienta-la-brujula-cultural-2038\/#breadcrumb\",\"itemListElement\":[{\"@type\":\"ListItem\",\"position\":1,\"name\":\"Inicio\",\"item\":\"https:\/\/www.crea.gov.co\/crea-entre-nubes\/\"},{\"@type\":\"ListItem\",\"position\":2,\"name\":\"\ud83d\udce3 \u00a1Tu voz orienta la Br\u00fajula Cultural 2038!\"}]},{\"@type\":\"WebSite\",\"@id\":\"https:\/\/www.crea.gov.co\/crea-entre-nubes\/#website\",\"url\":\"https:\/\/www.crea.gov.co\/crea-entre-nubes\/\",\"name\":\"Crea Entre Nubes\",\"description\":\"Este centro de formaci\u00f3n art\u00edstica lleva los lenguajes del arte a lo alto, a un territorio donde la monta\u00f1a se siente cerca y la bruma acompa\u00f1a los d\u00edas. Entre Nubes no es solo un nombre: es una forma de mirar el mundo desde la tranquilidad y la conexi\u00f3n con la naturaleza, valorando la vida en las laderas como espacio para crear, imaginar y compartir. Aqu\u00ed, las monta\u00f1as se convierten en escenarios para nuevas experiencias y encuentros art\u00edsticos.\",\"publisher\":{\"@id\":\"https:\/\/www.crea.gov.co\/crea-entre-nubes\/#organization\"},\"potentialAction\":[{\"@type\":\"SearchAction\",\"target\":{\"@type\":\"EntryPoint\",\"urlTemplate\":\"https:\/\/www.crea.gov.co\/crea-entre-nubes\/?s={search_term_string}\"},\"query-input\":{\"@type\":\"PropertyValueSpecification\",\"valueRequired\":true,\"valueName\":\"search_term_string\"}}],\"inLanguage\":\"es-CO\"},{\"@type\":\"Organization\",\"@id\":\"https:\/\/www.crea.gov.co\/crea-entre-nubes\/#organization\",\"name\":\"Crea Entre Nubes\",\"url\":\"https:\/\/www.crea.gov.co\/crea-entre-nubes\/\",\"logo\":{\"@type\":\"ImageObject\",\"inLanguage\":\"es-CO\",\"@id\":\"https:\/\/www.crea.gov.co\/crea-entre-nubes\/#\/schema\/logo\/image\/\",\"url\":\"https:\/\/www.crea.gov.co\/crea-entre-nubes\/wp-content\/uploads\/sites\/25\/2024\/08\/Captura-de-pantalla-2024-08-31-a-las-00.22.04.png\",\"contentUrl\":\"https:\/\/www.crea.gov.co\/crea-entre-nubes\/wp-content\/uploads\/sites\/25\/2024\/08\/Captura-de-pantalla-2024-08-31-a-las-00.22.04.png\",\"width\":518,\"height\":302,\"caption\":\"Crea Entre Nubes\"},\"image\":{\"@id\":\"https:\/\/www.crea.gov.co\/crea-entre-nubes\/#\/schema\/logo\/image\/\"}},{\"@type\":\"Person\",\"@id\":\"https:\/\/www.crea.gov.co\/crea-entre-nubes\/#\/schema\/person\/3efe1d884b013f5468a5c0e8bf210fb5\",\"name\":\"creaentrenubes\",\"image\":{\"@type\":\"ImageObject\",\"inLanguage\":\"es-CO\",\"@id\":\"https:\/\/www.crea.gov.co\/crea-entre-nubes\/#\/schema\/person\/image\/\",\"url\":\"https:\/\/secure.gravatar.com\/avatar\/eba2c4e3040233e7af829c3ee688fab6?s=96&d=mm&r=g\",\"contentUrl\":\"https:\/\/secure.gravatar.com\/avatar\/eba2c4e3040233e7af829c3ee688fab6?s=96&d=mm&r=g\",\"caption\":\"creaentrenubes\"},\"url\":\"https:\/\/www.crea.gov.co\/crea-entre-nubes\/author\/creaentrenubes\/\"}]}<\/script>\n<!-- \/ Yoast SEO plugin. -->","yoast_head_json":{"title":"\ud83d\udce3 \u00a1Tu voz orienta la Br\u00fajula Cultural 2038! - Crea Entre Nubes","robots":{"index":"index","follow":"follow","max-snippet":"max-snippet:-1","max-image-preview":"max-image-preview:large","max-video-preview":"max-video-preview:-1"},"canonical":"https:\/\/www.crea.gov.co\/crea-entre-nubes\/\ud83d\udce3-tu-voz-orienta-la-brujula-cultural-2038\/","og_locale":"es_ES","og_type":"article","og_title":"\ud83d\udce3 \u00a1Tu voz orienta la Br\u00fajula Cultural 2038! - Crea Entre Nubes","og_description":"Participa en los Encuentros Nodales del Plan de Cultura de Bogot\u00e1 2038 La Secretar\u00eda de Cultura, Recreaci\u00f3n y Deporte te invita al Segundo Encuentro Nodal de la Zona Suroriental, un espacio de di\u00e1logo y construcci\u00f3n colectiva donde t\u00fa, como ciudadano, ciudadana o agente cultural de Usme, San Crist\u00f3bal, Rafael Uribe Uribe o Antonio Nari\u00f1o, puedes [&hellip;]","og_url":"https:\/\/www.crea.gov.co\/crea-entre-nubes\/\ud83d\udce3-tu-voz-orienta-la-brujula-cultural-2038\/","og_site_name":"Crea Entre Nubes","article_published_time":"2025-04-23T17:13:48+00:00","article_modified_time":"2025-04-23T22:13:45+00:00","og_image":[{"width":1081,"height":1351,"url":"https:\/\/www.crea.gov.co\/crea-entre-nubes\/wp-content\/uploads\/sites\/25\/2025\/04\/WhatsApp-Image-2025-04-22-at-14.37.24.jpeg","type":"image\/jpeg"}],"author":"creaentrenubes","twitter_card":"summary_large_image","twitter_misc":{"Escrito por":"creaentrenubes","Tiempo de lectura":"2 minutos"},"schema":{"@context":"https:\/\/schema.org","@graph":[{"@type":"Article","@id":"https:\/\/www.crea.gov.co\/crea-entre-nubes\/%f0%9f%93%a3-tu-voz-orienta-la-brujula-cultural-2038\/#article","isPartOf":{"@id":"https:\/\/www.crea.gov.co\/crea-entre-nubes\/%f0%9f%93%a3-tu-voz-orienta-la-brujula-cultural-2038\/"},"author":{"name":"creaentrenubes","@id":"https:\/\/www.crea.gov.co\/crea-entre-nubes\/#\/schema\/person\/3efe1d884b013f5468a5c0e8bf210fb5"},"headline":"\ud83d\udce3 \u00a1Tu voz orienta la Br\u00fajula Cultural 2038!","datePublished":"2025-04-23T17:13:48+00:00","dateModified":"2025-04-23T22:13:45+00:00","mainEntityOfPage":{"@id":"https:\/\/www.crea.gov.co\/crea-entre-nubes\/%f0%9f%93%a3-tu-voz-orienta-la-brujula-cultural-2038\/"},"wordCount":143,"commentCount":0,"publisher":{"@id":"https:\/\/www.crea.gov.co\/crea-entre-nubes\/#organization"},"image":{"@id":"https:\/\/www.crea.gov.co\/crea-entre-nubes\/%f0%9f%93%a3-tu-voz-orienta-la-brujula-cultural-2038\/#primaryimage"},"thumbnailUrl":"https:\/\/www.crea.gov.co\/crea-entre-nubes\/wp-content\/uploads\/sites\/25\/2025\/04\/WhatsApp-Image-2025-04-22-at-14.37.24.jpeg","inLanguage":"es-CO","potentialAction":[{"@type":"CommentAction","name":"Comment","target":["https:\/\/www.crea.gov.co\/crea-entre-nubes\/%f0%9f%93%a3-tu-voz-orienta-la-brujula-cultural-2038\/#respond"]}]},{"@type":"WebPage","@id":"https:\/\/www.crea.gov.co\/crea-entre-nubes\/%f0%9f%93%a3-tu-voz-orienta-la-brujula-cultural-2038\/","url":"https:\/\/www.crea.gov.co\/crea-entre-nubes\/%f0%9f%93%a3-tu-voz-orienta-la-brujula-cultural-2038\/","name":"\ud83d\udce3 \u00a1Tu voz orienta la Br\u00fajula Cultural 2038! - Crea Entre Nubes","isPartOf":{"@id":"https:\/\/www.crea.gov.co\/crea-entre-nubes\/#website"},"primaryImageOfPage":{"@id":"https:\/\/www.crea.gov.co\/crea-entre-nubes\/%f0%9f%93%a3-tu-voz-orienta-la-brujula-cultural-2038\/#primaryimage"},"image":{"@id":"https:\/\/www.crea.gov.co\/crea-entre-nubes\/%f0%9f%93%a3-tu-voz-orienta-la-brujula-cultural-2038\/#primaryimage"},"thumbnailUrl":"https:\/\/www.crea.gov.co\/crea-entre-nubes\/wp-content\/uploads\/sites\/25\/2025\/04\/WhatsApp-Image-2025-04-22-at-14.37.24.jpeg","datePublished":"2025-04-23T17:13:48+00:00","dateModified":"2025-04-23T22:13:45+00:00","breadcrumb":{"@id":"https:\/\/www.crea.gov.co\/crea-entre-nubes\/%f0%9f%93%a3-tu-voz-orienta-la-brujula-cultural-2038\/#breadcrumb"},"inLanguage":"es-CO","potentialAction":[{"@type":"ReadAction","target":["https:\/\/www.crea.gov.co\/crea-entre-nubes\/%f0%9f%93%a3-tu-voz-orienta-la-brujula-cultural-2038\/"]}]},{"@type":"ImageObject","inLanguage":"es-CO","@id":"https:\/\/www.crea.gov.co\/crea-entre-nubes\/%f0%9f%93%a3-tu-voz-orienta-la-brujula-cultural-2038\/#primaryimage","url":"https:\/\/www.crea.gov.co\/crea-entre-nubes\/wp-content\/uploads\/sites\/25\/2025\/04\/WhatsApp-Image-2025-04-22-at-14.37.24.jpeg","contentUrl":"https:\/\/www.crea.gov.co\/crea-entre-nubes\/wp-content\/uploads\/sites\/25\/2025\/04\/WhatsApp-Image-2025-04-22-at-14.37.24.jpeg","width":1081,"height":1351},{"@type":"BreadcrumbList","@id":"https:\/\/www.crea.gov.co\/crea-entre-nubes\/%f0%9f%93%a3-tu-voz-orienta-la-brujula-cultural-2038\/#breadcrumb","itemListElement":[{"@type":"ListItem","position":1,"name":"Inicio","item":"https:\/\/www.crea.gov.co\/crea-entre-nubes\/"},{"@type":"ListItem","position":2,"name":"\ud83d\udce3 \u00a1Tu voz orienta la Br\u00fajula Cultural 2038!"}]},{"@type":"WebSite","@id":"https:\/\/www.crea.gov.co\/crea-entre-nubes\/#website","url":"https:\/\/www.crea.gov.co\/crea-entre-nubes\/","name":"Crea Entre Nubes","description":"Este centro de formaci\u00f3n art\u00edstica lleva los lenguajes del arte a lo alto, a un territorio donde la monta\u00f1a se siente cerca y la bruma acompa\u00f1a los d\u00edas. Entre Nubes no es solo un nombre: es una forma de mirar el mundo desde la tranquilidad y la conexi\u00f3n con la naturaleza, valorando la vida en las laderas como espacio para crear, imaginar y compartir. Aqu\u00ed, las monta\u00f1as se convierten en escenarios para nuevas experiencias y encuentros art\u00edsticos.","publisher":{"@id":"https:\/\/www.crea.gov.co\/crea-entre-nubes\/#organization"},"potentialAction":[{"@type":"SearchAction","target":{"@type":"EntryPoint","urlTemplate":"https:\/\/www.crea.gov.co\/crea-entre-nubes\/?s={search_term_string}"},"query-input":{"@type":"PropertyValueSpecification","valueRequired":true,"valueName":"search_term_string"}}],"inLanguage":"es-CO"},{"@type":"Organization","@id":"https:\/\/www.crea.gov.co\/crea-entre-nubes\/#organization","name":"Crea Entre Nubes","url":"https:\/\/www.crea.gov.co\/crea-entre-nubes\/","logo":{"@type":"ImageObject","inLanguage":"es-CO","@id":"https:\/\/www.crea.gov.co\/crea-entre-nubes\/#\/schema\/logo\/image\/","url":"https:\/\/www.crea.gov.co\/crea-entre-nubes\/wp-content\/uploads\/sites\/25\/2024\/08\/Captura-de-pantalla-2024-08-31-a-las-00.22.04.png","contentUrl":"https:\/\/www.crea.gov.co\/crea-entre-nubes\/wp-content\/uploads\/sites\/25\/2024\/08\/Captura-de-pantalla-2024-08-31-a-las-00.22.04.png","width":518,"height":302,"caption":"Crea Entre Nubes"},"image":{"@id":"https:\/\/www.crea.gov.co\/crea-entre-nubes\/#\/schema\/logo\/image\/"}},{"@type":"Person","@id":"https:\/\/www.crea.gov.co\/crea-entre-nubes\/#\/schema\/person\/3efe1d884b013f5468a5c0e8bf210fb5","name":"creaentrenubes","image":{"@type":"ImageObject","inLanguage":"es-CO","@id":"https:\/\/www.crea.gov.co\/crea-entre-nubes\/#\/schema\/person\/image\/","url":"https:\/\/secure.gravatar.com\/avatar\/eba2c4e3040233e7af829c3ee688fab6?s=96&d=mm&r=g","contentUrl":"https:\/\/secure.gravatar.com\/avatar\/eba2c4e3040233e7af829c3ee688fab6?s=96&d=mm&r=g","caption":"creaentrenubes"},"url":"https:\/\/www.crea.gov.co\/crea-entre-nubes\/author\/creaentrenubes\/"}]}},"_links":{"self":[{"href":"https:\/\/www.crea.gov.co\/crea-entre-nubes\/wp-json\/wp\/v2\/posts\/685","targetHints":{"allow":["GET"]}}],"collection":[{"href":"https:\/\/www.crea.gov.co\/crea-entre-nubes\/wp-json\/wp\/v2\/posts"}],"about":[{"href":"https:\/\/www.crea.gov.co\/crea-entre-nubes\/wp-json\/wp\/v2\/types\/post"}],"author":[{"embeddable":true,"href":"https:\/\/www.crea.gov.co\/crea-entre-nubes\/wp-json\/wp\/v2\/users\/94"}],"replies":[{"embeddable":true,"href":"https:\/\/www.crea.gov.co\/crea-entre-nubes\/wp-json\/wp\/v2\/comments?post=685"}],"version-history":[{"count":2,"href":"https:\/\/www.crea.gov.co\/crea-entre-nubes\/wp-json\/wp\/v2\/posts\/685\/revisions"}],"predecessor-version":[{"id":688,"href":"https:\/\/www.crea.gov.co\/crea-entre-nubes\/wp-json\/wp\/v2\/posts\/685\/revisions\/688"}],"wp:featuredmedia":[{"embeddable":true,"href":"https:\/\/www.crea.gov.co\/crea-entre-nubes\/wp-json\/wp\/v2\/media\/686"}],"wp:attachment":[{"href":"https:\/\/www.crea.gov.co\/crea-entre-nubes\/wp-json\/wp\/v2\/media?parent=685"}],"wp:term":[{"taxonomy":"category","embeddable":true,"href":"https:\/\/www.crea.gov.co\/crea-entre-nubes\/wp-json\/wp\/v2\/categories?post=685"},{"taxonomy":"post_tag","embeddable":true,"href":"https:\/\/www.crea.gov.co\/crea-entre-nubes\/wp-json\/wp\/v2\/tags?post=685"}],"curies":[{"name":"wp","href":"https:\/\/api.w.org\/{rel}","templated":true}]}}