{"id":63,"date":"2023-06-24T12:00:18","date_gmt":"2023-06-24T17:00:18","guid":{"rendered":"https:\/\/www.crea.gov.co\/crea-entre-nubes\/?p=63"},"modified":"2023-06-24T12:00:19","modified_gmt":"2023-06-24T17:00:19","slug":"vacaciones-crea-aun-estas-a-tiempo","status":"publish","type":"post","link":"https:\/\/www.crea.gov.co\/crea-entre-nubes\/vacaciones-crea-aun-estas-a-tiempo\/","title":{"rendered":"Vacaciones Crea. A\u00fan est\u00e1s a tiempo!!!"},"content":{"rendered":"\n<p>Disfruta de tus vacaciones en el Crea Entre nubes. De martes a viernes entre las 9 am y las 12 m. T esperamos!!!<\/p>\n\n\n\n<figure class=\"wp-block-image size-large\"><img loading=\"lazy\" decoding=\"async\" width=\"1024\" height=\"771\" src=\"https:\/\/www.crea.gov.co\/crea-entre-nubes\/wp-content\/uploads\/sites\/25\/2023\/06\/WhatsApp-Image-2023-06-23-at-5.02.42-PM-1024x771.jpeg\" alt=\"\" class=\"wp-image-64\" srcset=\"https:\/\/www.crea.gov.co\/crea-entre-nubes\/wp-content\/uploads\/sites\/25\/2023\/06\/WhatsApp-Image-2023-06-23-at-5.02.42-PM-1024x771.jpeg 1024w, https:\/\/www.crea.gov.co\/crea-entre-nubes\/wp-content\/uploads\/sites\/25\/2023\/06\/WhatsApp-Image-2023-06-23-at-5.02.42-PM-300x226.jpeg 300w, https:\/\/www.crea.gov.co\/crea-entre-nubes\/wp-content\/uploads\/sites\/25\/2023\/06\/WhatsApp-Image-2023-06-23-at-5.02.42-PM-768x578.jpeg 768w, https:\/\/www.crea.gov.co\/crea-entre-nubes\/wp-content\/uploads\/sites\/25\/2023\/06\/WhatsApp-Image-2023-06-23-at-5.02.42-PM-1536x1156.jpeg 1536w, https:\/\/www.crea.gov.co\/crea-entre-nubes\/wp-content\/uploads\/sites\/25\/2023\/06\/WhatsApp-Image-2023-06-23-at-5.02.42-PM.jpeg 1600w\" sizes=\"auto, (max-width: 1024px) 100vw, 1024px\" \/><\/figure>\n\n\n\n<p>Inscribete!!!<\/p>\n","protected":false},"excerpt":{"rendered":"<p>Disfruta de tus vacaciones en el Crea Entre nubes. De martes a viernes entre las 9 am y las 12 m. T esperamos!!! Inscribete!!!<\/p>\n","protected":false},"author":60,"featured_media":0,"comment_status":"open","ping_status":"open","sticky":false,"template":"","format":"standard","meta":{"footnotes":""},"categories":[1],"tags":[],"class_list":["post-63","post","type-post","status-publish","format-standard","hentry","category-sin-categoria"],"yoast_head":"<!-- This site is optimized with the Yoast SEO plugin v24.5 - https:\/\/yoast.com\/wordpress\/plugins\/seo\/ -->\n<title>Vacaciones Crea. A\u00fan est\u00e1s a tiempo!!! - Crea Entre Nubes<\/title>\n<meta name=\"robots\" content=\"index, follow, max-snippet:-1, max-image-preview:large, max-video-preview:-1\" \/>\n<link rel=\"canonical\" href=\"https:\/\/www.crea.gov.co\/crea-entre-nubes\/vacaciones-crea-aun-estas-a-tiempo\/\" \/>\n<meta property=\"og:locale\" content=\"es_ES\" \/>\n<meta property=\"og:type\" content=\"article\" \/>\n<meta property=\"og:title\" content=\"Vacaciones Crea. A\u00fan est\u00e1s a tiempo!!! - Crea Entre Nubes\" \/>\n<meta property=\"og:description\" content=\"Disfruta de tus vacaciones en el Crea Entre nubes. De martes a viernes entre las 9 am y las 12 m. T esperamos!!! Inscribete!!!\" \/>\n<meta property=\"og:url\" content=\"https:\/\/www.crea.gov.co\/crea-entre-nubes\/vacaciones-crea-aun-estas-a-tiempo\/\" \/>\n<meta property=\"og:site_name\" content=\"Crea Entre Nubes\" \/>\n<meta property=\"article:published_time\" content=\"2023-06-24T17:00:18+00:00\" \/>\n<meta property=\"article:modified_time\" content=\"2023-06-24T17:00:19+00:00\" \/>\n<meta property=\"og:image\" content=\"https:\/\/www.crea.gov.co\/crea-entre-nubes\/wp-content\/uploads\/sites\/25\/2023\/06\/WhatsApp-Image-2023-06-23-at-5.02.42-PM-1024x771.jpeg\" \/>\n<meta name=\"author\" content=\"leonardoruiz\" \/>\n<meta name=\"twitter:card\" content=\"summary_large_image\" \/>\n<meta name=\"twitter:label1\" content=\"Escrito por\" \/>\n\t<meta name=\"twitter:data1\" content=\"leonardoruiz\" \/>\n\t<meta name=\"twitter:label2\" content=\"Tiempo de lectura\" \/>\n\t<meta name=\"twitter:data2\" content=\"1 minuto\" \/>\n<script type=\"application\/ld+json\" class=\"yoast-schema-graph\">{\"@context\":\"https:\/\/schema.org\",\"@graph\":[{\"@type\":\"Article\",\"@id\":\"https:\/\/www.crea.gov.co\/crea-entre-nubes\/vacaciones-crea-aun-estas-a-tiempo\/#article\",\"isPartOf\":{\"@id\":\"https:\/\/www.crea.gov.co\/crea-entre-nubes\/vacaciones-crea-aun-estas-a-tiempo\/\"},\"author\":{\"name\":\"leonardoruiz\",\"@id\":\"https:\/\/www.crea.gov.co\/crea-entre-nubes\/#\/schema\/person\/50f6b527c4b65c6a931c88f5de272475\"},\"headline\":\"Vacaciones Crea. A\u00fan est\u00e1s a tiempo!!!\",\"datePublished\":\"2023-06-24T17:00:18+00:00\",\"dateModified\":\"2023-06-24T17:00:19+00:00\",\"mainEntityOfPage\":{\"@id\":\"https:\/\/www.crea.gov.co\/crea-entre-nubes\/vacaciones-crea-aun-estas-a-tiempo\/\"},\"wordCount\":30,\"commentCount\":0,\"publisher\":{\"@id\":\"https:\/\/www.crea.gov.co\/crea-entre-nubes\/#organization\"},\"image\":{\"@id\":\"https:\/\/www.crea.gov.co\/crea-entre-nubes\/vacaciones-crea-aun-estas-a-tiempo\/#primaryimage\"},\"thumbnailUrl\":\"https:\/\/www.crea.gov.co\/crea-entre-nubes\/wp-content\/uploads\/sites\/25\/2023\/06\/WhatsApp-Image-2023-06-23-at-5.02.42-PM-1024x771.jpeg\",\"inLanguage\":\"es-CO\",\"potentialAction\":[{\"@type\":\"CommentAction\",\"name\":\"Comment\",\"target\":[\"https:\/\/www.crea.gov.co\/crea-entre-nubes\/vacaciones-crea-aun-estas-a-tiempo\/#respond\"]}]},{\"@type\":\"WebPage\",\"@id\":\"https:\/\/www.crea.gov.co\/crea-entre-nubes\/vacaciones-crea-aun-estas-a-tiempo\/\",\"url\":\"https:\/\/www.crea.gov.co\/crea-entre-nubes\/vacaciones-crea-aun-estas-a-tiempo\/\",\"name\":\"Vacaciones Crea. A\u00fan est\u00e1s a tiempo!!! - Crea Entre Nubes\",\"isPartOf\":{\"@id\":\"https:\/\/www.crea.gov.co\/crea-entre-nubes\/#website\"},\"primaryImageOfPage\":{\"@id\":\"https:\/\/www.crea.gov.co\/crea-entre-nubes\/vacaciones-crea-aun-estas-a-tiempo\/#primaryimage\"},\"image\":{\"@id\":\"https:\/\/www.crea.gov.co\/crea-entre-nubes\/vacaciones-crea-aun-estas-a-tiempo\/#primaryimage\"},\"thumbnailUrl\":\"https:\/\/www.crea.gov.co\/crea-entre-nubes\/wp-content\/uploads\/sites\/25\/2023\/06\/WhatsApp-Image-2023-06-23-at-5.02.42-PM-1024x771.jpeg\",\"datePublished\":\"2023-06-24T17:00:18+00:00\",\"dateModified\":\"2023-06-24T17:00:19+00:00\",\"breadcrumb\":{\"@id\":\"https:\/\/www.crea.gov.co\/crea-entre-nubes\/vacaciones-crea-aun-estas-a-tiempo\/#breadcrumb\"},\"inLanguage\":\"es-CO\",\"potentialAction\":[{\"@type\":\"ReadAction\",\"target\":[\"https:\/\/www.crea.gov.co\/crea-entre-nubes\/vacaciones-crea-aun-estas-a-tiempo\/\"]}]},{\"@type\":\"ImageObject\",\"inLanguage\":\"es-CO\",\"@id\":\"https:\/\/www.crea.gov.co\/crea-entre-nubes\/vacaciones-crea-aun-estas-a-tiempo\/#primaryimage\",\"url\":\"https:\/\/www.crea.gov.co\/crea-entre-nubes\/wp-content\/uploads\/sites\/25\/2023\/06\/WhatsApp-Image-2023-06-23-at-5.02.42-PM.jpeg\",\"contentUrl\":\"https:\/\/www.crea.gov.co\/crea-entre-nubes\/wp-content\/uploads\/sites\/25\/2023\/06\/WhatsApp-Image-2023-06-23-at-5.02.42-PM.jpeg\",\"width\":1600,\"height\":1204},{\"@type\":\"BreadcrumbList\",\"@id\":\"https:\/\/www.crea.gov.co\/crea-entre-nubes\/vacaciones-crea-aun-estas-a-tiempo\/#breadcrumb\",\"itemListElement\":[{\"@type\":\"ListItem\",\"position\":1,\"name\":\"Inicio\",\"item\":\"https:\/\/www.crea.gov.co\/crea-entre-nubes\/\"},{\"@type\":\"ListItem\",\"position\":2,\"name\":\"Vacaciones Crea. A\u00fan est\u00e1s a tiempo!!!\"}]},{\"@type\":\"WebSite\",\"@id\":\"https:\/\/www.crea.gov.co\/crea-entre-nubes\/#website\",\"url\":\"https:\/\/www.crea.gov.co\/crea-entre-nubes\/\",\"name\":\"Crea Entre Nubes\",\"description\":\"Este centro de formaci\u00f3n art\u00edstica lleva los lenguajes del arte a lo alto, a un territorio donde la monta\u00f1a se siente cerca y la bruma acompa\u00f1a los d\u00edas. Entre Nubes no es solo un nombre: es una forma de mirar el mundo desde la tranquilidad y la conexi\u00f3n con la naturaleza, valorando la vida en las laderas como espacio para crear, imaginar y compartir. Aqu\u00ed, las monta\u00f1as se convierten en escenarios para nuevas experiencias y encuentros art\u00edsticos.\",\"publisher\":{\"@id\":\"https:\/\/www.crea.gov.co\/crea-entre-nubes\/#organization\"},\"potentialAction\":[{\"@type\":\"SearchAction\",\"target\":{\"@type\":\"EntryPoint\",\"urlTemplate\":\"https:\/\/www.crea.gov.co\/crea-entre-nubes\/?s={search_term_string}\"},\"query-input\":{\"@type\":\"PropertyValueSpecification\",\"valueRequired\":true,\"valueName\":\"search_term_string\"}}],\"inLanguage\":\"es-CO\"},{\"@type\":\"Organization\",\"@id\":\"https:\/\/www.crea.gov.co\/crea-entre-nubes\/#organization\",\"name\":\"Crea Entre Nubes\",\"url\":\"https:\/\/www.crea.gov.co\/crea-entre-nubes\/\",\"logo\":{\"@type\":\"ImageObject\",\"inLanguage\":\"es-CO\",\"@id\":\"https:\/\/www.crea.gov.co\/crea-entre-nubes\/#\/schema\/logo\/image\/\",\"url\":\"https:\/\/www.crea.gov.co\/crea-entre-nubes\/wp-content\/uploads\/sites\/25\/2024\/08\/Captura-de-pantalla-2024-08-31-a-las-00.22.04.png\",\"contentUrl\":\"https:\/\/www.crea.gov.co\/crea-entre-nubes\/wp-content\/uploads\/sites\/25\/2024\/08\/Captura-de-pantalla-2024-08-31-a-las-00.22.04.png\",\"width\":518,\"height\":302,\"caption\":\"Crea Entre Nubes\"},\"image\":{\"@id\":\"https:\/\/www.crea.gov.co\/crea-entre-nubes\/#\/schema\/logo\/image\/\"}},{\"@type\":\"Person\",\"@id\":\"https:\/\/www.crea.gov.co\/crea-entre-nubes\/#\/schema\/person\/50f6b527c4b65c6a931c88f5de272475\",\"name\":\"leonardoruiz\",\"image\":{\"@type\":\"ImageObject\",\"inLanguage\":\"es-CO\",\"@id\":\"https:\/\/www.crea.gov.co\/crea-entre-nubes\/#\/schema\/person\/image\/\",\"url\":\"https:\/\/secure.gravatar.com\/avatar\/02a630e3098096849ba0707c19ee8bb5?s=96&d=mm&r=g\",\"contentUrl\":\"https:\/\/secure.gravatar.com\/avatar\/02a630e3098096849ba0707c19ee8bb5?s=96&d=mm&r=g\",\"caption\":\"leonardoruiz\"},\"url\":\"https:\/\/www.crea.gov.co\/crea-entre-nubes\/author\/leonardoruiz\/\"}]}<\/script>\n<!-- \/ Yoast SEO plugin. -->","yoast_head_json":{"title":"Vacaciones Crea. A\u00fan est\u00e1s a tiempo!!! - Crea Entre Nubes","robots":{"index":"index","follow":"follow","max-snippet":"max-snippet:-1","max-image-preview":"max-image-preview:large","max-video-preview":"max-video-preview:-1"},"canonical":"https:\/\/www.crea.gov.co\/crea-entre-nubes\/vacaciones-crea-aun-estas-a-tiempo\/","og_locale":"es_ES","og_type":"article","og_title":"Vacaciones Crea. A\u00fan est\u00e1s a tiempo!!! - Crea Entre Nubes","og_description":"Disfruta de tus vacaciones en el Crea Entre nubes. De martes a viernes entre las 9 am y las 12 m. T esperamos!!! Inscribete!!!","og_url":"https:\/\/www.crea.gov.co\/crea-entre-nubes\/vacaciones-crea-aun-estas-a-tiempo\/","og_site_name":"Crea Entre Nubes","article_published_time":"2023-06-24T17:00:18+00:00","article_modified_time":"2023-06-24T17:00:19+00:00","og_image":[{"url":"https:\/\/www.crea.gov.co\/crea-entre-nubes\/wp-content\/uploads\/sites\/25\/2023\/06\/WhatsApp-Image-2023-06-23-at-5.02.42-PM-1024x771.jpeg","type":"","width":"","height":""}],"author":"leonardoruiz","twitter_card":"summary_large_image","twitter_misc":{"Escrito por":"leonardoruiz","Tiempo de lectura":"1 minuto"},"schema":{"@context":"https:\/\/schema.org","@graph":[{"@type":"Article","@id":"https:\/\/www.crea.gov.co\/crea-entre-nubes\/vacaciones-crea-aun-estas-a-tiempo\/#article","isPartOf":{"@id":"https:\/\/www.crea.gov.co\/crea-entre-nubes\/vacaciones-crea-aun-estas-a-tiempo\/"},"author":{"name":"leonardoruiz","@id":"https:\/\/www.crea.gov.co\/crea-entre-nubes\/#\/schema\/person\/50f6b527c4b65c6a931c88f5de272475"},"headline":"Vacaciones Crea. A\u00fan est\u00e1s a tiempo!!!","datePublished":"2023-06-24T17:00:18+00:00","dateModified":"2023-06-24T17:00:19+00:00","mainEntityOfPage":{"@id":"https:\/\/www.crea.gov.co\/crea-entre-nubes\/vacaciones-crea-aun-estas-a-tiempo\/"},"wordCount":30,"commentCount":0,"publisher":{"@id":"https:\/\/www.crea.gov.co\/crea-entre-nubes\/#organization"},"image":{"@id":"https:\/\/www.crea.gov.co\/crea-entre-nubes\/vacaciones-crea-aun-estas-a-tiempo\/#primaryimage"},"thumbnailUrl":"https:\/\/www.crea.gov.co\/crea-entre-nubes\/wp-content\/uploads\/sites\/25\/2023\/06\/WhatsApp-Image-2023-06-23-at-5.02.42-PM-1024x771.jpeg","inLanguage":"es-CO","potentialAction":[{"@type":"CommentAction","name":"Comment","target":["https:\/\/www.crea.gov.co\/crea-entre-nubes\/vacaciones-crea-aun-estas-a-tiempo\/#respond"]}]},{"@type":"WebPage","@id":"https:\/\/www.crea.gov.co\/crea-entre-nubes\/vacaciones-crea-aun-estas-a-tiempo\/","url":"https:\/\/www.crea.gov.co\/crea-entre-nubes\/vacaciones-crea-aun-estas-a-tiempo\/","name":"Vacaciones Crea. A\u00fan est\u00e1s a tiempo!!! - Crea Entre Nubes","isPartOf":{"@id":"https:\/\/www.crea.gov.co\/crea-entre-nubes\/#website"},"primaryImageOfPage":{"@id":"https:\/\/www.crea.gov.co\/crea-entre-nubes\/vacaciones-crea-aun-estas-a-tiempo\/#primaryimage"},"image":{"@id":"https:\/\/www.crea.gov.co\/crea-entre-nubes\/vacaciones-crea-aun-estas-a-tiempo\/#primaryimage"},"thumbnailUrl":"https:\/\/www.crea.gov.co\/crea-entre-nubes\/wp-content\/uploads\/sites\/25\/2023\/06\/WhatsApp-Image-2023-06-23-at-5.02.42-PM-1024x771.jpeg","datePublished":"2023-06-24T17:00:18+00:00","dateModified":"2023-06-24T17:00:19+00:00","breadcrumb":{"@id":"https:\/\/www.crea.gov.co\/crea-entre-nubes\/vacaciones-crea-aun-estas-a-tiempo\/#breadcrumb"},"inLanguage":"es-CO","potentialAction":[{"@type":"ReadAction","target":["https:\/\/www.crea.gov.co\/crea-entre-nubes\/vacaciones-crea-aun-estas-a-tiempo\/"]}]},{"@type":"ImageObject","inLanguage":"es-CO","@id":"https:\/\/www.crea.gov.co\/crea-entre-nubes\/vacaciones-crea-aun-estas-a-tiempo\/#primaryimage","url":"https:\/\/www.crea.gov.co\/crea-entre-nubes\/wp-content\/uploads\/sites\/25\/2023\/06\/WhatsApp-Image-2023-06-23-at-5.02.42-PM.jpeg","contentUrl":"https:\/\/www.crea.gov.co\/crea-entre-nubes\/wp-content\/uploads\/sites\/25\/2023\/06\/WhatsApp-Image-2023-06-23-at-5.02.42-PM.jpeg","width":1600,"height":1204},{"@type":"BreadcrumbList","@id":"https:\/\/www.crea.gov.co\/crea-entre-nubes\/vacaciones-crea-aun-estas-a-tiempo\/#breadcrumb","itemListElement":[{"@type":"ListItem","position":1,"name":"Inicio","item":"https:\/\/www.crea.gov.co\/crea-entre-nubes\/"},{"@type":"ListItem","position":2,"name":"Vacaciones Crea. A\u00fan est\u00e1s a tiempo!!!"}]},{"@type":"WebSite","@id":"https:\/\/www.crea.gov.co\/crea-entre-nubes\/#website","url":"https:\/\/www.crea.gov.co\/crea-entre-nubes\/","name":"Crea Entre Nubes","description":"Este centro de formaci\u00f3n art\u00edstica lleva los lenguajes del arte a lo alto, a un territorio donde la monta\u00f1a se siente cerca y la bruma acompa\u00f1a los d\u00edas. Entre Nubes no es solo un nombre: es una forma de mirar el mundo desde la tranquilidad y la conexi\u00f3n con la naturaleza, valorando la vida en las laderas como espacio para crear, imaginar y compartir. Aqu\u00ed, las monta\u00f1as se convierten en escenarios para nuevas experiencias y encuentros art\u00edsticos.","publisher":{"@id":"https:\/\/www.crea.gov.co\/crea-entre-nubes\/#organization"},"potentialAction":[{"@type":"SearchAction","target":{"@type":"EntryPoint","urlTemplate":"https:\/\/www.crea.gov.co\/crea-entre-nubes\/?s={search_term_string}"},"query-input":{"@type":"PropertyValueSpecification","valueRequired":true,"valueName":"search_term_string"}}],"inLanguage":"es-CO"},{"@type":"Organization","@id":"https:\/\/www.crea.gov.co\/crea-entre-nubes\/#organization","name":"Crea Entre Nubes","url":"https:\/\/www.crea.gov.co\/crea-entre-nubes\/","logo":{"@type":"ImageObject","inLanguage":"es-CO","@id":"https:\/\/www.crea.gov.co\/crea-entre-nubes\/#\/schema\/logo\/image\/","url":"https:\/\/www.crea.gov.co\/crea-entre-nubes\/wp-content\/uploads\/sites\/25\/2024\/08\/Captura-de-pantalla-2024-08-31-a-las-00.22.04.png","contentUrl":"https:\/\/www.crea.gov.co\/crea-entre-nubes\/wp-content\/uploads\/sites\/25\/2024\/08\/Captura-de-pantalla-2024-08-31-a-las-00.22.04.png","width":518,"height":302,"caption":"Crea Entre Nubes"},"image":{"@id":"https:\/\/www.crea.gov.co\/crea-entre-nubes\/#\/schema\/logo\/image\/"}},{"@type":"Person","@id":"https:\/\/www.crea.gov.co\/crea-entre-nubes\/#\/schema\/person\/50f6b527c4b65c6a931c88f5de272475","name":"leonardoruiz","image":{"@type":"ImageObject","inLanguage":"es-CO","@id":"https:\/\/www.crea.gov.co\/crea-entre-nubes\/#\/schema\/person\/image\/","url":"https:\/\/secure.gravatar.com\/avatar\/02a630e3098096849ba0707c19ee8bb5?s=96&d=mm&r=g","contentUrl":"https:\/\/secure.gravatar.com\/avatar\/02a630e3098096849ba0707c19ee8bb5?s=96&d=mm&r=g","caption":"leonardoruiz"},"url":"https:\/\/www.crea.gov.co\/crea-entre-nubes\/author\/leonardoruiz\/"}]}},"_links":{"self":[{"href":"https:\/\/www.crea.gov.co\/crea-entre-nubes\/wp-json\/wp\/v2\/posts\/63","targetHints":{"allow":["GET"]}}],"collection":[{"href":"https:\/\/www.crea.gov.co\/crea-entre-nubes\/wp-json\/wp\/v2\/posts"}],"about":[{"href":"https:\/\/www.crea.gov.co\/crea-entre-nubes\/wp-json\/wp\/v2\/types\/post"}],"author":[{"embeddable":true,"href":"https:\/\/www.crea.gov.co\/crea-entre-nubes\/wp-json\/wp\/v2\/users\/60"}],"replies":[{"embeddable":true,"href":"https:\/\/www.crea.gov.co\/crea-entre-nubes\/wp-json\/wp\/v2\/comments?post=63"}],"version-history":[{"count":1,"href":"https:\/\/www.crea.gov.co\/crea-entre-nubes\/wp-json\/wp\/v2\/posts\/63\/revisions"}],"predecessor-version":[{"id":65,"href":"https:\/\/www.crea.gov.co\/crea-entre-nubes\/wp-json\/wp\/v2\/posts\/63\/revisions\/65"}],"wp:attachment":[{"href":"https:\/\/www.crea.gov.co\/crea-entre-nubes\/wp-json\/wp\/v2\/media?parent=63"}],"wp:term":[{"taxonomy":"category","embeddable":true,"href":"https:\/\/www.crea.gov.co\/crea-entre-nubes\/wp-json\/wp\/v2\/categories?post=63"},{"taxonomy":"post_tag","embeddable":true,"href":"https:\/\/www.crea.gov.co\/crea-entre-nubes\/wp-json\/wp\/v2\/tags?post=63"}],"curies":[{"name":"wp","href":"https:\/\/api.w.org\/{rel}","templated":true}]}}