{"id":1229,"date":"2026-04-29T08:56:11","date_gmt":"2026-04-29T13:56:11","guid":{"rendered":"https:\/\/www.crea.gov.co\/crea-entre-nubes\/?p=1229"},"modified":"2026-04-29T09:06:09","modified_gmt":"2026-04-29T14:06:09","slug":"crea-entrenubes-en-la-filbo","status":"publish","type":"post","link":"https:\/\/www.crea.gov.co\/crea-entre-nubes\/crea-entrenubes-en-la-filbo\/","title":{"rendered":"CREA ENTRENUBES EN LA FILBO"},"content":{"rendered":"\n<p>Desde el Crea EntreNubes tuvimos la fortuna de recibir invitaciones para visitar la Feria del Libro de Bogot\u00e1. Fue una experiencia enriquecedora que nos permiti\u00f3 acercarnos al mundo de la lectura, la creatividad y el encuentro cultural.<\/p>\n\n\n\n<p>Uno de los grupos participantes fue el grupo de danza de mujeres, quienes vivieron esta experiencia con entusiasmo y sensibilidad. Tambi\u00e9n nos acompa\u00f1aron los chicos del grupo de artes pl\u00e1sticas, quienes encontraron inspiraci\u00f3n en cada rinc\u00f3n de la feria.<\/p>\n\n\n\n<p>Compartimos aqu\u00ed algunas fotos que guardan los recuerdos de esta jornada tan especial \ud83d\udcda\u2728<\/p>\n\n\n<div class=\"wp-block-image\">\n<figure class=\"aligncenter size-large\"><img loading=\"lazy\" decoding=\"async\" width=\"764\" height=\"1024\" src=\"https:\/\/www.crea.gov.co\/crea-entre-nubes\/wp-content\/uploads\/sites\/25\/2026\/04\/WhatsApp-Image-2026-04-29-at-8.44.53-AM-4-764x1024.jpeg\" alt=\"\" class=\"wp-image-1238\" srcset=\"https:\/\/www.crea.gov.co\/crea-entre-nubes\/wp-content\/uploads\/sites\/25\/2026\/04\/WhatsApp-Image-2026-04-29-at-8.44.53-AM-4-764x1024.jpeg 764w, https:\/\/www.crea.gov.co\/crea-entre-nubes\/wp-content\/uploads\/sites\/25\/2026\/04\/WhatsApp-Image-2026-04-29-at-8.44.53-AM-4-224x300.jpeg 224w, https:\/\/www.crea.gov.co\/crea-entre-nubes\/wp-content\/uploads\/sites\/25\/2026\/04\/WhatsApp-Image-2026-04-29-at-8.44.53-AM-4-768x1029.jpeg 768w, https:\/\/www.crea.gov.co\/crea-entre-nubes\/wp-content\/uploads\/sites\/25\/2026\/04\/WhatsApp-Image-2026-04-29-at-8.44.53-AM-4.jpeg 955w\" sizes=\"auto, (max-width: 764px) 100vw, 764px\" \/><\/figure><\/div>\n\n\n<figure class=\"wp-block-gallery has-nested-images columns-default is-cropped wp-block-gallery-1 is-layout-flex wp-block-gallery-is-layout-flex\">\n<figure class=\"wp-block-image size-large\"><img loading=\"lazy\" decoding=\"async\" width=\"767\" height=\"1024\" data-id=\"1231\" src=\"https:\/\/www.crea.gov.co\/crea-entre-nubes\/wp-content\/uploads\/sites\/25\/2026\/04\/WhatsApp-Image-2026-04-29-at-8.44.53-AM-11-767x1024.jpeg\" alt=\"\" class=\"wp-image-1231\" srcset=\"https:\/\/www.crea.gov.co\/crea-entre-nubes\/wp-content\/uploads\/sites\/25\/2026\/04\/WhatsApp-Image-2026-04-29-at-8.44.53-AM-11-767x1024.jpeg 767w, https:\/\/www.crea.gov.co\/crea-entre-nubes\/wp-content\/uploads\/sites\/25\/2026\/04\/WhatsApp-Image-2026-04-29-at-8.44.53-AM-11-225x300.jpeg 225w, https:\/\/www.crea.gov.co\/crea-entre-nubes\/wp-content\/uploads\/sites\/25\/2026\/04\/WhatsApp-Image-2026-04-29-at-8.44.53-AM-11-768x1025.jpeg 768w, https:\/\/www.crea.gov.co\/crea-entre-nubes\/wp-content\/uploads\/sites\/25\/2026\/04\/WhatsApp-Image-2026-04-29-at-8.44.53-AM-11.jpeg 959w\" sizes=\"auto, (max-width: 767px) 100vw, 767px\" \/><\/figure>\n\n\n\n<figure class=\"wp-block-image size-large\"><img loading=\"lazy\" decoding=\"async\" width=\"767\" height=\"1024\" data-id=\"1232\" src=\"https:\/\/www.crea.gov.co\/crea-entre-nubes\/wp-content\/uploads\/sites\/25\/2026\/04\/WhatsApp-Image-2026-04-29-at-8.44.53-AM-10-767x1024.jpeg\" alt=\"\" class=\"wp-image-1232\" srcset=\"https:\/\/www.crea.gov.co\/crea-entre-nubes\/wp-content\/uploads\/sites\/25\/2026\/04\/WhatsApp-Image-2026-04-29-at-8.44.53-AM-10-767x1024.jpeg 767w, https:\/\/www.crea.gov.co\/crea-entre-nubes\/wp-content\/uploads\/sites\/25\/2026\/04\/WhatsApp-Image-2026-04-29-at-8.44.53-AM-10-225x300.jpeg 225w, https:\/\/www.crea.gov.co\/crea-entre-nubes\/wp-content\/uploads\/sites\/25\/2026\/04\/WhatsApp-Image-2026-04-29-at-8.44.53-AM-10-768x1025.jpeg 768w, https:\/\/www.crea.gov.co\/crea-entre-nubes\/wp-content\/uploads\/sites\/25\/2026\/04\/WhatsApp-Image-2026-04-29-at-8.44.53-AM-10.jpeg 959w\" sizes=\"auto, (max-width: 767px) 100vw, 767px\" \/><\/figure>\n\n\n\n<figure class=\"wp-block-image size-large\"><img loading=\"lazy\" decoding=\"async\" width=\"770\" height=\"1024\" data-id=\"1235\" src=\"https:\/\/www.crea.gov.co\/crea-entre-nubes\/wp-content\/uploads\/sites\/25\/2026\/04\/WhatsApp-Image-2026-04-29-at-8.44.53-AM-9-770x1024.jpeg\" alt=\"\" class=\"wp-image-1235\" srcset=\"https:\/\/www.crea.gov.co\/crea-entre-nubes\/wp-content\/uploads\/sites\/25\/2026\/04\/WhatsApp-Image-2026-04-29-at-8.44.53-AM-9-770x1024.jpeg 770w, https:\/\/www.crea.gov.co\/crea-entre-nubes\/wp-content\/uploads\/sites\/25\/2026\/04\/WhatsApp-Image-2026-04-29-at-8.44.53-AM-9-226x300.jpeg 226w, https:\/\/www.crea.gov.co\/crea-entre-nubes\/wp-content\/uploads\/sites\/25\/2026\/04\/WhatsApp-Image-2026-04-29-at-8.44.53-AM-9-768x1021.jpeg 768w, https:\/\/www.crea.gov.co\/crea-entre-nubes\/wp-content\/uploads\/sites\/25\/2026\/04\/WhatsApp-Image-2026-04-29-at-8.44.53-AM-9.jpeg 963w\" sizes=\"auto, (max-width: 770px) 100vw, 770px\" \/><\/figure>\n\n\n\n<figure class=\"wp-block-image size-large\"><img loading=\"lazy\" decoding=\"async\" width=\"762\" height=\"1024\" data-id=\"1241\" src=\"https:\/\/www.crea.gov.co\/crea-entre-nubes\/wp-content\/uploads\/sites\/25\/2026\/04\/WhatsApp-Image-2026-04-29-at-8.44.53-AM-1-762x1024.jpeg\" alt=\"\" class=\"wp-image-1241\" srcset=\"https:\/\/www.crea.gov.co\/crea-entre-nubes\/wp-content\/uploads\/sites\/25\/2026\/04\/WhatsApp-Image-2026-04-29-at-8.44.53-AM-1-762x1024.jpeg 762w, https:\/\/www.crea.gov.co\/crea-entre-nubes\/wp-content\/uploads\/sites\/25\/2026\/04\/WhatsApp-Image-2026-04-29-at-8.44.53-AM-1-223x300.jpeg 223w, https:\/\/www.crea.gov.co\/crea-entre-nubes\/wp-content\/uploads\/sites\/25\/2026\/04\/WhatsApp-Image-2026-04-29-at-8.44.53-AM-1-768x1033.jpeg 768w, https:\/\/www.crea.gov.co\/crea-entre-nubes\/wp-content\/uploads\/sites\/25\/2026\/04\/WhatsApp-Image-2026-04-29-at-8.44.53-AM-1.jpeg 952w\" sizes=\"auto, (max-width: 762px) 100vw, 762px\" \/><\/figure>\n\n\n\n<figure class=\"wp-block-image size-large\"><img loading=\"lazy\" decoding=\"async\" width=\"772\" height=\"1024\" data-id=\"1234\" src=\"https:\/\/www.crea.gov.co\/crea-entre-nubes\/wp-content\/uploads\/sites\/25\/2026\/04\/WhatsApp-Image-2026-04-29-at-8.44.53-AM-7-772x1024.jpeg\" alt=\"\" class=\"wp-image-1234\" srcset=\"https:\/\/www.crea.gov.co\/crea-entre-nubes\/wp-content\/uploads\/sites\/25\/2026\/04\/WhatsApp-Image-2026-04-29-at-8.44.53-AM-7-772x1024.jpeg 772w, https:\/\/www.crea.gov.co\/crea-entre-nubes\/wp-content\/uploads\/sites\/25\/2026\/04\/WhatsApp-Image-2026-04-29-at-8.44.53-AM-7-226x300.jpeg 226w, https:\/\/www.crea.gov.co\/crea-entre-nubes\/wp-content\/uploads\/sites\/25\/2026\/04\/WhatsApp-Image-2026-04-29-at-8.44.53-AM-7-768x1019.jpeg 768w, https:\/\/www.crea.gov.co\/crea-entre-nubes\/wp-content\/uploads\/sites\/25\/2026\/04\/WhatsApp-Image-2026-04-29-at-8.44.53-AM-7.jpeg 965w\" sizes=\"auto, (max-width: 772px) 100vw, 772px\" \/><\/figure>\n\n\n\n<figure class=\"wp-block-image size-large\"><img loading=\"lazy\" decoding=\"async\" width=\"775\" height=\"1024\" data-id=\"1236\" src=\"https:\/\/www.crea.gov.co\/crea-entre-nubes\/wp-content\/uploads\/sites\/25\/2026\/04\/WhatsApp-Image-2026-04-29-at-8.44.53-AM-6-775x1024.jpeg\" alt=\"\" class=\"wp-image-1236\" srcset=\"https:\/\/www.crea.gov.co\/crea-entre-nubes\/wp-content\/uploads\/sites\/25\/2026\/04\/WhatsApp-Image-2026-04-29-at-8.44.53-AM-6-775x1024.jpeg 775w, https:\/\/www.crea.gov.co\/crea-entre-nubes\/wp-content\/uploads\/sites\/25\/2026\/04\/WhatsApp-Image-2026-04-29-at-8.44.53-AM-6-227x300.jpeg 227w, https:\/\/www.crea.gov.co\/crea-entre-nubes\/wp-content\/uploads\/sites\/25\/2026\/04\/WhatsApp-Image-2026-04-29-at-8.44.53-AM-6-768x1014.jpeg 768w, https:\/\/www.crea.gov.co\/crea-entre-nubes\/wp-content\/uploads\/sites\/25\/2026\/04\/WhatsApp-Image-2026-04-29-at-8.44.53-AM-6.jpeg 969w\" sizes=\"auto, (max-width: 775px) 100vw, 775px\" \/><\/figure>\n\n\n\n<figure class=\"wp-block-image size-large\"><img loading=\"lazy\" decoding=\"async\" width=\"762\" height=\"1024\" data-id=\"1237\" src=\"https:\/\/www.crea.gov.co\/crea-entre-nubes\/wp-content\/uploads\/sites\/25\/2026\/04\/WhatsApp-Image-2026-04-29-at-8.44.53-AM-5-762x1024.jpeg\" alt=\"\" class=\"wp-image-1237\" srcset=\"https:\/\/www.crea.gov.co\/crea-entre-nubes\/wp-content\/uploads\/sites\/25\/2026\/04\/WhatsApp-Image-2026-04-29-at-8.44.53-AM-5-762x1024.jpeg 762w, https:\/\/www.crea.gov.co\/crea-entre-nubes\/wp-content\/uploads\/sites\/25\/2026\/04\/WhatsApp-Image-2026-04-29-at-8.44.53-AM-5-223x300.jpeg 223w, https:\/\/www.crea.gov.co\/crea-entre-nubes\/wp-content\/uploads\/sites\/25\/2026\/04\/WhatsApp-Image-2026-04-29-at-8.44.53-AM-5-768x1033.jpeg 768w, https:\/\/www.crea.gov.co\/crea-entre-nubes\/wp-content\/uploads\/sites\/25\/2026\/04\/WhatsApp-Image-2026-04-29-at-8.44.53-AM-5.jpeg 952w\" sizes=\"auto, (max-width: 762px) 100vw, 762px\" \/><\/figure>\n\n\n\n<figure class=\"wp-block-image size-large\"><img loading=\"lazy\" decoding=\"async\" width=\"765\" height=\"1024\" data-id=\"1240\" src=\"https:\/\/www.crea.gov.co\/crea-entre-nubes\/wp-content\/uploads\/sites\/25\/2026\/04\/WhatsApp-Image-2026-04-29-at-8.44.53-AM-2-765x1024.jpeg\" alt=\"\" class=\"wp-image-1240\" srcset=\"https:\/\/www.crea.gov.co\/crea-entre-nubes\/wp-content\/uploads\/sites\/25\/2026\/04\/WhatsApp-Image-2026-04-29-at-8.44.53-AM-2-765x1024.jpeg 765w, https:\/\/www.crea.gov.co\/crea-entre-nubes\/wp-content\/uploads\/sites\/25\/2026\/04\/WhatsApp-Image-2026-04-29-at-8.44.53-AM-2-224x300.jpeg 224w, https:\/\/www.crea.gov.co\/crea-entre-nubes\/wp-content\/uploads\/sites\/25\/2026\/04\/WhatsApp-Image-2026-04-29-at-8.44.53-AM-2-768x1028.jpeg 768w, https:\/\/www.crea.gov.co\/crea-entre-nubes\/wp-content\/uploads\/sites\/25\/2026\/04\/WhatsApp-Image-2026-04-29-at-8.44.53-AM-2.jpeg 956w\" sizes=\"auto, (max-width: 765px) 100vw, 765px\" \/><\/figure>\n\n\n\n<figure class=\"wp-block-image size-large\"><img loading=\"lazy\" decoding=\"async\" width=\"767\" height=\"1024\" data-id=\"1239\" src=\"https:\/\/www.crea.gov.co\/crea-entre-nubes\/wp-content\/uploads\/sites\/25\/2026\/04\/WhatsApp-Image-2026-04-29-at-8.44.53-AM-3-767x1024.jpeg\" alt=\"\" class=\"wp-image-1239\" srcset=\"https:\/\/www.crea.gov.co\/crea-entre-nubes\/wp-content\/uploads\/sites\/25\/2026\/04\/WhatsApp-Image-2026-04-29-at-8.44.53-AM-3-767x1024.jpeg 767w, https:\/\/www.crea.gov.co\/crea-entre-nubes\/wp-content\/uploads\/sites\/25\/2026\/04\/WhatsApp-Image-2026-04-29-at-8.44.53-AM-3-225x300.jpeg 225w, https:\/\/www.crea.gov.co\/crea-entre-nubes\/wp-content\/uploads\/sites\/25\/2026\/04\/WhatsApp-Image-2026-04-29-at-8.44.53-AM-3-768x1025.jpeg 768w, https:\/\/www.crea.gov.co\/crea-entre-nubes\/wp-content\/uploads\/sites\/25\/2026\/04\/WhatsApp-Image-2026-04-29-at-8.44.53-AM-3.jpeg 959w\" sizes=\"auto, (max-width: 767px) 100vw, 767px\" \/><\/figure>\n\n\n\n<figure class=\"wp-block-image size-large\"><img loading=\"lazy\" decoding=\"async\" width=\"754\" height=\"1024\" data-id=\"1230\" src=\"https:\/\/www.crea.gov.co\/crea-entre-nubes\/wp-content\/uploads\/sites\/25\/2026\/04\/WhatsApp-Image-2026-04-29-at-8.44.53-AM-754x1024.jpeg\" alt=\"\" class=\"wp-image-1230\" srcset=\"https:\/\/www.crea.gov.co\/crea-entre-nubes\/wp-content\/uploads\/sites\/25\/2026\/04\/WhatsApp-Image-2026-04-29-at-8.44.53-AM-754x1024.jpeg 754w, https:\/\/www.crea.gov.co\/crea-entre-nubes\/wp-content\/uploads\/sites\/25\/2026\/04\/WhatsApp-Image-2026-04-29-at-8.44.53-AM-221x300.jpeg 221w, https:\/\/www.crea.gov.co\/crea-entre-nubes\/wp-content\/uploads\/sites\/25\/2026\/04\/WhatsApp-Image-2026-04-29-at-8.44.53-AM-768x1044.jpeg 768w, https:\/\/www.crea.gov.co\/crea-entre-nubes\/wp-content\/uploads\/sites\/25\/2026\/04\/WhatsApp-Image-2026-04-29-at-8.44.53-AM.jpeg 942w\" sizes=\"auto, (max-width: 754px) 100vw, 754px\" \/><\/figure>\n\n\n\n<figure class=\"wp-block-image size-large\"><img loading=\"lazy\" decoding=\"async\" width=\"770\" height=\"1024\" data-id=\"1235\" src=\"https:\/\/www.crea.gov.co\/crea-entre-nubes\/wp-content\/uploads\/sites\/25\/2026\/04\/WhatsApp-Image-2026-04-29-at-8.44.53-AM-9-770x1024.jpeg\" alt=\"\" class=\"wp-image-1235\" srcset=\"https:\/\/www.crea.gov.co\/crea-entre-nubes\/wp-content\/uploads\/sites\/25\/2026\/04\/WhatsApp-Image-2026-04-29-at-8.44.53-AM-9-770x1024.jpeg 770w, https:\/\/www.crea.gov.co\/crea-entre-nubes\/wp-content\/uploads\/sites\/25\/2026\/04\/WhatsApp-Image-2026-04-29-at-8.44.53-AM-9-226x300.jpeg 226w, https:\/\/www.crea.gov.co\/crea-entre-nubes\/wp-content\/uploads\/sites\/25\/2026\/04\/WhatsApp-Image-2026-04-29-at-8.44.53-AM-9-768x1021.jpeg 768w, https:\/\/www.crea.gov.co\/crea-entre-nubes\/wp-content\/uploads\/sites\/25\/2026\/04\/WhatsApp-Image-2026-04-29-at-8.44.53-AM-9.jpeg 963w\" sizes=\"auto, (max-width: 770px) 100vw, 770px\" \/><\/figure>\n<\/figure>\n\n\n\n<p>\ud83d\udccd Activaci\u00f3n territorial<\/p>\n\n\n\n<p>\ud83d\udcda\u2728 Leer y escribir tambi\u00e9n es habitar el territorio.<\/p>\n\n\n\n<p>El 22 de abril, Idartes, a trav\u00e9s de Crea, lleg\u00f3 a la #FILBo2026 con una activaci\u00f3n que conect\u00f3 los procesos art\u00edsticos con la ciudad, a trav\u00e9s del componente \u2018Territorios art\u00edsticos por leer y escribir\u2019.<\/p>\n\n\n\n<p>Un espacio de mediaci\u00f3n para encontrarse con experiencias que nacen desde lo local y se expanden en lo colectivo \ud83e\udd1d<\/p>\n\n\n\n<p>\ud83d\udcf8 Juan Herrera \/ Idartes<\/p>\n\n\n\n<h1 class=\"wp-block-heading\">Bogot\u00e1EnLaFILBo<\/h1>\n\n\n\n<p>Aqu\u00edS\u00edPasa<\/p>\n\n\n\n<p><br><\/p>\n\n\n\n<figure class=\"wp-block-image size-large\"><img loading=\"lazy\" decoding=\"async\" width=\"1024\" height=\"768\" src=\"https:\/\/www.crea.gov.co\/crea-entre-nubes\/wp-content\/uploads\/sites\/25\/2026\/04\/WhatsApp-Image-2026-04-29-at-8.49.48-AM-2-1024x768.jpeg\" alt=\"\" class=\"wp-image-1244\" srcset=\"https:\/\/www.crea.gov.co\/crea-entre-nubes\/wp-content\/uploads\/sites\/25\/2026\/04\/WhatsApp-Image-2026-04-29-at-8.49.48-AM-2-1024x768.jpeg 1024w, https:\/\/www.crea.gov.co\/crea-entre-nubes\/wp-content\/uploads\/sites\/25\/2026\/04\/WhatsApp-Image-2026-04-29-at-8.49.48-AM-2-300x225.jpeg 300w, https:\/\/www.crea.gov.co\/crea-entre-nubes\/wp-content\/uploads\/sites\/25\/2026\/04\/WhatsApp-Image-2026-04-29-at-8.49.48-AM-2-768x576.jpeg 768w, https:\/\/www.crea.gov.co\/crea-entre-nubes\/wp-content\/uploads\/sites\/25\/2026\/04\/WhatsApp-Image-2026-04-29-at-8.49.48-AM-2-1536x1152.jpeg 1536w, https:\/\/www.crea.gov.co\/crea-entre-nubes\/wp-content\/uploads\/sites\/25\/2026\/04\/WhatsApp-Image-2026-04-29-at-8.49.48-AM-2.jpeg 1600w\" sizes=\"auto, (max-width: 1024px) 100vw, 1024px\" \/><\/figure>\n\n\n\n<p><\/p>\n\n\n\n<figure class=\"wp-block-gallery has-nested-images columns-default is-cropped wp-block-gallery-2 is-layout-flex wp-block-gallery-is-layout-flex\">\n<figure class=\"wp-block-image size-large\"><img loading=\"lazy\" decoding=\"async\" width=\"576\" height=\"1024\" data-id=\"1255\" src=\"https:\/\/www.crea.gov.co\/crea-entre-nubes\/wp-content\/uploads\/sites\/25\/2026\/04\/WhatsApp-Image-2026-04-29-at-8.59.49-AM-576x1024.jpeg\" alt=\"\" class=\"wp-image-1255\" srcset=\"https:\/\/www.crea.gov.co\/crea-entre-nubes\/wp-content\/uploads\/sites\/25\/2026\/04\/WhatsApp-Image-2026-04-29-at-8.59.49-AM-576x1024.jpeg 576w, https:\/\/www.crea.gov.co\/crea-entre-nubes\/wp-content\/uploads\/sites\/25\/2026\/04\/WhatsApp-Image-2026-04-29-at-8.59.49-AM-169x300.jpeg 169w, https:\/\/www.crea.gov.co\/crea-entre-nubes\/wp-content\/uploads\/sites\/25\/2026\/04\/WhatsApp-Image-2026-04-29-at-8.59.49-AM-768x1366.jpeg 768w, https:\/\/www.crea.gov.co\/crea-entre-nubes\/wp-content\/uploads\/sites\/25\/2026\/04\/WhatsApp-Image-2026-04-29-at-8.59.49-AM-864x1536.jpeg 864w, https:\/\/www.crea.gov.co\/crea-entre-nubes\/wp-content\/uploads\/sites\/25\/2026\/04\/WhatsApp-Image-2026-04-29-at-8.59.49-AM.jpeg 899w\" sizes=\"auto, (max-width: 576px) 100vw, 576px\" \/><\/figure>\n\n\n\n<figure class=\"wp-block-image size-large is-style-default\"><img loading=\"lazy\" decoding=\"async\" width=\"576\" height=\"1024\" data-id=\"1254\" src=\"https:\/\/www.crea.gov.co\/crea-entre-nubes\/wp-content\/uploads\/sites\/25\/2026\/04\/WhatsApp-Image-2026-04-29-at-8.59.49-AM-1-576x1024.jpeg\" alt=\"\" class=\"wp-image-1254\" srcset=\"https:\/\/www.crea.gov.co\/crea-entre-nubes\/wp-content\/uploads\/sites\/25\/2026\/04\/WhatsApp-Image-2026-04-29-at-8.59.49-AM-1-576x1024.jpeg 576w, https:\/\/www.crea.gov.co\/crea-entre-nubes\/wp-content\/uploads\/sites\/25\/2026\/04\/WhatsApp-Image-2026-04-29-at-8.59.49-AM-1-169x300.jpeg 169w, https:\/\/www.crea.gov.co\/crea-entre-nubes\/wp-content\/uploads\/sites\/25\/2026\/04\/WhatsApp-Image-2026-04-29-at-8.59.49-AM-1-768x1366.jpeg 768w, https:\/\/www.crea.gov.co\/crea-entre-nubes\/wp-content\/uploads\/sites\/25\/2026\/04\/WhatsApp-Image-2026-04-29-at-8.59.49-AM-1-864x1536.jpeg 864w, https:\/\/www.crea.gov.co\/crea-entre-nubes\/wp-content\/uploads\/sites\/25\/2026\/04\/WhatsApp-Image-2026-04-29-at-8.59.49-AM-1.jpeg 899w\" sizes=\"auto, (max-width: 576px) 100vw, 576px\" \/><\/figure>\n<\/figure>\n\n\n\n<p><br>Los chicos del taller de artes pl\u00e1sticas, dirigido por el artista formador Pablo G\u00f3mez, fueron invitados especiales a este magno evento. Durante su participaci\u00f3n, asistieron al lanzamiento de una antolog\u00eda literaria en la que aportaron algunas ilustraciones, convirti\u00e9ndose en parte fundamental de esta publicaci\u00f3n.<\/p>\n\n\n\n<p>Adem\u00e1s de vivir la experiencia de la FILBo, recibieron el reconocimiento del p\u00fablico, siendo ovacionados con aplausos que resaltaron el desarrollo de sus habilidades pl\u00e1sticas y su compromiso creativo.<\/p>\n\n\n\n<p>Sin duda, un momento significativo que fortalece sus procesos art\u00edsticos y deja huellas de inspiraci\u00f3n para seguir creando \ud83c\udfa8\ud83d\udcda<\/p>\n\n\n\n<figure class=\"wp-block-gallery has-nested-images columns-default is-cropped wp-block-gallery-3 is-layout-flex wp-block-gallery-is-layout-flex\">\n<figure class=\"wp-block-image size-large\"><img loading=\"lazy\" decoding=\"async\" width=\"1024\" height=\"768\" data-id=\"1243\" src=\"https:\/\/www.crea.gov.co\/crea-entre-nubes\/wp-content\/uploads\/sites\/25\/2026\/04\/WhatsApp-Image-2026-04-29-at-8.50.50-AM-1-1024x768.jpeg\" alt=\"\" class=\"wp-image-1243\" srcset=\"https:\/\/www.crea.gov.co\/crea-entre-nubes\/wp-content\/uploads\/sites\/25\/2026\/04\/WhatsApp-Image-2026-04-29-at-8.50.50-AM-1-1024x768.jpeg 1024w, https:\/\/www.crea.gov.co\/crea-entre-nubes\/wp-content\/uploads\/sites\/25\/2026\/04\/WhatsApp-Image-2026-04-29-at-8.50.50-AM-1-300x225.jpeg 300w, https:\/\/www.crea.gov.co\/crea-entre-nubes\/wp-content\/uploads\/sites\/25\/2026\/04\/WhatsApp-Image-2026-04-29-at-8.50.50-AM-1-768x576.jpeg 768w, https:\/\/www.crea.gov.co\/crea-entre-nubes\/wp-content\/uploads\/sites\/25\/2026\/04\/WhatsApp-Image-2026-04-29-at-8.50.50-AM-1-1536x1152.jpeg 1536w, https:\/\/www.crea.gov.co\/crea-entre-nubes\/wp-content\/uploads\/sites\/25\/2026\/04\/WhatsApp-Image-2026-04-29-at-8.50.50-AM-1.jpeg 1600w\" sizes=\"auto, (max-width: 1024px) 100vw, 1024px\" \/><\/figure>\n\n\n\n<figure class=\"wp-block-image size-large\"><img loading=\"lazy\" decoding=\"async\" width=\"768\" height=\"1024\" data-id=\"1245\" src=\"https:\/\/www.crea.gov.co\/crea-entre-nubes\/wp-content\/uploads\/sites\/25\/2026\/04\/WhatsApp-Image-2026-04-29-at-8.50.50-AM-768x1024.jpeg\" alt=\"\" class=\"wp-image-1245\" srcset=\"https:\/\/www.crea.gov.co\/crea-entre-nubes\/wp-content\/uploads\/sites\/25\/2026\/04\/WhatsApp-Image-2026-04-29-at-8.50.50-AM-768x1024.jpeg 768w, https:\/\/www.crea.gov.co\/crea-entre-nubes\/wp-content\/uploads\/sites\/25\/2026\/04\/WhatsApp-Image-2026-04-29-at-8.50.50-AM-225x300.jpeg 225w, https:\/\/www.crea.gov.co\/crea-entre-nubes\/wp-content\/uploads\/sites\/25\/2026\/04\/WhatsApp-Image-2026-04-29-at-8.50.50-AM-1152x1536.jpeg 1152w, https:\/\/www.crea.gov.co\/crea-entre-nubes\/wp-content\/uploads\/sites\/25\/2026\/04\/WhatsApp-Image-2026-04-29-at-8.50.50-AM.jpeg 1200w\" sizes=\"auto, (max-width: 768px) 100vw, 768px\" \/><\/figure>\n\n\n\n<figure class=\"wp-block-image size-large\"><img loading=\"lazy\" decoding=\"async\" width=\"658\" height=\"1024\" data-id=\"1242\" src=\"https:\/\/www.crea.gov.co\/crea-entre-nubes\/wp-content\/uploads\/sites\/25\/2026\/04\/WhatsApp-Image-2026-04-29-at-8.50.14-AM-658x1024.jpeg\" alt=\"\" class=\"wp-image-1242\" srcset=\"https:\/\/www.crea.gov.co\/crea-entre-nubes\/wp-content\/uploads\/sites\/25\/2026\/04\/WhatsApp-Image-2026-04-29-at-8.50.14-AM-658x1024.jpeg 658w, https:\/\/www.crea.gov.co\/crea-entre-nubes\/wp-content\/uploads\/sites\/25\/2026\/04\/WhatsApp-Image-2026-04-29-at-8.50.14-AM-193x300.jpeg 193w, https:\/\/www.crea.gov.co\/crea-entre-nubes\/wp-content\/uploads\/sites\/25\/2026\/04\/WhatsApp-Image-2026-04-29-at-8.50.14-AM.jpeg 692w\" sizes=\"auto, (max-width: 658px) 100vw, 658px\" \/><\/figure>\n\n\n\n<figure class=\"wp-block-image size-large\"><img loading=\"lazy\" decoding=\"async\" width=\"1024\" height=\"768\" data-id=\"1248\" src=\"https:\/\/www.crea.gov.co\/crea-entre-nubes\/wp-content\/uploads\/sites\/25\/2026\/04\/WhatsApp-Image-2026-04-29-at-8.49.48-AM-1024x768.jpeg\" alt=\"\" class=\"wp-image-1248\" srcset=\"https:\/\/www.crea.gov.co\/crea-entre-nubes\/wp-content\/uploads\/sites\/25\/2026\/04\/WhatsApp-Image-2026-04-29-at-8.49.48-AM-1024x768.jpeg 1024w, https:\/\/www.crea.gov.co\/crea-entre-nubes\/wp-content\/uploads\/sites\/25\/2026\/04\/WhatsApp-Image-2026-04-29-at-8.49.48-AM-300x225.jpeg 300w, https:\/\/www.crea.gov.co\/crea-entre-nubes\/wp-content\/uploads\/sites\/25\/2026\/04\/WhatsApp-Image-2026-04-29-at-8.49.48-AM-768x576.jpeg 768w, https:\/\/www.crea.gov.co\/crea-entre-nubes\/wp-content\/uploads\/sites\/25\/2026\/04\/WhatsApp-Image-2026-04-29-at-8.49.48-AM-1536x1152.jpeg 1536w, https:\/\/www.crea.gov.co\/crea-entre-nubes\/wp-content\/uploads\/sites\/25\/2026\/04\/WhatsApp-Image-2026-04-29-at-8.49.48-AM.jpeg 1600w\" sizes=\"auto, (max-width: 1024px) 100vw, 1024px\" \/><\/figure>\n\n\n\n<figure class=\"wp-block-image size-large\"><img loading=\"lazy\" decoding=\"async\" width=\"1024\" height=\"768\" data-id=\"1246\" src=\"https:\/\/www.crea.gov.co\/crea-entre-nubes\/wp-content\/uploads\/sites\/25\/2026\/04\/WhatsApp-Image-2026-04-29-at-8.49.48-AM-3-1024x768.jpeg\" alt=\"\" class=\"wp-image-1246\" srcset=\"https:\/\/www.crea.gov.co\/crea-entre-nubes\/wp-content\/uploads\/sites\/25\/2026\/04\/WhatsApp-Image-2026-04-29-at-8.49.48-AM-3-1024x768.jpeg 1024w, https:\/\/www.crea.gov.co\/crea-entre-nubes\/wp-content\/uploads\/sites\/25\/2026\/04\/WhatsApp-Image-2026-04-29-at-8.49.48-AM-3-300x225.jpeg 300w, https:\/\/www.crea.gov.co\/crea-entre-nubes\/wp-content\/uploads\/sites\/25\/2026\/04\/WhatsApp-Image-2026-04-29-at-8.49.48-AM-3-768x576.jpeg 768w, https:\/\/www.crea.gov.co\/crea-entre-nubes\/wp-content\/uploads\/sites\/25\/2026\/04\/WhatsApp-Image-2026-04-29-at-8.49.48-AM-3-1536x1152.jpeg 1536w, https:\/\/www.crea.gov.co\/crea-entre-nubes\/wp-content\/uploads\/sites\/25\/2026\/04\/WhatsApp-Image-2026-04-29-at-8.49.48-AM-3.jpeg 1600w\" sizes=\"auto, (max-width: 1024px) 100vw, 1024px\" \/><\/figure>\n\n\n\n<figure class=\"wp-block-image size-large\"><img loading=\"lazy\" decoding=\"async\" width=\"768\" height=\"1024\" data-id=\"1247\" src=\"https:\/\/www.crea.gov.co\/crea-entre-nubes\/wp-content\/uploads\/sites\/25\/2026\/04\/WhatsApp-Image-2026-04-29-at-8.49.48-AM-1-768x1024.jpeg\" alt=\"\" class=\"wp-image-1247\" srcset=\"https:\/\/www.crea.gov.co\/crea-entre-nubes\/wp-content\/uploads\/sites\/25\/2026\/04\/WhatsApp-Image-2026-04-29-at-8.49.48-AM-1-768x1024.jpeg 768w, https:\/\/www.crea.gov.co\/crea-entre-nubes\/wp-content\/uploads\/sites\/25\/2026\/04\/WhatsApp-Image-2026-04-29-at-8.49.48-AM-1-225x300.jpeg 225w, https:\/\/www.crea.gov.co\/crea-entre-nubes\/wp-content\/uploads\/sites\/25\/2026\/04\/WhatsApp-Image-2026-04-29-at-8.49.48-AM-1-1152x1536.jpeg 1152w, https:\/\/www.crea.gov.co\/crea-entre-nubes\/wp-content\/uploads\/sites\/25\/2026\/04\/WhatsApp-Image-2026-04-29-at-8.49.48-AM-1.jpeg 1200w\" sizes=\"auto, (max-width: 768px) 100vw, 768px\" \/><\/figure>\n\n\n\n<figure class=\"wp-block-image size-large\"><img loading=\"lazy\" decoding=\"async\" width=\"768\" height=\"1024\" data-id=\"1249\" src=\"https:\/\/www.crea.gov.co\/crea-entre-nubes\/wp-content\/uploads\/sites\/25\/2026\/04\/WhatsApp-Image-2026-04-29-at-8.49.47-AM-1-768x1024.jpeg\" alt=\"\" class=\"wp-image-1249\" srcset=\"https:\/\/www.crea.gov.co\/crea-entre-nubes\/wp-content\/uploads\/sites\/25\/2026\/04\/WhatsApp-Image-2026-04-29-at-8.49.47-AM-1-768x1024.jpeg 768w, https:\/\/www.crea.gov.co\/crea-entre-nubes\/wp-content\/uploads\/sites\/25\/2026\/04\/WhatsApp-Image-2026-04-29-at-8.49.47-AM-1-225x300.jpeg 225w, https:\/\/www.crea.gov.co\/crea-entre-nubes\/wp-content\/uploads\/sites\/25\/2026\/04\/WhatsApp-Image-2026-04-29-at-8.49.47-AM-1-1152x1536.jpeg 1152w, https:\/\/www.crea.gov.co\/crea-entre-nubes\/wp-content\/uploads\/sites\/25\/2026\/04\/WhatsApp-Image-2026-04-29-at-8.49.47-AM-1.jpeg 1200w\" sizes=\"auto, (max-width: 768px) 100vw, 768px\" \/><\/figure>\n\n\n\n<figure class=\"wp-block-image size-large\"><img loading=\"lazy\" decoding=\"async\" width=\"768\" height=\"1024\" data-id=\"1250\" src=\"https:\/\/www.crea.gov.co\/crea-entre-nubes\/wp-content\/uploads\/sites\/25\/2026\/04\/WhatsApp-Image-2026-04-29-at-8.49.47-AM-768x1024.jpeg\" alt=\"\" class=\"wp-image-1250\" srcset=\"https:\/\/www.crea.gov.co\/crea-entre-nubes\/wp-content\/uploads\/sites\/25\/2026\/04\/WhatsApp-Image-2026-04-29-at-8.49.47-AM-768x1024.jpeg 768w, https:\/\/www.crea.gov.co\/crea-entre-nubes\/wp-content\/uploads\/sites\/25\/2026\/04\/WhatsApp-Image-2026-04-29-at-8.49.47-AM-225x300.jpeg 225w, https:\/\/www.crea.gov.co\/crea-entre-nubes\/wp-content\/uploads\/sites\/25\/2026\/04\/WhatsApp-Image-2026-04-29-at-8.49.47-AM-1152x1536.jpeg 1152w, https:\/\/www.crea.gov.co\/crea-entre-nubes\/wp-content\/uploads\/sites\/25\/2026\/04\/WhatsApp-Image-2026-04-29-at-8.49.47-AM.jpeg 1200w\" sizes=\"auto, (max-width: 768px) 100vw, 768px\" \/><\/figure>\n<\/figure>\n\n\n\n<p>Gracias por participar!<br>Recuerden que nuestras inscripciones  tienen oferta permanente!!<\/p>\n","protected":false},"excerpt":{"rendered":"<p>Desde el Crea EntreNubes tuvimos la fortuna de recibir invitaciones para visitar la Feria del Libro de Bogot\u00e1. Fue una experiencia enriquecedora que nos permiti\u00f3 acercarnos al mundo de la lectura, la creatividad y el encuentro cultural. Uno de los grupos participantes fue el grupo de danza de mujeres, quienes vivieron esta experiencia con entusiasmo [&hellip;]<\/p>\n","protected":false},"author":94,"featured_media":1238,"comment_status":"open","ping_status":"open","sticky":false,"template":"","format":"standard","meta":{"footnotes":""},"categories":[1],"tags":[],"class_list":["post-1229","post","type-post","status-publish","format-standard","has-post-thumbnail","hentry","category-sin-categoria"],"yoast_head":"<!-- This site is optimized with the Yoast SEO plugin v24.5 - https:\/\/yoast.com\/wordpress\/plugins\/seo\/ -->\n<title>CREA ENTRENUBES EN LA FILBO - Crea Entre Nubes<\/title>\n<meta name=\"robots\" content=\"index, follow, max-snippet:-1, max-image-preview:large, max-video-preview:-1\" \/>\n<link rel=\"canonical\" href=\"https:\/\/www.crea.gov.co\/crea-entre-nubes\/crea-entrenubes-en-la-filbo\/\" \/>\n<meta property=\"og:locale\" content=\"es_ES\" \/>\n<meta property=\"og:type\" content=\"article\" \/>\n<meta property=\"og:title\" content=\"CREA ENTRENUBES EN LA FILBO - Crea Entre Nubes\" \/>\n<meta property=\"og:description\" content=\"Desde el Crea EntreNubes tuvimos la fortuna de recibir invitaciones para visitar la Feria del Libro de Bogot\u00e1. Fue una experiencia enriquecedora que nos permiti\u00f3 acercarnos al mundo de la lectura, la creatividad y el encuentro cultural. Uno de los grupos participantes fue el grupo de danza de mujeres, quienes vivieron esta experiencia con entusiasmo [&hellip;]\" \/>\n<meta property=\"og:url\" content=\"https:\/\/www.crea.gov.co\/crea-entre-nubes\/crea-entrenubes-en-la-filbo\/\" \/>\n<meta property=\"og:site_name\" content=\"Crea Entre Nubes\" \/>\n<meta property=\"article:published_time\" content=\"2026-04-29T13:56:11+00:00\" \/>\n<meta property=\"article:modified_time\" content=\"2026-04-29T14:06:09+00:00\" \/>\n<meta property=\"og:image\" content=\"https:\/\/www.crea.gov.co\/crea-entre-nubes\/wp-content\/uploads\/sites\/25\/2026\/04\/WhatsApp-Image-2026-04-29-at-8.44.53-AM-4.jpeg\" \/>\n\t<meta property=\"og:image:width\" content=\"955\" \/>\n\t<meta property=\"og:image:height\" content=\"1280\" \/>\n\t<meta property=\"og:image:type\" content=\"image\/jpeg\" \/>\n<meta name=\"author\" content=\"creaentrenubes\" \/>\n<meta name=\"twitter:card\" content=\"summary_large_image\" \/>\n<meta name=\"twitter:label1\" content=\"Escrito por\" \/>\n\t<meta name=\"twitter:data1\" content=\"creaentrenubes\" \/>\n\t<meta name=\"twitter:label2\" content=\"Tiempo de lectura\" \/>\n\t<meta name=\"twitter:data2\" content=\"7 minutos\" \/>\n<script type=\"application\/ld+json\" class=\"yoast-schema-graph\">{\"@context\":\"https:\/\/schema.org\",\"@graph\":[{\"@type\":\"Article\",\"@id\":\"https:\/\/www.crea.gov.co\/crea-entre-nubes\/crea-entrenubes-en-la-filbo\/#article\",\"isPartOf\":{\"@id\":\"https:\/\/www.crea.gov.co\/crea-entre-nubes\/crea-entrenubes-en-la-filbo\/\"},\"author\":{\"name\":\"creaentrenubes\",\"@id\":\"https:\/\/www.crea.gov.co\/crea-entre-nubes\/#\/schema\/person\/3efe1d884b013f5468a5c0e8bf210fb5\"},\"headline\":\"CREA ENTRENUBES EN LA FILBO\",\"datePublished\":\"2026-04-29T13:56:11+00:00\",\"dateModified\":\"2026-04-29T14:06:09+00:00\",\"mainEntityOfPage\":{\"@id\":\"https:\/\/www.crea.gov.co\/crea-entre-nubes\/crea-entrenubes-en-la-filbo\/\"},\"wordCount\":289,\"commentCount\":0,\"publisher\":{\"@id\":\"https:\/\/www.crea.gov.co\/crea-entre-nubes\/#organization\"},\"image\":{\"@id\":\"https:\/\/www.crea.gov.co\/crea-entre-nubes\/crea-entrenubes-en-la-filbo\/#primaryimage\"},\"thumbnailUrl\":\"https:\/\/www.crea.gov.co\/crea-entre-nubes\/wp-content\/uploads\/sites\/25\/2026\/04\/WhatsApp-Image-2026-04-29-at-8.44.53-AM-4.jpeg\",\"inLanguage\":\"es-CO\",\"potentialAction\":[{\"@type\":\"CommentAction\",\"name\":\"Comment\",\"target\":[\"https:\/\/www.crea.gov.co\/crea-entre-nubes\/crea-entrenubes-en-la-filbo\/#respond\"]}]},{\"@type\":\"WebPage\",\"@id\":\"https:\/\/www.crea.gov.co\/crea-entre-nubes\/crea-entrenubes-en-la-filbo\/\",\"url\":\"https:\/\/www.crea.gov.co\/crea-entre-nubes\/crea-entrenubes-en-la-filbo\/\",\"name\":\"CREA ENTRENUBES EN LA FILBO - Crea Entre Nubes\",\"isPartOf\":{\"@id\":\"https:\/\/www.crea.gov.co\/crea-entre-nubes\/#website\"},\"primaryImageOfPage\":{\"@id\":\"https:\/\/www.crea.gov.co\/crea-entre-nubes\/crea-entrenubes-en-la-filbo\/#primaryimage\"},\"image\":{\"@id\":\"https:\/\/www.crea.gov.co\/crea-entre-nubes\/crea-entrenubes-en-la-filbo\/#primaryimage\"},\"thumbnailUrl\":\"https:\/\/www.crea.gov.co\/crea-entre-nubes\/wp-content\/uploads\/sites\/25\/2026\/04\/WhatsApp-Image-2026-04-29-at-8.44.53-AM-4.jpeg\",\"datePublished\":\"2026-04-29T13:56:11+00:00\",\"dateModified\":\"2026-04-29T14:06:09+00:00\",\"breadcrumb\":{\"@id\":\"https:\/\/www.crea.gov.co\/crea-entre-nubes\/crea-entrenubes-en-la-filbo\/#breadcrumb\"},\"inLanguage\":\"es-CO\",\"potentialAction\":[{\"@type\":\"ReadAction\",\"target\":[\"https:\/\/www.crea.gov.co\/crea-entre-nubes\/crea-entrenubes-en-la-filbo\/\"]}]},{\"@type\":\"ImageObject\",\"inLanguage\":\"es-CO\",\"@id\":\"https:\/\/www.crea.gov.co\/crea-entre-nubes\/crea-entrenubes-en-la-filbo\/#primaryimage\",\"url\":\"https:\/\/www.crea.gov.co\/crea-entre-nubes\/wp-content\/uploads\/sites\/25\/2026\/04\/WhatsApp-Image-2026-04-29-at-8.44.53-AM-4.jpeg\",\"contentUrl\":\"https:\/\/www.crea.gov.co\/crea-entre-nubes\/wp-content\/uploads\/sites\/25\/2026\/04\/WhatsApp-Image-2026-04-29-at-8.44.53-AM-4.jpeg\",\"width\":955,\"height\":1280},{\"@type\":\"BreadcrumbList\",\"@id\":\"https:\/\/www.crea.gov.co\/crea-entre-nubes\/crea-entrenubes-en-la-filbo\/#breadcrumb\",\"itemListElement\":[{\"@type\":\"ListItem\",\"position\":1,\"name\":\"Inicio\",\"item\":\"https:\/\/www.crea.gov.co\/crea-entre-nubes\/\"},{\"@type\":\"ListItem\",\"position\":2,\"name\":\"CREA ENTRENUBES EN LA FILBO\"}]},{\"@type\":\"WebSite\",\"@id\":\"https:\/\/www.crea.gov.co\/crea-entre-nubes\/#website\",\"url\":\"https:\/\/www.crea.gov.co\/crea-entre-nubes\/\",\"name\":\"Crea Entre Nubes\",\"description\":\"Este centro de formaci\u00f3n art\u00edstica lleva los lenguajes del arte a lo alto, a un territorio donde la monta\u00f1a se siente cerca y la bruma acompa\u00f1a los d\u00edas. Entre Nubes no es solo un nombre: es una forma de mirar el mundo desde la tranquilidad y la conexi\u00f3n con la naturaleza, valorando la vida en las laderas como espacio para crear, imaginar y compartir. Aqu\u00ed, las monta\u00f1as se convierten en escenarios para nuevas experiencias y encuentros art\u00edsticos.\",\"publisher\":{\"@id\":\"https:\/\/www.crea.gov.co\/crea-entre-nubes\/#organization\"},\"potentialAction\":[{\"@type\":\"SearchAction\",\"target\":{\"@type\":\"EntryPoint\",\"urlTemplate\":\"https:\/\/www.crea.gov.co\/crea-entre-nubes\/?s={search_term_string}\"},\"query-input\":{\"@type\":\"PropertyValueSpecification\",\"valueRequired\":true,\"valueName\":\"search_term_string\"}}],\"inLanguage\":\"es-CO\"},{\"@type\":\"Organization\",\"@id\":\"https:\/\/www.crea.gov.co\/crea-entre-nubes\/#organization\",\"name\":\"Crea Entre Nubes\",\"url\":\"https:\/\/www.crea.gov.co\/crea-entre-nubes\/\",\"logo\":{\"@type\":\"ImageObject\",\"inLanguage\":\"es-CO\",\"@id\":\"https:\/\/www.crea.gov.co\/crea-entre-nubes\/#\/schema\/logo\/image\/\",\"url\":\"https:\/\/www.crea.gov.co\/crea-entre-nubes\/wp-content\/uploads\/sites\/25\/2024\/08\/Captura-de-pantalla-2024-08-31-a-las-00.22.04.png\",\"contentUrl\":\"https:\/\/www.crea.gov.co\/crea-entre-nubes\/wp-content\/uploads\/sites\/25\/2024\/08\/Captura-de-pantalla-2024-08-31-a-las-00.22.04.png\",\"width\":518,\"height\":302,\"caption\":\"Crea Entre Nubes\"},\"image\":{\"@id\":\"https:\/\/www.crea.gov.co\/crea-entre-nubes\/#\/schema\/logo\/image\/\"}},{\"@type\":\"Person\",\"@id\":\"https:\/\/www.crea.gov.co\/crea-entre-nubes\/#\/schema\/person\/3efe1d884b013f5468a5c0e8bf210fb5\",\"name\":\"creaentrenubes\",\"image\":{\"@type\":\"ImageObject\",\"inLanguage\":\"es-CO\",\"@id\":\"https:\/\/www.crea.gov.co\/crea-entre-nubes\/#\/schema\/person\/image\/\",\"url\":\"https:\/\/secure.gravatar.com\/avatar\/eba2c4e3040233e7af829c3ee688fab6?s=96&d=mm&r=g\",\"contentUrl\":\"https:\/\/secure.gravatar.com\/avatar\/eba2c4e3040233e7af829c3ee688fab6?s=96&d=mm&r=g\",\"caption\":\"creaentrenubes\"},\"url\":\"https:\/\/www.crea.gov.co\/crea-entre-nubes\/author\/creaentrenubes\/\"}]}<\/script>\n<!-- \/ Yoast SEO plugin. -->","yoast_head_json":{"title":"CREA ENTRENUBES EN LA FILBO - Crea Entre Nubes","robots":{"index":"index","follow":"follow","max-snippet":"max-snippet:-1","max-image-preview":"max-image-preview:large","max-video-preview":"max-video-preview:-1"},"canonical":"https:\/\/www.crea.gov.co\/crea-entre-nubes\/crea-entrenubes-en-la-filbo\/","og_locale":"es_ES","og_type":"article","og_title":"CREA ENTRENUBES EN LA FILBO - Crea Entre Nubes","og_description":"Desde el Crea EntreNubes tuvimos la fortuna de recibir invitaciones para visitar la Feria del Libro de Bogot\u00e1. Fue una experiencia enriquecedora que nos permiti\u00f3 acercarnos al mundo de la lectura, la creatividad y el encuentro cultural. Uno de los grupos participantes fue el grupo de danza de mujeres, quienes vivieron esta experiencia con entusiasmo [&hellip;]","og_url":"https:\/\/www.crea.gov.co\/crea-entre-nubes\/crea-entrenubes-en-la-filbo\/","og_site_name":"Crea Entre Nubes","article_published_time":"2026-04-29T13:56:11+00:00","article_modified_time":"2026-04-29T14:06:09+00:00","og_image":[{"width":955,"height":1280,"url":"https:\/\/www.crea.gov.co\/crea-entre-nubes\/wp-content\/uploads\/sites\/25\/2026\/04\/WhatsApp-Image-2026-04-29-at-8.44.53-AM-4.jpeg","type":"image\/jpeg"}],"author":"creaentrenubes","twitter_card":"summary_large_image","twitter_misc":{"Escrito por":"creaentrenubes","Tiempo de lectura":"7 minutos"},"schema":{"@context":"https:\/\/schema.org","@graph":[{"@type":"Article","@id":"https:\/\/www.crea.gov.co\/crea-entre-nubes\/crea-entrenubes-en-la-filbo\/#article","isPartOf":{"@id":"https:\/\/www.crea.gov.co\/crea-entre-nubes\/crea-entrenubes-en-la-filbo\/"},"author":{"name":"creaentrenubes","@id":"https:\/\/www.crea.gov.co\/crea-entre-nubes\/#\/schema\/person\/3efe1d884b013f5468a5c0e8bf210fb5"},"headline":"CREA ENTRENUBES EN LA FILBO","datePublished":"2026-04-29T13:56:11+00:00","dateModified":"2026-04-29T14:06:09+00:00","mainEntityOfPage":{"@id":"https:\/\/www.crea.gov.co\/crea-entre-nubes\/crea-entrenubes-en-la-filbo\/"},"wordCount":289,"commentCount":0,"publisher":{"@id":"https:\/\/www.crea.gov.co\/crea-entre-nubes\/#organization"},"image":{"@id":"https:\/\/www.crea.gov.co\/crea-entre-nubes\/crea-entrenubes-en-la-filbo\/#primaryimage"},"thumbnailUrl":"https:\/\/www.crea.gov.co\/crea-entre-nubes\/wp-content\/uploads\/sites\/25\/2026\/04\/WhatsApp-Image-2026-04-29-at-8.44.53-AM-4.jpeg","inLanguage":"es-CO","potentialAction":[{"@type":"CommentAction","name":"Comment","target":["https:\/\/www.crea.gov.co\/crea-entre-nubes\/crea-entrenubes-en-la-filbo\/#respond"]}]},{"@type":"WebPage","@id":"https:\/\/www.crea.gov.co\/crea-entre-nubes\/crea-entrenubes-en-la-filbo\/","url":"https:\/\/www.crea.gov.co\/crea-entre-nubes\/crea-entrenubes-en-la-filbo\/","name":"CREA ENTRENUBES EN LA FILBO - Crea Entre Nubes","isPartOf":{"@id":"https:\/\/www.crea.gov.co\/crea-entre-nubes\/#website"},"primaryImageOfPage":{"@id":"https:\/\/www.crea.gov.co\/crea-entre-nubes\/crea-entrenubes-en-la-filbo\/#primaryimage"},"image":{"@id":"https:\/\/www.crea.gov.co\/crea-entre-nubes\/crea-entrenubes-en-la-filbo\/#primaryimage"},"thumbnailUrl":"https:\/\/www.crea.gov.co\/crea-entre-nubes\/wp-content\/uploads\/sites\/25\/2026\/04\/WhatsApp-Image-2026-04-29-at-8.44.53-AM-4.jpeg","datePublished":"2026-04-29T13:56:11+00:00","dateModified":"2026-04-29T14:06:09+00:00","breadcrumb":{"@id":"https:\/\/www.crea.gov.co\/crea-entre-nubes\/crea-entrenubes-en-la-filbo\/#breadcrumb"},"inLanguage":"es-CO","potentialAction":[{"@type":"ReadAction","target":["https:\/\/www.crea.gov.co\/crea-entre-nubes\/crea-entrenubes-en-la-filbo\/"]}]},{"@type":"ImageObject","inLanguage":"es-CO","@id":"https:\/\/www.crea.gov.co\/crea-entre-nubes\/crea-entrenubes-en-la-filbo\/#primaryimage","url":"https:\/\/www.crea.gov.co\/crea-entre-nubes\/wp-content\/uploads\/sites\/25\/2026\/04\/WhatsApp-Image-2026-04-29-at-8.44.53-AM-4.jpeg","contentUrl":"https:\/\/www.crea.gov.co\/crea-entre-nubes\/wp-content\/uploads\/sites\/25\/2026\/04\/WhatsApp-Image-2026-04-29-at-8.44.53-AM-4.jpeg","width":955,"height":1280},{"@type":"BreadcrumbList","@id":"https:\/\/www.crea.gov.co\/crea-entre-nubes\/crea-entrenubes-en-la-filbo\/#breadcrumb","itemListElement":[{"@type":"ListItem","position":1,"name":"Inicio","item":"https:\/\/www.crea.gov.co\/crea-entre-nubes\/"},{"@type":"ListItem","position":2,"name":"CREA ENTRENUBES EN LA FILBO"}]},{"@type":"WebSite","@id":"https:\/\/www.crea.gov.co\/crea-entre-nubes\/#website","url":"https:\/\/www.crea.gov.co\/crea-entre-nubes\/","name":"Crea Entre Nubes","description":"Este centro de formaci\u00f3n art\u00edstica lleva los lenguajes del arte a lo alto, a un territorio donde la monta\u00f1a se siente cerca y la bruma acompa\u00f1a los d\u00edas. Entre Nubes no es solo un nombre: es una forma de mirar el mundo desde la tranquilidad y la conexi\u00f3n con la naturaleza, valorando la vida en las laderas como espacio para crear, imaginar y compartir. Aqu\u00ed, las monta\u00f1as se convierten en escenarios para nuevas experiencias y encuentros art\u00edsticos.","publisher":{"@id":"https:\/\/www.crea.gov.co\/crea-entre-nubes\/#organization"},"potentialAction":[{"@type":"SearchAction","target":{"@type":"EntryPoint","urlTemplate":"https:\/\/www.crea.gov.co\/crea-entre-nubes\/?s={search_term_string}"},"query-input":{"@type":"PropertyValueSpecification","valueRequired":true,"valueName":"search_term_string"}}],"inLanguage":"es-CO"},{"@type":"Organization","@id":"https:\/\/www.crea.gov.co\/crea-entre-nubes\/#organization","name":"Crea Entre Nubes","url":"https:\/\/www.crea.gov.co\/crea-entre-nubes\/","logo":{"@type":"ImageObject","inLanguage":"es-CO","@id":"https:\/\/www.crea.gov.co\/crea-entre-nubes\/#\/schema\/logo\/image\/","url":"https:\/\/www.crea.gov.co\/crea-entre-nubes\/wp-content\/uploads\/sites\/25\/2024\/08\/Captura-de-pantalla-2024-08-31-a-las-00.22.04.png","contentUrl":"https:\/\/www.crea.gov.co\/crea-entre-nubes\/wp-content\/uploads\/sites\/25\/2024\/08\/Captura-de-pantalla-2024-08-31-a-las-00.22.04.png","width":518,"height":302,"caption":"Crea Entre Nubes"},"image":{"@id":"https:\/\/www.crea.gov.co\/crea-entre-nubes\/#\/schema\/logo\/image\/"}},{"@type":"Person","@id":"https:\/\/www.crea.gov.co\/crea-entre-nubes\/#\/schema\/person\/3efe1d884b013f5468a5c0e8bf210fb5","name":"creaentrenubes","image":{"@type":"ImageObject","inLanguage":"es-CO","@id":"https:\/\/www.crea.gov.co\/crea-entre-nubes\/#\/schema\/person\/image\/","url":"https:\/\/secure.gravatar.com\/avatar\/eba2c4e3040233e7af829c3ee688fab6?s=96&d=mm&r=g","contentUrl":"https:\/\/secure.gravatar.com\/avatar\/eba2c4e3040233e7af829c3ee688fab6?s=96&d=mm&r=g","caption":"creaentrenubes"},"url":"https:\/\/www.crea.gov.co\/crea-entre-nubes\/author\/creaentrenubes\/"}]}},"_links":{"self":[{"href":"https:\/\/www.crea.gov.co\/crea-entre-nubes\/wp-json\/wp\/v2\/posts\/1229","targetHints":{"allow":["GET"]}}],"collection":[{"href":"https:\/\/www.crea.gov.co\/crea-entre-nubes\/wp-json\/wp\/v2\/posts"}],"about":[{"href":"https:\/\/www.crea.gov.co\/crea-entre-nubes\/wp-json\/wp\/v2\/types\/post"}],"author":[{"embeddable":true,"href":"https:\/\/www.crea.gov.co\/crea-entre-nubes\/wp-json\/wp\/v2\/users\/94"}],"replies":[{"embeddable":true,"href":"https:\/\/www.crea.gov.co\/crea-entre-nubes\/wp-json\/wp\/v2\/comments?post=1229"}],"version-history":[{"count":5,"href":"https:\/\/www.crea.gov.co\/crea-entre-nubes\/wp-json\/wp\/v2\/posts\/1229\/revisions"}],"predecessor-version":[{"id":1259,"href":"https:\/\/www.crea.gov.co\/crea-entre-nubes\/wp-json\/wp\/v2\/posts\/1229\/revisions\/1259"}],"wp:featuredmedia":[{"embeddable":true,"href":"https:\/\/www.crea.gov.co\/crea-entre-nubes\/wp-json\/wp\/v2\/media\/1238"}],"wp:attachment":[{"href":"https:\/\/www.crea.gov.co\/crea-entre-nubes\/wp-json\/wp\/v2\/media?parent=1229"}],"wp:term":[{"taxonomy":"category","embeddable":true,"href":"https:\/\/www.crea.gov.co\/crea-entre-nubes\/wp-json\/wp\/v2\/categories?post=1229"},{"taxonomy":"post_tag","embeddable":true,"href":"https:\/\/www.crea.gov.co\/crea-entre-nubes\/wp-json\/wp\/v2\/tags?post=1229"}],"curies":[{"name":"wp","href":"https:\/\/api.w.org\/{rel}","templated":true}]}}