{"id":1198,"date":"2026-04-21T14:39:03","date_gmt":"2026-04-21T19:39:03","guid":{"rendered":"https:\/\/www.crea.gov.co\/crea-entre-nubes\/?p=1198"},"modified":"2026-04-21T14:39:04","modified_gmt":"2026-04-21T19:39:04","slug":"feria-del-libro-2026","status":"publish","type":"post","link":"https:\/\/www.crea.gov.co\/crea-entre-nubes\/feria-del-libro-2026\/","title":{"rendered":"FERIA DEL LIBRO &#8211; 2026"},"content":{"rendered":"\n<figure class=\"wp-block-image size-large\"><img loading=\"lazy\" decoding=\"async\" width=\"1024\" height=\"571\" src=\"https:\/\/www.crea.gov.co\/crea-entre-nubes\/wp-content\/uploads\/sites\/25\/2026\/04\/Captura-de-pantalla-2026-04-21-143642-1024x571.png\" alt=\"\" class=\"wp-image-1199\" srcset=\"https:\/\/www.crea.gov.co\/crea-entre-nubes\/wp-content\/uploads\/sites\/25\/2026\/04\/Captura-de-pantalla-2026-04-21-143642-1024x571.png 1024w, https:\/\/www.crea.gov.co\/crea-entre-nubes\/wp-content\/uploads\/sites\/25\/2026\/04\/Captura-de-pantalla-2026-04-21-143642-300x167.png 300w, https:\/\/www.crea.gov.co\/crea-entre-nubes\/wp-content\/uploads\/sites\/25\/2026\/04\/Captura-de-pantalla-2026-04-21-143642-768x429.png 768w, https:\/\/www.crea.gov.co\/crea-entre-nubes\/wp-content\/uploads\/sites\/25\/2026\/04\/Captura-de-pantalla-2026-04-21-143642.png 1136w\" sizes=\"auto, (max-width: 1024px) 100vw, 1024px\" \/><\/figure>\n\n\n\n<p>CREA EN LA FILBO<br>CONVERSATORIO:<br>Este ser\u00e1 un espacio de mediaci\u00f3n del componente territorial.<\/p>\n\n\n\n<p>TERRITORIOS ART\u00cdSTICOS POR LEER Y ESCRIBIR.<br>Progr\u00e1mate con nosotros!!!<br>Mi\u00e9rcoles 22 de abril 2:00pm<br>Pabell\u00f3n de la alcald\u00eda de Bogot\u00e1<\/p>\n\n\n\n<figure class=\"wp-block-image size-full\"><img loading=\"lazy\" decoding=\"async\" width=\"581\" height=\"725\" src=\"https:\/\/www.crea.gov.co\/crea-entre-nubes\/wp-content\/uploads\/sites\/25\/2026\/04\/WhatsApp-Image-2026-04-21-at-1.18.07-PM.jpeg\" alt=\"\" class=\"wp-image-1200\" srcset=\"https:\/\/www.crea.gov.co\/crea-entre-nubes\/wp-content\/uploads\/sites\/25\/2026\/04\/WhatsApp-Image-2026-04-21-at-1.18.07-PM.jpeg 581w, https:\/\/www.crea.gov.co\/crea-entre-nubes\/wp-content\/uploads\/sites\/25\/2026\/04\/WhatsApp-Image-2026-04-21-at-1.18.07-PM-240x300.jpeg 240w\" sizes=\"auto, (max-width: 581px) 100vw, 581px\" \/><\/figure>\n","protected":false},"excerpt":{"rendered":"<p>CREA EN LA FILBOCONVERSATORIO:Este ser\u00e1 un espacio de mediaci\u00f3n del componente territorial. TERRITORIOS ART\u00cdSTICOS POR LEER Y ESCRIBIR.Progr\u00e1mate con nosotros!!!Mi\u00e9rcoles 22 de abril 2:00pmPabell\u00f3n de la alcald\u00eda de Bogot\u00e1<\/p>\n","protected":false},"author":94,"featured_media":1200,"comment_status":"open","ping_status":"open","sticky":false,"template":"","format":"standard","meta":{"footnotes":""},"categories":[1],"tags":[],"class_list":["post-1198","post","type-post","status-publish","format-standard","has-post-thumbnail","hentry","category-sin-categoria"],"yoast_head":"<!-- This site is optimized with the Yoast SEO plugin v24.5 - https:\/\/yoast.com\/wordpress\/plugins\/seo\/ -->\n<title>FERIA DEL LIBRO - 2026 - Crea Entre Nubes<\/title>\n<meta name=\"robots\" content=\"index, follow, max-snippet:-1, max-image-preview:large, max-video-preview:-1\" \/>\n<link rel=\"canonical\" href=\"https:\/\/www.crea.gov.co\/crea-entre-nubes\/feria-del-libro-2026\/\" \/>\n<meta property=\"og:locale\" content=\"es_ES\" \/>\n<meta property=\"og:type\" content=\"article\" \/>\n<meta property=\"og:title\" content=\"FERIA DEL LIBRO - 2026 - Crea Entre Nubes\" \/>\n<meta property=\"og:description\" content=\"CREA EN LA FILBOCONVERSATORIO:Este ser\u00e1 un espacio de mediaci\u00f3n del componente territorial. TERRITORIOS ART\u00cdSTICOS POR LEER Y ESCRIBIR.Progr\u00e1mate con nosotros!!!Mi\u00e9rcoles 22 de abril 2:00pmPabell\u00f3n de la alcald\u00eda de Bogot\u00e1\" \/>\n<meta property=\"og:url\" content=\"https:\/\/www.crea.gov.co\/crea-entre-nubes\/feria-del-libro-2026\/\" \/>\n<meta property=\"og:site_name\" content=\"Crea Entre Nubes\" \/>\n<meta property=\"article:published_time\" content=\"2026-04-21T19:39:03+00:00\" \/>\n<meta property=\"article:modified_time\" content=\"2026-04-21T19:39:04+00:00\" \/>\n<meta property=\"og:image\" content=\"https:\/\/www.crea.gov.co\/crea-entre-nubes\/wp-content\/uploads\/sites\/25\/2026\/04\/WhatsApp-Image-2026-04-21-at-1.18.07-PM.jpeg\" \/>\n\t<meta property=\"og:image:width\" content=\"581\" \/>\n\t<meta property=\"og:image:height\" content=\"725\" \/>\n\t<meta property=\"og:image:type\" content=\"image\/jpeg\" \/>\n<meta name=\"author\" content=\"creaentrenubes\" \/>\n<meta name=\"twitter:card\" content=\"summary_large_image\" \/>\n<meta name=\"twitter:label1\" content=\"Escrito por\" \/>\n\t<meta name=\"twitter:data1\" content=\"creaentrenubes\" \/>\n\t<meta name=\"twitter:label2\" content=\"Tiempo de lectura\" \/>\n\t<meta name=\"twitter:data2\" content=\"1 minuto\" \/>\n<script type=\"application\/ld+json\" class=\"yoast-schema-graph\">{\"@context\":\"https:\/\/schema.org\",\"@graph\":[{\"@type\":\"Article\",\"@id\":\"https:\/\/www.crea.gov.co\/crea-entre-nubes\/feria-del-libro-2026\/#article\",\"isPartOf\":{\"@id\":\"https:\/\/www.crea.gov.co\/crea-entre-nubes\/feria-del-libro-2026\/\"},\"author\":{\"name\":\"creaentrenubes\",\"@id\":\"https:\/\/www.crea.gov.co\/crea-entre-nubes\/#\/schema\/person\/3efe1d884b013f5468a5c0e8bf210fb5\"},\"headline\":\"FERIA DEL LIBRO &#8211; 2026\",\"datePublished\":\"2026-04-21T19:39:03+00:00\",\"dateModified\":\"2026-04-21T19:39:04+00:00\",\"mainEntityOfPage\":{\"@id\":\"https:\/\/www.crea.gov.co\/crea-entre-nubes\/feria-del-libro-2026\/\"},\"wordCount\":41,\"commentCount\":0,\"publisher\":{\"@id\":\"https:\/\/www.crea.gov.co\/crea-entre-nubes\/#organization\"},\"image\":{\"@id\":\"https:\/\/www.crea.gov.co\/crea-entre-nubes\/feria-del-libro-2026\/#primaryimage\"},\"thumbnailUrl\":\"https:\/\/www.crea.gov.co\/crea-entre-nubes\/wp-content\/uploads\/sites\/25\/2026\/04\/WhatsApp-Image-2026-04-21-at-1.18.07-PM.jpeg\",\"inLanguage\":\"es-CO\",\"potentialAction\":[{\"@type\":\"CommentAction\",\"name\":\"Comment\",\"target\":[\"https:\/\/www.crea.gov.co\/crea-entre-nubes\/feria-del-libro-2026\/#respond\"]}]},{\"@type\":\"WebPage\",\"@id\":\"https:\/\/www.crea.gov.co\/crea-entre-nubes\/feria-del-libro-2026\/\",\"url\":\"https:\/\/www.crea.gov.co\/crea-entre-nubes\/feria-del-libro-2026\/\",\"name\":\"FERIA DEL LIBRO - 2026 - Crea Entre Nubes\",\"isPartOf\":{\"@id\":\"https:\/\/www.crea.gov.co\/crea-entre-nubes\/#website\"},\"primaryImageOfPage\":{\"@id\":\"https:\/\/www.crea.gov.co\/crea-entre-nubes\/feria-del-libro-2026\/#primaryimage\"},\"image\":{\"@id\":\"https:\/\/www.crea.gov.co\/crea-entre-nubes\/feria-del-libro-2026\/#primaryimage\"},\"thumbnailUrl\":\"https:\/\/www.crea.gov.co\/crea-entre-nubes\/wp-content\/uploads\/sites\/25\/2026\/04\/WhatsApp-Image-2026-04-21-at-1.18.07-PM.jpeg\",\"datePublished\":\"2026-04-21T19:39:03+00:00\",\"dateModified\":\"2026-04-21T19:39:04+00:00\",\"breadcrumb\":{\"@id\":\"https:\/\/www.crea.gov.co\/crea-entre-nubes\/feria-del-libro-2026\/#breadcrumb\"},\"inLanguage\":\"es-CO\",\"potentialAction\":[{\"@type\":\"ReadAction\",\"target\":[\"https:\/\/www.crea.gov.co\/crea-entre-nubes\/feria-del-libro-2026\/\"]}]},{\"@type\":\"ImageObject\",\"inLanguage\":\"es-CO\",\"@id\":\"https:\/\/www.crea.gov.co\/crea-entre-nubes\/feria-del-libro-2026\/#primaryimage\",\"url\":\"https:\/\/www.crea.gov.co\/crea-entre-nubes\/wp-content\/uploads\/sites\/25\/2026\/04\/WhatsApp-Image-2026-04-21-at-1.18.07-PM.jpeg\",\"contentUrl\":\"https:\/\/www.crea.gov.co\/crea-entre-nubes\/wp-content\/uploads\/sites\/25\/2026\/04\/WhatsApp-Image-2026-04-21-at-1.18.07-PM.jpeg\",\"width\":581,\"height\":725},{\"@type\":\"BreadcrumbList\",\"@id\":\"https:\/\/www.crea.gov.co\/crea-entre-nubes\/feria-del-libro-2026\/#breadcrumb\",\"itemListElement\":[{\"@type\":\"ListItem\",\"position\":1,\"name\":\"Inicio\",\"item\":\"https:\/\/www.crea.gov.co\/crea-entre-nubes\/\"},{\"@type\":\"ListItem\",\"position\":2,\"name\":\"FERIA DEL LIBRO &#8211; 2026\"}]},{\"@type\":\"WebSite\",\"@id\":\"https:\/\/www.crea.gov.co\/crea-entre-nubes\/#website\",\"url\":\"https:\/\/www.crea.gov.co\/crea-entre-nubes\/\",\"name\":\"Crea Entre Nubes\",\"description\":\"Este centro de formaci\u00f3n art\u00edstica lleva los lenguajes del arte a lo alto, a un territorio donde la monta\u00f1a se siente cerca y la bruma acompa\u00f1a los d\u00edas. Entre Nubes no es solo un nombre: es una forma de mirar el mundo desde la tranquilidad y la conexi\u00f3n con la naturaleza, valorando la vida en las laderas como espacio para crear, imaginar y compartir. Aqu\u00ed, las monta\u00f1as se convierten en escenarios para nuevas experiencias y encuentros art\u00edsticos.\",\"publisher\":{\"@id\":\"https:\/\/www.crea.gov.co\/crea-entre-nubes\/#organization\"},\"potentialAction\":[{\"@type\":\"SearchAction\",\"target\":{\"@type\":\"EntryPoint\",\"urlTemplate\":\"https:\/\/www.crea.gov.co\/crea-entre-nubes\/?s={search_term_string}\"},\"query-input\":{\"@type\":\"PropertyValueSpecification\",\"valueRequired\":true,\"valueName\":\"search_term_string\"}}],\"inLanguage\":\"es-CO\"},{\"@type\":\"Organization\",\"@id\":\"https:\/\/www.crea.gov.co\/crea-entre-nubes\/#organization\",\"name\":\"Crea Entre Nubes\",\"url\":\"https:\/\/www.crea.gov.co\/crea-entre-nubes\/\",\"logo\":{\"@type\":\"ImageObject\",\"inLanguage\":\"es-CO\",\"@id\":\"https:\/\/www.crea.gov.co\/crea-entre-nubes\/#\/schema\/logo\/image\/\",\"url\":\"https:\/\/www.crea.gov.co\/crea-entre-nubes\/wp-content\/uploads\/sites\/25\/2024\/08\/Captura-de-pantalla-2024-08-31-a-las-00.22.04.png\",\"contentUrl\":\"https:\/\/www.crea.gov.co\/crea-entre-nubes\/wp-content\/uploads\/sites\/25\/2024\/08\/Captura-de-pantalla-2024-08-31-a-las-00.22.04.png\",\"width\":518,\"height\":302,\"caption\":\"Crea Entre Nubes\"},\"image\":{\"@id\":\"https:\/\/www.crea.gov.co\/crea-entre-nubes\/#\/schema\/logo\/image\/\"}},{\"@type\":\"Person\",\"@id\":\"https:\/\/www.crea.gov.co\/crea-entre-nubes\/#\/schema\/person\/3efe1d884b013f5468a5c0e8bf210fb5\",\"name\":\"creaentrenubes\",\"image\":{\"@type\":\"ImageObject\",\"inLanguage\":\"es-CO\",\"@id\":\"https:\/\/www.crea.gov.co\/crea-entre-nubes\/#\/schema\/person\/image\/\",\"url\":\"https:\/\/secure.gravatar.com\/avatar\/eba2c4e3040233e7af829c3ee688fab6?s=96&d=mm&r=g\",\"contentUrl\":\"https:\/\/secure.gravatar.com\/avatar\/eba2c4e3040233e7af829c3ee688fab6?s=96&d=mm&r=g\",\"caption\":\"creaentrenubes\"},\"url\":\"https:\/\/www.crea.gov.co\/crea-entre-nubes\/author\/creaentrenubes\/\"}]}<\/script>\n<!-- \/ Yoast SEO plugin. -->","yoast_head_json":{"title":"FERIA DEL LIBRO - 2026 - Crea Entre Nubes","robots":{"index":"index","follow":"follow","max-snippet":"max-snippet:-1","max-image-preview":"max-image-preview:large","max-video-preview":"max-video-preview:-1"},"canonical":"https:\/\/www.crea.gov.co\/crea-entre-nubes\/feria-del-libro-2026\/","og_locale":"es_ES","og_type":"article","og_title":"FERIA DEL LIBRO - 2026 - Crea Entre Nubes","og_description":"CREA EN LA FILBOCONVERSATORIO:Este ser\u00e1 un espacio de mediaci\u00f3n del componente territorial. TERRITORIOS ART\u00cdSTICOS POR LEER Y ESCRIBIR.Progr\u00e1mate con nosotros!!!Mi\u00e9rcoles 22 de abril 2:00pmPabell\u00f3n de la alcald\u00eda de Bogot\u00e1","og_url":"https:\/\/www.crea.gov.co\/crea-entre-nubes\/feria-del-libro-2026\/","og_site_name":"Crea Entre Nubes","article_published_time":"2026-04-21T19:39:03+00:00","article_modified_time":"2026-04-21T19:39:04+00:00","og_image":[{"width":581,"height":725,"url":"https:\/\/www.crea.gov.co\/crea-entre-nubes\/wp-content\/uploads\/sites\/25\/2026\/04\/WhatsApp-Image-2026-04-21-at-1.18.07-PM.jpeg","type":"image\/jpeg"}],"author":"creaentrenubes","twitter_card":"summary_large_image","twitter_misc":{"Escrito por":"creaentrenubes","Tiempo de lectura":"1 minuto"},"schema":{"@context":"https:\/\/schema.org","@graph":[{"@type":"Article","@id":"https:\/\/www.crea.gov.co\/crea-entre-nubes\/feria-del-libro-2026\/#article","isPartOf":{"@id":"https:\/\/www.crea.gov.co\/crea-entre-nubes\/feria-del-libro-2026\/"},"author":{"name":"creaentrenubes","@id":"https:\/\/www.crea.gov.co\/crea-entre-nubes\/#\/schema\/person\/3efe1d884b013f5468a5c0e8bf210fb5"},"headline":"FERIA DEL LIBRO &#8211; 2026","datePublished":"2026-04-21T19:39:03+00:00","dateModified":"2026-04-21T19:39:04+00:00","mainEntityOfPage":{"@id":"https:\/\/www.crea.gov.co\/crea-entre-nubes\/feria-del-libro-2026\/"},"wordCount":41,"commentCount":0,"publisher":{"@id":"https:\/\/www.crea.gov.co\/crea-entre-nubes\/#organization"},"image":{"@id":"https:\/\/www.crea.gov.co\/crea-entre-nubes\/feria-del-libro-2026\/#primaryimage"},"thumbnailUrl":"https:\/\/www.crea.gov.co\/crea-entre-nubes\/wp-content\/uploads\/sites\/25\/2026\/04\/WhatsApp-Image-2026-04-21-at-1.18.07-PM.jpeg","inLanguage":"es-CO","potentialAction":[{"@type":"CommentAction","name":"Comment","target":["https:\/\/www.crea.gov.co\/crea-entre-nubes\/feria-del-libro-2026\/#respond"]}]},{"@type":"WebPage","@id":"https:\/\/www.crea.gov.co\/crea-entre-nubes\/feria-del-libro-2026\/","url":"https:\/\/www.crea.gov.co\/crea-entre-nubes\/feria-del-libro-2026\/","name":"FERIA DEL LIBRO - 2026 - Crea Entre Nubes","isPartOf":{"@id":"https:\/\/www.crea.gov.co\/crea-entre-nubes\/#website"},"primaryImageOfPage":{"@id":"https:\/\/www.crea.gov.co\/crea-entre-nubes\/feria-del-libro-2026\/#primaryimage"},"image":{"@id":"https:\/\/www.crea.gov.co\/crea-entre-nubes\/feria-del-libro-2026\/#primaryimage"},"thumbnailUrl":"https:\/\/www.crea.gov.co\/crea-entre-nubes\/wp-content\/uploads\/sites\/25\/2026\/04\/WhatsApp-Image-2026-04-21-at-1.18.07-PM.jpeg","datePublished":"2026-04-21T19:39:03+00:00","dateModified":"2026-04-21T19:39:04+00:00","breadcrumb":{"@id":"https:\/\/www.crea.gov.co\/crea-entre-nubes\/feria-del-libro-2026\/#breadcrumb"},"inLanguage":"es-CO","potentialAction":[{"@type":"ReadAction","target":["https:\/\/www.crea.gov.co\/crea-entre-nubes\/feria-del-libro-2026\/"]}]},{"@type":"ImageObject","inLanguage":"es-CO","@id":"https:\/\/www.crea.gov.co\/crea-entre-nubes\/feria-del-libro-2026\/#primaryimage","url":"https:\/\/www.crea.gov.co\/crea-entre-nubes\/wp-content\/uploads\/sites\/25\/2026\/04\/WhatsApp-Image-2026-04-21-at-1.18.07-PM.jpeg","contentUrl":"https:\/\/www.crea.gov.co\/crea-entre-nubes\/wp-content\/uploads\/sites\/25\/2026\/04\/WhatsApp-Image-2026-04-21-at-1.18.07-PM.jpeg","width":581,"height":725},{"@type":"BreadcrumbList","@id":"https:\/\/www.crea.gov.co\/crea-entre-nubes\/feria-del-libro-2026\/#breadcrumb","itemListElement":[{"@type":"ListItem","position":1,"name":"Inicio","item":"https:\/\/www.crea.gov.co\/crea-entre-nubes\/"},{"@type":"ListItem","position":2,"name":"FERIA DEL LIBRO &#8211; 2026"}]},{"@type":"WebSite","@id":"https:\/\/www.crea.gov.co\/crea-entre-nubes\/#website","url":"https:\/\/www.crea.gov.co\/crea-entre-nubes\/","name":"Crea Entre Nubes","description":"Este centro de formaci\u00f3n art\u00edstica lleva los lenguajes del arte a lo alto, a un territorio donde la monta\u00f1a se siente cerca y la bruma acompa\u00f1a los d\u00edas. Entre Nubes no es solo un nombre: es una forma de mirar el mundo desde la tranquilidad y la conexi\u00f3n con la naturaleza, valorando la vida en las laderas como espacio para crear, imaginar y compartir. Aqu\u00ed, las monta\u00f1as se convierten en escenarios para nuevas experiencias y encuentros art\u00edsticos.","publisher":{"@id":"https:\/\/www.crea.gov.co\/crea-entre-nubes\/#organization"},"potentialAction":[{"@type":"SearchAction","target":{"@type":"EntryPoint","urlTemplate":"https:\/\/www.crea.gov.co\/crea-entre-nubes\/?s={search_term_string}"},"query-input":{"@type":"PropertyValueSpecification","valueRequired":true,"valueName":"search_term_string"}}],"inLanguage":"es-CO"},{"@type":"Organization","@id":"https:\/\/www.crea.gov.co\/crea-entre-nubes\/#organization","name":"Crea Entre Nubes","url":"https:\/\/www.crea.gov.co\/crea-entre-nubes\/","logo":{"@type":"ImageObject","inLanguage":"es-CO","@id":"https:\/\/www.crea.gov.co\/crea-entre-nubes\/#\/schema\/logo\/image\/","url":"https:\/\/www.crea.gov.co\/crea-entre-nubes\/wp-content\/uploads\/sites\/25\/2024\/08\/Captura-de-pantalla-2024-08-31-a-las-00.22.04.png","contentUrl":"https:\/\/www.crea.gov.co\/crea-entre-nubes\/wp-content\/uploads\/sites\/25\/2024\/08\/Captura-de-pantalla-2024-08-31-a-las-00.22.04.png","width":518,"height":302,"caption":"Crea Entre Nubes"},"image":{"@id":"https:\/\/www.crea.gov.co\/crea-entre-nubes\/#\/schema\/logo\/image\/"}},{"@type":"Person","@id":"https:\/\/www.crea.gov.co\/crea-entre-nubes\/#\/schema\/person\/3efe1d884b013f5468a5c0e8bf210fb5","name":"creaentrenubes","image":{"@type":"ImageObject","inLanguage":"es-CO","@id":"https:\/\/www.crea.gov.co\/crea-entre-nubes\/#\/schema\/person\/image\/","url":"https:\/\/secure.gravatar.com\/avatar\/eba2c4e3040233e7af829c3ee688fab6?s=96&d=mm&r=g","contentUrl":"https:\/\/secure.gravatar.com\/avatar\/eba2c4e3040233e7af829c3ee688fab6?s=96&d=mm&r=g","caption":"creaentrenubes"},"url":"https:\/\/www.crea.gov.co\/crea-entre-nubes\/author\/creaentrenubes\/"}]}},"_links":{"self":[{"href":"https:\/\/www.crea.gov.co\/crea-entre-nubes\/wp-json\/wp\/v2\/posts\/1198","targetHints":{"allow":["GET"]}}],"collection":[{"href":"https:\/\/www.crea.gov.co\/crea-entre-nubes\/wp-json\/wp\/v2\/posts"}],"about":[{"href":"https:\/\/www.crea.gov.co\/crea-entre-nubes\/wp-json\/wp\/v2\/types\/post"}],"author":[{"embeddable":true,"href":"https:\/\/www.crea.gov.co\/crea-entre-nubes\/wp-json\/wp\/v2\/users\/94"}],"replies":[{"embeddable":true,"href":"https:\/\/www.crea.gov.co\/crea-entre-nubes\/wp-json\/wp\/v2\/comments?post=1198"}],"version-history":[{"count":1,"href":"https:\/\/www.crea.gov.co\/crea-entre-nubes\/wp-json\/wp\/v2\/posts\/1198\/revisions"}],"predecessor-version":[{"id":1201,"href":"https:\/\/www.crea.gov.co\/crea-entre-nubes\/wp-json\/wp\/v2\/posts\/1198\/revisions\/1201"}],"wp:featuredmedia":[{"embeddable":true,"href":"https:\/\/www.crea.gov.co\/crea-entre-nubes\/wp-json\/wp\/v2\/media\/1200"}],"wp:attachment":[{"href":"https:\/\/www.crea.gov.co\/crea-entre-nubes\/wp-json\/wp\/v2\/media?parent=1198"}],"wp:term":[{"taxonomy":"category","embeddable":true,"href":"https:\/\/www.crea.gov.co\/crea-entre-nubes\/wp-json\/wp\/v2\/categories?post=1198"},{"taxonomy":"post_tag","embeddable":true,"href":"https:\/\/www.crea.gov.co\/crea-entre-nubes\/wp-json\/wp\/v2\/tags?post=1198"}],"curies":[{"name":"wp","href":"https:\/\/api.w.org\/{rel}","templated":true}]}}