{"id":1152,"date":"2026-03-06T11:26:54","date_gmt":"2026-03-06T16:26:54","guid":{"rendered":"https:\/\/www.crea.gov.co\/crea-entre-nubes\/?p=1152"},"modified":"2026-03-06T12:12:05","modified_gmt":"2026-03-06T17:12:05","slug":"un-maravilloso-inicio-ied-la-belleza-los-libertadores","status":"publish","type":"post","link":"https:\/\/www.crea.gov.co\/crea-entre-nubes\/un-maravilloso-inicio-ied-la-belleza-los-libertadores\/","title":{"rendered":"UN MARAVILLOSO INICIO                                   IED LA BELLEZA LOS LIBERTADORES"},"content":{"rendered":"\n<p>Hoy iniciamos un nuevo cap\u00edtulo de creaci\u00f3n y encuentro con la IED La Belleza \u2013 Los Libertadores junto al Crea Entre Nubes . \ud83c\udfa8\u2728 Un espacio donde las ideas, la imaginaci\u00f3n y las voces de ni\u00f1as, ni\u00f1os comienzan a transformarse en arte, juego y aprendizaje colectivo. Arranca un camino lleno de exploraci\u00f3n, sensibilidad y creatividad, en el que cada trazo, movimiento y palabra ser\u00e1 una oportunidad para descubrir mundos nuevos. <\/p>\n\n\n\n<figure class=\"wp-block-gallery has-nested-images columns-default is-cropped wp-block-gallery-1 is-layout-flex wp-block-gallery-is-layout-flex\">\n<figure class=\"wp-block-image size-large\"><img loading=\"lazy\" decoding=\"async\" width=\"768\" height=\"1024\" data-id=\"1153\" src=\"https:\/\/www.crea.gov.co\/crea-entre-nubes\/wp-content\/uploads\/sites\/25\/2026\/03\/WhatsApp-Image-2026-03-04-at-8.12.22-AM-6-768x1024.jpeg\" alt=\"\" class=\"wp-image-1153\" srcset=\"https:\/\/www.crea.gov.co\/crea-entre-nubes\/wp-content\/uploads\/sites\/25\/2026\/03\/WhatsApp-Image-2026-03-04-at-8.12.22-AM-6-768x1024.jpeg 768w, https:\/\/www.crea.gov.co\/crea-entre-nubes\/wp-content\/uploads\/sites\/25\/2026\/03\/WhatsApp-Image-2026-03-04-at-8.12.22-AM-6-225x300.jpeg 225w, https:\/\/www.crea.gov.co\/crea-entre-nubes\/wp-content\/uploads\/sites\/25\/2026\/03\/WhatsApp-Image-2026-03-04-at-8.12.22-AM-6.jpeg 960w\" sizes=\"auto, (max-width: 768px) 100vw, 768px\" \/><\/figure>\n\n\n\n<figure class=\"wp-block-image size-large\"><img loading=\"lazy\" decoding=\"async\" width=\"768\" height=\"1024\" data-id=\"1158\" src=\"https:\/\/www.crea.gov.co\/crea-entre-nubes\/wp-content\/uploads\/sites\/25\/2026\/03\/WhatsApp-Image-2026-03-04-at-8.12.22-AM-5-768x1024.jpeg\" alt=\"\" class=\"wp-image-1158\" srcset=\"https:\/\/www.crea.gov.co\/crea-entre-nubes\/wp-content\/uploads\/sites\/25\/2026\/03\/WhatsApp-Image-2026-03-04-at-8.12.22-AM-5-768x1024.jpeg 768w, https:\/\/www.crea.gov.co\/crea-entre-nubes\/wp-content\/uploads\/sites\/25\/2026\/03\/WhatsApp-Image-2026-03-04-at-8.12.22-AM-5-225x300.jpeg 225w, https:\/\/www.crea.gov.co\/crea-entre-nubes\/wp-content\/uploads\/sites\/25\/2026\/03\/WhatsApp-Image-2026-03-04-at-8.12.22-AM-5.jpeg 960w\" sizes=\"auto, (max-width: 768px) 100vw, 768px\" \/><\/figure>\n\n\n\n<figure class=\"wp-block-image size-large\"><img loading=\"lazy\" decoding=\"async\" width=\"768\" height=\"1024\" data-id=\"1156\" src=\"https:\/\/www.crea.gov.co\/crea-entre-nubes\/wp-content\/uploads\/sites\/25\/2026\/03\/WhatsApp-Image-2026-03-04-at-8.12.22-AM-4-768x1024.jpeg\" alt=\"\" class=\"wp-image-1156\" srcset=\"https:\/\/www.crea.gov.co\/crea-entre-nubes\/wp-content\/uploads\/sites\/25\/2026\/03\/WhatsApp-Image-2026-03-04-at-8.12.22-AM-4-768x1024.jpeg 768w, https:\/\/www.crea.gov.co\/crea-entre-nubes\/wp-content\/uploads\/sites\/25\/2026\/03\/WhatsApp-Image-2026-03-04-at-8.12.22-AM-4-225x300.jpeg 225w, https:\/\/www.crea.gov.co\/crea-entre-nubes\/wp-content\/uploads\/sites\/25\/2026\/03\/WhatsApp-Image-2026-03-04-at-8.12.22-AM-4.jpeg 960w\" sizes=\"auto, (max-width: 768px) 100vw, 768px\" \/><\/figure>\n\n\n\n<figure class=\"wp-block-image size-large\"><img loading=\"lazy\" decoding=\"async\" width=\"768\" height=\"1024\" data-id=\"1154\" src=\"https:\/\/www.crea.gov.co\/crea-entre-nubes\/wp-content\/uploads\/sites\/25\/2026\/03\/WhatsApp-Image-2026-03-04-at-8.12.22-AM-3-768x1024.jpeg\" alt=\"\" class=\"wp-image-1154\" srcset=\"https:\/\/www.crea.gov.co\/crea-entre-nubes\/wp-content\/uploads\/sites\/25\/2026\/03\/WhatsApp-Image-2026-03-04-at-8.12.22-AM-3-768x1024.jpeg 768w, https:\/\/www.crea.gov.co\/crea-entre-nubes\/wp-content\/uploads\/sites\/25\/2026\/03\/WhatsApp-Image-2026-03-04-at-8.12.22-AM-3-225x300.jpeg 225w, https:\/\/www.crea.gov.co\/crea-entre-nubes\/wp-content\/uploads\/sites\/25\/2026\/03\/WhatsApp-Image-2026-03-04-at-8.12.22-AM-3.jpeg 960w\" sizes=\"auto, (max-width: 768px) 100vw, 768px\" \/><\/figure>\n\n\n\n<figure class=\"wp-block-image size-large\"><img loading=\"lazy\" decoding=\"async\" width=\"768\" height=\"1024\" data-id=\"1155\" src=\"https:\/\/www.crea.gov.co\/crea-entre-nubes\/wp-content\/uploads\/sites\/25\/2026\/03\/WhatsApp-Image-2026-03-04-at-8.12.22-AM-2-768x1024.jpeg\" alt=\"\" class=\"wp-image-1155\" srcset=\"https:\/\/www.crea.gov.co\/crea-entre-nubes\/wp-content\/uploads\/sites\/25\/2026\/03\/WhatsApp-Image-2026-03-04-at-8.12.22-AM-2-768x1024.jpeg 768w, https:\/\/www.crea.gov.co\/crea-entre-nubes\/wp-content\/uploads\/sites\/25\/2026\/03\/WhatsApp-Image-2026-03-04-at-8.12.22-AM-2-225x300.jpeg 225w, https:\/\/www.crea.gov.co\/crea-entre-nubes\/wp-content\/uploads\/sites\/25\/2026\/03\/WhatsApp-Image-2026-03-04-at-8.12.22-AM-2.jpeg 960w\" sizes=\"auto, (max-width: 768px) 100vw, 768px\" \/><\/figure>\n\n\n\n<figure class=\"wp-block-image size-large\"><img loading=\"lazy\" decoding=\"async\" width=\"768\" height=\"1024\" data-id=\"1157\" src=\"https:\/\/www.crea.gov.co\/crea-entre-nubes\/wp-content\/uploads\/sites\/25\/2026\/03\/WhatsApp-Image-2026-03-04-at-8.12.22-AM-1-768x1024.jpeg\" alt=\"\" class=\"wp-image-1157\" srcset=\"https:\/\/www.crea.gov.co\/crea-entre-nubes\/wp-content\/uploads\/sites\/25\/2026\/03\/WhatsApp-Image-2026-03-04-at-8.12.22-AM-1-768x1024.jpeg 768w, https:\/\/www.crea.gov.co\/crea-entre-nubes\/wp-content\/uploads\/sites\/25\/2026\/03\/WhatsApp-Image-2026-03-04-at-8.12.22-AM-1-225x300.jpeg 225w, https:\/\/www.crea.gov.co\/crea-entre-nubes\/wp-content\/uploads\/sites\/25\/2026\/03\/WhatsApp-Image-2026-03-04-at-8.12.22-AM-1.jpeg 960w\" sizes=\"auto, (max-width: 768px) 100vw, 768px\" \/><\/figure>\n<\/figure>\n\n\n\n<p>Hoy iniciamos un nuevo cap\u00edtulo de creaci\u00f3n y encuentro en el IED La Belleza \u2013 Los Libertadores junto al la Gerencia Crea. \ud83c\udfa8\u2728 Este espacio Crea Entre Nubes abre sus puertas a la imaginaci\u00f3n, la exploraci\u00f3n art\u00edstica y la construcci\u00f3n colectiva de saberes, donde ni\u00f1as, ni\u00f1os y j\u00f3venes podr\u00e1n transformar ideas en expresiones cargadas de significado. Cada actividad se convierte en una oportunidad para descubrir talentos, fortalecer la confianza y compartir miradas diversas sobre el mundo que habitan.<\/p>\n\n\n\n<p>El comienzo de este camino junto a la comunidad educativa se perfila como una experiencia gratificante, emocionante y fruct\u00edfera para el entorno que rodea la instituci\u00f3n de manera intergeneracional.  A trav\u00e9s de procesos creativos y participativos, se propiciar\u00e1n v\u00ednculos, di\u00e1logo y sensibilidades que aporten al fortalecimiento del tejido social del sector. El arte se convierte as\u00ed en un puente que conecta experiencias, historias y sue\u00f1os, sembrando posibilidades para el crecimiento cultural y humano de toda la comunidad.<\/p>\n\n\n\n<figure class=\"wp-block-gallery has-nested-images columns-default is-cropped wp-block-gallery-2 is-layout-flex wp-block-gallery-is-layout-flex\">\n<figure class=\"wp-block-image size-large\"><img loading=\"lazy\" decoding=\"async\" width=\"768\" height=\"1024\" data-id=\"1162\" src=\"https:\/\/www.crea.gov.co\/crea-entre-nubes\/wp-content\/uploads\/sites\/25\/2026\/03\/WhatsApp-Image-2026-03-06-at-11.30.28-AM-2-768x1024.jpeg\" alt=\"\" class=\"wp-image-1162\" srcset=\"https:\/\/www.crea.gov.co\/crea-entre-nubes\/wp-content\/uploads\/sites\/25\/2026\/03\/WhatsApp-Image-2026-03-06-at-11.30.28-AM-2-768x1024.jpeg 768w, https:\/\/www.crea.gov.co\/crea-entre-nubes\/wp-content\/uploads\/sites\/25\/2026\/03\/WhatsApp-Image-2026-03-06-at-11.30.28-AM-2-225x300.jpeg 225w, https:\/\/www.crea.gov.co\/crea-entre-nubes\/wp-content\/uploads\/sites\/25\/2026\/03\/WhatsApp-Image-2026-03-06-at-11.30.28-AM-2.jpeg 960w\" sizes=\"auto, (max-width: 768px) 100vw, 768px\" \/><\/figure>\n\n\n\n<figure class=\"wp-block-image size-large\"><img loading=\"lazy\" decoding=\"async\" width=\"768\" height=\"1024\" data-id=\"1164\" src=\"https:\/\/www.crea.gov.co\/crea-entre-nubes\/wp-content\/uploads\/sites\/25\/2026\/03\/WhatsApp-Image-2026-03-06-at-11.30.28-AM-1-1-768x1024.jpeg\" alt=\"\" class=\"wp-image-1164\" srcset=\"https:\/\/www.crea.gov.co\/crea-entre-nubes\/wp-content\/uploads\/sites\/25\/2026\/03\/WhatsApp-Image-2026-03-06-at-11.30.28-AM-1-1-768x1024.jpeg 768w, https:\/\/www.crea.gov.co\/crea-entre-nubes\/wp-content\/uploads\/sites\/25\/2026\/03\/WhatsApp-Image-2026-03-06-at-11.30.28-AM-1-1-225x300.jpeg 225w, https:\/\/www.crea.gov.co\/crea-entre-nubes\/wp-content\/uploads\/sites\/25\/2026\/03\/WhatsApp-Image-2026-03-06-at-11.30.28-AM-1-1.jpeg 960w\" sizes=\"auto, (max-width: 768px) 100vw, 768px\" \/><\/figure>\n\n\n\n<figure class=\"wp-block-image size-large\"><img loading=\"lazy\" decoding=\"async\" width=\"768\" height=\"1024\" data-id=\"1163\" src=\"https:\/\/www.crea.gov.co\/crea-entre-nubes\/wp-content\/uploads\/sites\/25\/2026\/03\/WhatsApp-Image-2026-03-06-at-11.30.28-AM-1-768x1024.jpeg\" alt=\"\" class=\"wp-image-1163\" srcset=\"https:\/\/www.crea.gov.co\/crea-entre-nubes\/wp-content\/uploads\/sites\/25\/2026\/03\/WhatsApp-Image-2026-03-06-at-11.30.28-AM-1-768x1024.jpeg 768w, https:\/\/www.crea.gov.co\/crea-entre-nubes\/wp-content\/uploads\/sites\/25\/2026\/03\/WhatsApp-Image-2026-03-06-at-11.30.28-AM-1-225x300.jpeg 225w, https:\/\/www.crea.gov.co\/crea-entre-nubes\/wp-content\/uploads\/sites\/25\/2026\/03\/WhatsApp-Image-2026-03-06-at-11.30.28-AM-1.jpeg 960w\" sizes=\"auto, (max-width: 768px) 100vw, 768px\" \/><\/figure>\n<\/figure>\n","protected":false},"excerpt":{"rendered":"<p>Hoy iniciamos un nuevo cap\u00edtulo de creaci\u00f3n y encuentro con la IED La Belleza \u2013 Los Libertadores junto al Crea Entre Nubes . \ud83c\udfa8\u2728 Un espacio donde las ideas, la imaginaci\u00f3n y las voces de ni\u00f1as, ni\u00f1os comienzan a transformarse en arte, juego y aprendizaje colectivo. Arranca un camino lleno de exploraci\u00f3n, sensibilidad y creatividad, [&hellip;]<\/p>\n","protected":false},"author":94,"featured_media":1161,"comment_status":"open","ping_status":"open","sticky":false,"template":"","format":"standard","meta":{"footnotes":""},"categories":[1],"tags":[],"class_list":["post-1152","post","type-post","status-publish","format-standard","has-post-thumbnail","hentry","category-sin-categoria"],"yoast_head":"<!-- This site is optimized with the Yoast SEO plugin v24.5 - https:\/\/yoast.com\/wordpress\/plugins\/seo\/ -->\n<title>UN MARAVILLOSO INICIO                  IED LA BELLEZA LOS LIBERTADORES - Crea Entre Nubes<\/title>\n<meta name=\"robots\" content=\"index, follow, max-snippet:-1, max-image-preview:large, max-video-preview:-1\" \/>\n<link rel=\"canonical\" href=\"https:\/\/www.crea.gov.co\/crea-entre-nubes\/un-maravilloso-inicio-ied-la-belleza-los-libertadores\/\" \/>\n<meta property=\"og:locale\" content=\"es_ES\" \/>\n<meta property=\"og:type\" content=\"article\" \/>\n<meta property=\"og:title\" content=\"UN MARAVILLOSO INICIO                  IED LA BELLEZA LOS LIBERTADORES - Crea Entre Nubes\" \/>\n<meta property=\"og:description\" content=\"Hoy iniciamos un nuevo cap\u00edtulo de creaci\u00f3n y encuentro con la IED La Belleza \u2013 Los Libertadores junto al Crea Entre Nubes . \ud83c\udfa8\u2728 Un espacio donde las ideas, la imaginaci\u00f3n y las voces de ni\u00f1as, ni\u00f1os comienzan a transformarse en arte, juego y aprendizaje colectivo. Arranca un camino lleno de exploraci\u00f3n, sensibilidad y creatividad, [&hellip;]\" \/>\n<meta property=\"og:url\" content=\"https:\/\/www.crea.gov.co\/crea-entre-nubes\/un-maravilloso-inicio-ied-la-belleza-los-libertadores\/\" \/>\n<meta property=\"og:site_name\" content=\"Crea Entre Nubes\" \/>\n<meta property=\"article:published_time\" content=\"2026-03-06T16:26:54+00:00\" \/>\n<meta property=\"article:modified_time\" content=\"2026-03-06T17:12:05+00:00\" \/>\n<meta property=\"og:image\" content=\"https:\/\/www.crea.gov.co\/crea-entre-nubes\/wp-content\/uploads\/sites\/25\/2026\/03\/WhatsApp-Image-2026-03-06-at-11.30.28-AM.jpeg\" \/>\n\t<meta property=\"og:image:width\" content=\"960\" \/>\n\t<meta property=\"og:image:height\" content=\"1280\" \/>\n\t<meta property=\"og:image:type\" content=\"image\/jpeg\" \/>\n<meta name=\"author\" content=\"creaentrenubes\" \/>\n<meta name=\"twitter:card\" content=\"summary_large_image\" \/>\n<meta name=\"twitter:label1\" content=\"Escrito por\" \/>\n\t<meta name=\"twitter:data1\" content=\"creaentrenubes\" \/>\n\t<meta name=\"twitter:label2\" content=\"Tiempo de lectura\" \/>\n\t<meta name=\"twitter:data2\" content=\"4 minutos\" \/>\n<script type=\"application\/ld+json\" class=\"yoast-schema-graph\">{\"@context\":\"https:\/\/schema.org\",\"@graph\":[{\"@type\":\"Article\",\"@id\":\"https:\/\/www.crea.gov.co\/crea-entre-nubes\/un-maravilloso-inicio-ied-la-belleza-los-libertadores\/#article\",\"isPartOf\":{\"@id\":\"https:\/\/www.crea.gov.co\/crea-entre-nubes\/un-maravilloso-inicio-ied-la-belleza-los-libertadores\/\"},\"author\":{\"name\":\"creaentrenubes\",\"@id\":\"https:\/\/www.crea.gov.co\/crea-entre-nubes\/#\/schema\/person\/3efe1d884b013f5468a5c0e8bf210fb5\"},\"headline\":\"UN MARAVILLOSO INICIO IED LA BELLEZA LOS LIBERTADORES\",\"datePublished\":\"2026-03-06T16:26:54+00:00\",\"dateModified\":\"2026-03-06T17:12:05+00:00\",\"mainEntityOfPage\":{\"@id\":\"https:\/\/www.crea.gov.co\/crea-entre-nubes\/un-maravilloso-inicio-ied-la-belleza-los-libertadores\/\"},\"wordCount\":251,\"commentCount\":0,\"publisher\":{\"@id\":\"https:\/\/www.crea.gov.co\/crea-entre-nubes\/#organization\"},\"image\":{\"@id\":\"https:\/\/www.crea.gov.co\/crea-entre-nubes\/un-maravilloso-inicio-ied-la-belleza-los-libertadores\/#primaryimage\"},\"thumbnailUrl\":\"https:\/\/www.crea.gov.co\/crea-entre-nubes\/wp-content\/uploads\/sites\/25\/2026\/03\/WhatsApp-Image-2026-03-06-at-11.30.28-AM.jpeg\",\"inLanguage\":\"es-CO\",\"potentialAction\":[{\"@type\":\"CommentAction\",\"name\":\"Comment\",\"target\":[\"https:\/\/www.crea.gov.co\/crea-entre-nubes\/un-maravilloso-inicio-ied-la-belleza-los-libertadores\/#respond\"]}]},{\"@type\":\"WebPage\",\"@id\":\"https:\/\/www.crea.gov.co\/crea-entre-nubes\/un-maravilloso-inicio-ied-la-belleza-los-libertadores\/\",\"url\":\"https:\/\/www.crea.gov.co\/crea-entre-nubes\/un-maravilloso-inicio-ied-la-belleza-los-libertadores\/\",\"name\":\"UN MARAVILLOSO INICIO IED LA BELLEZA LOS LIBERTADORES - Crea Entre Nubes\",\"isPartOf\":{\"@id\":\"https:\/\/www.crea.gov.co\/crea-entre-nubes\/#website\"},\"primaryImageOfPage\":{\"@id\":\"https:\/\/www.crea.gov.co\/crea-entre-nubes\/un-maravilloso-inicio-ied-la-belleza-los-libertadores\/#primaryimage\"},\"image\":{\"@id\":\"https:\/\/www.crea.gov.co\/crea-entre-nubes\/un-maravilloso-inicio-ied-la-belleza-los-libertadores\/#primaryimage\"},\"thumbnailUrl\":\"https:\/\/www.crea.gov.co\/crea-entre-nubes\/wp-content\/uploads\/sites\/25\/2026\/03\/WhatsApp-Image-2026-03-06-at-11.30.28-AM.jpeg\",\"datePublished\":\"2026-03-06T16:26:54+00:00\",\"dateModified\":\"2026-03-06T17:12:05+00:00\",\"breadcrumb\":{\"@id\":\"https:\/\/www.crea.gov.co\/crea-entre-nubes\/un-maravilloso-inicio-ied-la-belleza-los-libertadores\/#breadcrumb\"},\"inLanguage\":\"es-CO\",\"potentialAction\":[{\"@type\":\"ReadAction\",\"target\":[\"https:\/\/www.crea.gov.co\/crea-entre-nubes\/un-maravilloso-inicio-ied-la-belleza-los-libertadores\/\"]}]},{\"@type\":\"ImageObject\",\"inLanguage\":\"es-CO\",\"@id\":\"https:\/\/www.crea.gov.co\/crea-entre-nubes\/un-maravilloso-inicio-ied-la-belleza-los-libertadores\/#primaryimage\",\"url\":\"https:\/\/www.crea.gov.co\/crea-entre-nubes\/wp-content\/uploads\/sites\/25\/2026\/03\/WhatsApp-Image-2026-03-06-at-11.30.28-AM.jpeg\",\"contentUrl\":\"https:\/\/www.crea.gov.co\/crea-entre-nubes\/wp-content\/uploads\/sites\/25\/2026\/03\/WhatsApp-Image-2026-03-06-at-11.30.28-AM.jpeg\",\"width\":960,\"height\":1280},{\"@type\":\"BreadcrumbList\",\"@id\":\"https:\/\/www.crea.gov.co\/crea-entre-nubes\/un-maravilloso-inicio-ied-la-belleza-los-libertadores\/#breadcrumb\",\"itemListElement\":[{\"@type\":\"ListItem\",\"position\":1,\"name\":\"Inicio\",\"item\":\"https:\/\/www.crea.gov.co\/crea-entre-nubes\/\"},{\"@type\":\"ListItem\",\"position\":2,\"name\":\"UN MARAVILLOSO INICIO IED LA BELLEZA LOS LIBERTADORES\"}]},{\"@type\":\"WebSite\",\"@id\":\"https:\/\/www.crea.gov.co\/crea-entre-nubes\/#website\",\"url\":\"https:\/\/www.crea.gov.co\/crea-entre-nubes\/\",\"name\":\"Crea Entre Nubes\",\"description\":\"Este centro de formaci\u00f3n art\u00edstica lleva los lenguajes del arte a lo alto, a un territorio donde la monta\u00f1a se siente cerca y la bruma acompa\u00f1a los d\u00edas. Entre Nubes no es solo un nombre: es una forma de mirar el mundo desde la tranquilidad y la conexi\u00f3n con la naturaleza, valorando la vida en las laderas como espacio para crear, imaginar y compartir. Aqu\u00ed, las monta\u00f1as se convierten en escenarios para nuevas experiencias y encuentros art\u00edsticos.\",\"publisher\":{\"@id\":\"https:\/\/www.crea.gov.co\/crea-entre-nubes\/#organization\"},\"potentialAction\":[{\"@type\":\"SearchAction\",\"target\":{\"@type\":\"EntryPoint\",\"urlTemplate\":\"https:\/\/www.crea.gov.co\/crea-entre-nubes\/?s={search_term_string}\"},\"query-input\":{\"@type\":\"PropertyValueSpecification\",\"valueRequired\":true,\"valueName\":\"search_term_string\"}}],\"inLanguage\":\"es-CO\"},{\"@type\":\"Organization\",\"@id\":\"https:\/\/www.crea.gov.co\/crea-entre-nubes\/#organization\",\"name\":\"Crea Entre Nubes\",\"url\":\"https:\/\/www.crea.gov.co\/crea-entre-nubes\/\",\"logo\":{\"@type\":\"ImageObject\",\"inLanguage\":\"es-CO\",\"@id\":\"https:\/\/www.crea.gov.co\/crea-entre-nubes\/#\/schema\/logo\/image\/\",\"url\":\"https:\/\/www.crea.gov.co\/crea-entre-nubes\/wp-content\/uploads\/sites\/25\/2024\/08\/Captura-de-pantalla-2024-08-31-a-las-00.22.04.png\",\"contentUrl\":\"https:\/\/www.crea.gov.co\/crea-entre-nubes\/wp-content\/uploads\/sites\/25\/2024\/08\/Captura-de-pantalla-2024-08-31-a-las-00.22.04.png\",\"width\":518,\"height\":302,\"caption\":\"Crea Entre Nubes\"},\"image\":{\"@id\":\"https:\/\/www.crea.gov.co\/crea-entre-nubes\/#\/schema\/logo\/image\/\"}},{\"@type\":\"Person\",\"@id\":\"https:\/\/www.crea.gov.co\/crea-entre-nubes\/#\/schema\/person\/3efe1d884b013f5468a5c0e8bf210fb5\",\"name\":\"creaentrenubes\",\"image\":{\"@type\":\"ImageObject\",\"inLanguage\":\"es-CO\",\"@id\":\"https:\/\/www.crea.gov.co\/crea-entre-nubes\/#\/schema\/person\/image\/\",\"url\":\"https:\/\/secure.gravatar.com\/avatar\/eba2c4e3040233e7af829c3ee688fab6?s=96&d=mm&r=g\",\"contentUrl\":\"https:\/\/secure.gravatar.com\/avatar\/eba2c4e3040233e7af829c3ee688fab6?s=96&d=mm&r=g\",\"caption\":\"creaentrenubes\"},\"url\":\"https:\/\/www.crea.gov.co\/crea-entre-nubes\/author\/creaentrenubes\/\"}]}<\/script>\n<!-- \/ Yoast SEO plugin. -->","yoast_head_json":{"title":"UN MARAVILLOSO INICIO                  IED LA BELLEZA LOS LIBERTADORES - Crea Entre Nubes","robots":{"index":"index","follow":"follow","max-snippet":"max-snippet:-1","max-image-preview":"max-image-preview:large","max-video-preview":"max-video-preview:-1"},"canonical":"https:\/\/www.crea.gov.co\/crea-entre-nubes\/un-maravilloso-inicio-ied-la-belleza-los-libertadores\/","og_locale":"es_ES","og_type":"article","og_title":"UN MARAVILLOSO INICIO                  IED LA BELLEZA LOS LIBERTADORES - Crea Entre Nubes","og_description":"Hoy iniciamos un nuevo cap\u00edtulo de creaci\u00f3n y encuentro con la IED La Belleza \u2013 Los Libertadores junto al Crea Entre Nubes . \ud83c\udfa8\u2728 Un espacio donde las ideas, la imaginaci\u00f3n y las voces de ni\u00f1as, ni\u00f1os comienzan a transformarse en arte, juego y aprendizaje colectivo. Arranca un camino lleno de exploraci\u00f3n, sensibilidad y creatividad, [&hellip;]","og_url":"https:\/\/www.crea.gov.co\/crea-entre-nubes\/un-maravilloso-inicio-ied-la-belleza-los-libertadores\/","og_site_name":"Crea Entre Nubes","article_published_time":"2026-03-06T16:26:54+00:00","article_modified_time":"2026-03-06T17:12:05+00:00","og_image":[{"width":960,"height":1280,"url":"https:\/\/www.crea.gov.co\/crea-entre-nubes\/wp-content\/uploads\/sites\/25\/2026\/03\/WhatsApp-Image-2026-03-06-at-11.30.28-AM.jpeg","type":"image\/jpeg"}],"author":"creaentrenubes","twitter_card":"summary_large_image","twitter_misc":{"Escrito por":"creaentrenubes","Tiempo de lectura":"4 minutos"},"schema":{"@context":"https:\/\/schema.org","@graph":[{"@type":"Article","@id":"https:\/\/www.crea.gov.co\/crea-entre-nubes\/un-maravilloso-inicio-ied-la-belleza-los-libertadores\/#article","isPartOf":{"@id":"https:\/\/www.crea.gov.co\/crea-entre-nubes\/un-maravilloso-inicio-ied-la-belleza-los-libertadores\/"},"author":{"name":"creaentrenubes","@id":"https:\/\/www.crea.gov.co\/crea-entre-nubes\/#\/schema\/person\/3efe1d884b013f5468a5c0e8bf210fb5"},"headline":"UN MARAVILLOSO INICIO IED LA BELLEZA LOS LIBERTADORES","datePublished":"2026-03-06T16:26:54+00:00","dateModified":"2026-03-06T17:12:05+00:00","mainEntityOfPage":{"@id":"https:\/\/www.crea.gov.co\/crea-entre-nubes\/un-maravilloso-inicio-ied-la-belleza-los-libertadores\/"},"wordCount":251,"commentCount":0,"publisher":{"@id":"https:\/\/www.crea.gov.co\/crea-entre-nubes\/#organization"},"image":{"@id":"https:\/\/www.crea.gov.co\/crea-entre-nubes\/un-maravilloso-inicio-ied-la-belleza-los-libertadores\/#primaryimage"},"thumbnailUrl":"https:\/\/www.crea.gov.co\/crea-entre-nubes\/wp-content\/uploads\/sites\/25\/2026\/03\/WhatsApp-Image-2026-03-06-at-11.30.28-AM.jpeg","inLanguage":"es-CO","potentialAction":[{"@type":"CommentAction","name":"Comment","target":["https:\/\/www.crea.gov.co\/crea-entre-nubes\/un-maravilloso-inicio-ied-la-belleza-los-libertadores\/#respond"]}]},{"@type":"WebPage","@id":"https:\/\/www.crea.gov.co\/crea-entre-nubes\/un-maravilloso-inicio-ied-la-belleza-los-libertadores\/","url":"https:\/\/www.crea.gov.co\/crea-entre-nubes\/un-maravilloso-inicio-ied-la-belleza-los-libertadores\/","name":"UN MARAVILLOSO INICIO IED LA BELLEZA LOS LIBERTADORES - Crea Entre Nubes","isPartOf":{"@id":"https:\/\/www.crea.gov.co\/crea-entre-nubes\/#website"},"primaryImageOfPage":{"@id":"https:\/\/www.crea.gov.co\/crea-entre-nubes\/un-maravilloso-inicio-ied-la-belleza-los-libertadores\/#primaryimage"},"image":{"@id":"https:\/\/www.crea.gov.co\/crea-entre-nubes\/un-maravilloso-inicio-ied-la-belleza-los-libertadores\/#primaryimage"},"thumbnailUrl":"https:\/\/www.crea.gov.co\/crea-entre-nubes\/wp-content\/uploads\/sites\/25\/2026\/03\/WhatsApp-Image-2026-03-06-at-11.30.28-AM.jpeg","datePublished":"2026-03-06T16:26:54+00:00","dateModified":"2026-03-06T17:12:05+00:00","breadcrumb":{"@id":"https:\/\/www.crea.gov.co\/crea-entre-nubes\/un-maravilloso-inicio-ied-la-belleza-los-libertadores\/#breadcrumb"},"inLanguage":"es-CO","potentialAction":[{"@type":"ReadAction","target":["https:\/\/www.crea.gov.co\/crea-entre-nubes\/un-maravilloso-inicio-ied-la-belleza-los-libertadores\/"]}]},{"@type":"ImageObject","inLanguage":"es-CO","@id":"https:\/\/www.crea.gov.co\/crea-entre-nubes\/un-maravilloso-inicio-ied-la-belleza-los-libertadores\/#primaryimage","url":"https:\/\/www.crea.gov.co\/crea-entre-nubes\/wp-content\/uploads\/sites\/25\/2026\/03\/WhatsApp-Image-2026-03-06-at-11.30.28-AM.jpeg","contentUrl":"https:\/\/www.crea.gov.co\/crea-entre-nubes\/wp-content\/uploads\/sites\/25\/2026\/03\/WhatsApp-Image-2026-03-06-at-11.30.28-AM.jpeg","width":960,"height":1280},{"@type":"BreadcrumbList","@id":"https:\/\/www.crea.gov.co\/crea-entre-nubes\/un-maravilloso-inicio-ied-la-belleza-los-libertadores\/#breadcrumb","itemListElement":[{"@type":"ListItem","position":1,"name":"Inicio","item":"https:\/\/www.crea.gov.co\/crea-entre-nubes\/"},{"@type":"ListItem","position":2,"name":"UN MARAVILLOSO INICIO IED LA BELLEZA LOS LIBERTADORES"}]},{"@type":"WebSite","@id":"https:\/\/www.crea.gov.co\/crea-entre-nubes\/#website","url":"https:\/\/www.crea.gov.co\/crea-entre-nubes\/","name":"Crea Entre Nubes","description":"Este centro de formaci\u00f3n art\u00edstica lleva los lenguajes del arte a lo alto, a un territorio donde la monta\u00f1a se siente cerca y la bruma acompa\u00f1a los d\u00edas. Entre Nubes no es solo un nombre: es una forma de mirar el mundo desde la tranquilidad y la conexi\u00f3n con la naturaleza, valorando la vida en las laderas como espacio para crear, imaginar y compartir. Aqu\u00ed, las monta\u00f1as se convierten en escenarios para nuevas experiencias y encuentros art\u00edsticos.","publisher":{"@id":"https:\/\/www.crea.gov.co\/crea-entre-nubes\/#organization"},"potentialAction":[{"@type":"SearchAction","target":{"@type":"EntryPoint","urlTemplate":"https:\/\/www.crea.gov.co\/crea-entre-nubes\/?s={search_term_string}"},"query-input":{"@type":"PropertyValueSpecification","valueRequired":true,"valueName":"search_term_string"}}],"inLanguage":"es-CO"},{"@type":"Organization","@id":"https:\/\/www.crea.gov.co\/crea-entre-nubes\/#organization","name":"Crea Entre Nubes","url":"https:\/\/www.crea.gov.co\/crea-entre-nubes\/","logo":{"@type":"ImageObject","inLanguage":"es-CO","@id":"https:\/\/www.crea.gov.co\/crea-entre-nubes\/#\/schema\/logo\/image\/","url":"https:\/\/www.crea.gov.co\/crea-entre-nubes\/wp-content\/uploads\/sites\/25\/2024\/08\/Captura-de-pantalla-2024-08-31-a-las-00.22.04.png","contentUrl":"https:\/\/www.crea.gov.co\/crea-entre-nubes\/wp-content\/uploads\/sites\/25\/2024\/08\/Captura-de-pantalla-2024-08-31-a-las-00.22.04.png","width":518,"height":302,"caption":"Crea Entre Nubes"},"image":{"@id":"https:\/\/www.crea.gov.co\/crea-entre-nubes\/#\/schema\/logo\/image\/"}},{"@type":"Person","@id":"https:\/\/www.crea.gov.co\/crea-entre-nubes\/#\/schema\/person\/3efe1d884b013f5468a5c0e8bf210fb5","name":"creaentrenubes","image":{"@type":"ImageObject","inLanguage":"es-CO","@id":"https:\/\/www.crea.gov.co\/crea-entre-nubes\/#\/schema\/person\/image\/","url":"https:\/\/secure.gravatar.com\/avatar\/eba2c4e3040233e7af829c3ee688fab6?s=96&d=mm&r=g","contentUrl":"https:\/\/secure.gravatar.com\/avatar\/eba2c4e3040233e7af829c3ee688fab6?s=96&d=mm&r=g","caption":"creaentrenubes"},"url":"https:\/\/www.crea.gov.co\/crea-entre-nubes\/author\/creaentrenubes\/"}]}},"_links":{"self":[{"href":"https:\/\/www.crea.gov.co\/crea-entre-nubes\/wp-json\/wp\/v2\/posts\/1152","targetHints":{"allow":["GET"]}}],"collection":[{"href":"https:\/\/www.crea.gov.co\/crea-entre-nubes\/wp-json\/wp\/v2\/posts"}],"about":[{"href":"https:\/\/www.crea.gov.co\/crea-entre-nubes\/wp-json\/wp\/v2\/types\/post"}],"author":[{"embeddable":true,"href":"https:\/\/www.crea.gov.co\/crea-entre-nubes\/wp-json\/wp\/v2\/users\/94"}],"replies":[{"embeddable":true,"href":"https:\/\/www.crea.gov.co\/crea-entre-nubes\/wp-json\/wp\/v2\/comments?post=1152"}],"version-history":[{"count":2,"href":"https:\/\/www.crea.gov.co\/crea-entre-nubes\/wp-json\/wp\/v2\/posts\/1152\/revisions"}],"predecessor-version":[{"id":1165,"href":"https:\/\/www.crea.gov.co\/crea-entre-nubes\/wp-json\/wp\/v2\/posts\/1152\/revisions\/1165"}],"wp:featuredmedia":[{"embeddable":true,"href":"https:\/\/www.crea.gov.co\/crea-entre-nubes\/wp-json\/wp\/v2\/media\/1161"}],"wp:attachment":[{"href":"https:\/\/www.crea.gov.co\/crea-entre-nubes\/wp-json\/wp\/v2\/media?parent=1152"}],"wp:term":[{"taxonomy":"category","embeddable":true,"href":"https:\/\/www.crea.gov.co\/crea-entre-nubes\/wp-json\/wp\/v2\/categories?post=1152"},{"taxonomy":"post_tag","embeddable":true,"href":"https:\/\/www.crea.gov.co\/crea-entre-nubes\/wp-json\/wp\/v2\/tags?post=1152"}],"curies":[{"name":"wp","href":"https:\/\/api.w.org\/{rel}","templated":true}]}}